{"id":34175,"date":"2026-04-27T15:38:49","date_gmt":"2026-04-27T12:38:49","guid":{"rendered":"https:\/\/haberverkibris.com\/index.php\/2026\/04\/27\/hasipoglu-anayasa-devletin-omurgasidir-once-kktcye-inanacaksiniz\/"},"modified":"2026-04-27T15:39:05","modified_gmt":"2026-04-27T12:39:05","slug":"hasipoglu-anayasa-devletin-omurgasidir-once-kktcye-inanacaksiniz","status":"publish","type":"post","link":"https:\/\/haberverkibris.com\/index.php\/2026\/04\/27\/hasipoglu-anayasa-devletin-omurgasidir-once-kktcye-inanacaksiniz\/","title":{"rendered":"Hasipo\u011flu: Anayasa devletin omurgas\u0131d\u0131r; \u00f6nce KKTC\u2019ye inanacaks\u0131n\u0131z!"},"content":{"rendered":"<p>Cumhuriyet Meclisi\u2019nde konu\u015fan \u00c7al\u0131\u015fma ve Sosyal G\u00fcvenlik Bakan\u0131 O\u011fuzhan Hasipo\u011flu, anayasa ve yasa g\u00fcc\u00fcnde kararnamelere ili\u015fkin dikkat \u00e7eken de\u011ferlendirmelerde bulundu.<\/p>\n<p>Konu\u015fmas\u0131nda \u201canayasa devletin omurgas\u0131d\u0131r\u201d ifadesini kullanan Hasipo\u011flu, bu omurgan\u0131n ancak devlete duyulan inan\u00e7la ayakta kalabilece\u011fini s\u00f6yledi.<\/p>\n<p>CTP Genel ba\u015fkan\u0131 S\u0131la Usar \u0130ncirli\u2019nin Anayasa devletin omurgas\u0131d\u0131r, kanun h\u00fckm\u00fcnde kararnameler ile \u00fclke y\u00f6netilemez ele\u015ftirisi \u00fczerine s\u00f6z alarak k\u00fcrs\u00fcden cevap verdi<\/p>\n<p>\u201cE\u011fer anayasa diyorsak, \u00f6nce bu devlete inanacaks\u0131n\u0131z\u201d diyen Hasipo\u011flu, t\u00fcm kararlar\u0131n anayasan\u0131n \u00e7izdi\u011fi s\u0131n\u0131rlar i\u00e7inde al\u0131nmas\u0131n\u0131n zorunlu oldu\u011funu vurgulad\u0131.<\/p>\n<p>Bakan Hasipo\u011flu, t\u00fcm devlet kararlar\u0131n\u0131n anayasa \u00e7er\u00e7evesinde al\u0131nmas\u0131 gerekti\u011fini belirterek, anayasan\u0131n ba\u011flay\u0131c\u0131l\u0131\u011f\u0131na dikkat \u00e7ekti. Konu\u015fmas\u0131nda, anayasan\u0131n emredici kurallar\u0131na ve de\u011fi\u015ftirilemez maddelerine de de\u011finen Hasipo\u011flu, devletin temel niteliklerinin tart\u0131\u015fma konusu yap\u0131lamayaca\u011f\u0131n\u0131 ifade etti.<\/p>\n<p>Hasipo\u011flu, anayasan\u0131n de\u011fi\u015ftirilemez maddelerine i\u015faret ederek, devletin \u015fekli ve niteliklerinin net oldu\u011funu hat\u0131rlatt\u0131: Kuzey K\u0131br\u0131s T\u00fcrk Cumhuriyeti\u2019nin; demokrasi, sosyal adalet ve hukukun \u00fcst\u00fcnl\u00fc\u011f\u00fc ilkelerine dayanan laik bir cumhuriyet oldu\u011funu, milletiyle b\u00f6l\u00fcnmez bir b\u00fct\u00fcn oldu\u011funu vurgulad\u0131.<\/p>\n<p>CTP\u2019nin 2018 y\u0131l\u0131nda \u00e7\u0131kard\u0131\u011f\u0131 Kanun H\u00fckm\u00fcnde kararname ile hayat pahal\u0131l\u0131\u011f\u0131n\u0131 dondurup vatanda\u015fa vermedi\u011fini, buna ra\u011fmen meclis \u00f6n\u00fcnde ya\u015fanan olaylarda yasa ile d\u00fczenleme \u00e7a\u011fr\u0131s\u0131 yapt\u0131\u011f\u0131n\u0131, bunun \u00e7eli\u015fkili bir davran\u0131\u015f oldu\u011funu, halbuki \u015fuanki h\u00fck\u00fcmetin e\u011fer komiteden ge\u00e7erse, dondurma yerine erteleme yapaca\u011f\u0131n\u0131 ve bunu yasa ile yapaca\u011f\u0131n\u0131 ifade etti.<\/p>\n<p>Anayasa Mahkemesi\u2019nin yasa g\u00fcc\u00fcnde kararnamelere ili\u015fkin yorumunun ba\u011flay\u0131c\u0131 oldu\u011funu ifade eden Hasipo\u011flu, ge\u00e7mi\u015fte farkl\u0131 yorumlar\u0131n da yap\u0131ld\u0131\u011f\u0131n\u0131, bu kapsamda Cumhurba\u015fkan\u0131 Tufan Erh\u00fcrman\u2019\u0131n da ge\u00e7mi\u015fte milletvekili oldu\u011fu d\u00f6nemde farkl\u0131 bir de\u011ferlendirme ortaya koydu\u011funu ve bu yorumu son kararla Anayasa mahkemesinin art\u0131k benimsemedi\u011fini an\u0131msatt\u0131.<\/p>\n<p>Hasipo\u011flu, daha \u00f6nce 90 g\u00fcn sonunda kararnamelerin y\u00fcr\u00fcrl\u00fckte kalabilece\u011fine dair Say\u0131n Erhurman\u2019\u0131n da mecliste konulma yaparak yorumlar\u0131 bulundu\u011funu ancak Anayasa Mahkemesi\u2019nin g\u00fcncel karar\u0131n\u0131n bu y\u00f6nde olmad\u0131\u011f\u0131n\u0131 belirtti.Yeni yorumun ba\u011flay\u0131c\u0131 oldu\u011funu ifade eden Hasipo\u011flu, bundan sonraki s\u00fcre\u00e7te bu \u00e7er\u00e7evede hareket edilece\u011fini s\u00f6yledi.<\/p>\n<p>K\u0131rsal kesim arazileri konusuna da de\u011finen Hasipo\u011flu, h\u00fck\u00fcmetin gen\u00e7lere y\u00f6nelik arsa ve sosyal konut projelerini s\u00fcrd\u00fcrd\u00fc\u011f\u00fcn\u00fc belirtti. Hasipo\u011flu, son olarak 345 arsan\u0131n gen\u00e7lere da\u011f\u0131t\u0131ld\u0131\u011f\u0131n\u0131 ifade ederek, bu alanlar\u0131n altyap\u0131lar\u0131n\u0131n da tamamlanaca\u011f\u0131n\u0131 s\u00f6yledi. Daha \u00f6nce da\u011f\u0131t\u0131lan arsalar\u0131n altyap\u0131lar\u0131n\u0131n tamamland\u0131\u011f\u0131n\u0131 kaydeden Hasipo\u011flu, bu konuda herhangi bir sorun bulunmad\u0131\u011f\u0131n\u0131 ve h\u00fck\u00fcmetin verdi\u011fi s\u00f6zleri bir bir yerine getirdi\u011fini dile getirdi.<\/p>\n","protected":false},"excerpt":{"rendered":"<p>Cumhuriyet Meclisi\u2019nde konu\u015fan \u00c7al\u0131\u015fma ve Sosyal G\u00fcvenlik Bakan\u0131 O\u011fuzhan Hasipo\u011flu, anayasa ve yasa g\u00fcc\u00fcnde kararnamelere ili\u015fkin dikkat \u00e7eken de\u011ferlendirmelerde bulundu. Konu\u015fmas\u0131nda \u201canayasa devletin omurgas\u0131d\u0131r\u201d ifadesini kullanan Hasipo\u011flu, bu omurgan\u0131n ancak devlete duyulan inan\u00e7la ayakta kalabilece\u011fini s\u00f6yledi. CTP Genel ba\u015fkan\u0131 S\u0131la Usar \u0130ncirli\u2019nin Anayasa devletin omurgas\u0131d\u0131r, kanun h\u00fckm\u00fcnde kararnameler ile \u00fclke y\u00f6netilemez ele\u015ftirisi \u00fczerine s\u00f6z alarak [&hellip;]<\/p>\n","protected":false},"author":1,"featured_media":34176,"comment_status":"open","ping_status":"open","sticky":false,"template":"","format":"standard","meta":{"jnews-multi-image_gallery":[],"jnews_single_post":[],"jnews_primary_category":[],"jnews_social_meta":[],"jnews_override_counter":[],"footnotes":""},"categories":[1],"tags":[],"class_list":["post-34175","post","type-post","status-publish","format-standard","has-post-thumbnail","hentry","category-kibris"],"yoast_head":"<!-- This site is optimized with the Yoast SEO plugin v27.4 - https:\/\/yoast.com\/product\/yoast-seo-wordpress\/ -->\n<title>Hasipo\u011flu: Anayasa devletin omurgas\u0131d\u0131r; \u00f6nce KKTC\u2019ye inanacaks\u0131n\u0131z! - Haber Ver K\u0131br\u0131s<\/title>\n<meta name=\"robots\" content=\"index, follow, max-snippet:-1, max-image-preview:large, max-video-preview:-1\" \/>\n<link rel=\"canonical\" href=\"https:\/\/haberverkibris.com\/index.php\/2026\/04\/27\/hasipoglu-anayasa-devletin-omurgasidir-once-kktcye-inanacaksiniz\/\" \/>\n<meta property=\"og:locale\" content=\"tr_TR\" \/>\n<meta property=\"og:type\" content=\"article\" \/>\n<meta property=\"og:title\" content=\"Hasipo\u011flu: Anayasa devletin omurgas\u0131d\u0131r; \u00f6nce KKTC\u2019ye inanacaks\u0131n\u0131z! - Haber Ver K\u0131br\u0131s\" \/>\n<meta property=\"og:description\" content=\"Cumhuriyet Meclisi\u2019nde konu\u015fan \u00c7al\u0131\u015fma ve Sosyal G\u00fcvenlik Bakan\u0131 O\u011fuzhan Hasipo\u011flu, anayasa ve yasa g\u00fcc\u00fcnde kararnamelere ili\u015fkin dikkat \u00e7eken de\u011ferlendirmelerde bulundu. Konu\u015fmas\u0131nda \u201canayasa devletin omurgas\u0131d\u0131r\u201d ifadesini kullanan Hasipo\u011flu, bu omurgan\u0131n ancak devlete duyulan inan\u00e7la ayakta kalabilece\u011fini s\u00f6yledi. CTP Genel ba\u015fkan\u0131 S\u0131la Usar \u0130ncirli\u2019nin Anayasa devletin omurgas\u0131d\u0131r, kanun h\u00fckm\u00fcnde kararnameler ile \u00fclke y\u00f6netilemez ele\u015ftirisi \u00fczerine s\u00f6z alarak [&hellip;]\" \/>\n<meta property=\"og:url\" content=\"https:\/\/haberverkibris.com\/index.php\/2026\/04\/27\/hasipoglu-anayasa-devletin-omurgasidir-once-kktcye-inanacaksiniz\/\" \/>\n<meta property=\"og:site_name\" content=\"Haber Ver K\u0131br\u0131s\" \/>\n<meta property=\"article:publisher\" content=\"https:\/\/www.facebook.com\/kuzeyinsesii\" \/>\n<meta property=\"article:published_time\" content=\"2026-04-27T12:38:49+00:00\" \/>\n<meta property=\"article:modified_time\" content=\"2026-04-27T12:39:05+00:00\" \/>\n<meta property=\"og:image\" content=\"https:\/\/haberverkibris.com\/wp-content\/uploads\/2026\/04\/WhatsApp-Image-2025-10-28-at-12.48.20.jpeg\" \/>\n\t<meta property=\"og:image:width\" content=\"2560\" \/>\n\t<meta property=\"og:image:height\" content=\"1706\" \/>\n\t<meta property=\"og:image:type\" content=\"image\/jpeg\" \/>\n<meta name=\"author\" content=\"Haberver K\u0131br\u0131s\" \/>\n<meta name=\"twitter:card\" content=\"summary_large_image\" \/>\n<meta name=\"twitter:creator\" content=\"@kuzeyinsesii\" \/>\n<meta name=\"twitter:site\" content=\"@kuzeyinsesii\" \/>\n<meta name=\"twitter:label1\" content=\"Yazan:\" \/>\n\t<meta name=\"twitter:data1\" content=\"Haberver K\u0131br\u0131s\" \/>\n\t<meta name=\"twitter:label2\" content=\"Tahmini okuma s\u00fcresi\" \/>\n\t<meta name=\"twitter:data2\" content=\"3 dakika\" \/>\n<script type=\"application\/ld+json\" class=\"yoast-schema-graph\">{\"@context\":\"https:\\\/\\\/schema.org\",\"@graph\":[{\"@type\":\"Article\",\"@id\":\"https:\\\/\\\/haberverkibris.com\\\/index.php\\\/2026\\\/04\\\/27\\\/hasipoglu-anayasa-devletin-omurgasidir-once-kktcye-inanacaksiniz\\\/#article\",\"isPartOf\":{\"@id\":\"https:\\\/\\\/haberverkibris.com\\\/index.php\\\/2026\\\/04\\\/27\\\/hasipoglu-anayasa-devletin-omurgasidir-once-kktcye-inanacaksiniz\\\/\"},\"author\":{\"name\":\"Haberver K\u0131br\u0131s\",\"@id\":\"https:\\\/\\\/haberverkibris.com\\\/#\\\/schema\\\/person\\\/29d65381ed43765483b5a185ded66a56\"},\"headline\":\"Hasipo\u011flu: Anayasa devletin omurgas\u0131d\u0131r; \u00f6nce KKTC\u2019ye inanacaks\u0131n\u0131z!\",\"datePublished\":\"2026-04-27T12:38:49+00:00\",\"dateModified\":\"2026-04-27T12:39:05+00:00\",\"mainEntityOfPage\":{\"@id\":\"https:\\\/\\\/haberverkibris.com\\\/index.php\\\/2026\\\/04\\\/27\\\/hasipoglu-anayasa-devletin-omurgasidir-once-kktcye-inanacaksiniz\\\/\"},\"wordCount\":536,\"commentCount\":0,\"image\":{\"@id\":\"https:\\\/\\\/haberverkibris.com\\\/index.php\\\/2026\\\/04\\\/27\\\/hasipoglu-anayasa-devletin-omurgasidir-once-kktcye-inanacaksiniz\\\/#primaryimage\"},\"thumbnailUrl\":\"https:\\\/\\\/haberverkibris.com\\\/wp-content\\\/uploads\\\/2026\\\/04\\\/WhatsApp-Image-2025-10-28-at-12.48.20.jpeg\",\"articleSection\":[\"K\u0131br\u0131s\"],\"inLanguage\":\"tr\",\"potentialAction\":[{\"@type\":\"CommentAction\",\"name\":\"Comment\",\"target\":[\"https:\\\/\\\/haberverkibris.com\\\/index.php\\\/2026\\\/04\\\/27\\\/hasipoglu-anayasa-devletin-omurgasidir-once-kktcye-inanacaksiniz\\\/#respond\"]}]},{\"@type\":\"WebPage\",\"@id\":\"https:\\\/\\\/haberverkibris.com\\\/index.php\\\/2026\\\/04\\\/27\\\/hasipoglu-anayasa-devletin-omurgasidir-once-kktcye-inanacaksiniz\\\/\",\"url\":\"https:\\\/\\\/haberverkibris.com\\\/index.php\\\/2026\\\/04\\\/27\\\/hasipoglu-anayasa-devletin-omurgasidir-once-kktcye-inanacaksiniz\\\/\",\"name\":\"Hasipo\u011flu: Anayasa devletin omurgas\u0131d\u0131r; \u00f6nce KKTC\u2019ye inanacaks\u0131n\u0131z! - Haber Ver K\u0131br\u0131s\",\"isPartOf\":{\"@id\":\"https:\\\/\\\/haberverkibris.com\\\/#website\"},\"primaryImageOfPage\":{\"@id\":\"https:\\\/\\\/haberverkibris.com\\\/index.php\\\/2026\\\/04\\\/27\\\/hasipoglu-anayasa-devletin-omurgasidir-once-kktcye-inanacaksiniz\\\/#primaryimage\"},\"image\":{\"@id\":\"https:\\\/\\\/haberverkibris.com\\\/index.php\\\/2026\\\/04\\\/27\\\/hasipoglu-anayasa-devletin-omurgasidir-once-kktcye-inanacaksiniz\\\/#primaryimage\"},\"thumbnailUrl\":\"https:\\\/\\\/haberverkibris.com\\\/wp-content\\\/uploads\\\/2026\\\/04\\\/WhatsApp-Image-2025-10-28-at-12.48.20.jpeg\",\"datePublished\":\"2026-04-27T12:38:49+00:00\",\"dateModified\":\"2026-04-27T12:39:05+00:00\",\"author\":{\"@id\":\"https:\\\/\\\/haberverkibris.com\\\/#\\\/schema\\\/person\\\/29d65381ed43765483b5a185ded66a56\"},\"breadcrumb\":{\"@id\":\"https:\\\/\\\/haberverkibris.com\\\/index.php\\\/2026\\\/04\\\/27\\\/hasipoglu-anayasa-devletin-omurgasidir-once-kktcye-inanacaksiniz\\\/#breadcrumb\"},\"inLanguage\":\"tr\",\"potentialAction\":[{\"@type\":\"ReadAction\",\"target\":[\"https:\\\/\\\/haberverkibris.com\\\/index.php\\\/2026\\\/04\\\/27\\\/hasipoglu-anayasa-devletin-omurgasidir-once-kktcye-inanacaksiniz\\\/\"]}]},{\"@type\":\"ImageObject\",\"inLanguage\":\"tr\",\"@id\":\"https:\\\/\\\/haberverkibris.com\\\/index.php\\\/2026\\\/04\\\/27\\\/hasipoglu-anayasa-devletin-omurgasidir-once-kktcye-inanacaksiniz\\\/#primaryimage\",\"url\":\"https:\\\/\\\/haberverkibris.com\\\/wp-content\\\/uploads\\\/2026\\\/04\\\/WhatsApp-Image-2025-10-28-at-12.48.20.jpeg\",\"contentUrl\":\"https:\\\/\\\/haberverkibris.com\\\/wp-content\\\/uploads\\\/2026\\\/04\\\/WhatsApp-Image-2025-10-28-at-12.48.20.jpeg\",\"width\":2560,\"height\":1706},{\"@type\":\"BreadcrumbList\",\"@id\":\"https:\\\/\\\/haberverkibris.com\\\/index.php\\\/2026\\\/04\\\/27\\\/hasipoglu-anayasa-devletin-omurgasidir-once-kktcye-inanacaksiniz\\\/#breadcrumb\",\"itemListElement\":[{\"@type\":\"ListItem\",\"position\":1,\"name\":\"Anasayfa\",\"item\":\"https:\\\/\\\/haberverkibris.com\\\/\"},{\"@type\":\"ListItem\",\"position\":2,\"name\":\"Hasipo\u011flu: Anayasa devletin omurgas\u0131d\u0131r; \u00f6nce KKTC\u2019ye inanacaks\u0131n\u0131z!\"}]},{\"@type\":\"WebSite\",\"@id\":\"https:\\\/\\\/haberverkibris.com\\\/#website\",\"url\":\"https:\\\/\\\/haberverkibris.com\\\/\",\"name\":\"Kuzeyin Sesi\",\"description\":\"Do\u011fru Haberin Adresi\",\"potentialAction\":[{\"@type\":\"SearchAction\",\"target\":{\"@type\":\"EntryPoint\",\"urlTemplate\":\"https:\\\/\\\/haberverkibris.com\\\/?s={search_term_string}\"},\"query-input\":{\"@type\":\"PropertyValueSpecification\",\"valueRequired\":true,\"valueName\":\"search_term_string\"}}],\"inLanguage\":\"tr\"},{\"@type\":\"Person\",\"@id\":\"https:\\\/\\\/haberverkibris.com\\\/#\\\/schema\\\/person\\\/29d65381ed43765483b5a185ded66a56\",\"name\":\"Haberver K\u0131br\u0131s\",\"image\":{\"@type\":\"ImageObject\",\"inLanguage\":\"tr\",\"@id\":\"https:\\\/\\\/secure.gravatar.com\\\/avatar\\\/bab33852abfd8b282518d6ed81826833d77c3c882d9ab608add591ccace47a44?s=96&d=mm&r=g\",\"url\":\"https:\\\/\\\/secure.gravatar.com\\\/avatar\\\/bab33852abfd8b282518d6ed81826833d77c3c882d9ab608add591ccace47a44?s=96&d=mm&r=g\",\"contentUrl\":\"https:\\\/\\\/secure.gravatar.com\\\/avatar\\\/bab33852abfd8b282518d6ed81826833d77c3c882d9ab608add591ccace47a44?s=96&d=mm&r=g\",\"caption\":\"Haberver K\u0131br\u0131s\"},\"sameAs\":[\"https:\\\/\\\/haberverkibris.com\"],\"url\":\"https:\\\/\\\/haberverkibris.com\\\/index.php\\\/author\\\/guven\\\/\"}]}<\/script>\n<!-- \/ Yoast SEO plugin. -->","yoast_head_json":{"title":"Hasipo\u011flu: Anayasa devletin omurgas\u0131d\u0131r; \u00f6nce KKTC\u2019ye inanacaks\u0131n\u0131z! - Haber Ver K\u0131br\u0131s","robots":{"index":"index","follow":"follow","max-snippet":"max-snippet:-1","max-image-preview":"max-image-preview:large","max-video-preview":"max-video-preview:-1"},"canonical":"https:\/\/haberverkibris.com\/index.php\/2026\/04\/27\/hasipoglu-anayasa-devletin-omurgasidir-once-kktcye-inanacaksiniz\/","og_locale":"tr_TR","og_type":"article","og_title":"Hasipo\u011flu: Anayasa devletin omurgas\u0131d\u0131r; \u00f6nce KKTC\u2019ye inanacaks\u0131n\u0131z! - Haber Ver K\u0131br\u0131s","og_description":"Cumhuriyet Meclisi\u2019nde konu\u015fan \u00c7al\u0131\u015fma ve Sosyal G\u00fcvenlik Bakan\u0131 O\u011fuzhan Hasipo\u011flu, anayasa ve yasa g\u00fcc\u00fcnde kararnamelere ili\u015fkin dikkat \u00e7eken de\u011ferlendirmelerde bulundu. Konu\u015fmas\u0131nda \u201canayasa devletin omurgas\u0131d\u0131r\u201d ifadesini kullanan Hasipo\u011flu, bu omurgan\u0131n ancak devlete duyulan inan\u00e7la ayakta kalabilece\u011fini s\u00f6yledi. CTP Genel ba\u015fkan\u0131 S\u0131la Usar \u0130ncirli\u2019nin Anayasa devletin omurgas\u0131d\u0131r, kanun h\u00fckm\u00fcnde kararnameler ile \u00fclke y\u00f6netilemez ele\u015ftirisi \u00fczerine s\u00f6z alarak [&hellip;]","og_url":"https:\/\/haberverkibris.com\/index.php\/2026\/04\/27\/hasipoglu-anayasa-devletin-omurgasidir-once-kktcye-inanacaksiniz\/","og_site_name":"Haber Ver K\u0131br\u0131s","article_publisher":"https:\/\/www.facebook.com\/kuzeyinsesii","article_published_time":"2026-04-27T12:38:49+00:00","article_modified_time":"2026-04-27T12:39:05+00:00","og_image":[{"width":2560,"height":1706,"url":"https:\/\/haberverkibris.com\/wp-content\/uploads\/2026\/04\/WhatsApp-Image-2025-10-28-at-12.48.20.jpeg","type":"image\/jpeg"}],"author":"Haberver K\u0131br\u0131s","twitter_card":"summary_large_image","twitter_creator":"@kuzeyinsesii","twitter_site":"@kuzeyinsesii","twitter_misc":{"Yazan:":"Haberver K\u0131br\u0131s","Tahmini okuma s\u00fcresi":"3 dakika"},"schema":{"@context":"https:\/\/schema.org","@graph":[{"@type":"Article","@id":"https:\/\/haberverkibris.com\/index.php\/2026\/04\/27\/hasipoglu-anayasa-devletin-omurgasidir-once-kktcye-inanacaksiniz\/#article","isPartOf":{"@id":"https:\/\/haberverkibris.com\/index.php\/2026\/04\/27\/hasipoglu-anayasa-devletin-omurgasidir-once-kktcye-inanacaksiniz\/"},"author":{"name":"Haberver K\u0131br\u0131s","@id":"https:\/\/haberverkibris.com\/#\/schema\/person\/29d65381ed43765483b5a185ded66a56"},"headline":"Hasipo\u011flu: Anayasa devletin omurgas\u0131d\u0131r; \u00f6nce KKTC\u2019ye inanacaks\u0131n\u0131z!","datePublished":"2026-04-27T12:38:49+00:00","dateModified":"2026-04-27T12:39:05+00:00","mainEntityOfPage":{"@id":"https:\/\/haberverkibris.com\/index.php\/2026\/04\/27\/hasipoglu-anayasa-devletin-omurgasidir-once-kktcye-inanacaksiniz\/"},"wordCount":536,"commentCount":0,"image":{"@id":"https:\/\/haberverkibris.com\/index.php\/2026\/04\/27\/hasipoglu-anayasa-devletin-omurgasidir-once-kktcye-inanacaksiniz\/#primaryimage"},"thumbnailUrl":"https:\/\/haberverkibris.com\/wp-content\/uploads\/2026\/04\/WhatsApp-Image-2025-10-28-at-12.48.20.jpeg","articleSection":["K\u0131br\u0131s"],"inLanguage":"tr","potentialAction":[{"@type":"CommentAction","name":"Comment","target":["https:\/\/haberverkibris.com\/index.php\/2026\/04\/27\/hasipoglu-anayasa-devletin-omurgasidir-once-kktcye-inanacaksiniz\/#respond"]}]},{"@type":"WebPage","@id":"https:\/\/haberverkibris.com\/index.php\/2026\/04\/27\/hasipoglu-anayasa-devletin-omurgasidir-once-kktcye-inanacaksiniz\/","url":"https:\/\/haberverkibris.com\/index.php\/2026\/04\/27\/hasipoglu-anayasa-devletin-omurgasidir-once-kktcye-inanacaksiniz\/","name":"Hasipo\u011flu: Anayasa devletin omurgas\u0131d\u0131r; \u00f6nce KKTC\u2019ye inanacaks\u0131n\u0131z! - Haber Ver K\u0131br\u0131s","isPartOf":{"@id":"https:\/\/haberverkibris.com\/#website"},"primaryImageOfPage":{"@id":"https:\/\/haberverkibris.com\/index.php\/2026\/04\/27\/hasipoglu-anayasa-devletin-omurgasidir-once-kktcye-inanacaksiniz\/#primaryimage"},"image":{"@id":"https:\/\/haberverkibris.com\/index.php\/2026\/04\/27\/hasipoglu-anayasa-devletin-omurgasidir-once-kktcye-inanacaksiniz\/#primaryimage"},"thumbnailUrl":"https:\/\/haberverkibris.com\/wp-content\/uploads\/2026\/04\/WhatsApp-Image-2025-10-28-at-12.48.20.jpeg","datePublished":"2026-04-27T12:38:49+00:00","dateModified":"2026-04-27T12:39:05+00:00","author":{"@id":"https:\/\/haberverkibris.com\/#\/schema\/person\/29d65381ed43765483b5a185ded66a56"},"breadcrumb":{"@id":"https:\/\/haberverkibris.com\/index.php\/2026\/04\/27\/hasipoglu-anayasa-devletin-omurgasidir-once-kktcye-inanacaksiniz\/#breadcrumb"},"inLanguage":"tr","potentialAction":[{"@type":"ReadAction","target":["https:\/\/haberverkibris.com\/index.php\/2026\/04\/27\/hasipoglu-anayasa-devletin-omurgasidir-once-kktcye-inanacaksiniz\/"]}]},{"@type":"ImageObject","inLanguage":"tr","@id":"https:\/\/haberverkibris.com\/index.php\/2026\/04\/27\/hasipoglu-anayasa-devletin-omurgasidir-once-kktcye-inanacaksiniz\/#primaryimage","url":"https:\/\/haberverkibris.com\/wp-content\/uploads\/2026\/04\/WhatsApp-Image-2025-10-28-at-12.48.20.jpeg","contentUrl":"https:\/\/haberverkibris.com\/wp-content\/uploads\/2026\/04\/WhatsApp-Image-2025-10-28-at-12.48.20.jpeg","width":2560,"height":1706},{"@type":"BreadcrumbList","@id":"https:\/\/haberverkibris.com\/index.php\/2026\/04\/27\/hasipoglu-anayasa-devletin-omurgasidir-once-kktcye-inanacaksiniz\/#breadcrumb","itemListElement":[{"@type":"ListItem","position":1,"name":"Anasayfa","item":"https:\/\/haberverkibris.com\/"},{"@type":"ListItem","position":2,"name":"Hasipo\u011flu: Anayasa devletin omurgas\u0131d\u0131r; \u00f6nce KKTC\u2019ye inanacaks\u0131n\u0131z!"}]},{"@type":"WebSite","@id":"https:\/\/haberverkibris.com\/#website","url":"https:\/\/haberverkibris.com\/","name":"Kuzeyin Sesi","description":"Do\u011fru Haberin Adresi","potentialAction":[{"@type":"SearchAction","target":{"@type":"EntryPoint","urlTemplate":"https:\/\/haberverkibris.com\/?s={search_term_string}"},"query-input":{"@type":"PropertyValueSpecification","valueRequired":true,"valueName":"search_term_string"}}],"inLanguage":"tr"},{"@type":"Person","@id":"https:\/\/haberverkibris.com\/#\/schema\/person\/29d65381ed43765483b5a185ded66a56","name":"Haberver K\u0131br\u0131s","image":{"@type":"ImageObject","inLanguage":"tr","@id":"https:\/\/secure.gravatar.com\/avatar\/bab33852abfd8b282518d6ed81826833d77c3c882d9ab608add591ccace47a44?s=96&d=mm&r=g","url":"https:\/\/secure.gravatar.com\/avatar\/bab33852abfd8b282518d6ed81826833d77c3c882d9ab608add591ccace47a44?s=96&d=mm&r=g","contentUrl":"https:\/\/secure.gravatar.com\/avatar\/bab33852abfd8b282518d6ed81826833d77c3c882d9ab608add591ccace47a44?s=96&d=mm&r=g","caption":"Haberver K\u0131br\u0131s"},"sameAs":["https:\/\/haberverkibris.com"],"url":"https:\/\/haberverkibris.com\/index.php\/author\/guven\/"}]}},"_links":{"self":[{"href":"https:\/\/haberverkibris.com\/index.php\/wp-json\/wp\/v2\/posts\/34175","targetHints":{"allow":["GET"]}}],"collection":[{"href":"https:\/\/haberverkibris.com\/index.php\/wp-json\/wp\/v2\/posts"}],"about":[{"href":"https:\/\/haberverkibris.com\/index.php\/wp-json\/wp\/v2\/types\/post"}],"author":[{"embeddable":true,"href":"https:\/\/haberverkibris.com\/index.php\/wp-json\/wp\/v2\/users\/1"}],"replies":[{"embeddable":true,"href":"https:\/\/haberverkibris.com\/index.php\/wp-json\/wp\/v2\/comments?post=34175"}],"version-history":[{"count":1,"href":"https:\/\/haberverkibris.com\/index.php\/wp-json\/wp\/v2\/posts\/34175\/revisions"}],"predecessor-version":[{"id":34177,"href":"https:\/\/haberverkibris.com\/index.php\/wp-json\/wp\/v2\/posts\/34175\/revisions\/34177"}],"wp:featuredmedia":[{"embeddable":true,"href":"https:\/\/haberverkibris.com\/index.php\/wp-json\/wp\/v2\/media\/34176"}],"wp:attachment":[{"href":"https:\/\/haberverkibris.com\/index.php\/wp-json\/wp\/v2\/media?parent=34175"}],"wp:term":[{"taxonomy":"category","embeddable":true,"href":"https:\/\/haberverkibris.com\/index.php\/wp-json\/wp\/v2\/categories?post=34175"},{"taxonomy":"post_tag","embeddable":true,"href":"https:\/\/haberverkibris.com\/index.php\/wp-json\/wp\/v2\/tags?post=34175"}],"curies":[{"name":"wp","href":"https:\/\/api.w.org\/{rel}","templated":true}]}}