{"id":34169,"date":"2026-04-27T15:26:31","date_gmt":"2026-04-27T12:26:31","guid":{"rendered":"https:\/\/haberverkibris.com\/index.php\/2026\/04\/27\/dau-kam-almanyada-mekansal-planlama-ve-arazi-yonetimi-semineri-duzenledi\/"},"modified":"2026-04-27T15:26:44","modified_gmt":"2026-04-27T12:26:44","slug":"dau-kam-almanyada-mekansal-planlama-ve-arazi-yonetimi-semineri-duzenledi","status":"publish","type":"post","link":"https:\/\/haberverkibris.com\/index.php\/2026\/04\/27\/dau-kam-almanyada-mekansal-planlama-ve-arazi-yonetimi-semineri-duzenledi\/","title":{"rendered":"DA\u00dc-KAM \u201cAlmanya\u2019da Mekansal Planlama ve Arazi Y\u00f6netimi\u201d semineri d\u00fczenledi"},"content":{"rendered":"<p style=\"font-weight: 300 !important\"><span style=\"font-weight: 300 !important\">Do\u011fu Akdeniz \u00dcniversitesi (DA\u00dc) K\u0131br\u0131s Ara\u015ft\u0131rmalar\u0131 Merkezi (DA\u00dc-KAM) \u201cAlmanya\u2019da Mekansal Planlama ve Arazi Y\u00f6netimi (Spatial Planning and Concept of Land Management in Germany)\u201d ba\u015fl\u0131kl\u0131 seminer d\u00fczenledi.<\/span><\/p>\n<p style=\"font-weight: 300 !important\"><span style=\"font-weight: 300 !important\">DA\u00dc\u2019den verilen bilgiye g\u00f6re, \u0130\u015fletme ve Ekonomi Fak\u00fcltesi BEA 5 amfisinde ger\u00e7ekle\u015ftirilen seminerde Prof. Dr. Andreas Hendricks konu\u015fmac\u0131 olarak yer ald\u0131.<\/span><\/p>\n<p style=\"font-weight: 300 !important\"><span style=\"font-weight: 300 !important\">Etkinli\u011fe, DA\u00dc-KAM Ba\u015fkan\u0131 Prof. Dr. Deniz \u0130\u015f\u00e7io\u011flu, DA\u00dc Turizm Fak\u00fcltesi Dekan Yard\u0131mc\u0131s\u0131 Yrd. Do\u00e7. Dr. Tuna Karatepe, E\u011fitim Bilimleri B\u00f6l\u00fcm\u00fc B\u00f6l\u00fcm Ba\u015fkan\u0131 Prof. Dr. Canan Zeki, \u0130\u015fletme B\u00f6l\u00fcm\u00fc B\u00f6l\u00fcm Ba\u015fkan\u0131 Do\u00e7. Dr. Burak Erkut, DA\u00dc-KAM Y\u00f6netim Kurulu \u00dcyeleri Prof. Dr. Resmiye Alpar Atun ve Do\u00e7. Dr. Seray Kabaran ile akademisyen ve \u00f6\u011frenciler kat\u0131ld\u0131.<\/span><\/p>\n<p style=\"font-weight: 300 !important\"><span style=\"font-weight: 300 !important\">Prof. Dr. Hendricks ger\u00e7ekle\u015ftirdi\u011fi seminerde Almanya\u2019da mek\u00e2nsal planlama ve arazi y\u00f6netimi, s\u00fcrd\u00fcr\u00fclebilir kentle\u015fme, arazi kullan\u0131m politikalar\u0131 ve planlama s\u00fcre\u00e7lerinin de\u011finerek, Almanya\u2019daki uygulamalar\u0131 \u00f6rneklerle aktard\u0131.<\/span><\/p>\n<p style=\"font-weight: 300 !important\"><span style=\"font-weight: 300 !important\">Mekansal planlama alan\u0131nda g\u00fcncel yakla\u015f\u0131mlar\u0131n de\u011ferlendirildi\u011fi etkinlikte, soru-cevap b\u00f6l\u00fcm\u00fc de yer ald\u0131.<\/span><\/p>\n<p style=\"font-weight: 300 !important\"><span style=\"font-weight: 300 !important\">Etkinlik sonunda, DA\u00dc-KAM Ba\u015fkan\u0131 Prof. Dr. Deniz \u0130\u015f\u00e7io\u011flu, Prof. Dr. Hendricks\u2019e DA\u00dc logolu hediye takdim etti ve toplu foto\u011fraf \u00e7ekildi.<\/span><\/p>\n","protected":false},"excerpt":{"rendered":"<p>Do\u011fu Akdeniz \u00dcniversitesi (DA\u00dc) K\u0131br\u0131s Ara\u015ft\u0131rmalar\u0131 Merkezi (DA\u00dc-KAM) \u201cAlmanya\u2019da Mekansal Planlama ve Arazi Y\u00f6netimi (Spatial Planning and Concept of Land Management in Germany)\u201d ba\u015fl\u0131kl\u0131 seminer d\u00fczenledi. DA\u00dc\u2019den verilen bilgiye g\u00f6re, \u0130\u015fletme ve Ekonomi Fak\u00fcltesi BEA 5 amfisinde ger\u00e7ekle\u015ftirilen seminerde Prof. Dr. Andreas Hendricks konu\u015fmac\u0131 olarak yer ald\u0131. Etkinli\u011fe, DA\u00dc-KAM Ba\u015fkan\u0131 Prof. Dr. Deniz \u0130\u015f\u00e7io\u011flu, DA\u00dc [&hellip;]<\/p>\n","protected":false},"author":1,"featured_media":34170,"comment_status":"open","ping_status":"open","sticky":false,"template":"","format":"standard","meta":{"jnews-multi-image_gallery":[],"jnews_single_post":[],"jnews_primary_category":[],"jnews_social_meta":[],"jnews_override_counter":[],"footnotes":""},"categories":[1],"tags":[],"class_list":["post-34169","post","type-post","status-publish","format-standard","has-post-thumbnail","hentry","category-kibris"],"yoast_head":"<!-- This site is optimized with the Yoast SEO plugin v27.4 - https:\/\/yoast.com\/product\/yoast-seo-wordpress\/ -->\n<title>DA\u00dc-KAM \u201cAlmanya\u2019da Mekansal Planlama ve Arazi Y\u00f6netimi\u201d semineri d\u00fczenledi - Haber Ver K\u0131br\u0131s<\/title>\n<meta name=\"robots\" content=\"index, follow, max-snippet:-1, max-image-preview:large, max-video-preview:-1\" \/>\n<link rel=\"canonical\" href=\"https:\/\/haberverkibris.com\/index.php\/2026\/04\/27\/dau-kam-almanyada-mekansal-planlama-ve-arazi-yonetimi-semineri-duzenledi\/\" \/>\n<meta property=\"og:locale\" content=\"tr_TR\" \/>\n<meta property=\"og:type\" content=\"article\" \/>\n<meta property=\"og:title\" content=\"DA\u00dc-KAM \u201cAlmanya\u2019da Mekansal Planlama ve Arazi Y\u00f6netimi\u201d semineri d\u00fczenledi - Haber Ver K\u0131br\u0131s\" \/>\n<meta property=\"og:description\" content=\"Do\u011fu Akdeniz \u00dcniversitesi (DA\u00dc) K\u0131br\u0131s Ara\u015ft\u0131rmalar\u0131 Merkezi (DA\u00dc-KAM) \u201cAlmanya\u2019da Mekansal Planlama ve Arazi Y\u00f6netimi (Spatial Planning and Concept of Land Management in Germany)\u201d ba\u015fl\u0131kl\u0131 seminer d\u00fczenledi. DA\u00dc\u2019den verilen bilgiye g\u00f6re, \u0130\u015fletme ve Ekonomi Fak\u00fcltesi BEA 5 amfisinde ger\u00e7ekle\u015ftirilen seminerde Prof. Dr. Andreas Hendricks konu\u015fmac\u0131 olarak yer ald\u0131. Etkinli\u011fe, DA\u00dc-KAM Ba\u015fkan\u0131 Prof. Dr. Deniz \u0130\u015f\u00e7io\u011flu, DA\u00dc [&hellip;]\" \/>\n<meta property=\"og:url\" content=\"https:\/\/haberverkibris.com\/index.php\/2026\/04\/27\/dau-kam-almanyada-mekansal-planlama-ve-arazi-yonetimi-semineri-duzenledi\/\" \/>\n<meta property=\"og:site_name\" content=\"Haber Ver K\u0131br\u0131s\" \/>\n<meta property=\"article:publisher\" content=\"https:\/\/www.facebook.com\/kuzeyinsesii\" \/>\n<meta property=\"article:published_time\" content=\"2026-04-27T12:26:31+00:00\" \/>\n<meta property=\"article:modified_time\" content=\"2026-04-27T12:26:44+00:00\" \/>\n<meta property=\"og:image\" content=\"https:\/\/haberverkibris.com\/wp-content\/uploads\/2026\/04\/1777292551685DAU-KAM-SEMINER2.jpg\" \/>\n\t<meta property=\"og:image:width\" content=\"1368\" \/>\n\t<meta property=\"og:image:height\" content=\"916\" \/>\n\t<meta property=\"og:image:type\" content=\"image\/jpeg\" \/>\n<meta name=\"author\" content=\"Haberver K\u0131br\u0131s\" \/>\n<meta name=\"twitter:card\" content=\"summary_large_image\" \/>\n<meta name=\"twitter:creator\" content=\"@kuzeyinsesii\" \/>\n<meta name=\"twitter:site\" content=\"@kuzeyinsesii\" \/>\n<meta name=\"twitter:label1\" content=\"Yazan:\" \/>\n\t<meta name=\"twitter:data1\" content=\"Haberver K\u0131br\u0131s\" \/>\n\t<meta name=\"twitter:label2\" content=\"Tahmini okuma s\u00fcresi\" \/>\n\t<meta name=\"twitter:data2\" content=\"1 dakika\" \/>\n<script type=\"application\/ld+json\" class=\"yoast-schema-graph\">{\"@context\":\"https:\\\/\\\/schema.org\",\"@graph\":[{\"@type\":\"Article\",\"@id\":\"https:\\\/\\\/haberverkibris.com\\\/index.php\\\/2026\\\/04\\\/27\\\/dau-kam-almanyada-mekansal-planlama-ve-arazi-yonetimi-semineri-duzenledi\\\/#article\",\"isPartOf\":{\"@id\":\"https:\\\/\\\/haberverkibris.com\\\/index.php\\\/2026\\\/04\\\/27\\\/dau-kam-almanyada-mekansal-planlama-ve-arazi-yonetimi-semineri-duzenledi\\\/\"},\"author\":{\"name\":\"Haberver K\u0131br\u0131s\",\"@id\":\"https:\\\/\\\/haberverkibris.com\\\/#\\\/schema\\\/person\\\/29d65381ed43765483b5a185ded66a56\"},\"headline\":\"DA\u00dc-KAM \u201cAlmanya\u2019da Mekansal Planlama ve Arazi Y\u00f6netimi\u201d semineri d\u00fczenledi\",\"datePublished\":\"2026-04-27T12:26:31+00:00\",\"dateModified\":\"2026-04-27T12:26:44+00:00\",\"mainEntityOfPage\":{\"@id\":\"https:\\\/\\\/haberverkibris.com\\\/index.php\\\/2026\\\/04\\\/27\\\/dau-kam-almanyada-mekansal-planlama-ve-arazi-yonetimi-semineri-duzenledi\\\/\"},\"wordCount\":234,\"commentCount\":0,\"image\":{\"@id\":\"https:\\\/\\\/haberverkibris.com\\\/index.php\\\/2026\\\/04\\\/27\\\/dau-kam-almanyada-mekansal-planlama-ve-arazi-yonetimi-semineri-duzenledi\\\/#primaryimage\"},\"thumbnailUrl\":\"https:\\\/\\\/haberverkibris.com\\\/wp-content\\\/uploads\\\/2026\\\/04\\\/1777292551685DAU-KAM-SEMINER2.jpg\",\"articleSection\":[\"K\u0131br\u0131s\"],\"inLanguage\":\"tr\",\"potentialAction\":[{\"@type\":\"CommentAction\",\"name\":\"Comment\",\"target\":[\"https:\\\/\\\/haberverkibris.com\\\/index.php\\\/2026\\\/04\\\/27\\\/dau-kam-almanyada-mekansal-planlama-ve-arazi-yonetimi-semineri-duzenledi\\\/#respond\"]}]},{\"@type\":\"WebPage\",\"@id\":\"https:\\\/\\\/haberverkibris.com\\\/index.php\\\/2026\\\/04\\\/27\\\/dau-kam-almanyada-mekansal-planlama-ve-arazi-yonetimi-semineri-duzenledi\\\/\",\"url\":\"https:\\\/\\\/haberverkibris.com\\\/index.php\\\/2026\\\/04\\\/27\\\/dau-kam-almanyada-mekansal-planlama-ve-arazi-yonetimi-semineri-duzenledi\\\/\",\"name\":\"DA\u00dc-KAM \u201cAlmanya\u2019da Mekansal Planlama ve Arazi Y\u00f6netimi\u201d semineri d\u00fczenledi - Haber Ver K\u0131br\u0131s\",\"isPartOf\":{\"@id\":\"https:\\\/\\\/haberverkibris.com\\\/#website\"},\"primaryImageOfPage\":{\"@id\":\"https:\\\/\\\/haberverkibris.com\\\/index.php\\\/2026\\\/04\\\/27\\\/dau-kam-almanyada-mekansal-planlama-ve-arazi-yonetimi-semineri-duzenledi\\\/#primaryimage\"},\"image\":{\"@id\":\"https:\\\/\\\/haberverkibris.com\\\/index.php\\\/2026\\\/04\\\/27\\\/dau-kam-almanyada-mekansal-planlama-ve-arazi-yonetimi-semineri-duzenledi\\\/#primaryimage\"},\"thumbnailUrl\":\"https:\\\/\\\/haberverkibris.com\\\/wp-content\\\/uploads\\\/2026\\\/04\\\/1777292551685DAU-KAM-SEMINER2.jpg\",\"datePublished\":\"2026-04-27T12:26:31+00:00\",\"dateModified\":\"2026-04-27T12:26:44+00:00\",\"author\":{\"@id\":\"https:\\\/\\\/haberverkibris.com\\\/#\\\/schema\\\/person\\\/29d65381ed43765483b5a185ded66a56\"},\"breadcrumb\":{\"@id\":\"https:\\\/\\\/haberverkibris.com\\\/index.php\\\/2026\\\/04\\\/27\\\/dau-kam-almanyada-mekansal-planlama-ve-arazi-yonetimi-semineri-duzenledi\\\/#breadcrumb\"},\"inLanguage\":\"tr\",\"potentialAction\":[{\"@type\":\"ReadAction\",\"target\":[\"https:\\\/\\\/haberverkibris.com\\\/index.php\\\/2026\\\/04\\\/27\\\/dau-kam-almanyada-mekansal-planlama-ve-arazi-yonetimi-semineri-duzenledi\\\/\"]}]},{\"@type\":\"ImageObject\",\"inLanguage\":\"tr\",\"@id\":\"https:\\\/\\\/haberverkibris.com\\\/index.php\\\/2026\\\/04\\\/27\\\/dau-kam-almanyada-mekansal-planlama-ve-arazi-yonetimi-semineri-duzenledi\\\/#primaryimage\",\"url\":\"https:\\\/\\\/haberverkibris.com\\\/wp-content\\\/uploads\\\/2026\\\/04\\\/1777292551685DAU-KAM-SEMINER2.jpg\",\"contentUrl\":\"https:\\\/\\\/haberverkibris.com\\\/wp-content\\\/uploads\\\/2026\\\/04\\\/1777292551685DAU-KAM-SEMINER2.jpg\",\"width\":1368,\"height\":916},{\"@type\":\"BreadcrumbList\",\"@id\":\"https:\\\/\\\/haberverkibris.com\\\/index.php\\\/2026\\\/04\\\/27\\\/dau-kam-almanyada-mekansal-planlama-ve-arazi-yonetimi-semineri-duzenledi\\\/#breadcrumb\",\"itemListElement\":[{\"@type\":\"ListItem\",\"position\":1,\"name\":\"Anasayfa\",\"item\":\"https:\\\/\\\/haberverkibris.com\\\/\"},{\"@type\":\"ListItem\",\"position\":2,\"name\":\"DA\u00dc-KAM \u201cAlmanya\u2019da Mekansal Planlama ve Arazi Y\u00f6netimi\u201d semineri d\u00fczenledi\"}]},{\"@type\":\"WebSite\",\"@id\":\"https:\\\/\\\/haberverkibris.com\\\/#website\",\"url\":\"https:\\\/\\\/haberverkibris.com\\\/\",\"name\":\"Kuzeyin Sesi\",\"description\":\"Do\u011fru Haberin Adresi\",\"potentialAction\":[{\"@type\":\"SearchAction\",\"target\":{\"@type\":\"EntryPoint\",\"urlTemplate\":\"https:\\\/\\\/haberverkibris.com\\\/?s={search_term_string}\"},\"query-input\":{\"@type\":\"PropertyValueSpecification\",\"valueRequired\":true,\"valueName\":\"search_term_string\"}}],\"inLanguage\":\"tr\"},{\"@type\":\"Person\",\"@id\":\"https:\\\/\\\/haberverkibris.com\\\/#\\\/schema\\\/person\\\/29d65381ed43765483b5a185ded66a56\",\"name\":\"Haberver K\u0131br\u0131s\",\"image\":{\"@type\":\"ImageObject\",\"inLanguage\":\"tr\",\"@id\":\"https:\\\/\\\/secure.gravatar.com\\\/avatar\\\/bab33852abfd8b282518d6ed81826833d77c3c882d9ab608add591ccace47a44?s=96&d=mm&r=g\",\"url\":\"https:\\\/\\\/secure.gravatar.com\\\/avatar\\\/bab33852abfd8b282518d6ed81826833d77c3c882d9ab608add591ccace47a44?s=96&d=mm&r=g\",\"contentUrl\":\"https:\\\/\\\/secure.gravatar.com\\\/avatar\\\/bab33852abfd8b282518d6ed81826833d77c3c882d9ab608add591ccace47a44?s=96&d=mm&r=g\",\"caption\":\"Haberver K\u0131br\u0131s\"},\"sameAs\":[\"https:\\\/\\\/haberverkibris.com\"],\"url\":\"https:\\\/\\\/haberverkibris.com\\\/index.php\\\/author\\\/guven\\\/\"}]}<\/script>\n<!-- \/ Yoast SEO plugin. -->","yoast_head_json":{"title":"DA\u00dc-KAM \u201cAlmanya\u2019da Mekansal Planlama ve Arazi Y\u00f6netimi\u201d semineri d\u00fczenledi - Haber Ver K\u0131br\u0131s","robots":{"index":"index","follow":"follow","max-snippet":"max-snippet:-1","max-image-preview":"max-image-preview:large","max-video-preview":"max-video-preview:-1"},"canonical":"https:\/\/haberverkibris.com\/index.php\/2026\/04\/27\/dau-kam-almanyada-mekansal-planlama-ve-arazi-yonetimi-semineri-duzenledi\/","og_locale":"tr_TR","og_type":"article","og_title":"DA\u00dc-KAM \u201cAlmanya\u2019da Mekansal Planlama ve Arazi Y\u00f6netimi\u201d semineri d\u00fczenledi - Haber Ver K\u0131br\u0131s","og_description":"Do\u011fu Akdeniz \u00dcniversitesi (DA\u00dc) K\u0131br\u0131s Ara\u015ft\u0131rmalar\u0131 Merkezi (DA\u00dc-KAM) \u201cAlmanya\u2019da Mekansal Planlama ve Arazi Y\u00f6netimi (Spatial Planning and Concept of Land Management in Germany)\u201d ba\u015fl\u0131kl\u0131 seminer d\u00fczenledi. DA\u00dc\u2019den verilen bilgiye g\u00f6re, \u0130\u015fletme ve Ekonomi Fak\u00fcltesi BEA 5 amfisinde ger\u00e7ekle\u015ftirilen seminerde Prof. Dr. Andreas Hendricks konu\u015fmac\u0131 olarak yer ald\u0131. Etkinli\u011fe, DA\u00dc-KAM Ba\u015fkan\u0131 Prof. Dr. Deniz \u0130\u015f\u00e7io\u011flu, DA\u00dc [&hellip;]","og_url":"https:\/\/haberverkibris.com\/index.php\/2026\/04\/27\/dau-kam-almanyada-mekansal-planlama-ve-arazi-yonetimi-semineri-duzenledi\/","og_site_name":"Haber Ver K\u0131br\u0131s","article_publisher":"https:\/\/www.facebook.com\/kuzeyinsesii","article_published_time":"2026-04-27T12:26:31+00:00","article_modified_time":"2026-04-27T12:26:44+00:00","og_image":[{"width":1368,"height":916,"url":"https:\/\/haberverkibris.com\/wp-content\/uploads\/2026\/04\/1777292551685DAU-KAM-SEMINER2.jpg","type":"image\/jpeg"}],"author":"Haberver K\u0131br\u0131s","twitter_card":"summary_large_image","twitter_creator":"@kuzeyinsesii","twitter_site":"@kuzeyinsesii","twitter_misc":{"Yazan:":"Haberver K\u0131br\u0131s","Tahmini okuma s\u00fcresi":"1 dakika"},"schema":{"@context":"https:\/\/schema.org","@graph":[{"@type":"Article","@id":"https:\/\/haberverkibris.com\/index.php\/2026\/04\/27\/dau-kam-almanyada-mekansal-planlama-ve-arazi-yonetimi-semineri-duzenledi\/#article","isPartOf":{"@id":"https:\/\/haberverkibris.com\/index.php\/2026\/04\/27\/dau-kam-almanyada-mekansal-planlama-ve-arazi-yonetimi-semineri-duzenledi\/"},"author":{"name":"Haberver K\u0131br\u0131s","@id":"https:\/\/haberverkibris.com\/#\/schema\/person\/29d65381ed43765483b5a185ded66a56"},"headline":"DA\u00dc-KAM \u201cAlmanya\u2019da Mekansal Planlama ve Arazi Y\u00f6netimi\u201d semineri d\u00fczenledi","datePublished":"2026-04-27T12:26:31+00:00","dateModified":"2026-04-27T12:26:44+00:00","mainEntityOfPage":{"@id":"https:\/\/haberverkibris.com\/index.php\/2026\/04\/27\/dau-kam-almanyada-mekansal-planlama-ve-arazi-yonetimi-semineri-duzenledi\/"},"wordCount":234,"commentCount":0,"image":{"@id":"https:\/\/haberverkibris.com\/index.php\/2026\/04\/27\/dau-kam-almanyada-mekansal-planlama-ve-arazi-yonetimi-semineri-duzenledi\/#primaryimage"},"thumbnailUrl":"https:\/\/haberverkibris.com\/wp-content\/uploads\/2026\/04\/1777292551685DAU-KAM-SEMINER2.jpg","articleSection":["K\u0131br\u0131s"],"inLanguage":"tr","potentialAction":[{"@type":"CommentAction","name":"Comment","target":["https:\/\/haberverkibris.com\/index.php\/2026\/04\/27\/dau-kam-almanyada-mekansal-planlama-ve-arazi-yonetimi-semineri-duzenledi\/#respond"]}]},{"@type":"WebPage","@id":"https:\/\/haberverkibris.com\/index.php\/2026\/04\/27\/dau-kam-almanyada-mekansal-planlama-ve-arazi-yonetimi-semineri-duzenledi\/","url":"https:\/\/haberverkibris.com\/index.php\/2026\/04\/27\/dau-kam-almanyada-mekansal-planlama-ve-arazi-yonetimi-semineri-duzenledi\/","name":"DA\u00dc-KAM \u201cAlmanya\u2019da Mekansal Planlama ve Arazi Y\u00f6netimi\u201d semineri d\u00fczenledi - Haber Ver K\u0131br\u0131s","isPartOf":{"@id":"https:\/\/haberverkibris.com\/#website"},"primaryImageOfPage":{"@id":"https:\/\/haberverkibris.com\/index.php\/2026\/04\/27\/dau-kam-almanyada-mekansal-planlama-ve-arazi-yonetimi-semineri-duzenledi\/#primaryimage"},"image":{"@id":"https:\/\/haberverkibris.com\/index.php\/2026\/04\/27\/dau-kam-almanyada-mekansal-planlama-ve-arazi-yonetimi-semineri-duzenledi\/#primaryimage"},"thumbnailUrl":"https:\/\/haberverkibris.com\/wp-content\/uploads\/2026\/04\/1777292551685DAU-KAM-SEMINER2.jpg","datePublished":"2026-04-27T12:26:31+00:00","dateModified":"2026-04-27T12:26:44+00:00","author":{"@id":"https:\/\/haberverkibris.com\/#\/schema\/person\/29d65381ed43765483b5a185ded66a56"},"breadcrumb":{"@id":"https:\/\/haberverkibris.com\/index.php\/2026\/04\/27\/dau-kam-almanyada-mekansal-planlama-ve-arazi-yonetimi-semineri-duzenledi\/#breadcrumb"},"inLanguage":"tr","potentialAction":[{"@type":"ReadAction","target":["https:\/\/haberverkibris.com\/index.php\/2026\/04\/27\/dau-kam-almanyada-mekansal-planlama-ve-arazi-yonetimi-semineri-duzenledi\/"]}]},{"@type":"ImageObject","inLanguage":"tr","@id":"https:\/\/haberverkibris.com\/index.php\/2026\/04\/27\/dau-kam-almanyada-mekansal-planlama-ve-arazi-yonetimi-semineri-duzenledi\/#primaryimage","url":"https:\/\/haberverkibris.com\/wp-content\/uploads\/2026\/04\/1777292551685DAU-KAM-SEMINER2.jpg","contentUrl":"https:\/\/haberverkibris.com\/wp-content\/uploads\/2026\/04\/1777292551685DAU-KAM-SEMINER2.jpg","width":1368,"height":916},{"@type":"BreadcrumbList","@id":"https:\/\/haberverkibris.com\/index.php\/2026\/04\/27\/dau-kam-almanyada-mekansal-planlama-ve-arazi-yonetimi-semineri-duzenledi\/#breadcrumb","itemListElement":[{"@type":"ListItem","position":1,"name":"Anasayfa","item":"https:\/\/haberverkibris.com\/"},{"@type":"ListItem","position":2,"name":"DA\u00dc-KAM \u201cAlmanya\u2019da Mekansal Planlama ve Arazi Y\u00f6netimi\u201d semineri d\u00fczenledi"}]},{"@type":"WebSite","@id":"https:\/\/haberverkibris.com\/#website","url":"https:\/\/haberverkibris.com\/","name":"Kuzeyin Sesi","description":"Do\u011fru Haberin Adresi","potentialAction":[{"@type":"SearchAction","target":{"@type":"EntryPoint","urlTemplate":"https:\/\/haberverkibris.com\/?s={search_term_string}"},"query-input":{"@type":"PropertyValueSpecification","valueRequired":true,"valueName":"search_term_string"}}],"inLanguage":"tr"},{"@type":"Person","@id":"https:\/\/haberverkibris.com\/#\/schema\/person\/29d65381ed43765483b5a185ded66a56","name":"Haberver K\u0131br\u0131s","image":{"@type":"ImageObject","inLanguage":"tr","@id":"https:\/\/secure.gravatar.com\/avatar\/bab33852abfd8b282518d6ed81826833d77c3c882d9ab608add591ccace47a44?s=96&d=mm&r=g","url":"https:\/\/secure.gravatar.com\/avatar\/bab33852abfd8b282518d6ed81826833d77c3c882d9ab608add591ccace47a44?s=96&d=mm&r=g","contentUrl":"https:\/\/secure.gravatar.com\/avatar\/bab33852abfd8b282518d6ed81826833d77c3c882d9ab608add591ccace47a44?s=96&d=mm&r=g","caption":"Haberver K\u0131br\u0131s"},"sameAs":["https:\/\/haberverkibris.com"],"url":"https:\/\/haberverkibris.com\/index.php\/author\/guven\/"}]}},"_links":{"self":[{"href":"https:\/\/haberverkibris.com\/index.php\/wp-json\/wp\/v2\/posts\/34169","targetHints":{"allow":["GET"]}}],"collection":[{"href":"https:\/\/haberverkibris.com\/index.php\/wp-json\/wp\/v2\/posts"}],"about":[{"href":"https:\/\/haberverkibris.com\/index.php\/wp-json\/wp\/v2\/types\/post"}],"author":[{"embeddable":true,"href":"https:\/\/haberverkibris.com\/index.php\/wp-json\/wp\/v2\/users\/1"}],"replies":[{"embeddable":true,"href":"https:\/\/haberverkibris.com\/index.php\/wp-json\/wp\/v2\/comments?post=34169"}],"version-history":[{"count":1,"href":"https:\/\/haberverkibris.com\/index.php\/wp-json\/wp\/v2\/posts\/34169\/revisions"}],"predecessor-version":[{"id":34171,"href":"https:\/\/haberverkibris.com\/index.php\/wp-json\/wp\/v2\/posts\/34169\/revisions\/34171"}],"wp:featuredmedia":[{"embeddable":true,"href":"https:\/\/haberverkibris.com\/index.php\/wp-json\/wp\/v2\/media\/34170"}],"wp:attachment":[{"href":"https:\/\/haberverkibris.com\/index.php\/wp-json\/wp\/v2\/media?parent=34169"}],"wp:term":[{"taxonomy":"category","embeddable":true,"href":"https:\/\/haberverkibris.com\/index.php\/wp-json\/wp\/v2\/categories?post=34169"},{"taxonomy":"post_tag","embeddable":true,"href":"https:\/\/haberverkibris.com\/index.php\/wp-json\/wp\/v2\/tags?post=34169"}],"curies":[{"name":"wp","href":"https:\/\/api.w.org\/{rel}","templated":true}]}}