{"id":34164,"date":"2026-04-27T15:20:30","date_gmt":"2026-04-27T12:20:30","guid":{"rendered":"https:\/\/haberverkibris.com\/index.php\/2026\/04\/27\/itfaiye-mudurlugu-20-26-nisanda-5-yangina-mudahale-etti\/"},"modified":"2026-04-27T15:20:42","modified_gmt":"2026-04-27T12:20:42","slug":"itfaiye-mudurlugu-20-26-nisanda-5-yangina-mudahale-etti","status":"publish","type":"post","link":"https:\/\/haberverkibris.com\/index.php\/2026\/04\/27\/itfaiye-mudurlugu-20-26-nisanda-5-yangina-mudahale-etti\/","title":{"rendered":"\u0130tfaiye M\u00fcd\u00fcrl\u00fc\u011f\u00fc 20-26 Nisan\u2019da 5 yang\u0131na m\u00fcdahale etti"},"content":{"rendered":"<p>Polis Genel M\u00fcd\u00fcrl\u00fc\u011f\u00fc, \u00fclke genelinde 20-26 Nisan aras\u0131nda 5 yang\u0131na m\u00fcdahale edildi\u011fini belirtti.<\/p>\n<p>Polis Genel M\u00fcd\u00fcrl\u00fc\u011f\u00fcnden yay\u0131mlanan rapora g\u00f6re, yang\u0131nlarda 806 bin TL zarar meydana geldi. Yang\u0131n nedenlerinin elektrik kaynakl\u0131 k\u0131sa devre, s\u00f6nd\u00fcr\u00fclmeden at\u0131lan sigara izmariti ve r\u00fczgar\u0131n etkisiyle birbirine temas eden elektrik tellerinden \u00e7\u0131kan k\u0131v\u0131lc\u0131mlar oldu\u011fu ifade edilen raporda, yang\u0131lar\u0131n 2&#8217;si Lefko\u015fa, 2&#8217;si Vadili, 1&#8217;i de Gazima\u011fusa&#8217;da ya\u015fand\u0131.<\/p>\n<p>Bahse konu d\u00f6nemde 22 de \u00f6zel olaya m\u00fcdahale edildi\u011fi ifade edilen a\u00e7\u0131klamada, olaylar\u0131n 12 tanesinin can kurtarma oldu\u011fu kaydedildi.<\/p>\n<p>\u00d6zel olaylar ise \u015f\u00f6yle:<\/p>\n<p>&#8220;Arac\u0131n motor b\u00f6l\u00fcm\u00fcnde, su depolar\u0131 aras\u0131nda ve y\u00fcksek a\u011fa\u00e7larda mahsur kalan kedilerin kurtar\u0131lmas\u0131, yang\u0131na kar\u015f\u0131 tedbir al\u0131nmas\u0131, kliman\u0131n d\u0131\u015f \u00fcnitesinde s\u0131k\u0131\u015fan g\u00fcvercinin kurtar\u0131lmas\u0131, apartman dairesinin yatak odas\u0131nda kilitli kalan \u015fah\u0131s ile asans\u00f6rde mahsur kalan \u015fah\u0131slar\u0131n kurtar\u0131lmas\u0131, derin kuyuya d\u00fc\u015fen kuzular\u0131n kurtar\u0131lmas\u0131, ar\u0131za yapan vin\u00e7 arac\u0131n asans\u00f6r\u00fcnde mahsur kalan \u015fahs\u0131n kurtar\u0131lmas\u0131, hayat\u0131n\u0131 kaybeden \u015fah\u0131slar\u0131n adli soru\u015fturma ama\u00e7l\u0131 hastaneye sevkinin sa\u011flanmas\u0131 ve trafik kazas\u0131 sonucu ara\u00e7ta s\u0131k\u0131\u015fan \u015fah\u0131slar\u0131n kurtar\u0131lmas\u0131&#8221;<\/p>\n","protected":false},"excerpt":{"rendered":"<p>Polis Genel M\u00fcd\u00fcrl\u00fc\u011f\u00fc, \u00fclke genelinde 20-26 Nisan aras\u0131nda 5 yang\u0131na m\u00fcdahale edildi\u011fini belirtti. Polis Genel M\u00fcd\u00fcrl\u00fc\u011f\u00fcnden yay\u0131mlanan rapora g\u00f6re, yang\u0131nlarda 806 bin TL zarar meydana geldi. Yang\u0131n nedenlerinin elektrik kaynakl\u0131 k\u0131sa devre, s\u00f6nd\u00fcr\u00fclmeden at\u0131lan sigara izmariti ve r\u00fczgar\u0131n etkisiyle birbirine temas eden elektrik tellerinden \u00e7\u0131kan k\u0131v\u0131lc\u0131mlar oldu\u011fu ifade edilen raporda, yang\u0131lar\u0131n 2&#8217;si Lefko\u015fa, 2&#8217;si Vadili, [&hellip;]<\/p>\n","protected":false},"author":1,"featured_media":34165,"comment_status":"open","ping_status":"open","sticky":false,"template":"","format":"standard","meta":{"jnews-multi-image_gallery":[],"jnews_single_post":[],"jnews_primary_category":[],"jnews_social_meta":[],"jnews_override_counter":[],"footnotes":""},"categories":[1],"tags":[],"class_list":["post-34164","post","type-post","status-publish","format-standard","has-post-thumbnail","hentry","category-kibris"],"yoast_head":"<!-- This site is optimized with the Yoast SEO plugin v27.4 - https:\/\/yoast.com\/product\/yoast-seo-wordpress\/ -->\n<title>\u0130tfaiye M\u00fcd\u00fcrl\u00fc\u011f\u00fc 20-26 Nisan\u2019da 5 yang\u0131na m\u00fcdahale etti - Haber Ver K\u0131br\u0131s<\/title>\n<meta name=\"robots\" content=\"index, follow, max-snippet:-1, max-image-preview:large, max-video-preview:-1\" \/>\n<link rel=\"canonical\" href=\"https:\/\/haberverkibris.com\/index.php\/2026\/04\/27\/itfaiye-mudurlugu-20-26-nisanda-5-yangina-mudahale-etti\/\" \/>\n<meta property=\"og:locale\" content=\"tr_TR\" \/>\n<meta property=\"og:type\" content=\"article\" \/>\n<meta property=\"og:title\" content=\"\u0130tfaiye M\u00fcd\u00fcrl\u00fc\u011f\u00fc 20-26 Nisan\u2019da 5 yang\u0131na m\u00fcdahale etti - Haber Ver K\u0131br\u0131s\" \/>\n<meta property=\"og:description\" content=\"Polis Genel M\u00fcd\u00fcrl\u00fc\u011f\u00fc, \u00fclke genelinde 20-26 Nisan aras\u0131nda 5 yang\u0131na m\u00fcdahale edildi\u011fini belirtti. Polis Genel M\u00fcd\u00fcrl\u00fc\u011f\u00fcnden yay\u0131mlanan rapora g\u00f6re, yang\u0131nlarda 806 bin TL zarar meydana geldi. Yang\u0131n nedenlerinin elektrik kaynakl\u0131 k\u0131sa devre, s\u00f6nd\u00fcr\u00fclmeden at\u0131lan sigara izmariti ve r\u00fczgar\u0131n etkisiyle birbirine temas eden elektrik tellerinden \u00e7\u0131kan k\u0131v\u0131lc\u0131mlar oldu\u011fu ifade edilen raporda, yang\u0131lar\u0131n 2&#8217;si Lefko\u015fa, 2&#8217;si Vadili, [&hellip;]\" \/>\n<meta property=\"og:url\" content=\"https:\/\/haberverkibris.com\/index.php\/2026\/04\/27\/itfaiye-mudurlugu-20-26-nisanda-5-yangina-mudahale-etti\/\" \/>\n<meta property=\"og:site_name\" content=\"Haber Ver K\u0131br\u0131s\" \/>\n<meta property=\"article:publisher\" content=\"https:\/\/www.facebook.com\/kuzeyinsesii\" \/>\n<meta property=\"article:published_time\" content=\"2026-04-27T12:20:30+00:00\" \/>\n<meta property=\"article:modified_time\" content=\"2026-04-27T12:20:42+00:00\" \/>\n<meta property=\"og:image\" content=\"https:\/\/haberverkibris.com\/wp-content\/uploads\/2026\/04\/itfaiye-24-1.jpg\" \/>\n\t<meta property=\"og:image:width\" content=\"1280\" \/>\n\t<meta property=\"og:image:height\" content=\"720\" \/>\n\t<meta property=\"og:image:type\" content=\"image\/jpeg\" \/>\n<meta name=\"author\" content=\"Haberver K\u0131br\u0131s\" \/>\n<meta name=\"twitter:card\" content=\"summary_large_image\" \/>\n<meta name=\"twitter:creator\" content=\"@kuzeyinsesii\" \/>\n<meta name=\"twitter:site\" content=\"@kuzeyinsesii\" \/>\n<meta name=\"twitter:label1\" content=\"Yazan:\" \/>\n\t<meta name=\"twitter:data1\" content=\"Haberver K\u0131br\u0131s\" \/>\n\t<meta name=\"twitter:label2\" content=\"Tahmini okuma s\u00fcresi\" \/>\n\t<meta name=\"twitter:data2\" content=\"1 dakika\" \/>\n<script type=\"application\/ld+json\" class=\"yoast-schema-graph\">{\"@context\":\"https:\\\/\\\/schema.org\",\"@graph\":[{\"@type\":\"Article\",\"@id\":\"https:\\\/\\\/haberverkibris.com\\\/index.php\\\/2026\\\/04\\\/27\\\/itfaiye-mudurlugu-20-26-nisanda-5-yangina-mudahale-etti\\\/#article\",\"isPartOf\":{\"@id\":\"https:\\\/\\\/haberverkibris.com\\\/index.php\\\/2026\\\/04\\\/27\\\/itfaiye-mudurlugu-20-26-nisanda-5-yangina-mudahale-etti\\\/\"},\"author\":{\"name\":\"Haberver K\u0131br\u0131s\",\"@id\":\"https:\\\/\\\/haberverkibris.com\\\/#\\\/schema\\\/person\\\/29d65381ed43765483b5a185ded66a56\"},\"headline\":\"\u0130tfaiye M\u00fcd\u00fcrl\u00fc\u011f\u00fc 20-26 Nisan\u2019da 5 yang\u0131na m\u00fcdahale etti\",\"datePublished\":\"2026-04-27T12:20:30+00:00\",\"dateModified\":\"2026-04-27T12:20:42+00:00\",\"mainEntityOfPage\":{\"@id\":\"https:\\\/\\\/haberverkibris.com\\\/index.php\\\/2026\\\/04\\\/27\\\/itfaiye-mudurlugu-20-26-nisanda-5-yangina-mudahale-etti\\\/\"},\"wordCount\":236,\"commentCount\":0,\"image\":{\"@id\":\"https:\\\/\\\/haberverkibris.com\\\/index.php\\\/2026\\\/04\\\/27\\\/itfaiye-mudurlugu-20-26-nisanda-5-yangina-mudahale-etti\\\/#primaryimage\"},\"thumbnailUrl\":\"https:\\\/\\\/haberverkibris.com\\\/wp-content\\\/uploads\\\/2026\\\/04\\\/itfaiye-24-1.jpg\",\"articleSection\":[\"K\u0131br\u0131s\"],\"inLanguage\":\"tr\",\"potentialAction\":[{\"@type\":\"CommentAction\",\"name\":\"Comment\",\"target\":[\"https:\\\/\\\/haberverkibris.com\\\/index.php\\\/2026\\\/04\\\/27\\\/itfaiye-mudurlugu-20-26-nisanda-5-yangina-mudahale-etti\\\/#respond\"]}]},{\"@type\":\"WebPage\",\"@id\":\"https:\\\/\\\/haberverkibris.com\\\/index.php\\\/2026\\\/04\\\/27\\\/itfaiye-mudurlugu-20-26-nisanda-5-yangina-mudahale-etti\\\/\",\"url\":\"https:\\\/\\\/haberverkibris.com\\\/index.php\\\/2026\\\/04\\\/27\\\/itfaiye-mudurlugu-20-26-nisanda-5-yangina-mudahale-etti\\\/\",\"name\":\"\u0130tfaiye M\u00fcd\u00fcrl\u00fc\u011f\u00fc 20-26 Nisan\u2019da 5 yang\u0131na m\u00fcdahale etti - Haber Ver K\u0131br\u0131s\",\"isPartOf\":{\"@id\":\"https:\\\/\\\/haberverkibris.com\\\/#website\"},\"primaryImageOfPage\":{\"@id\":\"https:\\\/\\\/haberverkibris.com\\\/index.php\\\/2026\\\/04\\\/27\\\/itfaiye-mudurlugu-20-26-nisanda-5-yangina-mudahale-etti\\\/#primaryimage\"},\"image\":{\"@id\":\"https:\\\/\\\/haberverkibris.com\\\/index.php\\\/2026\\\/04\\\/27\\\/itfaiye-mudurlugu-20-26-nisanda-5-yangina-mudahale-etti\\\/#primaryimage\"},\"thumbnailUrl\":\"https:\\\/\\\/haberverkibris.com\\\/wp-content\\\/uploads\\\/2026\\\/04\\\/itfaiye-24-1.jpg\",\"datePublished\":\"2026-04-27T12:20:30+00:00\",\"dateModified\":\"2026-04-27T12:20:42+00:00\",\"author\":{\"@id\":\"https:\\\/\\\/haberverkibris.com\\\/#\\\/schema\\\/person\\\/29d65381ed43765483b5a185ded66a56\"},\"breadcrumb\":{\"@id\":\"https:\\\/\\\/haberverkibris.com\\\/index.php\\\/2026\\\/04\\\/27\\\/itfaiye-mudurlugu-20-26-nisanda-5-yangina-mudahale-etti\\\/#breadcrumb\"},\"inLanguage\":\"tr\",\"potentialAction\":[{\"@type\":\"ReadAction\",\"target\":[\"https:\\\/\\\/haberverkibris.com\\\/index.php\\\/2026\\\/04\\\/27\\\/itfaiye-mudurlugu-20-26-nisanda-5-yangina-mudahale-etti\\\/\"]}]},{\"@type\":\"ImageObject\",\"inLanguage\":\"tr\",\"@id\":\"https:\\\/\\\/haberverkibris.com\\\/index.php\\\/2026\\\/04\\\/27\\\/itfaiye-mudurlugu-20-26-nisanda-5-yangina-mudahale-etti\\\/#primaryimage\",\"url\":\"https:\\\/\\\/haberverkibris.com\\\/wp-content\\\/uploads\\\/2026\\\/04\\\/itfaiye-24-1.jpg\",\"contentUrl\":\"https:\\\/\\\/haberverkibris.com\\\/wp-content\\\/uploads\\\/2026\\\/04\\\/itfaiye-24-1.jpg\",\"width\":1280,\"height\":720},{\"@type\":\"BreadcrumbList\",\"@id\":\"https:\\\/\\\/haberverkibris.com\\\/index.php\\\/2026\\\/04\\\/27\\\/itfaiye-mudurlugu-20-26-nisanda-5-yangina-mudahale-etti\\\/#breadcrumb\",\"itemListElement\":[{\"@type\":\"ListItem\",\"position\":1,\"name\":\"Anasayfa\",\"item\":\"https:\\\/\\\/haberverkibris.com\\\/\"},{\"@type\":\"ListItem\",\"position\":2,\"name\":\"\u0130tfaiye M\u00fcd\u00fcrl\u00fc\u011f\u00fc 20-26 Nisan\u2019da 5 yang\u0131na m\u00fcdahale etti\"}]},{\"@type\":\"WebSite\",\"@id\":\"https:\\\/\\\/haberverkibris.com\\\/#website\",\"url\":\"https:\\\/\\\/haberverkibris.com\\\/\",\"name\":\"Kuzeyin Sesi\",\"description\":\"Do\u011fru Haberin Adresi\",\"potentialAction\":[{\"@type\":\"SearchAction\",\"target\":{\"@type\":\"EntryPoint\",\"urlTemplate\":\"https:\\\/\\\/haberverkibris.com\\\/?s={search_term_string}\"},\"query-input\":{\"@type\":\"PropertyValueSpecification\",\"valueRequired\":true,\"valueName\":\"search_term_string\"}}],\"inLanguage\":\"tr\"},{\"@type\":\"Person\",\"@id\":\"https:\\\/\\\/haberverkibris.com\\\/#\\\/schema\\\/person\\\/29d65381ed43765483b5a185ded66a56\",\"name\":\"Haberver K\u0131br\u0131s\",\"image\":{\"@type\":\"ImageObject\",\"inLanguage\":\"tr\",\"@id\":\"https:\\\/\\\/secure.gravatar.com\\\/avatar\\\/bab33852abfd8b282518d6ed81826833d77c3c882d9ab608add591ccace47a44?s=96&d=mm&r=g\",\"url\":\"https:\\\/\\\/secure.gravatar.com\\\/avatar\\\/bab33852abfd8b282518d6ed81826833d77c3c882d9ab608add591ccace47a44?s=96&d=mm&r=g\",\"contentUrl\":\"https:\\\/\\\/secure.gravatar.com\\\/avatar\\\/bab33852abfd8b282518d6ed81826833d77c3c882d9ab608add591ccace47a44?s=96&d=mm&r=g\",\"caption\":\"Haberver K\u0131br\u0131s\"},\"sameAs\":[\"https:\\\/\\\/haberverkibris.com\"],\"url\":\"https:\\\/\\\/haberverkibris.com\\\/index.php\\\/author\\\/guven\\\/\"}]}<\/script>\n<!-- \/ Yoast SEO plugin. -->","yoast_head_json":{"title":"\u0130tfaiye M\u00fcd\u00fcrl\u00fc\u011f\u00fc 20-26 Nisan\u2019da 5 yang\u0131na m\u00fcdahale etti - Haber Ver K\u0131br\u0131s","robots":{"index":"index","follow":"follow","max-snippet":"max-snippet:-1","max-image-preview":"max-image-preview:large","max-video-preview":"max-video-preview:-1"},"canonical":"https:\/\/haberverkibris.com\/index.php\/2026\/04\/27\/itfaiye-mudurlugu-20-26-nisanda-5-yangina-mudahale-etti\/","og_locale":"tr_TR","og_type":"article","og_title":"\u0130tfaiye M\u00fcd\u00fcrl\u00fc\u011f\u00fc 20-26 Nisan\u2019da 5 yang\u0131na m\u00fcdahale etti - Haber Ver K\u0131br\u0131s","og_description":"Polis Genel M\u00fcd\u00fcrl\u00fc\u011f\u00fc, \u00fclke genelinde 20-26 Nisan aras\u0131nda 5 yang\u0131na m\u00fcdahale edildi\u011fini belirtti. Polis Genel M\u00fcd\u00fcrl\u00fc\u011f\u00fcnden yay\u0131mlanan rapora g\u00f6re, yang\u0131nlarda 806 bin TL zarar meydana geldi. Yang\u0131n nedenlerinin elektrik kaynakl\u0131 k\u0131sa devre, s\u00f6nd\u00fcr\u00fclmeden at\u0131lan sigara izmariti ve r\u00fczgar\u0131n etkisiyle birbirine temas eden elektrik tellerinden \u00e7\u0131kan k\u0131v\u0131lc\u0131mlar oldu\u011fu ifade edilen raporda, yang\u0131lar\u0131n 2&#8217;si Lefko\u015fa, 2&#8217;si Vadili, [&hellip;]","og_url":"https:\/\/haberverkibris.com\/index.php\/2026\/04\/27\/itfaiye-mudurlugu-20-26-nisanda-5-yangina-mudahale-etti\/","og_site_name":"Haber Ver K\u0131br\u0131s","article_publisher":"https:\/\/www.facebook.com\/kuzeyinsesii","article_published_time":"2026-04-27T12:20:30+00:00","article_modified_time":"2026-04-27T12:20:42+00:00","og_image":[{"width":1280,"height":720,"url":"https:\/\/haberverkibris.com\/wp-content\/uploads\/2026\/04\/itfaiye-24-1.jpg","type":"image\/jpeg"}],"author":"Haberver K\u0131br\u0131s","twitter_card":"summary_large_image","twitter_creator":"@kuzeyinsesii","twitter_site":"@kuzeyinsesii","twitter_misc":{"Yazan:":"Haberver K\u0131br\u0131s","Tahmini okuma s\u00fcresi":"1 dakika"},"schema":{"@context":"https:\/\/schema.org","@graph":[{"@type":"Article","@id":"https:\/\/haberverkibris.com\/index.php\/2026\/04\/27\/itfaiye-mudurlugu-20-26-nisanda-5-yangina-mudahale-etti\/#article","isPartOf":{"@id":"https:\/\/haberverkibris.com\/index.php\/2026\/04\/27\/itfaiye-mudurlugu-20-26-nisanda-5-yangina-mudahale-etti\/"},"author":{"name":"Haberver K\u0131br\u0131s","@id":"https:\/\/haberverkibris.com\/#\/schema\/person\/29d65381ed43765483b5a185ded66a56"},"headline":"\u0130tfaiye M\u00fcd\u00fcrl\u00fc\u011f\u00fc 20-26 Nisan\u2019da 5 yang\u0131na m\u00fcdahale etti","datePublished":"2026-04-27T12:20:30+00:00","dateModified":"2026-04-27T12:20:42+00:00","mainEntityOfPage":{"@id":"https:\/\/haberverkibris.com\/index.php\/2026\/04\/27\/itfaiye-mudurlugu-20-26-nisanda-5-yangina-mudahale-etti\/"},"wordCount":236,"commentCount":0,"image":{"@id":"https:\/\/haberverkibris.com\/index.php\/2026\/04\/27\/itfaiye-mudurlugu-20-26-nisanda-5-yangina-mudahale-etti\/#primaryimage"},"thumbnailUrl":"https:\/\/haberverkibris.com\/wp-content\/uploads\/2026\/04\/itfaiye-24-1.jpg","articleSection":["K\u0131br\u0131s"],"inLanguage":"tr","potentialAction":[{"@type":"CommentAction","name":"Comment","target":["https:\/\/haberverkibris.com\/index.php\/2026\/04\/27\/itfaiye-mudurlugu-20-26-nisanda-5-yangina-mudahale-etti\/#respond"]}]},{"@type":"WebPage","@id":"https:\/\/haberverkibris.com\/index.php\/2026\/04\/27\/itfaiye-mudurlugu-20-26-nisanda-5-yangina-mudahale-etti\/","url":"https:\/\/haberverkibris.com\/index.php\/2026\/04\/27\/itfaiye-mudurlugu-20-26-nisanda-5-yangina-mudahale-etti\/","name":"\u0130tfaiye M\u00fcd\u00fcrl\u00fc\u011f\u00fc 20-26 Nisan\u2019da 5 yang\u0131na m\u00fcdahale etti - Haber Ver K\u0131br\u0131s","isPartOf":{"@id":"https:\/\/haberverkibris.com\/#website"},"primaryImageOfPage":{"@id":"https:\/\/haberverkibris.com\/index.php\/2026\/04\/27\/itfaiye-mudurlugu-20-26-nisanda-5-yangina-mudahale-etti\/#primaryimage"},"image":{"@id":"https:\/\/haberverkibris.com\/index.php\/2026\/04\/27\/itfaiye-mudurlugu-20-26-nisanda-5-yangina-mudahale-etti\/#primaryimage"},"thumbnailUrl":"https:\/\/haberverkibris.com\/wp-content\/uploads\/2026\/04\/itfaiye-24-1.jpg","datePublished":"2026-04-27T12:20:30+00:00","dateModified":"2026-04-27T12:20:42+00:00","author":{"@id":"https:\/\/haberverkibris.com\/#\/schema\/person\/29d65381ed43765483b5a185ded66a56"},"breadcrumb":{"@id":"https:\/\/haberverkibris.com\/index.php\/2026\/04\/27\/itfaiye-mudurlugu-20-26-nisanda-5-yangina-mudahale-etti\/#breadcrumb"},"inLanguage":"tr","potentialAction":[{"@type":"ReadAction","target":["https:\/\/haberverkibris.com\/index.php\/2026\/04\/27\/itfaiye-mudurlugu-20-26-nisanda-5-yangina-mudahale-etti\/"]}]},{"@type":"ImageObject","inLanguage":"tr","@id":"https:\/\/haberverkibris.com\/index.php\/2026\/04\/27\/itfaiye-mudurlugu-20-26-nisanda-5-yangina-mudahale-etti\/#primaryimage","url":"https:\/\/haberverkibris.com\/wp-content\/uploads\/2026\/04\/itfaiye-24-1.jpg","contentUrl":"https:\/\/haberverkibris.com\/wp-content\/uploads\/2026\/04\/itfaiye-24-1.jpg","width":1280,"height":720},{"@type":"BreadcrumbList","@id":"https:\/\/haberverkibris.com\/index.php\/2026\/04\/27\/itfaiye-mudurlugu-20-26-nisanda-5-yangina-mudahale-etti\/#breadcrumb","itemListElement":[{"@type":"ListItem","position":1,"name":"Anasayfa","item":"https:\/\/haberverkibris.com\/"},{"@type":"ListItem","position":2,"name":"\u0130tfaiye M\u00fcd\u00fcrl\u00fc\u011f\u00fc 20-26 Nisan\u2019da 5 yang\u0131na m\u00fcdahale etti"}]},{"@type":"WebSite","@id":"https:\/\/haberverkibris.com\/#website","url":"https:\/\/haberverkibris.com\/","name":"Kuzeyin Sesi","description":"Do\u011fru Haberin Adresi","potentialAction":[{"@type":"SearchAction","target":{"@type":"EntryPoint","urlTemplate":"https:\/\/haberverkibris.com\/?s={search_term_string}"},"query-input":{"@type":"PropertyValueSpecification","valueRequired":true,"valueName":"search_term_string"}}],"inLanguage":"tr"},{"@type":"Person","@id":"https:\/\/haberverkibris.com\/#\/schema\/person\/29d65381ed43765483b5a185ded66a56","name":"Haberver K\u0131br\u0131s","image":{"@type":"ImageObject","inLanguage":"tr","@id":"https:\/\/secure.gravatar.com\/avatar\/bab33852abfd8b282518d6ed81826833d77c3c882d9ab608add591ccace47a44?s=96&d=mm&r=g","url":"https:\/\/secure.gravatar.com\/avatar\/bab33852abfd8b282518d6ed81826833d77c3c882d9ab608add591ccace47a44?s=96&d=mm&r=g","contentUrl":"https:\/\/secure.gravatar.com\/avatar\/bab33852abfd8b282518d6ed81826833d77c3c882d9ab608add591ccace47a44?s=96&d=mm&r=g","caption":"Haberver K\u0131br\u0131s"},"sameAs":["https:\/\/haberverkibris.com"],"url":"https:\/\/haberverkibris.com\/index.php\/author\/guven\/"}]}},"_links":{"self":[{"href":"https:\/\/haberverkibris.com\/index.php\/wp-json\/wp\/v2\/posts\/34164","targetHints":{"allow":["GET"]}}],"collection":[{"href":"https:\/\/haberverkibris.com\/index.php\/wp-json\/wp\/v2\/posts"}],"about":[{"href":"https:\/\/haberverkibris.com\/index.php\/wp-json\/wp\/v2\/types\/post"}],"author":[{"embeddable":true,"href":"https:\/\/haberverkibris.com\/index.php\/wp-json\/wp\/v2\/users\/1"}],"replies":[{"embeddable":true,"href":"https:\/\/haberverkibris.com\/index.php\/wp-json\/wp\/v2\/comments?post=34164"}],"version-history":[{"count":1,"href":"https:\/\/haberverkibris.com\/index.php\/wp-json\/wp\/v2\/posts\/34164\/revisions"}],"predecessor-version":[{"id":34166,"href":"https:\/\/haberverkibris.com\/index.php\/wp-json\/wp\/v2\/posts\/34164\/revisions\/34166"}],"wp:featuredmedia":[{"embeddable":true,"href":"https:\/\/haberverkibris.com\/index.php\/wp-json\/wp\/v2\/media\/34165"}],"wp:attachment":[{"href":"https:\/\/haberverkibris.com\/index.php\/wp-json\/wp\/v2\/media?parent=34164"}],"wp:term":[{"taxonomy":"category","embeddable":true,"href":"https:\/\/haberverkibris.com\/index.php\/wp-json\/wp\/v2\/categories?post=34164"},{"taxonomy":"post_tag","embeddable":true,"href":"https:\/\/haberverkibris.com\/index.php\/wp-json\/wp\/v2\/tags?post=34164"}],"curies":[{"name":"wp","href":"https:\/\/api.w.org\/{rel}","templated":true}]}}