{"id":34158,"date":"2026-04-27T15:08:29","date_gmt":"2026-04-27T12:08:29","guid":{"rendered":"https:\/\/haberverkibris.com\/index.php\/2026\/04\/27\/iskele-ilce-emniyet-kurulu-yanginla-mucadele-gundemiyle-toplandi\/"},"modified":"2026-04-27T15:08:43","modified_gmt":"2026-04-27T12:08:43","slug":"iskele-ilce-emniyet-kurulu-yanginla-mucadele-gundemiyle-toplandi","status":"publish","type":"post","link":"https:\/\/haberverkibris.com\/index.php\/2026\/04\/27\/iskele-ilce-emniyet-kurulu-yanginla-mucadele-gundemiyle-toplandi\/","title":{"rendered":"\u0130skele \u0130l\u00e7e Emniyet Kurulu yang\u0131nla m\u00fccadele g\u00fcndemiyle topland\u0131"},"content":{"rendered":"<p>\u0130skele \u0130l\u00e7e Emniyet Kurulu, yang\u0131nla m\u00fccadele g\u00fcndemiyle topland\u0131.<\/p>\n<p>\u0130skele Belediyesi\u2019nden verilen bilgiye g\u00f6re, toplant\u0131da yakla\u015fan yaz mevsimi nedeniyle il\u00e7e s\u0131n\u0131rlar\u0131nda meydana gelebilecek olas\u0131 yang\u0131nlara kar\u015f\u0131 al\u0131nmas\u0131 gereken \u00f6nlemler ele al\u0131nd\u0131.<\/p>\n<p>\u0130skele Kaymakam\u0131 Ertu\u011frul Toroslu ba\u015fkanl\u0131\u011f\u0131nda Sivil Savunma Te\u015fkilat\u0131 Ba\u015fkanl\u0131\u011f\u0131 \u0130skele B\u00f6lge M\u00fcd\u00fcrl\u00fc\u011f\u00fc\u2019ndeki toplant\u0131ya, \u0130skele Belediye Ba\u015fkan\u0131 Hasan Sad\u0131ko\u011flu, G\u00fcvenlik Kuvvetleri Komutanl\u0131\u011f\u0131 4. Piyade Alay Komutanl\u0131\u011f\u0131\u2019ndan Binba\u015f\u0131 Bahad\u0131r K\u0131l\u0131\u00e7, \u0130skele \u0130tfaiye \u015eube Amiri Tahir Bulak, Sivil Savunma Te\u015fkilat\u0131 Ba\u015fkanl\u0131\u011f\u0131 \u0130skele B\u00f6lge M\u00fcd\u00fcr\u00fc Mahmut Balc\u0131, \u0130skele Polis M\u00fcd\u00fcrl\u00fc\u011f\u00fc, Mehmet\u00e7ik-B\u00fcy\u00fckkonuk Belediyesi, Erenk\u00f6y-Karpaz Belediyesi, K\u0131br\u0131s T\u00fcrk Elektrik Kurumu, Su \u0130\u015fleri Dairesi, Orman Dairesi, Karayollar\u0131 Dairesi, \u0130skele Kaymakaml\u0131\u011f\u0131, Sivil Savunma Te\u015fkilat\u0131 Ba\u015fkanl\u0131\u011f\u0131 \u0130skele B\u00f6lge M\u00fcd\u00fcrl\u00fc\u011f\u00fc, K\u0131br\u0131s T\u00fcrk Petrolleri Ltd. ve Alt\u0131nba\u015f Petrol\u2019den yetkililer kat\u0131ld\u0131.<\/p>\n","protected":false},"excerpt":{"rendered":"<p>\u0130skele \u0130l\u00e7e Emniyet Kurulu, yang\u0131nla m\u00fccadele g\u00fcndemiyle topland\u0131. \u0130skele Belediyesi\u2019nden verilen bilgiye g\u00f6re, toplant\u0131da yakla\u015fan yaz mevsimi nedeniyle il\u00e7e s\u0131n\u0131rlar\u0131nda meydana gelebilecek olas\u0131 yang\u0131nlara kar\u015f\u0131 al\u0131nmas\u0131 gereken \u00f6nlemler ele al\u0131nd\u0131. \u0130skele Kaymakam\u0131 Ertu\u011frul Toroslu ba\u015fkanl\u0131\u011f\u0131nda Sivil Savunma Te\u015fkilat\u0131 Ba\u015fkanl\u0131\u011f\u0131 \u0130skele B\u00f6lge M\u00fcd\u00fcrl\u00fc\u011f\u00fc\u2019ndeki toplant\u0131ya, \u0130skele Belediye Ba\u015fkan\u0131 Hasan Sad\u0131ko\u011flu, G\u00fcvenlik Kuvvetleri Komutanl\u0131\u011f\u0131 4. Piyade Alay Komutanl\u0131\u011f\u0131\u2019ndan [&hellip;]<\/p>\n","protected":false},"author":1,"featured_media":34159,"comment_status":"open","ping_status":"open","sticky":false,"template":"","format":"standard","meta":{"jnews-multi-image_gallery":[],"jnews_single_post":[],"jnews_primary_category":[],"jnews_social_meta":[],"jnews_override_counter":[],"footnotes":""},"categories":[1],"tags":[],"class_list":["post-34158","post","type-post","status-publish","format-standard","has-post-thumbnail","hentry","category-kibris"],"yoast_head":"<!-- This site is optimized with the Yoast SEO plugin v27.4 - https:\/\/yoast.com\/product\/yoast-seo-wordpress\/ -->\n<title>\u0130skele \u0130l\u00e7e Emniyet Kurulu yang\u0131nla m\u00fccadele g\u00fcndemiyle topland\u0131 - Haber Ver K\u0131br\u0131s<\/title>\n<meta name=\"robots\" content=\"index, follow, max-snippet:-1, max-image-preview:large, max-video-preview:-1\" \/>\n<link rel=\"canonical\" href=\"https:\/\/haberverkibris.com\/index.php\/2026\/04\/27\/iskele-ilce-emniyet-kurulu-yanginla-mucadele-gundemiyle-toplandi\/\" \/>\n<meta property=\"og:locale\" content=\"tr_TR\" \/>\n<meta property=\"og:type\" content=\"article\" \/>\n<meta property=\"og:title\" content=\"\u0130skele \u0130l\u00e7e Emniyet Kurulu yang\u0131nla m\u00fccadele g\u00fcndemiyle topland\u0131 - Haber Ver K\u0131br\u0131s\" \/>\n<meta property=\"og:description\" content=\"\u0130skele \u0130l\u00e7e Emniyet Kurulu, yang\u0131nla m\u00fccadele g\u00fcndemiyle topland\u0131. \u0130skele Belediyesi\u2019nden verilen bilgiye g\u00f6re, toplant\u0131da yakla\u015fan yaz mevsimi nedeniyle il\u00e7e s\u0131n\u0131rlar\u0131nda meydana gelebilecek olas\u0131 yang\u0131nlara kar\u015f\u0131 al\u0131nmas\u0131 gereken \u00f6nlemler ele al\u0131nd\u0131. \u0130skele Kaymakam\u0131 Ertu\u011frul Toroslu ba\u015fkanl\u0131\u011f\u0131nda Sivil Savunma Te\u015fkilat\u0131 Ba\u015fkanl\u0131\u011f\u0131 \u0130skele B\u00f6lge M\u00fcd\u00fcrl\u00fc\u011f\u00fc\u2019ndeki toplant\u0131ya, \u0130skele Belediye Ba\u015fkan\u0131 Hasan Sad\u0131ko\u011flu, G\u00fcvenlik Kuvvetleri Komutanl\u0131\u011f\u0131 4. Piyade Alay Komutanl\u0131\u011f\u0131\u2019ndan [&hellip;]\" \/>\n<meta property=\"og:url\" content=\"https:\/\/haberverkibris.com\/index.php\/2026\/04\/27\/iskele-ilce-emniyet-kurulu-yanginla-mucadele-gundemiyle-toplandi\/\" \/>\n<meta property=\"og:site_name\" content=\"Haber Ver K\u0131br\u0131s\" \/>\n<meta property=\"article:publisher\" content=\"https:\/\/www.facebook.com\/kuzeyinsesii\" \/>\n<meta property=\"article:published_time\" content=\"2026-04-27T12:08:29+00:00\" \/>\n<meta property=\"article:modified_time\" content=\"2026-04-27T12:08:43+00:00\" \/>\n<meta property=\"og:image\" content=\"https:\/\/haberverkibris.com\/wp-content\/uploads\/2026\/04\/1777290514505ISKELE-ILCE-EMNIYET-1.jpg\" \/>\n\t<meta property=\"og:image:width\" content=\"1620\" \/>\n\t<meta property=\"og:image:height\" content=\"1080\" \/>\n\t<meta property=\"og:image:type\" content=\"image\/jpeg\" \/>\n<meta name=\"author\" content=\"Haberver K\u0131br\u0131s\" \/>\n<meta name=\"twitter:card\" content=\"summary_large_image\" \/>\n<meta name=\"twitter:creator\" content=\"@kuzeyinsesii\" \/>\n<meta name=\"twitter:site\" content=\"@kuzeyinsesii\" \/>\n<meta name=\"twitter:label1\" content=\"Yazan:\" \/>\n\t<meta name=\"twitter:data1\" content=\"Haberver K\u0131br\u0131s\" \/>\n\t<meta name=\"twitter:label2\" content=\"Tahmini okuma s\u00fcresi\" \/>\n\t<meta name=\"twitter:data2\" content=\"1 dakika\" \/>\n<script type=\"application\/ld+json\" class=\"yoast-schema-graph\">{\"@context\":\"https:\\\/\\\/schema.org\",\"@graph\":[{\"@type\":\"Article\",\"@id\":\"https:\\\/\\\/haberverkibris.com\\\/index.php\\\/2026\\\/04\\\/27\\\/iskele-ilce-emniyet-kurulu-yanginla-mucadele-gundemiyle-toplandi\\\/#article\",\"isPartOf\":{\"@id\":\"https:\\\/\\\/haberverkibris.com\\\/index.php\\\/2026\\\/04\\\/27\\\/iskele-ilce-emniyet-kurulu-yanginla-mucadele-gundemiyle-toplandi\\\/\"},\"author\":{\"name\":\"Haberver K\u0131br\u0131s\",\"@id\":\"https:\\\/\\\/haberverkibris.com\\\/#\\\/schema\\\/person\\\/29d65381ed43765483b5a185ded66a56\"},\"headline\":\"\u0130skele \u0130l\u00e7e Emniyet Kurulu yang\u0131nla m\u00fccadele g\u00fcndemiyle topland\u0131\",\"datePublished\":\"2026-04-27T12:08:29+00:00\",\"dateModified\":\"2026-04-27T12:08:43+00:00\",\"mainEntityOfPage\":{\"@id\":\"https:\\\/\\\/haberverkibris.com\\\/index.php\\\/2026\\\/04\\\/27\\\/iskele-ilce-emniyet-kurulu-yanginla-mucadele-gundemiyle-toplandi\\\/\"},\"wordCount\":177,\"commentCount\":0,\"image\":{\"@id\":\"https:\\\/\\\/haberverkibris.com\\\/index.php\\\/2026\\\/04\\\/27\\\/iskele-ilce-emniyet-kurulu-yanginla-mucadele-gundemiyle-toplandi\\\/#primaryimage\"},\"thumbnailUrl\":\"https:\\\/\\\/haberverkibris.com\\\/wp-content\\\/uploads\\\/2026\\\/04\\\/1777290514505ISKELE-ILCE-EMNIYET-1.jpg\",\"articleSection\":[\"K\u0131br\u0131s\"],\"inLanguage\":\"tr\",\"potentialAction\":[{\"@type\":\"CommentAction\",\"name\":\"Comment\",\"target\":[\"https:\\\/\\\/haberverkibris.com\\\/index.php\\\/2026\\\/04\\\/27\\\/iskele-ilce-emniyet-kurulu-yanginla-mucadele-gundemiyle-toplandi\\\/#respond\"]}]},{\"@type\":\"WebPage\",\"@id\":\"https:\\\/\\\/haberverkibris.com\\\/index.php\\\/2026\\\/04\\\/27\\\/iskele-ilce-emniyet-kurulu-yanginla-mucadele-gundemiyle-toplandi\\\/\",\"url\":\"https:\\\/\\\/haberverkibris.com\\\/index.php\\\/2026\\\/04\\\/27\\\/iskele-ilce-emniyet-kurulu-yanginla-mucadele-gundemiyle-toplandi\\\/\",\"name\":\"\u0130skele \u0130l\u00e7e Emniyet Kurulu yang\u0131nla m\u00fccadele g\u00fcndemiyle topland\u0131 - Haber Ver K\u0131br\u0131s\",\"isPartOf\":{\"@id\":\"https:\\\/\\\/haberverkibris.com\\\/#website\"},\"primaryImageOfPage\":{\"@id\":\"https:\\\/\\\/haberverkibris.com\\\/index.php\\\/2026\\\/04\\\/27\\\/iskele-ilce-emniyet-kurulu-yanginla-mucadele-gundemiyle-toplandi\\\/#primaryimage\"},\"image\":{\"@id\":\"https:\\\/\\\/haberverkibris.com\\\/index.php\\\/2026\\\/04\\\/27\\\/iskele-ilce-emniyet-kurulu-yanginla-mucadele-gundemiyle-toplandi\\\/#primaryimage\"},\"thumbnailUrl\":\"https:\\\/\\\/haberverkibris.com\\\/wp-content\\\/uploads\\\/2026\\\/04\\\/1777290514505ISKELE-ILCE-EMNIYET-1.jpg\",\"datePublished\":\"2026-04-27T12:08:29+00:00\",\"dateModified\":\"2026-04-27T12:08:43+00:00\",\"author\":{\"@id\":\"https:\\\/\\\/haberverkibris.com\\\/#\\\/schema\\\/person\\\/29d65381ed43765483b5a185ded66a56\"},\"breadcrumb\":{\"@id\":\"https:\\\/\\\/haberverkibris.com\\\/index.php\\\/2026\\\/04\\\/27\\\/iskele-ilce-emniyet-kurulu-yanginla-mucadele-gundemiyle-toplandi\\\/#breadcrumb\"},\"inLanguage\":\"tr\",\"potentialAction\":[{\"@type\":\"ReadAction\",\"target\":[\"https:\\\/\\\/haberverkibris.com\\\/index.php\\\/2026\\\/04\\\/27\\\/iskele-ilce-emniyet-kurulu-yanginla-mucadele-gundemiyle-toplandi\\\/\"]}]},{\"@type\":\"ImageObject\",\"inLanguage\":\"tr\",\"@id\":\"https:\\\/\\\/haberverkibris.com\\\/index.php\\\/2026\\\/04\\\/27\\\/iskele-ilce-emniyet-kurulu-yanginla-mucadele-gundemiyle-toplandi\\\/#primaryimage\",\"url\":\"https:\\\/\\\/haberverkibris.com\\\/wp-content\\\/uploads\\\/2026\\\/04\\\/1777290514505ISKELE-ILCE-EMNIYET-1.jpg\",\"contentUrl\":\"https:\\\/\\\/haberverkibris.com\\\/wp-content\\\/uploads\\\/2026\\\/04\\\/1777290514505ISKELE-ILCE-EMNIYET-1.jpg\",\"width\":1620,\"height\":1080},{\"@type\":\"BreadcrumbList\",\"@id\":\"https:\\\/\\\/haberverkibris.com\\\/index.php\\\/2026\\\/04\\\/27\\\/iskele-ilce-emniyet-kurulu-yanginla-mucadele-gundemiyle-toplandi\\\/#breadcrumb\",\"itemListElement\":[{\"@type\":\"ListItem\",\"position\":1,\"name\":\"Anasayfa\",\"item\":\"https:\\\/\\\/haberverkibris.com\\\/\"},{\"@type\":\"ListItem\",\"position\":2,\"name\":\"\u0130skele \u0130l\u00e7e Emniyet Kurulu yang\u0131nla m\u00fccadele g\u00fcndemiyle topland\u0131\"}]},{\"@type\":\"WebSite\",\"@id\":\"https:\\\/\\\/haberverkibris.com\\\/#website\",\"url\":\"https:\\\/\\\/haberverkibris.com\\\/\",\"name\":\"Kuzeyin Sesi\",\"description\":\"Do\u011fru Haberin Adresi\",\"potentialAction\":[{\"@type\":\"SearchAction\",\"target\":{\"@type\":\"EntryPoint\",\"urlTemplate\":\"https:\\\/\\\/haberverkibris.com\\\/?s={search_term_string}\"},\"query-input\":{\"@type\":\"PropertyValueSpecification\",\"valueRequired\":true,\"valueName\":\"search_term_string\"}}],\"inLanguage\":\"tr\"},{\"@type\":\"Person\",\"@id\":\"https:\\\/\\\/haberverkibris.com\\\/#\\\/schema\\\/person\\\/29d65381ed43765483b5a185ded66a56\",\"name\":\"Haberver K\u0131br\u0131s\",\"image\":{\"@type\":\"ImageObject\",\"inLanguage\":\"tr\",\"@id\":\"https:\\\/\\\/secure.gravatar.com\\\/avatar\\\/bab33852abfd8b282518d6ed81826833d77c3c882d9ab608add591ccace47a44?s=96&d=mm&r=g\",\"url\":\"https:\\\/\\\/secure.gravatar.com\\\/avatar\\\/bab33852abfd8b282518d6ed81826833d77c3c882d9ab608add591ccace47a44?s=96&d=mm&r=g\",\"contentUrl\":\"https:\\\/\\\/secure.gravatar.com\\\/avatar\\\/bab33852abfd8b282518d6ed81826833d77c3c882d9ab608add591ccace47a44?s=96&d=mm&r=g\",\"caption\":\"Haberver K\u0131br\u0131s\"},\"sameAs\":[\"https:\\\/\\\/haberverkibris.com\"],\"url\":\"https:\\\/\\\/haberverkibris.com\\\/index.php\\\/author\\\/guven\\\/\"}]}<\/script>\n<!-- \/ Yoast SEO plugin. -->","yoast_head_json":{"title":"\u0130skele \u0130l\u00e7e Emniyet Kurulu yang\u0131nla m\u00fccadele g\u00fcndemiyle topland\u0131 - Haber Ver K\u0131br\u0131s","robots":{"index":"index","follow":"follow","max-snippet":"max-snippet:-1","max-image-preview":"max-image-preview:large","max-video-preview":"max-video-preview:-1"},"canonical":"https:\/\/haberverkibris.com\/index.php\/2026\/04\/27\/iskele-ilce-emniyet-kurulu-yanginla-mucadele-gundemiyle-toplandi\/","og_locale":"tr_TR","og_type":"article","og_title":"\u0130skele \u0130l\u00e7e Emniyet Kurulu yang\u0131nla m\u00fccadele g\u00fcndemiyle topland\u0131 - Haber Ver K\u0131br\u0131s","og_description":"\u0130skele \u0130l\u00e7e Emniyet Kurulu, yang\u0131nla m\u00fccadele g\u00fcndemiyle topland\u0131. \u0130skele Belediyesi\u2019nden verilen bilgiye g\u00f6re, toplant\u0131da yakla\u015fan yaz mevsimi nedeniyle il\u00e7e s\u0131n\u0131rlar\u0131nda meydana gelebilecek olas\u0131 yang\u0131nlara kar\u015f\u0131 al\u0131nmas\u0131 gereken \u00f6nlemler ele al\u0131nd\u0131. \u0130skele Kaymakam\u0131 Ertu\u011frul Toroslu ba\u015fkanl\u0131\u011f\u0131nda Sivil Savunma Te\u015fkilat\u0131 Ba\u015fkanl\u0131\u011f\u0131 \u0130skele B\u00f6lge M\u00fcd\u00fcrl\u00fc\u011f\u00fc\u2019ndeki toplant\u0131ya, \u0130skele Belediye Ba\u015fkan\u0131 Hasan Sad\u0131ko\u011flu, G\u00fcvenlik Kuvvetleri Komutanl\u0131\u011f\u0131 4. Piyade Alay Komutanl\u0131\u011f\u0131\u2019ndan [&hellip;]","og_url":"https:\/\/haberverkibris.com\/index.php\/2026\/04\/27\/iskele-ilce-emniyet-kurulu-yanginla-mucadele-gundemiyle-toplandi\/","og_site_name":"Haber Ver K\u0131br\u0131s","article_publisher":"https:\/\/www.facebook.com\/kuzeyinsesii","article_published_time":"2026-04-27T12:08:29+00:00","article_modified_time":"2026-04-27T12:08:43+00:00","og_image":[{"width":1620,"height":1080,"url":"https:\/\/haberverkibris.com\/wp-content\/uploads\/2026\/04\/1777290514505ISKELE-ILCE-EMNIYET-1.jpg","type":"image\/jpeg"}],"author":"Haberver K\u0131br\u0131s","twitter_card":"summary_large_image","twitter_creator":"@kuzeyinsesii","twitter_site":"@kuzeyinsesii","twitter_misc":{"Yazan:":"Haberver K\u0131br\u0131s","Tahmini okuma s\u00fcresi":"1 dakika"},"schema":{"@context":"https:\/\/schema.org","@graph":[{"@type":"Article","@id":"https:\/\/haberverkibris.com\/index.php\/2026\/04\/27\/iskele-ilce-emniyet-kurulu-yanginla-mucadele-gundemiyle-toplandi\/#article","isPartOf":{"@id":"https:\/\/haberverkibris.com\/index.php\/2026\/04\/27\/iskele-ilce-emniyet-kurulu-yanginla-mucadele-gundemiyle-toplandi\/"},"author":{"name":"Haberver K\u0131br\u0131s","@id":"https:\/\/haberverkibris.com\/#\/schema\/person\/29d65381ed43765483b5a185ded66a56"},"headline":"\u0130skele \u0130l\u00e7e Emniyet Kurulu yang\u0131nla m\u00fccadele g\u00fcndemiyle topland\u0131","datePublished":"2026-04-27T12:08:29+00:00","dateModified":"2026-04-27T12:08:43+00:00","mainEntityOfPage":{"@id":"https:\/\/haberverkibris.com\/index.php\/2026\/04\/27\/iskele-ilce-emniyet-kurulu-yanginla-mucadele-gundemiyle-toplandi\/"},"wordCount":177,"commentCount":0,"image":{"@id":"https:\/\/haberverkibris.com\/index.php\/2026\/04\/27\/iskele-ilce-emniyet-kurulu-yanginla-mucadele-gundemiyle-toplandi\/#primaryimage"},"thumbnailUrl":"https:\/\/haberverkibris.com\/wp-content\/uploads\/2026\/04\/1777290514505ISKELE-ILCE-EMNIYET-1.jpg","articleSection":["K\u0131br\u0131s"],"inLanguage":"tr","potentialAction":[{"@type":"CommentAction","name":"Comment","target":["https:\/\/haberverkibris.com\/index.php\/2026\/04\/27\/iskele-ilce-emniyet-kurulu-yanginla-mucadele-gundemiyle-toplandi\/#respond"]}]},{"@type":"WebPage","@id":"https:\/\/haberverkibris.com\/index.php\/2026\/04\/27\/iskele-ilce-emniyet-kurulu-yanginla-mucadele-gundemiyle-toplandi\/","url":"https:\/\/haberverkibris.com\/index.php\/2026\/04\/27\/iskele-ilce-emniyet-kurulu-yanginla-mucadele-gundemiyle-toplandi\/","name":"\u0130skele \u0130l\u00e7e Emniyet Kurulu yang\u0131nla m\u00fccadele g\u00fcndemiyle topland\u0131 - Haber Ver K\u0131br\u0131s","isPartOf":{"@id":"https:\/\/haberverkibris.com\/#website"},"primaryImageOfPage":{"@id":"https:\/\/haberverkibris.com\/index.php\/2026\/04\/27\/iskele-ilce-emniyet-kurulu-yanginla-mucadele-gundemiyle-toplandi\/#primaryimage"},"image":{"@id":"https:\/\/haberverkibris.com\/index.php\/2026\/04\/27\/iskele-ilce-emniyet-kurulu-yanginla-mucadele-gundemiyle-toplandi\/#primaryimage"},"thumbnailUrl":"https:\/\/haberverkibris.com\/wp-content\/uploads\/2026\/04\/1777290514505ISKELE-ILCE-EMNIYET-1.jpg","datePublished":"2026-04-27T12:08:29+00:00","dateModified":"2026-04-27T12:08:43+00:00","author":{"@id":"https:\/\/haberverkibris.com\/#\/schema\/person\/29d65381ed43765483b5a185ded66a56"},"breadcrumb":{"@id":"https:\/\/haberverkibris.com\/index.php\/2026\/04\/27\/iskele-ilce-emniyet-kurulu-yanginla-mucadele-gundemiyle-toplandi\/#breadcrumb"},"inLanguage":"tr","potentialAction":[{"@type":"ReadAction","target":["https:\/\/haberverkibris.com\/index.php\/2026\/04\/27\/iskele-ilce-emniyet-kurulu-yanginla-mucadele-gundemiyle-toplandi\/"]}]},{"@type":"ImageObject","inLanguage":"tr","@id":"https:\/\/haberverkibris.com\/index.php\/2026\/04\/27\/iskele-ilce-emniyet-kurulu-yanginla-mucadele-gundemiyle-toplandi\/#primaryimage","url":"https:\/\/haberverkibris.com\/wp-content\/uploads\/2026\/04\/1777290514505ISKELE-ILCE-EMNIYET-1.jpg","contentUrl":"https:\/\/haberverkibris.com\/wp-content\/uploads\/2026\/04\/1777290514505ISKELE-ILCE-EMNIYET-1.jpg","width":1620,"height":1080},{"@type":"BreadcrumbList","@id":"https:\/\/haberverkibris.com\/index.php\/2026\/04\/27\/iskele-ilce-emniyet-kurulu-yanginla-mucadele-gundemiyle-toplandi\/#breadcrumb","itemListElement":[{"@type":"ListItem","position":1,"name":"Anasayfa","item":"https:\/\/haberverkibris.com\/"},{"@type":"ListItem","position":2,"name":"\u0130skele \u0130l\u00e7e Emniyet Kurulu yang\u0131nla m\u00fccadele g\u00fcndemiyle topland\u0131"}]},{"@type":"WebSite","@id":"https:\/\/haberverkibris.com\/#website","url":"https:\/\/haberverkibris.com\/","name":"Kuzeyin Sesi","description":"Do\u011fru Haberin Adresi","potentialAction":[{"@type":"SearchAction","target":{"@type":"EntryPoint","urlTemplate":"https:\/\/haberverkibris.com\/?s={search_term_string}"},"query-input":{"@type":"PropertyValueSpecification","valueRequired":true,"valueName":"search_term_string"}}],"inLanguage":"tr"},{"@type":"Person","@id":"https:\/\/haberverkibris.com\/#\/schema\/person\/29d65381ed43765483b5a185ded66a56","name":"Haberver K\u0131br\u0131s","image":{"@type":"ImageObject","inLanguage":"tr","@id":"https:\/\/secure.gravatar.com\/avatar\/bab33852abfd8b282518d6ed81826833d77c3c882d9ab608add591ccace47a44?s=96&d=mm&r=g","url":"https:\/\/secure.gravatar.com\/avatar\/bab33852abfd8b282518d6ed81826833d77c3c882d9ab608add591ccace47a44?s=96&d=mm&r=g","contentUrl":"https:\/\/secure.gravatar.com\/avatar\/bab33852abfd8b282518d6ed81826833d77c3c882d9ab608add591ccace47a44?s=96&d=mm&r=g","caption":"Haberver K\u0131br\u0131s"},"sameAs":["https:\/\/haberverkibris.com"],"url":"https:\/\/haberverkibris.com\/index.php\/author\/guven\/"}]}},"_links":{"self":[{"href":"https:\/\/haberverkibris.com\/index.php\/wp-json\/wp\/v2\/posts\/34158","targetHints":{"allow":["GET"]}}],"collection":[{"href":"https:\/\/haberverkibris.com\/index.php\/wp-json\/wp\/v2\/posts"}],"about":[{"href":"https:\/\/haberverkibris.com\/index.php\/wp-json\/wp\/v2\/types\/post"}],"author":[{"embeddable":true,"href":"https:\/\/haberverkibris.com\/index.php\/wp-json\/wp\/v2\/users\/1"}],"replies":[{"embeddable":true,"href":"https:\/\/haberverkibris.com\/index.php\/wp-json\/wp\/v2\/comments?post=34158"}],"version-history":[{"count":1,"href":"https:\/\/haberverkibris.com\/index.php\/wp-json\/wp\/v2\/posts\/34158\/revisions"}],"predecessor-version":[{"id":34160,"href":"https:\/\/haberverkibris.com\/index.php\/wp-json\/wp\/v2\/posts\/34158\/revisions\/34160"}],"wp:featuredmedia":[{"embeddable":true,"href":"https:\/\/haberverkibris.com\/index.php\/wp-json\/wp\/v2\/media\/34159"}],"wp:attachment":[{"href":"https:\/\/haberverkibris.com\/index.php\/wp-json\/wp\/v2\/media?parent=34158"}],"wp:term":[{"taxonomy":"category","embeddable":true,"href":"https:\/\/haberverkibris.com\/index.php\/wp-json\/wp\/v2\/categories?post=34158"},{"taxonomy":"post_tag","embeddable":true,"href":"https:\/\/haberverkibris.com\/index.php\/wp-json\/wp\/v2\/tags?post=34158"}],"curies":[{"name":"wp","href":"https:\/\/api.w.org\/{rel}","templated":true}]}}