{"id":34155,"date":"2026-04-27T15:02:32","date_gmt":"2026-04-27T12:02:32","guid":{"rendered":"https:\/\/haberverkibris.com\/index.php\/2026\/04\/27\/cumhurbaskani-erhurman-genclik-federasyonu-heyetini-kabul-etti\/"},"modified":"2026-04-27T15:02:45","modified_gmt":"2026-04-27T12:02:45","slug":"cumhurbaskani-erhurman-genclik-federasyonu-heyetini-kabul-etti","status":"publish","type":"post","link":"https:\/\/haberverkibris.com\/index.php\/2026\/04\/27\/cumhurbaskani-erhurman-genclik-federasyonu-heyetini-kabul-etti\/","title":{"rendered":"Cumhurba\u015fkan\u0131 Erh\u00fcrman, Gen\u00e7lik Federasyonu heyetini kabul etti"},"content":{"rendered":"<p>Cumhurba\u015fkan\u0131 Erh\u00fcrman, Gen\u00e7lik Federasyonu Ba\u015fkan\u0131 Mustafa \u00d6zbilgehan ve \u00fcye derneklerden temsilcilerle bir araya gelmekten duydu\u011fu memnuniyeti ifade etti.<\/p>\n<p>Gen\u00e7lik Federasyonu Ba\u015fkan\u0131 Mustafa \u00d6zbilgehan ve \u00fcye derneklerin temsilcileri Cumhurba\u015fkan\u0131 Tufan Erh\u00fcrman\u2019a federasyon olarak y\u00fcr\u00fctt\u00fckleri \u00e7al\u0131\u015fmalar hakk\u0131nda bilgi verdi.<\/p>\n","protected":false},"excerpt":{"rendered":"<p>Cumhurba\u015fkan\u0131 Erh\u00fcrman, Gen\u00e7lik Federasyonu Ba\u015fkan\u0131 Mustafa \u00d6zbilgehan ve \u00fcye derneklerden temsilcilerle bir araya gelmekten duydu\u011fu memnuniyeti ifade etti. Gen\u00e7lik Federasyonu Ba\u015fkan\u0131 Mustafa \u00d6zbilgehan ve \u00fcye derneklerin temsilcileri Cumhurba\u015fkan\u0131 Tufan Erh\u00fcrman\u2019a federasyon olarak y\u00fcr\u00fctt\u00fckleri \u00e7al\u0131\u015fmalar hakk\u0131nda bilgi verdi.<\/p>\n","protected":false},"author":1,"featured_media":34156,"comment_status":"open","ping_status":"open","sticky":false,"template":"","format":"standard","meta":{"jnews-multi-image_gallery":[],"jnews_single_post":[],"jnews_primary_category":[],"jnews_social_meta":[],"jnews_override_counter":[],"footnotes":""},"categories":[1],"tags":[],"class_list":["post-34155","post","type-post","status-publish","format-standard","has-post-thumbnail","hentry","category-kibris"],"yoast_head":"<!-- This site is optimized with the Yoast SEO plugin v27.4 - https:\/\/yoast.com\/product\/yoast-seo-wordpress\/ -->\n<title>Cumhurba\u015fkan\u0131 Erh\u00fcrman, Gen\u00e7lik Federasyonu heyetini kabul etti - Haber Ver K\u0131br\u0131s<\/title>\n<meta name=\"robots\" content=\"index, follow, max-snippet:-1, max-image-preview:large, max-video-preview:-1\" \/>\n<link rel=\"canonical\" href=\"https:\/\/haberverkibris.com\/index.php\/2026\/04\/27\/cumhurbaskani-erhurman-genclik-federasyonu-heyetini-kabul-etti\/\" \/>\n<meta property=\"og:locale\" content=\"tr_TR\" \/>\n<meta property=\"og:type\" content=\"article\" \/>\n<meta property=\"og:title\" content=\"Cumhurba\u015fkan\u0131 Erh\u00fcrman, Gen\u00e7lik Federasyonu heyetini kabul etti - Haber Ver K\u0131br\u0131s\" \/>\n<meta property=\"og:description\" content=\"Cumhurba\u015fkan\u0131 Erh\u00fcrman, Gen\u00e7lik Federasyonu Ba\u015fkan\u0131 Mustafa \u00d6zbilgehan ve \u00fcye derneklerden temsilcilerle bir araya gelmekten duydu\u011fu memnuniyeti ifade etti. Gen\u00e7lik Federasyonu Ba\u015fkan\u0131 Mustafa \u00d6zbilgehan ve \u00fcye derneklerin temsilcileri Cumhurba\u015fkan\u0131 Tufan Erh\u00fcrman\u2019a federasyon olarak y\u00fcr\u00fctt\u00fckleri \u00e7al\u0131\u015fmalar hakk\u0131nda bilgi verdi.\" \/>\n<meta property=\"og:url\" content=\"https:\/\/haberverkibris.com\/index.php\/2026\/04\/27\/cumhurbaskani-erhurman-genclik-federasyonu-heyetini-kabul-etti\/\" \/>\n<meta property=\"og:site_name\" content=\"Haber Ver K\u0131br\u0131s\" \/>\n<meta property=\"article:publisher\" content=\"https:\/\/www.facebook.com\/kuzeyinsesii\" \/>\n<meta property=\"article:published_time\" content=\"2026-04-27T12:02:32+00:00\" \/>\n<meta property=\"article:modified_time\" content=\"2026-04-27T12:02:45+00:00\" \/>\n<meta property=\"og:image\" content=\"https:\/\/haberverkibris.com\/wp-content\/uploads\/2026\/04\/Yeni-Proje-22-1.jpg\" \/>\n\t<meta property=\"og:image:width\" content=\"971\" \/>\n\t<meta property=\"og:image:height\" content=\"551\" \/>\n\t<meta property=\"og:image:type\" content=\"image\/jpeg\" \/>\n<meta name=\"author\" content=\"Haberver K\u0131br\u0131s\" \/>\n<meta name=\"twitter:card\" content=\"summary_large_image\" \/>\n<meta name=\"twitter:creator\" content=\"@kuzeyinsesii\" \/>\n<meta name=\"twitter:site\" content=\"@kuzeyinsesii\" \/>\n<meta name=\"twitter:label1\" content=\"Yazan:\" \/>\n\t<meta name=\"twitter:data1\" content=\"Haberver K\u0131br\u0131s\" \/>\n<script type=\"application\/ld+json\" class=\"yoast-schema-graph\">{\"@context\":\"https:\\\/\\\/schema.org\",\"@graph\":[{\"@type\":\"Article\",\"@id\":\"https:\\\/\\\/haberverkibris.com\\\/index.php\\\/2026\\\/04\\\/27\\\/cumhurbaskani-erhurman-genclik-federasyonu-heyetini-kabul-etti\\\/#article\",\"isPartOf\":{\"@id\":\"https:\\\/\\\/haberverkibris.com\\\/index.php\\\/2026\\\/04\\\/27\\\/cumhurbaskani-erhurman-genclik-federasyonu-heyetini-kabul-etti\\\/\"},\"author\":{\"name\":\"Haberver K\u0131br\u0131s\",\"@id\":\"https:\\\/\\\/haberverkibris.com\\\/#\\\/schema\\\/person\\\/29d65381ed43765483b5a185ded66a56\"},\"headline\":\"Cumhurba\u015fkan\u0131 Erh\u00fcrman, Gen\u00e7lik Federasyonu heyetini kabul etti\",\"datePublished\":\"2026-04-27T12:02:32+00:00\",\"dateModified\":\"2026-04-27T12:02:45+00:00\",\"mainEntityOfPage\":{\"@id\":\"https:\\\/\\\/haberverkibris.com\\\/index.php\\\/2026\\\/04\\\/27\\\/cumhurbaskani-erhurman-genclik-federasyonu-heyetini-kabul-etti\\\/\"},\"wordCount\":62,\"commentCount\":0,\"image\":{\"@id\":\"https:\\\/\\\/haberverkibris.com\\\/index.php\\\/2026\\\/04\\\/27\\\/cumhurbaskani-erhurman-genclik-federasyonu-heyetini-kabul-etti\\\/#primaryimage\"},\"thumbnailUrl\":\"https:\\\/\\\/haberverkibris.com\\\/wp-content\\\/uploads\\\/2026\\\/04\\\/Yeni-Proje-22-1.jpg\",\"articleSection\":[\"K\u0131br\u0131s\"],\"inLanguage\":\"tr\",\"potentialAction\":[{\"@type\":\"CommentAction\",\"name\":\"Comment\",\"target\":[\"https:\\\/\\\/haberverkibris.com\\\/index.php\\\/2026\\\/04\\\/27\\\/cumhurbaskani-erhurman-genclik-federasyonu-heyetini-kabul-etti\\\/#respond\"]}]},{\"@type\":\"WebPage\",\"@id\":\"https:\\\/\\\/haberverkibris.com\\\/index.php\\\/2026\\\/04\\\/27\\\/cumhurbaskani-erhurman-genclik-federasyonu-heyetini-kabul-etti\\\/\",\"url\":\"https:\\\/\\\/haberverkibris.com\\\/index.php\\\/2026\\\/04\\\/27\\\/cumhurbaskani-erhurman-genclik-federasyonu-heyetini-kabul-etti\\\/\",\"name\":\"Cumhurba\u015fkan\u0131 Erh\u00fcrman, Gen\u00e7lik Federasyonu heyetini kabul etti - Haber Ver K\u0131br\u0131s\",\"isPartOf\":{\"@id\":\"https:\\\/\\\/haberverkibris.com\\\/#website\"},\"primaryImageOfPage\":{\"@id\":\"https:\\\/\\\/haberverkibris.com\\\/index.php\\\/2026\\\/04\\\/27\\\/cumhurbaskani-erhurman-genclik-federasyonu-heyetini-kabul-etti\\\/#primaryimage\"},\"image\":{\"@id\":\"https:\\\/\\\/haberverkibris.com\\\/index.php\\\/2026\\\/04\\\/27\\\/cumhurbaskani-erhurman-genclik-federasyonu-heyetini-kabul-etti\\\/#primaryimage\"},\"thumbnailUrl\":\"https:\\\/\\\/haberverkibris.com\\\/wp-content\\\/uploads\\\/2026\\\/04\\\/Yeni-Proje-22-1.jpg\",\"datePublished\":\"2026-04-27T12:02:32+00:00\",\"dateModified\":\"2026-04-27T12:02:45+00:00\",\"author\":{\"@id\":\"https:\\\/\\\/haberverkibris.com\\\/#\\\/schema\\\/person\\\/29d65381ed43765483b5a185ded66a56\"},\"breadcrumb\":{\"@id\":\"https:\\\/\\\/haberverkibris.com\\\/index.php\\\/2026\\\/04\\\/27\\\/cumhurbaskani-erhurman-genclik-federasyonu-heyetini-kabul-etti\\\/#breadcrumb\"},\"inLanguage\":\"tr\",\"potentialAction\":[{\"@type\":\"ReadAction\",\"target\":[\"https:\\\/\\\/haberverkibris.com\\\/index.php\\\/2026\\\/04\\\/27\\\/cumhurbaskani-erhurman-genclik-federasyonu-heyetini-kabul-etti\\\/\"]}]},{\"@type\":\"ImageObject\",\"inLanguage\":\"tr\",\"@id\":\"https:\\\/\\\/haberverkibris.com\\\/index.php\\\/2026\\\/04\\\/27\\\/cumhurbaskani-erhurman-genclik-federasyonu-heyetini-kabul-etti\\\/#primaryimage\",\"url\":\"https:\\\/\\\/haberverkibris.com\\\/wp-content\\\/uploads\\\/2026\\\/04\\\/Yeni-Proje-22-1.jpg\",\"contentUrl\":\"https:\\\/\\\/haberverkibris.com\\\/wp-content\\\/uploads\\\/2026\\\/04\\\/Yeni-Proje-22-1.jpg\",\"width\":971,\"height\":551},{\"@type\":\"BreadcrumbList\",\"@id\":\"https:\\\/\\\/haberverkibris.com\\\/index.php\\\/2026\\\/04\\\/27\\\/cumhurbaskani-erhurman-genclik-federasyonu-heyetini-kabul-etti\\\/#breadcrumb\",\"itemListElement\":[{\"@type\":\"ListItem\",\"position\":1,\"name\":\"Anasayfa\",\"item\":\"https:\\\/\\\/haberverkibris.com\\\/\"},{\"@type\":\"ListItem\",\"position\":2,\"name\":\"Cumhurba\u015fkan\u0131 Erh\u00fcrman, Gen\u00e7lik Federasyonu heyetini kabul etti\"}]},{\"@type\":\"WebSite\",\"@id\":\"https:\\\/\\\/haberverkibris.com\\\/#website\",\"url\":\"https:\\\/\\\/haberverkibris.com\\\/\",\"name\":\"Kuzeyin Sesi\",\"description\":\"Do\u011fru Haberin Adresi\",\"potentialAction\":[{\"@type\":\"SearchAction\",\"target\":{\"@type\":\"EntryPoint\",\"urlTemplate\":\"https:\\\/\\\/haberverkibris.com\\\/?s={search_term_string}\"},\"query-input\":{\"@type\":\"PropertyValueSpecification\",\"valueRequired\":true,\"valueName\":\"search_term_string\"}}],\"inLanguage\":\"tr\"},{\"@type\":\"Person\",\"@id\":\"https:\\\/\\\/haberverkibris.com\\\/#\\\/schema\\\/person\\\/29d65381ed43765483b5a185ded66a56\",\"name\":\"Haberver K\u0131br\u0131s\",\"image\":{\"@type\":\"ImageObject\",\"inLanguage\":\"tr\",\"@id\":\"https:\\\/\\\/secure.gravatar.com\\\/avatar\\\/bab33852abfd8b282518d6ed81826833d77c3c882d9ab608add591ccace47a44?s=96&d=mm&r=g\",\"url\":\"https:\\\/\\\/secure.gravatar.com\\\/avatar\\\/bab33852abfd8b282518d6ed81826833d77c3c882d9ab608add591ccace47a44?s=96&d=mm&r=g\",\"contentUrl\":\"https:\\\/\\\/secure.gravatar.com\\\/avatar\\\/bab33852abfd8b282518d6ed81826833d77c3c882d9ab608add591ccace47a44?s=96&d=mm&r=g\",\"caption\":\"Haberver K\u0131br\u0131s\"},\"sameAs\":[\"https:\\\/\\\/haberverkibris.com\"],\"url\":\"https:\\\/\\\/haberverkibris.com\\\/index.php\\\/author\\\/guven\\\/\"}]}<\/script>\n<!-- \/ Yoast SEO plugin. -->","yoast_head_json":{"title":"Cumhurba\u015fkan\u0131 Erh\u00fcrman, Gen\u00e7lik Federasyonu heyetini kabul etti - Haber Ver K\u0131br\u0131s","robots":{"index":"index","follow":"follow","max-snippet":"max-snippet:-1","max-image-preview":"max-image-preview:large","max-video-preview":"max-video-preview:-1"},"canonical":"https:\/\/haberverkibris.com\/index.php\/2026\/04\/27\/cumhurbaskani-erhurman-genclik-federasyonu-heyetini-kabul-etti\/","og_locale":"tr_TR","og_type":"article","og_title":"Cumhurba\u015fkan\u0131 Erh\u00fcrman, Gen\u00e7lik Federasyonu heyetini kabul etti - Haber Ver K\u0131br\u0131s","og_description":"Cumhurba\u015fkan\u0131 Erh\u00fcrman, Gen\u00e7lik Federasyonu Ba\u015fkan\u0131 Mustafa \u00d6zbilgehan ve \u00fcye derneklerden temsilcilerle bir araya gelmekten duydu\u011fu memnuniyeti ifade etti. Gen\u00e7lik Federasyonu Ba\u015fkan\u0131 Mustafa \u00d6zbilgehan ve \u00fcye derneklerin temsilcileri Cumhurba\u015fkan\u0131 Tufan Erh\u00fcrman\u2019a federasyon olarak y\u00fcr\u00fctt\u00fckleri \u00e7al\u0131\u015fmalar hakk\u0131nda bilgi verdi.","og_url":"https:\/\/haberverkibris.com\/index.php\/2026\/04\/27\/cumhurbaskani-erhurman-genclik-federasyonu-heyetini-kabul-etti\/","og_site_name":"Haber Ver K\u0131br\u0131s","article_publisher":"https:\/\/www.facebook.com\/kuzeyinsesii","article_published_time":"2026-04-27T12:02:32+00:00","article_modified_time":"2026-04-27T12:02:45+00:00","og_image":[{"width":971,"height":551,"url":"https:\/\/haberverkibris.com\/wp-content\/uploads\/2026\/04\/Yeni-Proje-22-1.jpg","type":"image\/jpeg"}],"author":"Haberver K\u0131br\u0131s","twitter_card":"summary_large_image","twitter_creator":"@kuzeyinsesii","twitter_site":"@kuzeyinsesii","twitter_misc":{"Yazan:":"Haberver K\u0131br\u0131s"},"schema":{"@context":"https:\/\/schema.org","@graph":[{"@type":"Article","@id":"https:\/\/haberverkibris.com\/index.php\/2026\/04\/27\/cumhurbaskani-erhurman-genclik-federasyonu-heyetini-kabul-etti\/#article","isPartOf":{"@id":"https:\/\/haberverkibris.com\/index.php\/2026\/04\/27\/cumhurbaskani-erhurman-genclik-federasyonu-heyetini-kabul-etti\/"},"author":{"name":"Haberver K\u0131br\u0131s","@id":"https:\/\/haberverkibris.com\/#\/schema\/person\/29d65381ed43765483b5a185ded66a56"},"headline":"Cumhurba\u015fkan\u0131 Erh\u00fcrman, Gen\u00e7lik Federasyonu heyetini kabul etti","datePublished":"2026-04-27T12:02:32+00:00","dateModified":"2026-04-27T12:02:45+00:00","mainEntityOfPage":{"@id":"https:\/\/haberverkibris.com\/index.php\/2026\/04\/27\/cumhurbaskani-erhurman-genclik-federasyonu-heyetini-kabul-etti\/"},"wordCount":62,"commentCount":0,"image":{"@id":"https:\/\/haberverkibris.com\/index.php\/2026\/04\/27\/cumhurbaskani-erhurman-genclik-federasyonu-heyetini-kabul-etti\/#primaryimage"},"thumbnailUrl":"https:\/\/haberverkibris.com\/wp-content\/uploads\/2026\/04\/Yeni-Proje-22-1.jpg","articleSection":["K\u0131br\u0131s"],"inLanguage":"tr","potentialAction":[{"@type":"CommentAction","name":"Comment","target":["https:\/\/haberverkibris.com\/index.php\/2026\/04\/27\/cumhurbaskani-erhurman-genclik-federasyonu-heyetini-kabul-etti\/#respond"]}]},{"@type":"WebPage","@id":"https:\/\/haberverkibris.com\/index.php\/2026\/04\/27\/cumhurbaskani-erhurman-genclik-federasyonu-heyetini-kabul-etti\/","url":"https:\/\/haberverkibris.com\/index.php\/2026\/04\/27\/cumhurbaskani-erhurman-genclik-federasyonu-heyetini-kabul-etti\/","name":"Cumhurba\u015fkan\u0131 Erh\u00fcrman, Gen\u00e7lik Federasyonu heyetini kabul etti - Haber Ver K\u0131br\u0131s","isPartOf":{"@id":"https:\/\/haberverkibris.com\/#website"},"primaryImageOfPage":{"@id":"https:\/\/haberverkibris.com\/index.php\/2026\/04\/27\/cumhurbaskani-erhurman-genclik-federasyonu-heyetini-kabul-etti\/#primaryimage"},"image":{"@id":"https:\/\/haberverkibris.com\/index.php\/2026\/04\/27\/cumhurbaskani-erhurman-genclik-federasyonu-heyetini-kabul-etti\/#primaryimage"},"thumbnailUrl":"https:\/\/haberverkibris.com\/wp-content\/uploads\/2026\/04\/Yeni-Proje-22-1.jpg","datePublished":"2026-04-27T12:02:32+00:00","dateModified":"2026-04-27T12:02:45+00:00","author":{"@id":"https:\/\/haberverkibris.com\/#\/schema\/person\/29d65381ed43765483b5a185ded66a56"},"breadcrumb":{"@id":"https:\/\/haberverkibris.com\/index.php\/2026\/04\/27\/cumhurbaskani-erhurman-genclik-federasyonu-heyetini-kabul-etti\/#breadcrumb"},"inLanguage":"tr","potentialAction":[{"@type":"ReadAction","target":["https:\/\/haberverkibris.com\/index.php\/2026\/04\/27\/cumhurbaskani-erhurman-genclik-federasyonu-heyetini-kabul-etti\/"]}]},{"@type":"ImageObject","inLanguage":"tr","@id":"https:\/\/haberverkibris.com\/index.php\/2026\/04\/27\/cumhurbaskani-erhurman-genclik-federasyonu-heyetini-kabul-etti\/#primaryimage","url":"https:\/\/haberverkibris.com\/wp-content\/uploads\/2026\/04\/Yeni-Proje-22-1.jpg","contentUrl":"https:\/\/haberverkibris.com\/wp-content\/uploads\/2026\/04\/Yeni-Proje-22-1.jpg","width":971,"height":551},{"@type":"BreadcrumbList","@id":"https:\/\/haberverkibris.com\/index.php\/2026\/04\/27\/cumhurbaskani-erhurman-genclik-federasyonu-heyetini-kabul-etti\/#breadcrumb","itemListElement":[{"@type":"ListItem","position":1,"name":"Anasayfa","item":"https:\/\/haberverkibris.com\/"},{"@type":"ListItem","position":2,"name":"Cumhurba\u015fkan\u0131 Erh\u00fcrman, Gen\u00e7lik Federasyonu heyetini kabul etti"}]},{"@type":"WebSite","@id":"https:\/\/haberverkibris.com\/#website","url":"https:\/\/haberverkibris.com\/","name":"Kuzeyin Sesi","description":"Do\u011fru Haberin Adresi","potentialAction":[{"@type":"SearchAction","target":{"@type":"EntryPoint","urlTemplate":"https:\/\/haberverkibris.com\/?s={search_term_string}"},"query-input":{"@type":"PropertyValueSpecification","valueRequired":true,"valueName":"search_term_string"}}],"inLanguage":"tr"},{"@type":"Person","@id":"https:\/\/haberverkibris.com\/#\/schema\/person\/29d65381ed43765483b5a185ded66a56","name":"Haberver K\u0131br\u0131s","image":{"@type":"ImageObject","inLanguage":"tr","@id":"https:\/\/secure.gravatar.com\/avatar\/bab33852abfd8b282518d6ed81826833d77c3c882d9ab608add591ccace47a44?s=96&d=mm&r=g","url":"https:\/\/secure.gravatar.com\/avatar\/bab33852abfd8b282518d6ed81826833d77c3c882d9ab608add591ccace47a44?s=96&d=mm&r=g","contentUrl":"https:\/\/secure.gravatar.com\/avatar\/bab33852abfd8b282518d6ed81826833d77c3c882d9ab608add591ccace47a44?s=96&d=mm&r=g","caption":"Haberver K\u0131br\u0131s"},"sameAs":["https:\/\/haberverkibris.com"],"url":"https:\/\/haberverkibris.com\/index.php\/author\/guven\/"}]}},"_links":{"self":[{"href":"https:\/\/haberverkibris.com\/index.php\/wp-json\/wp\/v2\/posts\/34155","targetHints":{"allow":["GET"]}}],"collection":[{"href":"https:\/\/haberverkibris.com\/index.php\/wp-json\/wp\/v2\/posts"}],"about":[{"href":"https:\/\/haberverkibris.com\/index.php\/wp-json\/wp\/v2\/types\/post"}],"author":[{"embeddable":true,"href":"https:\/\/haberverkibris.com\/index.php\/wp-json\/wp\/v2\/users\/1"}],"replies":[{"embeddable":true,"href":"https:\/\/haberverkibris.com\/index.php\/wp-json\/wp\/v2\/comments?post=34155"}],"version-history":[{"count":1,"href":"https:\/\/haberverkibris.com\/index.php\/wp-json\/wp\/v2\/posts\/34155\/revisions"}],"predecessor-version":[{"id":34157,"href":"https:\/\/haberverkibris.com\/index.php\/wp-json\/wp\/v2\/posts\/34155\/revisions\/34157"}],"wp:featuredmedia":[{"embeddable":true,"href":"https:\/\/haberverkibris.com\/index.php\/wp-json\/wp\/v2\/media\/34156"}],"wp:attachment":[{"href":"https:\/\/haberverkibris.com\/index.php\/wp-json\/wp\/v2\/media?parent=34155"}],"wp:term":[{"taxonomy":"category","embeddable":true,"href":"https:\/\/haberverkibris.com\/index.php\/wp-json\/wp\/v2\/categories?post=34155"},{"taxonomy":"post_tag","embeddable":true,"href":"https:\/\/haberverkibris.com\/index.php\/wp-json\/wp\/v2\/tags?post=34155"}],"curies":[{"name":"wp","href":"https:\/\/api.w.org\/{rel}","templated":true}]}}