{"id":34143,"date":"2026-04-27T14:37:34","date_gmt":"2026-04-27T11:37:34","guid":{"rendered":"https:\/\/haberverkibris.com\/index.php\/2026\/04\/27\/laptada-yarin-elektrik-kesintisi\/"},"modified":"2026-04-27T14:37:48","modified_gmt":"2026-04-27T11:37:48","slug":"laptada-yarin-elektrik-kesintisi","status":"publish","type":"post","link":"https:\/\/haberverkibris.com\/index.php\/2026\/04\/27\/laptada-yarin-elektrik-kesintisi\/","title":{"rendered":"Lapta\u2019da yar\u0131n elektrik kesintisi"},"content":{"rendered":"<p>K\u0131br\u0131s T\u00fcrk Elektrik Kurumu (K\u0131b-Tek) Lapta\u2019da, Laptamar\u2019\u0131n do\u011fu ve g\u00fcneyine yar\u0131n 3 saat elektrik verilemeyece\u011fini duyurdu.<\/p>\n<p>K\u0131b-Tek\u2019ten yap\u0131lan a\u00e7\u0131klamada, s\u00f6z konusu b\u00f6lgede orta gerilim hatt\u0131ndaki proje \u00e7al\u0131\u015fmas\u0131 nedeniyle 10.00 ile 13.00 saatleri aras\u0131nda kesinti yap\u0131laca\u011f\u0131 kaydedildi.<\/p>\n","protected":false},"excerpt":{"rendered":"<p>K\u0131br\u0131s T\u00fcrk Elektrik Kurumu (K\u0131b-Tek) Lapta\u2019da, Laptamar\u2019\u0131n do\u011fu ve g\u00fcneyine yar\u0131n 3 saat elektrik verilemeyece\u011fini duyurdu. K\u0131b-Tek\u2019ten yap\u0131lan a\u00e7\u0131klamada, s\u00f6z konusu b\u00f6lgede orta gerilim hatt\u0131ndaki proje \u00e7al\u0131\u015fmas\u0131 nedeniyle 10.00 ile 13.00 saatleri aras\u0131nda kesinti yap\u0131laca\u011f\u0131 kaydedildi.<\/p>\n","protected":false},"author":1,"featured_media":34144,"comment_status":"open","ping_status":"open","sticky":false,"template":"","format":"standard","meta":{"jnews-multi-image_gallery":[],"jnews_single_post":[],"jnews_primary_category":[],"jnews_social_meta":[],"jnews_override_counter":[],"footnotes":""},"categories":[1],"tags":[],"class_list":["post-34143","post","type-post","status-publish","format-standard","has-post-thumbnail","hentry","category-kibris"],"yoast_head":"<!-- This site is optimized with the Yoast SEO plugin v27.4 - https:\/\/yoast.com\/product\/yoast-seo-wordpress\/ -->\n<title>Lapta\u2019da yar\u0131n elektrik kesintisi - Haber Ver K\u0131br\u0131s<\/title>\n<meta name=\"robots\" content=\"index, follow, max-snippet:-1, max-image-preview:large, max-video-preview:-1\" \/>\n<link rel=\"canonical\" href=\"https:\/\/haberverkibris.com\/index.php\/2026\/04\/27\/laptada-yarin-elektrik-kesintisi\/\" \/>\n<meta property=\"og:locale\" content=\"tr_TR\" \/>\n<meta property=\"og:type\" content=\"article\" \/>\n<meta property=\"og:title\" content=\"Lapta\u2019da yar\u0131n elektrik kesintisi - Haber Ver K\u0131br\u0131s\" \/>\n<meta property=\"og:description\" content=\"K\u0131br\u0131s T\u00fcrk Elektrik Kurumu (K\u0131b-Tek) Lapta\u2019da, Laptamar\u2019\u0131n do\u011fu ve g\u00fcneyine yar\u0131n 3 saat elektrik verilemeyece\u011fini duyurdu. K\u0131b-Tek\u2019ten yap\u0131lan a\u00e7\u0131klamada, s\u00f6z konusu b\u00f6lgede orta gerilim hatt\u0131ndaki proje \u00e7al\u0131\u015fmas\u0131 nedeniyle 10.00 ile 13.00 saatleri aras\u0131nda kesinti yap\u0131laca\u011f\u0131 kaydedildi.\" \/>\n<meta property=\"og:url\" content=\"https:\/\/haberverkibris.com\/index.php\/2026\/04\/27\/laptada-yarin-elektrik-kesintisi\/\" \/>\n<meta property=\"og:site_name\" content=\"Haber Ver K\u0131br\u0131s\" \/>\n<meta property=\"article:publisher\" content=\"https:\/\/www.facebook.com\/kuzeyinsesii\" \/>\n<meta property=\"article:published_time\" content=\"2026-04-27T11:37:34+00:00\" \/>\n<meta property=\"article:modified_time\" content=\"2026-04-27T11:37:48+00:00\" \/>\n<meta property=\"og:image\" content=\"https:\/\/haberverkibris.com\/wp-content\/uploads\/2026\/04\/elektrik-kesintisi-2.jpg\" \/>\n\t<meta property=\"og:image:width\" content=\"620\" \/>\n\t<meta property=\"og:image:height\" content=\"310\" \/>\n\t<meta property=\"og:image:type\" content=\"image\/jpeg\" \/>\n<meta name=\"author\" content=\"Haberver K\u0131br\u0131s\" \/>\n<meta name=\"twitter:card\" content=\"summary_large_image\" \/>\n<meta name=\"twitter:creator\" content=\"@kuzeyinsesii\" \/>\n<meta name=\"twitter:site\" content=\"@kuzeyinsesii\" \/>\n<meta name=\"twitter:label1\" content=\"Yazan:\" \/>\n\t<meta name=\"twitter:data1\" content=\"Haberver K\u0131br\u0131s\" \/>\n<script type=\"application\/ld+json\" class=\"yoast-schema-graph\">{\"@context\":\"https:\\\/\\\/schema.org\",\"@graph\":[{\"@type\":\"Article\",\"@id\":\"https:\\\/\\\/haberverkibris.com\\\/index.php\\\/2026\\\/04\\\/27\\\/laptada-yarin-elektrik-kesintisi\\\/#article\",\"isPartOf\":{\"@id\":\"https:\\\/\\\/haberverkibris.com\\\/index.php\\\/2026\\\/04\\\/27\\\/laptada-yarin-elektrik-kesintisi\\\/\"},\"author\":{\"name\":\"Haberver K\u0131br\u0131s\",\"@id\":\"https:\\\/\\\/haberverkibris.com\\\/#\\\/schema\\\/person\\\/29d65381ed43765483b5a185ded66a56\"},\"headline\":\"Lapta\u2019da yar\u0131n elektrik kesintisi\",\"datePublished\":\"2026-04-27T11:37:34+00:00\",\"dateModified\":\"2026-04-27T11:37:48+00:00\",\"mainEntityOfPage\":{\"@id\":\"https:\\\/\\\/haberverkibris.com\\\/index.php\\\/2026\\\/04\\\/27\\\/laptada-yarin-elektrik-kesintisi\\\/\"},\"wordCount\":59,\"commentCount\":0,\"image\":{\"@id\":\"https:\\\/\\\/haberverkibris.com\\\/index.php\\\/2026\\\/04\\\/27\\\/laptada-yarin-elektrik-kesintisi\\\/#primaryimage\"},\"thumbnailUrl\":\"https:\\\/\\\/haberverkibris.com\\\/wp-content\\\/uploads\\\/2026\\\/04\\\/elektrik-kesintisi-2.jpg\",\"articleSection\":[\"K\u0131br\u0131s\"],\"inLanguage\":\"tr\",\"potentialAction\":[{\"@type\":\"CommentAction\",\"name\":\"Comment\",\"target\":[\"https:\\\/\\\/haberverkibris.com\\\/index.php\\\/2026\\\/04\\\/27\\\/laptada-yarin-elektrik-kesintisi\\\/#respond\"]}]},{\"@type\":\"WebPage\",\"@id\":\"https:\\\/\\\/haberverkibris.com\\\/index.php\\\/2026\\\/04\\\/27\\\/laptada-yarin-elektrik-kesintisi\\\/\",\"url\":\"https:\\\/\\\/haberverkibris.com\\\/index.php\\\/2026\\\/04\\\/27\\\/laptada-yarin-elektrik-kesintisi\\\/\",\"name\":\"Lapta\u2019da yar\u0131n elektrik kesintisi - Haber Ver K\u0131br\u0131s\",\"isPartOf\":{\"@id\":\"https:\\\/\\\/haberverkibris.com\\\/#website\"},\"primaryImageOfPage\":{\"@id\":\"https:\\\/\\\/haberverkibris.com\\\/index.php\\\/2026\\\/04\\\/27\\\/laptada-yarin-elektrik-kesintisi\\\/#primaryimage\"},\"image\":{\"@id\":\"https:\\\/\\\/haberverkibris.com\\\/index.php\\\/2026\\\/04\\\/27\\\/laptada-yarin-elektrik-kesintisi\\\/#primaryimage\"},\"thumbnailUrl\":\"https:\\\/\\\/haberverkibris.com\\\/wp-content\\\/uploads\\\/2026\\\/04\\\/elektrik-kesintisi-2.jpg\",\"datePublished\":\"2026-04-27T11:37:34+00:00\",\"dateModified\":\"2026-04-27T11:37:48+00:00\",\"author\":{\"@id\":\"https:\\\/\\\/haberverkibris.com\\\/#\\\/schema\\\/person\\\/29d65381ed43765483b5a185ded66a56\"},\"breadcrumb\":{\"@id\":\"https:\\\/\\\/haberverkibris.com\\\/index.php\\\/2026\\\/04\\\/27\\\/laptada-yarin-elektrik-kesintisi\\\/#breadcrumb\"},\"inLanguage\":\"tr\",\"potentialAction\":[{\"@type\":\"ReadAction\",\"target\":[\"https:\\\/\\\/haberverkibris.com\\\/index.php\\\/2026\\\/04\\\/27\\\/laptada-yarin-elektrik-kesintisi\\\/\"]}]},{\"@type\":\"ImageObject\",\"inLanguage\":\"tr\",\"@id\":\"https:\\\/\\\/haberverkibris.com\\\/index.php\\\/2026\\\/04\\\/27\\\/laptada-yarin-elektrik-kesintisi\\\/#primaryimage\",\"url\":\"https:\\\/\\\/haberverkibris.com\\\/wp-content\\\/uploads\\\/2026\\\/04\\\/elektrik-kesintisi-2.jpg\",\"contentUrl\":\"https:\\\/\\\/haberverkibris.com\\\/wp-content\\\/uploads\\\/2026\\\/04\\\/elektrik-kesintisi-2.jpg\",\"width\":620,\"height\":310},{\"@type\":\"BreadcrumbList\",\"@id\":\"https:\\\/\\\/haberverkibris.com\\\/index.php\\\/2026\\\/04\\\/27\\\/laptada-yarin-elektrik-kesintisi\\\/#breadcrumb\",\"itemListElement\":[{\"@type\":\"ListItem\",\"position\":1,\"name\":\"Anasayfa\",\"item\":\"https:\\\/\\\/haberverkibris.com\\\/\"},{\"@type\":\"ListItem\",\"position\":2,\"name\":\"Lapta\u2019da yar\u0131n elektrik kesintisi\"}]},{\"@type\":\"WebSite\",\"@id\":\"https:\\\/\\\/haberverkibris.com\\\/#website\",\"url\":\"https:\\\/\\\/haberverkibris.com\\\/\",\"name\":\"Kuzeyin Sesi\",\"description\":\"Do\u011fru Haberin Adresi\",\"potentialAction\":[{\"@type\":\"SearchAction\",\"target\":{\"@type\":\"EntryPoint\",\"urlTemplate\":\"https:\\\/\\\/haberverkibris.com\\\/?s={search_term_string}\"},\"query-input\":{\"@type\":\"PropertyValueSpecification\",\"valueRequired\":true,\"valueName\":\"search_term_string\"}}],\"inLanguage\":\"tr\"},{\"@type\":\"Person\",\"@id\":\"https:\\\/\\\/haberverkibris.com\\\/#\\\/schema\\\/person\\\/29d65381ed43765483b5a185ded66a56\",\"name\":\"Haberver K\u0131br\u0131s\",\"image\":{\"@type\":\"ImageObject\",\"inLanguage\":\"tr\",\"@id\":\"https:\\\/\\\/secure.gravatar.com\\\/avatar\\\/bab33852abfd8b282518d6ed81826833d77c3c882d9ab608add591ccace47a44?s=96&d=mm&r=g\",\"url\":\"https:\\\/\\\/secure.gravatar.com\\\/avatar\\\/bab33852abfd8b282518d6ed81826833d77c3c882d9ab608add591ccace47a44?s=96&d=mm&r=g\",\"contentUrl\":\"https:\\\/\\\/secure.gravatar.com\\\/avatar\\\/bab33852abfd8b282518d6ed81826833d77c3c882d9ab608add591ccace47a44?s=96&d=mm&r=g\",\"caption\":\"Haberver K\u0131br\u0131s\"},\"sameAs\":[\"https:\\\/\\\/haberverkibris.com\"],\"url\":\"https:\\\/\\\/haberverkibris.com\\\/index.php\\\/author\\\/guven\\\/\"}]}<\/script>\n<!-- \/ Yoast SEO plugin. -->","yoast_head_json":{"title":"Lapta\u2019da yar\u0131n elektrik kesintisi - Haber Ver K\u0131br\u0131s","robots":{"index":"index","follow":"follow","max-snippet":"max-snippet:-1","max-image-preview":"max-image-preview:large","max-video-preview":"max-video-preview:-1"},"canonical":"https:\/\/haberverkibris.com\/index.php\/2026\/04\/27\/laptada-yarin-elektrik-kesintisi\/","og_locale":"tr_TR","og_type":"article","og_title":"Lapta\u2019da yar\u0131n elektrik kesintisi - Haber Ver K\u0131br\u0131s","og_description":"K\u0131br\u0131s T\u00fcrk Elektrik Kurumu (K\u0131b-Tek) Lapta\u2019da, Laptamar\u2019\u0131n do\u011fu ve g\u00fcneyine yar\u0131n 3 saat elektrik verilemeyece\u011fini duyurdu. K\u0131b-Tek\u2019ten yap\u0131lan a\u00e7\u0131klamada, s\u00f6z konusu b\u00f6lgede orta gerilim hatt\u0131ndaki proje \u00e7al\u0131\u015fmas\u0131 nedeniyle 10.00 ile 13.00 saatleri aras\u0131nda kesinti yap\u0131laca\u011f\u0131 kaydedildi.","og_url":"https:\/\/haberverkibris.com\/index.php\/2026\/04\/27\/laptada-yarin-elektrik-kesintisi\/","og_site_name":"Haber Ver K\u0131br\u0131s","article_publisher":"https:\/\/www.facebook.com\/kuzeyinsesii","article_published_time":"2026-04-27T11:37:34+00:00","article_modified_time":"2026-04-27T11:37:48+00:00","og_image":[{"width":620,"height":310,"url":"https:\/\/haberverkibris.com\/wp-content\/uploads\/2026\/04\/elektrik-kesintisi-2.jpg","type":"image\/jpeg"}],"author":"Haberver K\u0131br\u0131s","twitter_card":"summary_large_image","twitter_creator":"@kuzeyinsesii","twitter_site":"@kuzeyinsesii","twitter_misc":{"Yazan:":"Haberver K\u0131br\u0131s"},"schema":{"@context":"https:\/\/schema.org","@graph":[{"@type":"Article","@id":"https:\/\/haberverkibris.com\/index.php\/2026\/04\/27\/laptada-yarin-elektrik-kesintisi\/#article","isPartOf":{"@id":"https:\/\/haberverkibris.com\/index.php\/2026\/04\/27\/laptada-yarin-elektrik-kesintisi\/"},"author":{"name":"Haberver K\u0131br\u0131s","@id":"https:\/\/haberverkibris.com\/#\/schema\/person\/29d65381ed43765483b5a185ded66a56"},"headline":"Lapta\u2019da yar\u0131n elektrik kesintisi","datePublished":"2026-04-27T11:37:34+00:00","dateModified":"2026-04-27T11:37:48+00:00","mainEntityOfPage":{"@id":"https:\/\/haberverkibris.com\/index.php\/2026\/04\/27\/laptada-yarin-elektrik-kesintisi\/"},"wordCount":59,"commentCount":0,"image":{"@id":"https:\/\/haberverkibris.com\/index.php\/2026\/04\/27\/laptada-yarin-elektrik-kesintisi\/#primaryimage"},"thumbnailUrl":"https:\/\/haberverkibris.com\/wp-content\/uploads\/2026\/04\/elektrik-kesintisi-2.jpg","articleSection":["K\u0131br\u0131s"],"inLanguage":"tr","potentialAction":[{"@type":"CommentAction","name":"Comment","target":["https:\/\/haberverkibris.com\/index.php\/2026\/04\/27\/laptada-yarin-elektrik-kesintisi\/#respond"]}]},{"@type":"WebPage","@id":"https:\/\/haberverkibris.com\/index.php\/2026\/04\/27\/laptada-yarin-elektrik-kesintisi\/","url":"https:\/\/haberverkibris.com\/index.php\/2026\/04\/27\/laptada-yarin-elektrik-kesintisi\/","name":"Lapta\u2019da yar\u0131n elektrik kesintisi - Haber Ver K\u0131br\u0131s","isPartOf":{"@id":"https:\/\/haberverkibris.com\/#website"},"primaryImageOfPage":{"@id":"https:\/\/haberverkibris.com\/index.php\/2026\/04\/27\/laptada-yarin-elektrik-kesintisi\/#primaryimage"},"image":{"@id":"https:\/\/haberverkibris.com\/index.php\/2026\/04\/27\/laptada-yarin-elektrik-kesintisi\/#primaryimage"},"thumbnailUrl":"https:\/\/haberverkibris.com\/wp-content\/uploads\/2026\/04\/elektrik-kesintisi-2.jpg","datePublished":"2026-04-27T11:37:34+00:00","dateModified":"2026-04-27T11:37:48+00:00","author":{"@id":"https:\/\/haberverkibris.com\/#\/schema\/person\/29d65381ed43765483b5a185ded66a56"},"breadcrumb":{"@id":"https:\/\/haberverkibris.com\/index.php\/2026\/04\/27\/laptada-yarin-elektrik-kesintisi\/#breadcrumb"},"inLanguage":"tr","potentialAction":[{"@type":"ReadAction","target":["https:\/\/haberverkibris.com\/index.php\/2026\/04\/27\/laptada-yarin-elektrik-kesintisi\/"]}]},{"@type":"ImageObject","inLanguage":"tr","@id":"https:\/\/haberverkibris.com\/index.php\/2026\/04\/27\/laptada-yarin-elektrik-kesintisi\/#primaryimage","url":"https:\/\/haberverkibris.com\/wp-content\/uploads\/2026\/04\/elektrik-kesintisi-2.jpg","contentUrl":"https:\/\/haberverkibris.com\/wp-content\/uploads\/2026\/04\/elektrik-kesintisi-2.jpg","width":620,"height":310},{"@type":"BreadcrumbList","@id":"https:\/\/haberverkibris.com\/index.php\/2026\/04\/27\/laptada-yarin-elektrik-kesintisi\/#breadcrumb","itemListElement":[{"@type":"ListItem","position":1,"name":"Anasayfa","item":"https:\/\/haberverkibris.com\/"},{"@type":"ListItem","position":2,"name":"Lapta\u2019da yar\u0131n elektrik kesintisi"}]},{"@type":"WebSite","@id":"https:\/\/haberverkibris.com\/#website","url":"https:\/\/haberverkibris.com\/","name":"Kuzeyin Sesi","description":"Do\u011fru Haberin Adresi","potentialAction":[{"@type":"SearchAction","target":{"@type":"EntryPoint","urlTemplate":"https:\/\/haberverkibris.com\/?s={search_term_string}"},"query-input":{"@type":"PropertyValueSpecification","valueRequired":true,"valueName":"search_term_string"}}],"inLanguage":"tr"},{"@type":"Person","@id":"https:\/\/haberverkibris.com\/#\/schema\/person\/29d65381ed43765483b5a185ded66a56","name":"Haberver K\u0131br\u0131s","image":{"@type":"ImageObject","inLanguage":"tr","@id":"https:\/\/secure.gravatar.com\/avatar\/bab33852abfd8b282518d6ed81826833d77c3c882d9ab608add591ccace47a44?s=96&d=mm&r=g","url":"https:\/\/secure.gravatar.com\/avatar\/bab33852abfd8b282518d6ed81826833d77c3c882d9ab608add591ccace47a44?s=96&d=mm&r=g","contentUrl":"https:\/\/secure.gravatar.com\/avatar\/bab33852abfd8b282518d6ed81826833d77c3c882d9ab608add591ccace47a44?s=96&d=mm&r=g","caption":"Haberver K\u0131br\u0131s"},"sameAs":["https:\/\/haberverkibris.com"],"url":"https:\/\/haberverkibris.com\/index.php\/author\/guven\/"}]}},"_links":{"self":[{"href":"https:\/\/haberverkibris.com\/index.php\/wp-json\/wp\/v2\/posts\/34143","targetHints":{"allow":["GET"]}}],"collection":[{"href":"https:\/\/haberverkibris.com\/index.php\/wp-json\/wp\/v2\/posts"}],"about":[{"href":"https:\/\/haberverkibris.com\/index.php\/wp-json\/wp\/v2\/types\/post"}],"author":[{"embeddable":true,"href":"https:\/\/haberverkibris.com\/index.php\/wp-json\/wp\/v2\/users\/1"}],"replies":[{"embeddable":true,"href":"https:\/\/haberverkibris.com\/index.php\/wp-json\/wp\/v2\/comments?post=34143"}],"version-history":[{"count":1,"href":"https:\/\/haberverkibris.com\/index.php\/wp-json\/wp\/v2\/posts\/34143\/revisions"}],"predecessor-version":[{"id":34145,"href":"https:\/\/haberverkibris.com\/index.php\/wp-json\/wp\/v2\/posts\/34143\/revisions\/34145"}],"wp:featuredmedia":[{"embeddable":true,"href":"https:\/\/haberverkibris.com\/index.php\/wp-json\/wp\/v2\/media\/34144"}],"wp:attachment":[{"href":"https:\/\/haberverkibris.com\/index.php\/wp-json\/wp\/v2\/media?parent=34143"}],"wp:term":[{"taxonomy":"category","embeddable":true,"href":"https:\/\/haberverkibris.com\/index.php\/wp-json\/wp\/v2\/categories?post=34143"},{"taxonomy":"post_tag","embeddable":true,"href":"https:\/\/haberverkibris.com\/index.php\/wp-json\/wp\/v2\/tags?post=34143"}],"curies":[{"name":"wp","href":"https:\/\/api.w.org\/{rel}","templated":true}]}}