{"id":34141,"date":"2026-04-27T14:23:26","date_gmt":"2026-04-27T11:23:26","guid":{"rendered":"https:\/\/haberverkibris.com\/index.php\/2026\/04\/27\/rusya-almanyaya-protesto-notasi-verdi\/"},"modified":"2026-04-27T14:23:26","modified_gmt":"2026-04-27T11:23:26","slug":"rusya-almanyaya-protesto-notasi-verdi","status":"publish","type":"post","link":"https:\/\/haberverkibris.com\/index.php\/2026\/04\/27\/rusya-almanyaya-protesto-notasi-verdi\/","title":{"rendered":"Rusya, Almanya&#8217;ya protesto notas\u0131 verdi"},"content":{"rendered":"<p><\/p>\n<div>\n<p>&#13;<br \/>\n\tBakanl\u0131ktan yap\u0131lan a\u00e7\u0131klamada, daha \u00f6nce Ukrayna Devlet Ba\u015fkan\u0131 Volodimir Zelenskiy&#8217;nin y\u00f6netiminin deste\u011fiyle ba\u015fkent Kiev&#8217;de Almanya Federal Meclisi \u00dcyesi Kiesewetter&#8217;in Rusya&#8217;da ter\u00f6r listesine al\u0131nan &#8220;\u0130\u00e7kerya \u00c7e\u00e7en Cumhuriyeti&#8221; Organizasyonu Ba\u015fkan\u0131 Zakayev ile g\u00f6r\u00fc\u015ft\u00fc\u011f\u00fc an\u0131msat\u0131ld\u0131.<\/p>\n<p>&#13;<br \/>\n\tS\u00f6z konusu organizasyon \u00fcyelerinin Rus topraklar\u0131na sabotaj eylemlerinde bulundu\u011fu ileri s\u00fcr\u00fclen a\u00e7\u0131klamada, bu nedenle Almanya&#8217;n\u0131n Moskova B\u00fcy\u00fckel\u00e7isi Alexander Graf Lambsdorff&#8217;un bakanl\u0131\u011fa \u00e7a\u011fr\u0131ld\u0131\u011f\u0131 kaydedildi.<\/p>\n<p>&#13;<br \/>\n\tA\u00e7\u0131klamada, &#8220;B\u00fcy\u00fckel\u00e7iye bu g\u00f6r\u00fc\u015fmeden dolay\u0131 protesto notas\u0131 verildi. Moskova, bu g\u00f6r\u00fc\u015fmeyi Almanya y\u00f6netiminin, Rusya&#8217;n\u0131n i\u00e7i\u015flerine m\u00fcdahalesi ve ulusal g\u00fcvenli\u011fine tehdidi olarak de\u011ferlendiriyor. Alman taraf\u0131, bu t\u00fcr eylemlerin sonu\u00e7lar\u0131 olaca\u011f\u0131 konusunda uyar\u0131ld\u0131. Rusya&#8217;ya y\u00f6nelik d\u00fc\u015fmanca ad\u0131mlar ka\u00e7\u0131n\u0131lmaz olarak kar\u015f\u0131l\u0131k bulacak.&#8221; ifadeleri kullan\u0131ld\u0131.<\/p>\n<p>&#13;<br \/>\n\t&#8220;\u0130\u00e7kerya \u00c7e\u00e7en Cumhuriyeti&#8221; Organizasyonu, ge\u00e7en hafta, Rusya&#8217;da yasaklanan ter\u00f6r ve a\u015f\u0131r\u0131l\u0131k\u00e7\u0131 \u00f6rg\u00fctler listesine dahil edilmi\u015fti.<\/p>\n<\/p><\/div>\n","protected":false},"excerpt":{"rendered":"<p>&#13; Bakanl\u0131ktan yap\u0131lan a\u00e7\u0131klamada, daha \u00f6nce Ukrayna Devlet Ba\u015fkan\u0131 Volodimir Zelenskiy&#8217;nin y\u00f6netiminin deste\u011fiyle ba\u015fkent Kiev&#8217;de Almanya Federal Meclisi \u00dcyesi Kiesewetter&#8217;in Rusya&#8217;da ter\u00f6r listesine al\u0131nan &#8220;\u0130\u00e7kerya \u00c7e\u00e7en Cumhuriyeti&#8221; Organizasyonu Ba\u015fkan\u0131 Zakayev ile g\u00f6r\u00fc\u015ft\u00fc\u011f\u00fc an\u0131msat\u0131ld\u0131. &#13; S\u00f6z konusu organizasyon \u00fcyelerinin Rus topraklar\u0131na sabotaj eylemlerinde bulundu\u011fu ileri s\u00fcr\u00fclen a\u00e7\u0131klamada, bu nedenle Almanya&#8217;n\u0131n Moskova B\u00fcy\u00fckel\u00e7isi Alexander Graf Lambsdorff&#8217;un bakanl\u0131\u011fa [&hellip;]<\/p>\n","protected":false},"author":1,"featured_media":34142,"comment_status":"open","ping_status":"open","sticky":false,"template":"","format":"standard","meta":{"jnews-multi-image_gallery":[],"jnews_single_post":[],"jnews_primary_category":[],"jnews_social_meta":[],"jnews_override_counter":[],"footnotes":""},"categories":[2],"tags":[],"class_list":["post-34141","post","type-post","status-publish","format-standard","has-post-thumbnail","hentry","category-dunya"],"yoast_head":"<!-- This site is optimized with the Yoast SEO plugin v27.4 - https:\/\/yoast.com\/product\/yoast-seo-wordpress\/ -->\n<title>Rusya, Almanya&#039;ya protesto notas\u0131 verdi - Haber Ver K\u0131br\u0131s<\/title>\n<meta name=\"robots\" content=\"index, follow, max-snippet:-1, max-image-preview:large, max-video-preview:-1\" \/>\n<link rel=\"canonical\" href=\"https:\/\/haberverkibris.com\/index.php\/2026\/04\/27\/rusya-almanyaya-protesto-notasi-verdi\/\" \/>\n<meta property=\"og:locale\" content=\"tr_TR\" \/>\n<meta property=\"og:type\" content=\"article\" \/>\n<meta property=\"og:title\" content=\"Rusya, Almanya&#039;ya protesto notas\u0131 verdi - Haber Ver K\u0131br\u0131s\" \/>\n<meta property=\"og:description\" content=\"&#013; Bakanl\u0131ktan yap\u0131lan a\u00e7\u0131klamada, daha \u00f6nce Ukrayna Devlet Ba\u015fkan\u0131 Volodimir Zelenskiy&#8217;nin y\u00f6netiminin deste\u011fiyle ba\u015fkent Kiev&#8217;de Almanya Federal Meclisi \u00dcyesi Kiesewetter&#8217;in Rusya&#8217;da ter\u00f6r listesine al\u0131nan &#8220;\u0130\u00e7kerya \u00c7e\u00e7en Cumhuriyeti&#8221; Organizasyonu Ba\u015fkan\u0131 Zakayev ile g\u00f6r\u00fc\u015ft\u00fc\u011f\u00fc an\u0131msat\u0131ld\u0131. &#013; S\u00f6z konusu organizasyon \u00fcyelerinin Rus topraklar\u0131na sabotaj eylemlerinde bulundu\u011fu ileri s\u00fcr\u00fclen a\u00e7\u0131klamada, bu nedenle Almanya&#8217;n\u0131n Moskova B\u00fcy\u00fckel\u00e7isi Alexander Graf Lambsdorff&#8217;un bakanl\u0131\u011fa [&hellip;]\" \/>\n<meta property=\"og:url\" content=\"https:\/\/haberverkibris.com\/index.php\/2026\/04\/27\/rusya-almanyaya-protesto-notasi-verdi\/\" \/>\n<meta property=\"og:site_name\" content=\"Haber Ver K\u0131br\u0131s\" \/>\n<meta property=\"article:publisher\" content=\"https:\/\/www.facebook.com\/kuzeyinsesii\" \/>\n<meta property=\"article:published_time\" content=\"2026-04-27T11:23:26+00:00\" \/>\n<meta property=\"og:image\" content=\"https:\/\/trthaberstatic.cdn.wp.trt.com.tr\/resimler\/1722000\/rusya-almanya-getty-1722899.jpg\" \/>\n<meta name=\"author\" content=\"Haberver K\u0131br\u0131s\" \/>\n<meta name=\"twitter:card\" content=\"summary_large_image\" \/>\n<meta name=\"twitter:creator\" content=\"@kuzeyinsesii\" \/>\n<meta name=\"twitter:site\" content=\"@kuzeyinsesii\" \/>\n<meta name=\"twitter:label1\" content=\"Yazan:\" \/>\n\t<meta name=\"twitter:data1\" content=\"Haberver K\u0131br\u0131s\" \/>\n\t<meta name=\"twitter:label2\" content=\"Tahmini okuma s\u00fcresi\" \/>\n\t<meta name=\"twitter:data2\" content=\"1 dakika\" \/>\n<script type=\"application\/ld+json\" class=\"yoast-schema-graph\">{\"@context\":\"https:\\\/\\\/schema.org\",\"@graph\":[{\"@type\":\"Article\",\"@id\":\"https:\\\/\\\/haberverkibris.com\\\/index.php\\\/2026\\\/04\\\/27\\\/rusya-almanyaya-protesto-notasi-verdi\\\/#article\",\"isPartOf\":{\"@id\":\"https:\\\/\\\/haberverkibris.com\\\/index.php\\\/2026\\\/04\\\/27\\\/rusya-almanyaya-protesto-notasi-verdi\\\/\"},\"author\":{\"name\":\"Haberver K\u0131br\u0131s\",\"@id\":\"https:\\\/\\\/haberverkibris.com\\\/#\\\/schema\\\/person\\\/29d65381ed43765483b5a185ded66a56\"},\"headline\":\"Rusya, Almanya&#8217;ya protesto notas\u0131 verdi\",\"datePublished\":\"2026-04-27T11:23:26+00:00\",\"mainEntityOfPage\":{\"@id\":\"https:\\\/\\\/haberverkibris.com\\\/index.php\\\/2026\\\/04\\\/27\\\/rusya-almanyaya-protesto-notasi-verdi\\\/\"},\"wordCount\":189,\"commentCount\":0,\"image\":{\"@id\":\"https:\\\/\\\/haberverkibris.com\\\/index.php\\\/2026\\\/04\\\/27\\\/rusya-almanyaya-protesto-notasi-verdi\\\/#primaryimage\"},\"thumbnailUrl\":\"https:\\\/\\\/haberverkibris.com\\\/wp-content\\\/uploads\\\/2026\\\/04\\\/rusya-almanya-getty-1722899.jpg\",\"articleSection\":[\"D\u00fcnya\"],\"inLanguage\":\"tr\",\"potentialAction\":[{\"@type\":\"CommentAction\",\"name\":\"Comment\",\"target\":[\"https:\\\/\\\/haberverkibris.com\\\/index.php\\\/2026\\\/04\\\/27\\\/rusya-almanyaya-protesto-notasi-verdi\\\/#respond\"]}]},{\"@type\":\"WebPage\",\"@id\":\"https:\\\/\\\/haberverkibris.com\\\/index.php\\\/2026\\\/04\\\/27\\\/rusya-almanyaya-protesto-notasi-verdi\\\/\",\"url\":\"https:\\\/\\\/haberverkibris.com\\\/index.php\\\/2026\\\/04\\\/27\\\/rusya-almanyaya-protesto-notasi-verdi\\\/\",\"name\":\"Rusya, Almanya'ya protesto notas\u0131 verdi - Haber Ver K\u0131br\u0131s\",\"isPartOf\":{\"@id\":\"https:\\\/\\\/haberverkibris.com\\\/#website\"},\"primaryImageOfPage\":{\"@id\":\"https:\\\/\\\/haberverkibris.com\\\/index.php\\\/2026\\\/04\\\/27\\\/rusya-almanyaya-protesto-notasi-verdi\\\/#primaryimage\"},\"image\":{\"@id\":\"https:\\\/\\\/haberverkibris.com\\\/index.php\\\/2026\\\/04\\\/27\\\/rusya-almanyaya-protesto-notasi-verdi\\\/#primaryimage\"},\"thumbnailUrl\":\"https:\\\/\\\/haberverkibris.com\\\/wp-content\\\/uploads\\\/2026\\\/04\\\/rusya-almanya-getty-1722899.jpg\",\"datePublished\":\"2026-04-27T11:23:26+00:00\",\"author\":{\"@id\":\"https:\\\/\\\/haberverkibris.com\\\/#\\\/schema\\\/person\\\/29d65381ed43765483b5a185ded66a56\"},\"breadcrumb\":{\"@id\":\"https:\\\/\\\/haberverkibris.com\\\/index.php\\\/2026\\\/04\\\/27\\\/rusya-almanyaya-protesto-notasi-verdi\\\/#breadcrumb\"},\"inLanguage\":\"tr\",\"potentialAction\":[{\"@type\":\"ReadAction\",\"target\":[\"https:\\\/\\\/haberverkibris.com\\\/index.php\\\/2026\\\/04\\\/27\\\/rusya-almanyaya-protesto-notasi-verdi\\\/\"]}]},{\"@type\":\"ImageObject\",\"inLanguage\":\"tr\",\"@id\":\"https:\\\/\\\/haberverkibris.com\\\/index.php\\\/2026\\\/04\\\/27\\\/rusya-almanyaya-protesto-notasi-verdi\\\/#primaryimage\",\"url\":\"https:\\\/\\\/haberverkibris.com\\\/wp-content\\\/uploads\\\/2026\\\/04\\\/rusya-almanya-getty-1722899.jpg\",\"contentUrl\":\"https:\\\/\\\/haberverkibris.com\\\/wp-content\\\/uploads\\\/2026\\\/04\\\/rusya-almanya-getty-1722899.jpg\",\"width\":1280,\"height\":720},{\"@type\":\"BreadcrumbList\",\"@id\":\"https:\\\/\\\/haberverkibris.com\\\/index.php\\\/2026\\\/04\\\/27\\\/rusya-almanyaya-protesto-notasi-verdi\\\/#breadcrumb\",\"itemListElement\":[{\"@type\":\"ListItem\",\"position\":1,\"name\":\"Anasayfa\",\"item\":\"https:\\\/\\\/haberverkibris.com\\\/\"},{\"@type\":\"ListItem\",\"position\":2,\"name\":\"Rusya, Almanya&#8217;ya protesto notas\u0131 verdi\"}]},{\"@type\":\"WebSite\",\"@id\":\"https:\\\/\\\/haberverkibris.com\\\/#website\",\"url\":\"https:\\\/\\\/haberverkibris.com\\\/\",\"name\":\"Kuzeyin Sesi\",\"description\":\"Do\u011fru Haberin Adresi\",\"potentialAction\":[{\"@type\":\"SearchAction\",\"target\":{\"@type\":\"EntryPoint\",\"urlTemplate\":\"https:\\\/\\\/haberverkibris.com\\\/?s={search_term_string}\"},\"query-input\":{\"@type\":\"PropertyValueSpecification\",\"valueRequired\":true,\"valueName\":\"search_term_string\"}}],\"inLanguage\":\"tr\"},{\"@type\":\"Person\",\"@id\":\"https:\\\/\\\/haberverkibris.com\\\/#\\\/schema\\\/person\\\/29d65381ed43765483b5a185ded66a56\",\"name\":\"Haberver K\u0131br\u0131s\",\"image\":{\"@type\":\"ImageObject\",\"inLanguage\":\"tr\",\"@id\":\"https:\\\/\\\/secure.gravatar.com\\\/avatar\\\/bab33852abfd8b282518d6ed81826833d77c3c882d9ab608add591ccace47a44?s=96&d=mm&r=g\",\"url\":\"https:\\\/\\\/secure.gravatar.com\\\/avatar\\\/bab33852abfd8b282518d6ed81826833d77c3c882d9ab608add591ccace47a44?s=96&d=mm&r=g\",\"contentUrl\":\"https:\\\/\\\/secure.gravatar.com\\\/avatar\\\/bab33852abfd8b282518d6ed81826833d77c3c882d9ab608add591ccace47a44?s=96&d=mm&r=g\",\"caption\":\"Haberver K\u0131br\u0131s\"},\"sameAs\":[\"https:\\\/\\\/haberverkibris.com\"],\"url\":\"https:\\\/\\\/haberverkibris.com\\\/index.php\\\/author\\\/guven\\\/\"}]}<\/script>\n<!-- \/ Yoast SEO plugin. -->","yoast_head_json":{"title":"Rusya, Almanya'ya protesto notas\u0131 verdi - Haber Ver K\u0131br\u0131s","robots":{"index":"index","follow":"follow","max-snippet":"max-snippet:-1","max-image-preview":"max-image-preview:large","max-video-preview":"max-video-preview:-1"},"canonical":"https:\/\/haberverkibris.com\/index.php\/2026\/04\/27\/rusya-almanyaya-protesto-notasi-verdi\/","og_locale":"tr_TR","og_type":"article","og_title":"Rusya, Almanya'ya protesto notas\u0131 verdi - Haber Ver K\u0131br\u0131s","og_description":"&#13; Bakanl\u0131ktan yap\u0131lan a\u00e7\u0131klamada, daha \u00f6nce Ukrayna Devlet Ba\u015fkan\u0131 Volodimir Zelenskiy&#8217;nin y\u00f6netiminin deste\u011fiyle ba\u015fkent Kiev&#8217;de Almanya Federal Meclisi \u00dcyesi Kiesewetter&#8217;in Rusya&#8217;da ter\u00f6r listesine al\u0131nan &#8220;\u0130\u00e7kerya \u00c7e\u00e7en Cumhuriyeti&#8221; Organizasyonu Ba\u015fkan\u0131 Zakayev ile g\u00f6r\u00fc\u015ft\u00fc\u011f\u00fc an\u0131msat\u0131ld\u0131. &#13; S\u00f6z konusu organizasyon \u00fcyelerinin Rus topraklar\u0131na sabotaj eylemlerinde bulundu\u011fu ileri s\u00fcr\u00fclen a\u00e7\u0131klamada, bu nedenle Almanya&#8217;n\u0131n Moskova B\u00fcy\u00fckel\u00e7isi Alexander Graf Lambsdorff&#8217;un bakanl\u0131\u011fa [&hellip;]","og_url":"https:\/\/haberverkibris.com\/index.php\/2026\/04\/27\/rusya-almanyaya-protesto-notasi-verdi\/","og_site_name":"Haber Ver K\u0131br\u0131s","article_publisher":"https:\/\/www.facebook.com\/kuzeyinsesii","article_published_time":"2026-04-27T11:23:26+00:00","og_image":[{"url":"https:\/\/trthaberstatic.cdn.wp.trt.com.tr\/resimler\/1722000\/rusya-almanya-getty-1722899.jpg","type":"","width":"","height":""}],"author":"Haberver K\u0131br\u0131s","twitter_card":"summary_large_image","twitter_creator":"@kuzeyinsesii","twitter_site":"@kuzeyinsesii","twitter_misc":{"Yazan:":"Haberver K\u0131br\u0131s","Tahmini okuma s\u00fcresi":"1 dakika"},"schema":{"@context":"https:\/\/schema.org","@graph":[{"@type":"Article","@id":"https:\/\/haberverkibris.com\/index.php\/2026\/04\/27\/rusya-almanyaya-protesto-notasi-verdi\/#article","isPartOf":{"@id":"https:\/\/haberverkibris.com\/index.php\/2026\/04\/27\/rusya-almanyaya-protesto-notasi-verdi\/"},"author":{"name":"Haberver K\u0131br\u0131s","@id":"https:\/\/haberverkibris.com\/#\/schema\/person\/29d65381ed43765483b5a185ded66a56"},"headline":"Rusya, Almanya&#8217;ya protesto notas\u0131 verdi","datePublished":"2026-04-27T11:23:26+00:00","mainEntityOfPage":{"@id":"https:\/\/haberverkibris.com\/index.php\/2026\/04\/27\/rusya-almanyaya-protesto-notasi-verdi\/"},"wordCount":189,"commentCount":0,"image":{"@id":"https:\/\/haberverkibris.com\/index.php\/2026\/04\/27\/rusya-almanyaya-protesto-notasi-verdi\/#primaryimage"},"thumbnailUrl":"https:\/\/haberverkibris.com\/wp-content\/uploads\/2026\/04\/rusya-almanya-getty-1722899.jpg","articleSection":["D\u00fcnya"],"inLanguage":"tr","potentialAction":[{"@type":"CommentAction","name":"Comment","target":["https:\/\/haberverkibris.com\/index.php\/2026\/04\/27\/rusya-almanyaya-protesto-notasi-verdi\/#respond"]}]},{"@type":"WebPage","@id":"https:\/\/haberverkibris.com\/index.php\/2026\/04\/27\/rusya-almanyaya-protesto-notasi-verdi\/","url":"https:\/\/haberverkibris.com\/index.php\/2026\/04\/27\/rusya-almanyaya-protesto-notasi-verdi\/","name":"Rusya, Almanya'ya protesto notas\u0131 verdi - Haber Ver K\u0131br\u0131s","isPartOf":{"@id":"https:\/\/haberverkibris.com\/#website"},"primaryImageOfPage":{"@id":"https:\/\/haberverkibris.com\/index.php\/2026\/04\/27\/rusya-almanyaya-protesto-notasi-verdi\/#primaryimage"},"image":{"@id":"https:\/\/haberverkibris.com\/index.php\/2026\/04\/27\/rusya-almanyaya-protesto-notasi-verdi\/#primaryimage"},"thumbnailUrl":"https:\/\/haberverkibris.com\/wp-content\/uploads\/2026\/04\/rusya-almanya-getty-1722899.jpg","datePublished":"2026-04-27T11:23:26+00:00","author":{"@id":"https:\/\/haberverkibris.com\/#\/schema\/person\/29d65381ed43765483b5a185ded66a56"},"breadcrumb":{"@id":"https:\/\/haberverkibris.com\/index.php\/2026\/04\/27\/rusya-almanyaya-protesto-notasi-verdi\/#breadcrumb"},"inLanguage":"tr","potentialAction":[{"@type":"ReadAction","target":["https:\/\/haberverkibris.com\/index.php\/2026\/04\/27\/rusya-almanyaya-protesto-notasi-verdi\/"]}]},{"@type":"ImageObject","inLanguage":"tr","@id":"https:\/\/haberverkibris.com\/index.php\/2026\/04\/27\/rusya-almanyaya-protesto-notasi-verdi\/#primaryimage","url":"https:\/\/haberverkibris.com\/wp-content\/uploads\/2026\/04\/rusya-almanya-getty-1722899.jpg","contentUrl":"https:\/\/haberverkibris.com\/wp-content\/uploads\/2026\/04\/rusya-almanya-getty-1722899.jpg","width":1280,"height":720},{"@type":"BreadcrumbList","@id":"https:\/\/haberverkibris.com\/index.php\/2026\/04\/27\/rusya-almanyaya-protesto-notasi-verdi\/#breadcrumb","itemListElement":[{"@type":"ListItem","position":1,"name":"Anasayfa","item":"https:\/\/haberverkibris.com\/"},{"@type":"ListItem","position":2,"name":"Rusya, Almanya&#8217;ya protesto notas\u0131 verdi"}]},{"@type":"WebSite","@id":"https:\/\/haberverkibris.com\/#website","url":"https:\/\/haberverkibris.com\/","name":"Kuzeyin Sesi","description":"Do\u011fru Haberin Adresi","potentialAction":[{"@type":"SearchAction","target":{"@type":"EntryPoint","urlTemplate":"https:\/\/haberverkibris.com\/?s={search_term_string}"},"query-input":{"@type":"PropertyValueSpecification","valueRequired":true,"valueName":"search_term_string"}}],"inLanguage":"tr"},{"@type":"Person","@id":"https:\/\/haberverkibris.com\/#\/schema\/person\/29d65381ed43765483b5a185ded66a56","name":"Haberver K\u0131br\u0131s","image":{"@type":"ImageObject","inLanguage":"tr","@id":"https:\/\/secure.gravatar.com\/avatar\/bab33852abfd8b282518d6ed81826833d77c3c882d9ab608add591ccace47a44?s=96&d=mm&r=g","url":"https:\/\/secure.gravatar.com\/avatar\/bab33852abfd8b282518d6ed81826833d77c3c882d9ab608add591ccace47a44?s=96&d=mm&r=g","contentUrl":"https:\/\/secure.gravatar.com\/avatar\/bab33852abfd8b282518d6ed81826833d77c3c882d9ab608add591ccace47a44?s=96&d=mm&r=g","caption":"Haberver K\u0131br\u0131s"},"sameAs":["https:\/\/haberverkibris.com"],"url":"https:\/\/haberverkibris.com\/index.php\/author\/guven\/"}]}},"_links":{"self":[{"href":"https:\/\/haberverkibris.com\/index.php\/wp-json\/wp\/v2\/posts\/34141","targetHints":{"allow":["GET"]}}],"collection":[{"href":"https:\/\/haberverkibris.com\/index.php\/wp-json\/wp\/v2\/posts"}],"about":[{"href":"https:\/\/haberverkibris.com\/index.php\/wp-json\/wp\/v2\/types\/post"}],"author":[{"embeddable":true,"href":"https:\/\/haberverkibris.com\/index.php\/wp-json\/wp\/v2\/users\/1"}],"replies":[{"embeddable":true,"href":"https:\/\/haberverkibris.com\/index.php\/wp-json\/wp\/v2\/comments?post=34141"}],"version-history":[{"count":0,"href":"https:\/\/haberverkibris.com\/index.php\/wp-json\/wp\/v2\/posts\/34141\/revisions"}],"wp:featuredmedia":[{"embeddable":true,"href":"https:\/\/haberverkibris.com\/index.php\/wp-json\/wp\/v2\/media\/34142"}],"wp:attachment":[{"href":"https:\/\/haberverkibris.com\/index.php\/wp-json\/wp\/v2\/media?parent=34141"}],"wp:term":[{"taxonomy":"category","embeddable":true,"href":"https:\/\/haberverkibris.com\/index.php\/wp-json\/wp\/v2\/categories?post=34141"},{"taxonomy":"post_tag","embeddable":true,"href":"https:\/\/haberverkibris.com\/index.php\/wp-json\/wp\/v2\/tags?post=34141"}],"curies":[{"name":"wp","href":"https:\/\/api.w.org\/{rel}","templated":true}]}}