{"id":34138,"date":"2026-04-27T13:55:48","date_gmt":"2026-04-27T10:55:48","guid":{"rendered":"https:\/\/haberverkibris.com\/index.php\/2026\/04\/27\/saglik-icin-birlikte-projesi-kapsaminda-aydinlatilmis-onam-konusunda-gorusmeler-yapildi\/"},"modified":"2026-04-27T13:56:02","modified_gmt":"2026-04-27T10:56:02","slug":"saglik-icin-birlikte-projesi-kapsaminda-aydinlatilmis-onam-konusunda-gorusmeler-yapildi","status":"publish","type":"post","link":"https:\/\/haberverkibris.com\/index.php\/2026\/04\/27\/saglik-icin-birlikte-projesi-kapsaminda-aydinlatilmis-onam-konusunda-gorusmeler-yapildi\/","title":{"rendered":"\u201cSa\u011fl\u0131k \u0130\u00e7in Birlikte\u201d projesi kapsam\u0131nda ayd\u0131nlat\u0131lm\u0131\u015f onam konusunda g\u00f6r\u00fc\u015fmeler yap\u0131ld\u0131"},"content":{"rendered":"<p style=\"font-weight: 300\"><span style=\"font-weight: 300 !important\">Evrensel Hasta Haklar\u0131 Derne\u011fi taraf\u0131ndan y\u00fcr\u00fct\u00fclen, e\u015f y\u00fcr\u00fct\u00fcc\u00fcl\u00fc\u011f\u00fcn\u00fc K\u0131br\u0131s T\u00fcrk Tabipleri Birli\u011fi\u2019nin \u00fcstlendi\u011fi \u201cSa\u011fl\u0131k \u0130\u00e7in Birlikte\u201d projesi kapsam\u0131nda ayd\u0131nlat\u0131lm\u0131\u015f onam konusunda g\u00f6r\u00fc\u015fmeler yap\u0131ld\u0131.<\/span><\/p>\n<p style=\"font-weight: 300\"><span style=\"font-weight: 300 !important\">Evrensel Hasta Haklar\u0131 Derne\u011fi\u2019nden verilen bilgiye g\u00f6re, t\u0131p hukuku ve etik alan\u0131nda uzman Prof. Dr. G\u00fcrkan Sert ile birlikte, K\u0131br\u0131s T\u00fcrk Tabipleri Birli\u011fi temsilcileri ve K\u0131br\u0131s T\u00fcrk Barolar Birli\u011fi \u0130nsan Haklar\u0131 Komitesi \u00fcyelerinin kat\u0131l\u0131m\u0131yla toplant\u0131lar d\u00fczenlendi.<\/span><\/p>\n<p style=\"font-weight: 300\"><span style=\"font-weight: 300 !important\">G\u00f6r\u00fc\u015fmelerde, Kuzey K\u0131br\u0131s\u2019ta sa\u011fl\u0131k hizmetlerinin sunumu s\u0131ras\u0131nda ayd\u0131nlat\u0131lm\u0131\u015f onam s\u00fcre\u00e7lerine ili\u015fkin mevcut uygulamalar, kar\u015f\u0131la\u015f\u0131lan g\u00fc\u00e7l\u00fckler ve geli\u015ftirme alanlar\u0131 ele al\u0131nd\u0131.<\/span><\/p>\n<p style=\"font-weight: 300\"><span style=\"font-weight: 300 !important\">Toplant\u0131larda, \u201cayd\u0131nlat\u0131lm\u0131\u015f onam\u0131n yaln\u0131zca bir imza s\u00fcreci de\u011fil, etkin bir bilgilendirme ve ileti\u015fim s\u00fcreci olarak ele al\u0131nmas\u0131 gereklili\u011fi, sa\u011fl\u0131k hizmeti sunumunda standart uygulamalar\u0131n eksikli\u011fi, hasta ile sa\u011fl\u0131k \u00e7al\u0131\u015fan\u0131 aras\u0131ndaki ileti\u015fimin g\u00fc\u00e7lendirilmesinin \u00f6nemi, cerrahi ve acil durumlar gibi karma\u015f\u0131k s\u00fcre\u00e7lerde onam\u0131n kapsam\u0131na ili\u015fkin belirsizlikler, ki\u015fisel verilerin korunmas\u0131 ve hasta mahremiyetine ili\u015fkin hassasiyetler\u201d \u00f6ne \u00e7\u0131kan ba\u015fl\u0131klar aras\u0131nda yer ald\u0131.<\/span><\/p>\n<p style=\"font-weight: 300\"><span style=\"font-weight: 300 !important\">Uzman g\u00f6r\u00fc\u015fmelerinde ayr\u0131ca, ayd\u0131nlat\u0131lm\u0131\u015f onam\u0131n hem hasta haklar\u0131n\u0131n korunmas\u0131 hem de sa\u011fl\u0131k \u00e7al\u0131\u015fanlar\u0131n\u0131n mesleki g\u00fcvencesi a\u00e7\u0131s\u0131ndan \u00f6nemli bir ara\u00e7 oldu\u011fu kaydedilerek, bu \u00e7er\u00e7evede, s\u00fcre\u00e7lerin geli\u015ftirilmesine y\u00f6nelik yakla\u015f\u0131m\u0131n su\u00e7lay\u0131c\u0131 de\u011fil, destekleyici ve \u00e7\u00f6z\u00fcm odakl\u0131 olmas\u0131 gerekti\u011fi ifade edildi.<\/span><\/p>\n<p style=\"font-weight: 300\"><span style=\"font-weight: 300 !important\">Toplant\u0131lar sonucunda proje kapsam\u0131nda y\u00fcr\u00fct\u00fclecek \u00e7al\u0131\u015fmalar\u0131n, \u201csa\u011fl\u0131k profesyonelleri ve hukuk\u00e7ular\u0131n birlikte yer alaca\u011f\u0131 vaka temelli at\u00f6lye \u00e7al\u0131\u015fmalar\u0131, ayd\u0131nlat\u0131lm\u0131\u015f onam s\u00fcre\u00e7lerine ili\u015fkin pratik ve anla\u015f\u0131l\u0131r bilgilendirme materyalleri ve sa\u011fl\u0131k sisteminde uygulanabilirli\u011fi y\u00fcksek standartlara y\u00f6nelik \u00f6neriler\u201d \u00fczerine odaklanaca\u011f\u0131 belirtildi.<\/span><\/p>\n<p style=\"font-weight: 300\"><span style=\"font-weight: 300 !important\">Hasta haklar\u0131 ihlallerinin azalt\u0131lmas\u0131, sa\u011fl\u0131k alan\u0131nda sivil toplum diyalo\u011funun g\u00fc\u00e7lendirilmesi ve hak temelli sa\u011fl\u0131k hizmetlerinin yayg\u0131nla\u015ft\u0131r\u0131lmas\u0131 amac\u0131yla s\u00fcrd\u00fcr\u00fclen proje, K\u0131br\u0131s T\u00fcrk toplumuna y\u00f6nelik AB Mali Yard\u0131m Program\u0131 kapsa<\/span><\/p>\n","protected":false},"excerpt":{"rendered":"<p>Evrensel Hasta Haklar\u0131 Derne\u011fi taraf\u0131ndan y\u00fcr\u00fct\u00fclen, e\u015f y\u00fcr\u00fct\u00fcc\u00fcl\u00fc\u011f\u00fcn\u00fc K\u0131br\u0131s T\u00fcrk Tabipleri Birli\u011fi\u2019nin \u00fcstlendi\u011fi \u201cSa\u011fl\u0131k \u0130\u00e7in Birlikte\u201d projesi kapsam\u0131nda ayd\u0131nlat\u0131lm\u0131\u015f onam konusunda g\u00f6r\u00fc\u015fmeler yap\u0131ld\u0131. Evrensel Hasta Haklar\u0131 Derne\u011fi\u2019nden verilen bilgiye g\u00f6re, t\u0131p hukuku ve etik alan\u0131nda uzman Prof. Dr. G\u00fcrkan Sert ile birlikte, K\u0131br\u0131s T\u00fcrk Tabipleri Birli\u011fi temsilcileri ve K\u0131br\u0131s T\u00fcrk Barolar Birli\u011fi \u0130nsan Haklar\u0131 Komitesi [&hellip;]<\/p>\n","protected":false},"author":1,"featured_media":34139,"comment_status":"open","ping_status":"open","sticky":false,"template":"","format":"standard","meta":{"jnews-multi-image_gallery":[],"jnews_single_post":[],"jnews_primary_category":[],"jnews_social_meta":[],"jnews_override_counter":[],"footnotes":""},"categories":[1],"tags":[],"class_list":["post-34138","post","type-post","status-publish","format-standard","has-post-thumbnail","hentry","category-kibris"],"yoast_head":"<!-- This site is optimized with the Yoast SEO plugin v27.4 - https:\/\/yoast.com\/product\/yoast-seo-wordpress\/ -->\n<title>\u201cSa\u011fl\u0131k \u0130\u00e7in Birlikte\u201d projesi kapsam\u0131nda ayd\u0131nlat\u0131lm\u0131\u015f onam konusunda g\u00f6r\u00fc\u015fmeler yap\u0131ld\u0131 - Haber Ver K\u0131br\u0131s<\/title>\n<meta name=\"robots\" content=\"index, follow, max-snippet:-1, max-image-preview:large, max-video-preview:-1\" \/>\n<link rel=\"canonical\" href=\"https:\/\/haberverkibris.com\/index.php\/2026\/04\/27\/saglik-icin-birlikte-projesi-kapsaminda-aydinlatilmis-onam-konusunda-gorusmeler-yapildi\/\" \/>\n<meta property=\"og:locale\" content=\"tr_TR\" \/>\n<meta property=\"og:type\" content=\"article\" \/>\n<meta property=\"og:title\" content=\"\u201cSa\u011fl\u0131k \u0130\u00e7in Birlikte\u201d projesi kapsam\u0131nda ayd\u0131nlat\u0131lm\u0131\u015f onam konusunda g\u00f6r\u00fc\u015fmeler yap\u0131ld\u0131 - Haber Ver K\u0131br\u0131s\" \/>\n<meta property=\"og:description\" content=\"Evrensel Hasta Haklar\u0131 Derne\u011fi taraf\u0131ndan y\u00fcr\u00fct\u00fclen, e\u015f y\u00fcr\u00fct\u00fcc\u00fcl\u00fc\u011f\u00fcn\u00fc K\u0131br\u0131s T\u00fcrk Tabipleri Birli\u011fi\u2019nin \u00fcstlendi\u011fi \u201cSa\u011fl\u0131k \u0130\u00e7in Birlikte\u201d projesi kapsam\u0131nda ayd\u0131nlat\u0131lm\u0131\u015f onam konusunda g\u00f6r\u00fc\u015fmeler yap\u0131ld\u0131. Evrensel Hasta Haklar\u0131 Derne\u011fi\u2019nden verilen bilgiye g\u00f6re, t\u0131p hukuku ve etik alan\u0131nda uzman Prof. Dr. G\u00fcrkan Sert ile birlikte, K\u0131br\u0131s T\u00fcrk Tabipleri Birli\u011fi temsilcileri ve K\u0131br\u0131s T\u00fcrk Barolar Birli\u011fi \u0130nsan Haklar\u0131 Komitesi [&hellip;]\" \/>\n<meta property=\"og:url\" content=\"https:\/\/haberverkibris.com\/index.php\/2026\/04\/27\/saglik-icin-birlikte-projesi-kapsaminda-aydinlatilmis-onam-konusunda-gorusmeler-yapildi\/\" \/>\n<meta property=\"og:site_name\" content=\"Haber Ver K\u0131br\u0131s\" \/>\n<meta property=\"article:publisher\" content=\"https:\/\/www.facebook.com\/kuzeyinsesii\" \/>\n<meta property=\"article:published_time\" content=\"2026-04-27T10:55:48+00:00\" \/>\n<meta property=\"article:modified_time\" content=\"2026-04-27T10:56:02+00:00\" \/>\n<meta property=\"og:image\" content=\"https:\/\/haberverkibris.com\/wp-content\/uploads\/2026\/04\/hasta-husta-1024x568.png\" \/>\n\t<meta property=\"og:image:width\" content=\"1024\" \/>\n\t<meta property=\"og:image:height\" content=\"568\" \/>\n\t<meta property=\"og:image:type\" content=\"image\/png\" \/>\n<meta name=\"author\" content=\"Haberver K\u0131br\u0131s\" \/>\n<meta name=\"twitter:card\" content=\"summary_large_image\" \/>\n<meta name=\"twitter:creator\" content=\"@kuzeyinsesii\" \/>\n<meta name=\"twitter:site\" content=\"@kuzeyinsesii\" \/>\n<meta name=\"twitter:label1\" content=\"Yazan:\" \/>\n\t<meta name=\"twitter:data1\" content=\"Haberver K\u0131br\u0131s\" \/>\n\t<meta name=\"twitter:label2\" content=\"Tahmini okuma s\u00fcresi\" \/>\n\t<meta name=\"twitter:data2\" content=\"2 dakika\" \/>\n<script type=\"application\/ld+json\" class=\"yoast-schema-graph\">{\"@context\":\"https:\\\/\\\/schema.org\",\"@graph\":[{\"@type\":\"Article\",\"@id\":\"https:\\\/\\\/haberverkibris.com\\\/index.php\\\/2026\\\/04\\\/27\\\/saglik-icin-birlikte-projesi-kapsaminda-aydinlatilmis-onam-konusunda-gorusmeler-yapildi\\\/#article\",\"isPartOf\":{\"@id\":\"https:\\\/\\\/haberverkibris.com\\\/index.php\\\/2026\\\/04\\\/27\\\/saglik-icin-birlikte-projesi-kapsaminda-aydinlatilmis-onam-konusunda-gorusmeler-yapildi\\\/\"},\"author\":{\"name\":\"Haberver K\u0131br\u0131s\",\"@id\":\"https:\\\/\\\/haberverkibris.com\\\/#\\\/schema\\\/person\\\/29d65381ed43765483b5a185ded66a56\"},\"headline\":\"\u201cSa\u011fl\u0131k \u0130\u00e7in Birlikte\u201d projesi kapsam\u0131nda ayd\u0131nlat\u0131lm\u0131\u015f onam konusunda g\u00f6r\u00fc\u015fmeler yap\u0131ld\u0131\",\"datePublished\":\"2026-04-27T10:55:48+00:00\",\"dateModified\":\"2026-04-27T10:56:02+00:00\",\"mainEntityOfPage\":{\"@id\":\"https:\\\/\\\/haberverkibris.com\\\/index.php\\\/2026\\\/04\\\/27\\\/saglik-icin-birlikte-projesi-kapsaminda-aydinlatilmis-onam-konusunda-gorusmeler-yapildi\\\/\"},\"wordCount\":426,\"commentCount\":0,\"image\":{\"@id\":\"https:\\\/\\\/haberverkibris.com\\\/index.php\\\/2026\\\/04\\\/27\\\/saglik-icin-birlikte-projesi-kapsaminda-aydinlatilmis-onam-konusunda-gorusmeler-yapildi\\\/#primaryimage\"},\"thumbnailUrl\":\"https:\\\/\\\/haberverkibris.com\\\/wp-content\\\/uploads\\\/2026\\\/04\\\/hasta-husta-1024x568.png\",\"articleSection\":[\"K\u0131br\u0131s\"],\"inLanguage\":\"tr\",\"potentialAction\":[{\"@type\":\"CommentAction\",\"name\":\"Comment\",\"target\":[\"https:\\\/\\\/haberverkibris.com\\\/index.php\\\/2026\\\/04\\\/27\\\/saglik-icin-birlikte-projesi-kapsaminda-aydinlatilmis-onam-konusunda-gorusmeler-yapildi\\\/#respond\"]}]},{\"@type\":\"WebPage\",\"@id\":\"https:\\\/\\\/haberverkibris.com\\\/index.php\\\/2026\\\/04\\\/27\\\/saglik-icin-birlikte-projesi-kapsaminda-aydinlatilmis-onam-konusunda-gorusmeler-yapildi\\\/\",\"url\":\"https:\\\/\\\/haberverkibris.com\\\/index.php\\\/2026\\\/04\\\/27\\\/saglik-icin-birlikte-projesi-kapsaminda-aydinlatilmis-onam-konusunda-gorusmeler-yapildi\\\/\",\"name\":\"\u201cSa\u011fl\u0131k \u0130\u00e7in Birlikte\u201d projesi kapsam\u0131nda ayd\u0131nlat\u0131lm\u0131\u015f onam konusunda g\u00f6r\u00fc\u015fmeler yap\u0131ld\u0131 - Haber Ver K\u0131br\u0131s\",\"isPartOf\":{\"@id\":\"https:\\\/\\\/haberverkibris.com\\\/#website\"},\"primaryImageOfPage\":{\"@id\":\"https:\\\/\\\/haberverkibris.com\\\/index.php\\\/2026\\\/04\\\/27\\\/saglik-icin-birlikte-projesi-kapsaminda-aydinlatilmis-onam-konusunda-gorusmeler-yapildi\\\/#primaryimage\"},\"image\":{\"@id\":\"https:\\\/\\\/haberverkibris.com\\\/index.php\\\/2026\\\/04\\\/27\\\/saglik-icin-birlikte-projesi-kapsaminda-aydinlatilmis-onam-konusunda-gorusmeler-yapildi\\\/#primaryimage\"},\"thumbnailUrl\":\"https:\\\/\\\/haberverkibris.com\\\/wp-content\\\/uploads\\\/2026\\\/04\\\/hasta-husta-1024x568.png\",\"datePublished\":\"2026-04-27T10:55:48+00:00\",\"dateModified\":\"2026-04-27T10:56:02+00:00\",\"author\":{\"@id\":\"https:\\\/\\\/haberverkibris.com\\\/#\\\/schema\\\/person\\\/29d65381ed43765483b5a185ded66a56\"},\"breadcrumb\":{\"@id\":\"https:\\\/\\\/haberverkibris.com\\\/index.php\\\/2026\\\/04\\\/27\\\/saglik-icin-birlikte-projesi-kapsaminda-aydinlatilmis-onam-konusunda-gorusmeler-yapildi\\\/#breadcrumb\"},\"inLanguage\":\"tr\",\"potentialAction\":[{\"@type\":\"ReadAction\",\"target\":[\"https:\\\/\\\/haberverkibris.com\\\/index.php\\\/2026\\\/04\\\/27\\\/saglik-icin-birlikte-projesi-kapsaminda-aydinlatilmis-onam-konusunda-gorusmeler-yapildi\\\/\"]}]},{\"@type\":\"ImageObject\",\"inLanguage\":\"tr\",\"@id\":\"https:\\\/\\\/haberverkibris.com\\\/index.php\\\/2026\\\/04\\\/27\\\/saglik-icin-birlikte-projesi-kapsaminda-aydinlatilmis-onam-konusunda-gorusmeler-yapildi\\\/#primaryimage\",\"url\":\"https:\\\/\\\/haberverkibris.com\\\/wp-content\\\/uploads\\\/2026\\\/04\\\/hasta-husta-1024x568.png\",\"contentUrl\":\"https:\\\/\\\/haberverkibris.com\\\/wp-content\\\/uploads\\\/2026\\\/04\\\/hasta-husta-1024x568.png\",\"width\":1024,\"height\":568},{\"@type\":\"BreadcrumbList\",\"@id\":\"https:\\\/\\\/haberverkibris.com\\\/index.php\\\/2026\\\/04\\\/27\\\/saglik-icin-birlikte-projesi-kapsaminda-aydinlatilmis-onam-konusunda-gorusmeler-yapildi\\\/#breadcrumb\",\"itemListElement\":[{\"@type\":\"ListItem\",\"position\":1,\"name\":\"Anasayfa\",\"item\":\"https:\\\/\\\/haberverkibris.com\\\/\"},{\"@type\":\"ListItem\",\"position\":2,\"name\":\"\u201cSa\u011fl\u0131k \u0130\u00e7in Birlikte\u201d projesi kapsam\u0131nda ayd\u0131nlat\u0131lm\u0131\u015f onam konusunda g\u00f6r\u00fc\u015fmeler yap\u0131ld\u0131\"}]},{\"@type\":\"WebSite\",\"@id\":\"https:\\\/\\\/haberverkibris.com\\\/#website\",\"url\":\"https:\\\/\\\/haberverkibris.com\\\/\",\"name\":\"Kuzeyin Sesi\",\"description\":\"Do\u011fru Haberin Adresi\",\"potentialAction\":[{\"@type\":\"SearchAction\",\"target\":{\"@type\":\"EntryPoint\",\"urlTemplate\":\"https:\\\/\\\/haberverkibris.com\\\/?s={search_term_string}\"},\"query-input\":{\"@type\":\"PropertyValueSpecification\",\"valueRequired\":true,\"valueName\":\"search_term_string\"}}],\"inLanguage\":\"tr\"},{\"@type\":\"Person\",\"@id\":\"https:\\\/\\\/haberverkibris.com\\\/#\\\/schema\\\/person\\\/29d65381ed43765483b5a185ded66a56\",\"name\":\"Haberver K\u0131br\u0131s\",\"image\":{\"@type\":\"ImageObject\",\"inLanguage\":\"tr\",\"@id\":\"https:\\\/\\\/secure.gravatar.com\\\/avatar\\\/bab33852abfd8b282518d6ed81826833d77c3c882d9ab608add591ccace47a44?s=96&d=mm&r=g\",\"url\":\"https:\\\/\\\/secure.gravatar.com\\\/avatar\\\/bab33852abfd8b282518d6ed81826833d77c3c882d9ab608add591ccace47a44?s=96&d=mm&r=g\",\"contentUrl\":\"https:\\\/\\\/secure.gravatar.com\\\/avatar\\\/bab33852abfd8b282518d6ed81826833d77c3c882d9ab608add591ccace47a44?s=96&d=mm&r=g\",\"caption\":\"Haberver K\u0131br\u0131s\"},\"sameAs\":[\"https:\\\/\\\/haberverkibris.com\"],\"url\":\"https:\\\/\\\/haberverkibris.com\\\/index.php\\\/author\\\/guven\\\/\"}]}<\/script>\n<!-- \/ Yoast SEO plugin. -->","yoast_head_json":{"title":"\u201cSa\u011fl\u0131k \u0130\u00e7in Birlikte\u201d projesi kapsam\u0131nda ayd\u0131nlat\u0131lm\u0131\u015f onam konusunda g\u00f6r\u00fc\u015fmeler yap\u0131ld\u0131 - Haber Ver K\u0131br\u0131s","robots":{"index":"index","follow":"follow","max-snippet":"max-snippet:-1","max-image-preview":"max-image-preview:large","max-video-preview":"max-video-preview:-1"},"canonical":"https:\/\/haberverkibris.com\/index.php\/2026\/04\/27\/saglik-icin-birlikte-projesi-kapsaminda-aydinlatilmis-onam-konusunda-gorusmeler-yapildi\/","og_locale":"tr_TR","og_type":"article","og_title":"\u201cSa\u011fl\u0131k \u0130\u00e7in Birlikte\u201d projesi kapsam\u0131nda ayd\u0131nlat\u0131lm\u0131\u015f onam konusunda g\u00f6r\u00fc\u015fmeler yap\u0131ld\u0131 - Haber Ver K\u0131br\u0131s","og_description":"Evrensel Hasta Haklar\u0131 Derne\u011fi taraf\u0131ndan y\u00fcr\u00fct\u00fclen, e\u015f y\u00fcr\u00fct\u00fcc\u00fcl\u00fc\u011f\u00fcn\u00fc K\u0131br\u0131s T\u00fcrk Tabipleri Birli\u011fi\u2019nin \u00fcstlendi\u011fi \u201cSa\u011fl\u0131k \u0130\u00e7in Birlikte\u201d projesi kapsam\u0131nda ayd\u0131nlat\u0131lm\u0131\u015f onam konusunda g\u00f6r\u00fc\u015fmeler yap\u0131ld\u0131. Evrensel Hasta Haklar\u0131 Derne\u011fi\u2019nden verilen bilgiye g\u00f6re, t\u0131p hukuku ve etik alan\u0131nda uzman Prof. Dr. G\u00fcrkan Sert ile birlikte, K\u0131br\u0131s T\u00fcrk Tabipleri Birli\u011fi temsilcileri ve K\u0131br\u0131s T\u00fcrk Barolar Birli\u011fi \u0130nsan Haklar\u0131 Komitesi [&hellip;]","og_url":"https:\/\/haberverkibris.com\/index.php\/2026\/04\/27\/saglik-icin-birlikte-projesi-kapsaminda-aydinlatilmis-onam-konusunda-gorusmeler-yapildi\/","og_site_name":"Haber Ver K\u0131br\u0131s","article_publisher":"https:\/\/www.facebook.com\/kuzeyinsesii","article_published_time":"2026-04-27T10:55:48+00:00","article_modified_time":"2026-04-27T10:56:02+00:00","og_image":[{"width":1024,"height":568,"url":"https:\/\/haberverkibris.com\/wp-content\/uploads\/2026\/04\/hasta-husta-1024x568.png","type":"image\/png"}],"author":"Haberver K\u0131br\u0131s","twitter_card":"summary_large_image","twitter_creator":"@kuzeyinsesii","twitter_site":"@kuzeyinsesii","twitter_misc":{"Yazan:":"Haberver K\u0131br\u0131s","Tahmini okuma s\u00fcresi":"2 dakika"},"schema":{"@context":"https:\/\/schema.org","@graph":[{"@type":"Article","@id":"https:\/\/haberverkibris.com\/index.php\/2026\/04\/27\/saglik-icin-birlikte-projesi-kapsaminda-aydinlatilmis-onam-konusunda-gorusmeler-yapildi\/#article","isPartOf":{"@id":"https:\/\/haberverkibris.com\/index.php\/2026\/04\/27\/saglik-icin-birlikte-projesi-kapsaminda-aydinlatilmis-onam-konusunda-gorusmeler-yapildi\/"},"author":{"name":"Haberver K\u0131br\u0131s","@id":"https:\/\/haberverkibris.com\/#\/schema\/person\/29d65381ed43765483b5a185ded66a56"},"headline":"\u201cSa\u011fl\u0131k \u0130\u00e7in Birlikte\u201d projesi kapsam\u0131nda ayd\u0131nlat\u0131lm\u0131\u015f onam konusunda g\u00f6r\u00fc\u015fmeler yap\u0131ld\u0131","datePublished":"2026-04-27T10:55:48+00:00","dateModified":"2026-04-27T10:56:02+00:00","mainEntityOfPage":{"@id":"https:\/\/haberverkibris.com\/index.php\/2026\/04\/27\/saglik-icin-birlikte-projesi-kapsaminda-aydinlatilmis-onam-konusunda-gorusmeler-yapildi\/"},"wordCount":426,"commentCount":0,"image":{"@id":"https:\/\/haberverkibris.com\/index.php\/2026\/04\/27\/saglik-icin-birlikte-projesi-kapsaminda-aydinlatilmis-onam-konusunda-gorusmeler-yapildi\/#primaryimage"},"thumbnailUrl":"https:\/\/haberverkibris.com\/wp-content\/uploads\/2026\/04\/hasta-husta-1024x568.png","articleSection":["K\u0131br\u0131s"],"inLanguage":"tr","potentialAction":[{"@type":"CommentAction","name":"Comment","target":["https:\/\/haberverkibris.com\/index.php\/2026\/04\/27\/saglik-icin-birlikte-projesi-kapsaminda-aydinlatilmis-onam-konusunda-gorusmeler-yapildi\/#respond"]}]},{"@type":"WebPage","@id":"https:\/\/haberverkibris.com\/index.php\/2026\/04\/27\/saglik-icin-birlikte-projesi-kapsaminda-aydinlatilmis-onam-konusunda-gorusmeler-yapildi\/","url":"https:\/\/haberverkibris.com\/index.php\/2026\/04\/27\/saglik-icin-birlikte-projesi-kapsaminda-aydinlatilmis-onam-konusunda-gorusmeler-yapildi\/","name":"\u201cSa\u011fl\u0131k \u0130\u00e7in Birlikte\u201d projesi kapsam\u0131nda ayd\u0131nlat\u0131lm\u0131\u015f onam konusunda g\u00f6r\u00fc\u015fmeler yap\u0131ld\u0131 - Haber Ver K\u0131br\u0131s","isPartOf":{"@id":"https:\/\/haberverkibris.com\/#website"},"primaryImageOfPage":{"@id":"https:\/\/haberverkibris.com\/index.php\/2026\/04\/27\/saglik-icin-birlikte-projesi-kapsaminda-aydinlatilmis-onam-konusunda-gorusmeler-yapildi\/#primaryimage"},"image":{"@id":"https:\/\/haberverkibris.com\/index.php\/2026\/04\/27\/saglik-icin-birlikte-projesi-kapsaminda-aydinlatilmis-onam-konusunda-gorusmeler-yapildi\/#primaryimage"},"thumbnailUrl":"https:\/\/haberverkibris.com\/wp-content\/uploads\/2026\/04\/hasta-husta-1024x568.png","datePublished":"2026-04-27T10:55:48+00:00","dateModified":"2026-04-27T10:56:02+00:00","author":{"@id":"https:\/\/haberverkibris.com\/#\/schema\/person\/29d65381ed43765483b5a185ded66a56"},"breadcrumb":{"@id":"https:\/\/haberverkibris.com\/index.php\/2026\/04\/27\/saglik-icin-birlikte-projesi-kapsaminda-aydinlatilmis-onam-konusunda-gorusmeler-yapildi\/#breadcrumb"},"inLanguage":"tr","potentialAction":[{"@type":"ReadAction","target":["https:\/\/haberverkibris.com\/index.php\/2026\/04\/27\/saglik-icin-birlikte-projesi-kapsaminda-aydinlatilmis-onam-konusunda-gorusmeler-yapildi\/"]}]},{"@type":"ImageObject","inLanguage":"tr","@id":"https:\/\/haberverkibris.com\/index.php\/2026\/04\/27\/saglik-icin-birlikte-projesi-kapsaminda-aydinlatilmis-onam-konusunda-gorusmeler-yapildi\/#primaryimage","url":"https:\/\/haberverkibris.com\/wp-content\/uploads\/2026\/04\/hasta-husta-1024x568.png","contentUrl":"https:\/\/haberverkibris.com\/wp-content\/uploads\/2026\/04\/hasta-husta-1024x568.png","width":1024,"height":568},{"@type":"BreadcrumbList","@id":"https:\/\/haberverkibris.com\/index.php\/2026\/04\/27\/saglik-icin-birlikte-projesi-kapsaminda-aydinlatilmis-onam-konusunda-gorusmeler-yapildi\/#breadcrumb","itemListElement":[{"@type":"ListItem","position":1,"name":"Anasayfa","item":"https:\/\/haberverkibris.com\/"},{"@type":"ListItem","position":2,"name":"\u201cSa\u011fl\u0131k \u0130\u00e7in Birlikte\u201d projesi kapsam\u0131nda ayd\u0131nlat\u0131lm\u0131\u015f onam konusunda g\u00f6r\u00fc\u015fmeler yap\u0131ld\u0131"}]},{"@type":"WebSite","@id":"https:\/\/haberverkibris.com\/#website","url":"https:\/\/haberverkibris.com\/","name":"Kuzeyin Sesi","description":"Do\u011fru Haberin Adresi","potentialAction":[{"@type":"SearchAction","target":{"@type":"EntryPoint","urlTemplate":"https:\/\/haberverkibris.com\/?s={search_term_string}"},"query-input":{"@type":"PropertyValueSpecification","valueRequired":true,"valueName":"search_term_string"}}],"inLanguage":"tr"},{"@type":"Person","@id":"https:\/\/haberverkibris.com\/#\/schema\/person\/29d65381ed43765483b5a185ded66a56","name":"Haberver K\u0131br\u0131s","image":{"@type":"ImageObject","inLanguage":"tr","@id":"https:\/\/secure.gravatar.com\/avatar\/bab33852abfd8b282518d6ed81826833d77c3c882d9ab608add591ccace47a44?s=96&d=mm&r=g","url":"https:\/\/secure.gravatar.com\/avatar\/bab33852abfd8b282518d6ed81826833d77c3c882d9ab608add591ccace47a44?s=96&d=mm&r=g","contentUrl":"https:\/\/secure.gravatar.com\/avatar\/bab33852abfd8b282518d6ed81826833d77c3c882d9ab608add591ccace47a44?s=96&d=mm&r=g","caption":"Haberver K\u0131br\u0131s"},"sameAs":["https:\/\/haberverkibris.com"],"url":"https:\/\/haberverkibris.com\/index.php\/author\/guven\/"}]}},"_links":{"self":[{"href":"https:\/\/haberverkibris.com\/index.php\/wp-json\/wp\/v2\/posts\/34138","targetHints":{"allow":["GET"]}}],"collection":[{"href":"https:\/\/haberverkibris.com\/index.php\/wp-json\/wp\/v2\/posts"}],"about":[{"href":"https:\/\/haberverkibris.com\/index.php\/wp-json\/wp\/v2\/types\/post"}],"author":[{"embeddable":true,"href":"https:\/\/haberverkibris.com\/index.php\/wp-json\/wp\/v2\/users\/1"}],"replies":[{"embeddable":true,"href":"https:\/\/haberverkibris.com\/index.php\/wp-json\/wp\/v2\/comments?post=34138"}],"version-history":[{"count":1,"href":"https:\/\/haberverkibris.com\/index.php\/wp-json\/wp\/v2\/posts\/34138\/revisions"}],"predecessor-version":[{"id":34140,"href":"https:\/\/haberverkibris.com\/index.php\/wp-json\/wp\/v2\/posts\/34138\/revisions\/34140"}],"wp:featuredmedia":[{"embeddable":true,"href":"https:\/\/haberverkibris.com\/index.php\/wp-json\/wp\/v2\/media\/34139"}],"wp:attachment":[{"href":"https:\/\/haberverkibris.com\/index.php\/wp-json\/wp\/v2\/media?parent=34138"}],"wp:term":[{"taxonomy":"category","embeddable":true,"href":"https:\/\/haberverkibris.com\/index.php\/wp-json\/wp\/v2\/categories?post=34138"},{"taxonomy":"post_tag","embeddable":true,"href":"https:\/\/haberverkibris.com\/index.php\/wp-json\/wp\/v2\/tags?post=34138"}],"curies":[{"name":"wp","href":"https:\/\/api.w.org\/{rel}","templated":true}]}}