{"id":34132,"date":"2026-04-27T13:43:44","date_gmt":"2026-04-27T10:43:44","guid":{"rendered":"https:\/\/haberverkibris.com\/index.php\/2026\/04\/27\/imo-fest-lefkosa-tamamlandi\/"},"modified":"2026-04-27T13:43:58","modified_gmt":"2026-04-27T10:43:58","slug":"imo-fest-lefkosa-tamamlandi","status":"publish","type":"post","link":"https:\/\/haberverkibris.com\/index.php\/2026\/04\/27\/imo-fest-lefkosa-tamamlandi\/","title":{"rendered":"\u0130MO FEST Lefko\u015fa tamamland\u0131"},"content":{"rendered":"<p style=\"font-weight: 300\"><span style=\"font-weight: 300 !important\">\u0130n\u015faat M\u00fchendisleri Odas\u0131 (\u0130MO), Lefko\u015fa T\u00fcrk Belediyesi ve ODT\u00dc Kuzey K\u0131br\u0131s Kamp\u00fcs\u00fc i\u015f birli\u011fiyle d\u00fczenlenen \u201c\u0130MO FEST Lefko\u015fa 2026\u201d tamamland\u0131.<\/span><\/p>\n<p style=\"font-weight: 300\"><span style=\"font-weight: 300 !important\">\u0130MO\u2019dan yap\u0131lan a\u00e7\u0131klamada, 25-26 Nisan tarihlerinde Lefko\u015fa\u2019daki \u0130MO An\u0131 Park\u0131\u2019nda ger\u00e7ekle\u015ftirilen festivalin, \u00e7ocuklar\u0131 ve aileleri bilim, sanat, teknoloji ve e\u011flenceyle bir araya getirdi\u011fi belirtildi.<\/span><\/p>\n<p style=\"font-weight: 300\"><span style=\"font-weight: 300 !important\">Festival kapsam\u0131nda bilim \u00e7ad\u0131r\u0131, deney alanlar\u0131, kil ve seramik at\u00f6lyeleri, y\u00fcz boyama etkinlikleri, balon oyun alanlar\u0131, masal anlat\u0131mlar\u0131, kukla g\u00f6sterileri, \u00e7ocuk zumbas\u0131, halk danslar\u0131 g\u00f6sterileri, modern dans performanslar\u0131, konserler ve yarat\u0131c\u0131 sanat at\u00f6lyeleri d\u00fczenlendi.<\/span><\/p>\n<p style=\"font-weight: 300\"><span style=\"font-weight: 300 !important\">Olu\u015fturulan mini \u015fantiye alan\u0131nda \u00e7ocuklar\u0131n \u201ck\u00fc\u00e7\u00fck m\u00fchendisler\u201d olarak \u015fantiye ke\u015ffi yapt\u0131\u011f\u0131, mini baraj yap\u0131m\u0131 ger\u00e7ekle\u015ftirdi\u011fi ve i\u015f sa\u011fl\u0131\u011f\u0131 ile g\u00fcvenli\u011fi konusunda fark\u0131ndal\u0131k kazand\u0131\u011f\u0131 belirtilirken, d\u00fczenlenen a\u011fa\u00e7 dikimi etkinli\u011fiyle \u00e7ocuklara do\u011fa sevgisi ve \u00e7evre bilinci a\u015f\u0131land\u0131\u011f\u0131 kaydedildi.<\/span><\/p>\n<p style=\"font-weight: 300\"><span style=\"font-weight: 300 !important\">Festivalin a\u00e7\u0131l\u0131\u015f\u0131nda, \u0130n\u015faat M\u00fchendisleri Odas\u0131 Ba\u015fkan\u0131 Abdullah Ekinci, Lefko\u015fa T\u00fcrk Belediyesi Ba\u015fkan\u0131 Mehmet Harmanc\u0131 ve Toplumcu Demokrasi Partisi Genel Ba\u015fkan\u0131 Zeki \u00c7eler konu\u015fma yapt\u0131.<\/span><\/p>\n<p style=\"font-weight: 300\"><span style=\"font-weight: 300 !important\">&#8211; Ekinci<\/span><\/p>\n<p style=\"font-weight: 300\"><span style=\"font-weight: 300 !important\">\u0130n\u015faat M\u00fchendisleri Odas\u0131 Ba\u015fkan\u0131 Abdullah Ekinci, \u00e7ocuklar\u0131n \u00fclkenin gelece\u011fi oldu\u011funu belirterek, onlar\u0131 k\u00fc\u00e7\u00fck ya\u015fta bilim ve teknolojiyle bulu\u015fturman\u0131n \u00f6nemine dikkat \u00e7ekti.<\/span><\/p>\n<p style=\"font-weight: 300\"><span style=\"font-weight: 300 !important\">\u0130lk kez do\u011frudan ailelere ve \u00e7ocuklara hitap etmenin kendisi i\u00e7in ayr\u0131 bir heyecan kayna\u011f\u0131 oldu\u011funu belirten Ekinci, geli\u015fmi\u015f toplumlar\u0131n temelinde bilgi \u00fcreten, sorgulayan ve ara\u015ft\u0131ran bireylerin bulundu\u011funu s\u00f6yledi.<\/span><\/p>\n<p style=\"font-weight: 300\"><span style=\"font-weight: 300 !important\">Ekinci, \u00fclkenin kalk\u0131nmas\u0131 i\u00e7in bilime her zamankinden daha fazla ihtiya\u00e7 duyuldu\u011funu kaydetti.<\/span><\/p>\n<p style=\"font-weight: 300\"><span style=\"font-weight: 300 !important\">A\u00e7\u0131klamada, Cumhurba\u015fkan\u0131 Tufan Erh\u00fcrman\u2019\u0131n da festivalin ikinci g\u00fcn\u00fcnde etkinlik alan\u0131n\u0131 ziyaret ederek \u00e7ocuklar ve ailelerle bir araya geldi\u011fi, bilimsel ve sosyal etkinlikleri inceleyip \u00e7ocuklarla sohbet etti\u011fi belirtildi.<\/span><\/p>\n<p style=\"font-weight: 300\"><span style=\"font-weight: 300 !important\">Etkinlik sonunda sahne g\u00f6sterileri sunulurken, etkinliklerde yer alan kat\u0131l\u0131mc\u0131lara katk\u0131lar\u0131ndan dolay\u0131 kat\u0131l\u0131m belgeleri takdim edildi.<\/span><\/p>\n","protected":false},"excerpt":{"rendered":"<p>\u0130n\u015faat M\u00fchendisleri Odas\u0131 (\u0130MO), Lefko\u015fa T\u00fcrk Belediyesi ve ODT\u00dc Kuzey K\u0131br\u0131s Kamp\u00fcs\u00fc i\u015f birli\u011fiyle d\u00fczenlenen \u201c\u0130MO FEST Lefko\u015fa 2026\u201d tamamland\u0131. \u0130MO\u2019dan yap\u0131lan a\u00e7\u0131klamada, 25-26 Nisan tarihlerinde Lefko\u015fa\u2019daki \u0130MO An\u0131 Park\u0131\u2019nda ger\u00e7ekle\u015ftirilen festivalin, \u00e7ocuklar\u0131 ve aileleri bilim, sanat, teknoloji ve e\u011flenceyle bir araya getirdi\u011fi belirtildi. Festival kapsam\u0131nda bilim \u00e7ad\u0131r\u0131, deney alanlar\u0131, kil ve seramik at\u00f6lyeleri, y\u00fcz [&hellip;]<\/p>\n","protected":false},"author":1,"featured_media":34133,"comment_status":"open","ping_status":"open","sticky":false,"template":"","format":"standard","meta":{"jnews-multi-image_gallery":[],"jnews_single_post":[],"jnews_primary_category":[],"jnews_social_meta":[],"jnews_override_counter":[],"footnotes":""},"categories":[1],"tags":[],"class_list":["post-34132","post","type-post","status-publish","format-standard","has-post-thumbnail","hentry","category-kibris"],"yoast_head":"<!-- This site is optimized with the Yoast SEO plugin v27.4 - https:\/\/yoast.com\/product\/yoast-seo-wordpress\/ -->\n<title>\u0130MO FEST Lefko\u015fa tamamland\u0131 - Haber Ver K\u0131br\u0131s<\/title>\n<meta name=\"robots\" content=\"index, follow, max-snippet:-1, max-image-preview:large, max-video-preview:-1\" \/>\n<link rel=\"canonical\" href=\"https:\/\/haberverkibris.com\/index.php\/2026\/04\/27\/imo-fest-lefkosa-tamamlandi\/\" \/>\n<meta property=\"og:locale\" content=\"tr_TR\" \/>\n<meta property=\"og:type\" content=\"article\" \/>\n<meta property=\"og:title\" content=\"\u0130MO FEST Lefko\u015fa tamamland\u0131 - Haber Ver K\u0131br\u0131s\" \/>\n<meta property=\"og:description\" content=\"\u0130n\u015faat M\u00fchendisleri Odas\u0131 (\u0130MO), Lefko\u015fa T\u00fcrk Belediyesi ve ODT\u00dc Kuzey K\u0131br\u0131s Kamp\u00fcs\u00fc i\u015f birli\u011fiyle d\u00fczenlenen \u201c\u0130MO FEST Lefko\u015fa 2026\u201d tamamland\u0131. \u0130MO\u2019dan yap\u0131lan a\u00e7\u0131klamada, 25-26 Nisan tarihlerinde Lefko\u015fa\u2019daki \u0130MO An\u0131 Park\u0131\u2019nda ger\u00e7ekle\u015ftirilen festivalin, \u00e7ocuklar\u0131 ve aileleri bilim, sanat, teknoloji ve e\u011flenceyle bir araya getirdi\u011fi belirtildi. Festival kapsam\u0131nda bilim \u00e7ad\u0131r\u0131, deney alanlar\u0131, kil ve seramik at\u00f6lyeleri, y\u00fcz [&hellip;]\" \/>\n<meta property=\"og:url\" content=\"https:\/\/haberverkibris.com\/index.php\/2026\/04\/27\/imo-fest-lefkosa-tamamlandi\/\" \/>\n<meta property=\"og:site_name\" content=\"Haber Ver K\u0131br\u0131s\" \/>\n<meta property=\"article:publisher\" content=\"https:\/\/www.facebook.com\/kuzeyinsesii\" \/>\n<meta property=\"article:published_time\" content=\"2026-04-27T10:43:44+00:00\" \/>\n<meta property=\"article:modified_time\" content=\"2026-04-27T10:43:58+00:00\" \/>\n<meta property=\"og:image\" content=\"https:\/\/haberverkibris.com\/wp-content\/uploads\/2026\/04\/festo.jpeg\" \/>\n\t<meta property=\"og:image:width\" content=\"1600\" \/>\n\t<meta property=\"og:image:height\" content=\"895\" \/>\n\t<meta property=\"og:image:type\" content=\"image\/jpeg\" \/>\n<meta name=\"author\" content=\"Haberver K\u0131br\u0131s\" \/>\n<meta name=\"twitter:card\" content=\"summary_large_image\" \/>\n<meta name=\"twitter:creator\" content=\"@kuzeyinsesii\" \/>\n<meta name=\"twitter:site\" content=\"@kuzeyinsesii\" \/>\n<meta name=\"twitter:label1\" content=\"Yazan:\" \/>\n\t<meta name=\"twitter:data1\" content=\"Haberver K\u0131br\u0131s\" \/>\n\t<meta name=\"twitter:label2\" content=\"Tahmini okuma s\u00fcresi\" \/>\n\t<meta name=\"twitter:data2\" content=\"2 dakika\" \/>\n<script type=\"application\/ld+json\" class=\"yoast-schema-graph\">{\"@context\":\"https:\\\/\\\/schema.org\",\"@graph\":[{\"@type\":\"Article\",\"@id\":\"https:\\\/\\\/haberverkibris.com\\\/index.php\\\/2026\\\/04\\\/27\\\/imo-fest-lefkosa-tamamlandi\\\/#article\",\"isPartOf\":{\"@id\":\"https:\\\/\\\/haberverkibris.com\\\/index.php\\\/2026\\\/04\\\/27\\\/imo-fest-lefkosa-tamamlandi\\\/\"},\"author\":{\"name\":\"Haberver K\u0131br\u0131s\",\"@id\":\"https:\\\/\\\/haberverkibris.com\\\/#\\\/schema\\\/person\\\/29d65381ed43765483b5a185ded66a56\"},\"headline\":\"\u0130MO FEST Lefko\u015fa tamamland\u0131\",\"datePublished\":\"2026-04-27T10:43:44+00:00\",\"dateModified\":\"2026-04-27T10:43:58+00:00\",\"mainEntityOfPage\":{\"@id\":\"https:\\\/\\\/haberverkibris.com\\\/index.php\\\/2026\\\/04\\\/27\\\/imo-fest-lefkosa-tamamlandi\\\/\"},\"wordCount\":345,\"commentCount\":0,\"image\":{\"@id\":\"https:\\\/\\\/haberverkibris.com\\\/index.php\\\/2026\\\/04\\\/27\\\/imo-fest-lefkosa-tamamlandi\\\/#primaryimage\"},\"thumbnailUrl\":\"https:\\\/\\\/haberverkibris.com\\\/wp-content\\\/uploads\\\/2026\\\/04\\\/festo.jpeg\",\"articleSection\":[\"K\u0131br\u0131s\"],\"inLanguage\":\"tr\",\"potentialAction\":[{\"@type\":\"CommentAction\",\"name\":\"Comment\",\"target\":[\"https:\\\/\\\/haberverkibris.com\\\/index.php\\\/2026\\\/04\\\/27\\\/imo-fest-lefkosa-tamamlandi\\\/#respond\"]}]},{\"@type\":\"WebPage\",\"@id\":\"https:\\\/\\\/haberverkibris.com\\\/index.php\\\/2026\\\/04\\\/27\\\/imo-fest-lefkosa-tamamlandi\\\/\",\"url\":\"https:\\\/\\\/haberverkibris.com\\\/index.php\\\/2026\\\/04\\\/27\\\/imo-fest-lefkosa-tamamlandi\\\/\",\"name\":\"\u0130MO FEST Lefko\u015fa tamamland\u0131 - Haber Ver K\u0131br\u0131s\",\"isPartOf\":{\"@id\":\"https:\\\/\\\/haberverkibris.com\\\/#website\"},\"primaryImageOfPage\":{\"@id\":\"https:\\\/\\\/haberverkibris.com\\\/index.php\\\/2026\\\/04\\\/27\\\/imo-fest-lefkosa-tamamlandi\\\/#primaryimage\"},\"image\":{\"@id\":\"https:\\\/\\\/haberverkibris.com\\\/index.php\\\/2026\\\/04\\\/27\\\/imo-fest-lefkosa-tamamlandi\\\/#primaryimage\"},\"thumbnailUrl\":\"https:\\\/\\\/haberverkibris.com\\\/wp-content\\\/uploads\\\/2026\\\/04\\\/festo.jpeg\",\"datePublished\":\"2026-04-27T10:43:44+00:00\",\"dateModified\":\"2026-04-27T10:43:58+00:00\",\"author\":{\"@id\":\"https:\\\/\\\/haberverkibris.com\\\/#\\\/schema\\\/person\\\/29d65381ed43765483b5a185ded66a56\"},\"breadcrumb\":{\"@id\":\"https:\\\/\\\/haberverkibris.com\\\/index.php\\\/2026\\\/04\\\/27\\\/imo-fest-lefkosa-tamamlandi\\\/#breadcrumb\"},\"inLanguage\":\"tr\",\"potentialAction\":[{\"@type\":\"ReadAction\",\"target\":[\"https:\\\/\\\/haberverkibris.com\\\/index.php\\\/2026\\\/04\\\/27\\\/imo-fest-lefkosa-tamamlandi\\\/\"]}]},{\"@type\":\"ImageObject\",\"inLanguage\":\"tr\",\"@id\":\"https:\\\/\\\/haberverkibris.com\\\/index.php\\\/2026\\\/04\\\/27\\\/imo-fest-lefkosa-tamamlandi\\\/#primaryimage\",\"url\":\"https:\\\/\\\/haberverkibris.com\\\/wp-content\\\/uploads\\\/2026\\\/04\\\/festo.jpeg\",\"contentUrl\":\"https:\\\/\\\/haberverkibris.com\\\/wp-content\\\/uploads\\\/2026\\\/04\\\/festo.jpeg\",\"width\":1600,\"height\":895},{\"@type\":\"BreadcrumbList\",\"@id\":\"https:\\\/\\\/haberverkibris.com\\\/index.php\\\/2026\\\/04\\\/27\\\/imo-fest-lefkosa-tamamlandi\\\/#breadcrumb\",\"itemListElement\":[{\"@type\":\"ListItem\",\"position\":1,\"name\":\"Anasayfa\",\"item\":\"https:\\\/\\\/haberverkibris.com\\\/\"},{\"@type\":\"ListItem\",\"position\":2,\"name\":\"\u0130MO FEST Lefko\u015fa tamamland\u0131\"}]},{\"@type\":\"WebSite\",\"@id\":\"https:\\\/\\\/haberverkibris.com\\\/#website\",\"url\":\"https:\\\/\\\/haberverkibris.com\\\/\",\"name\":\"Kuzeyin Sesi\",\"description\":\"Do\u011fru Haberin Adresi\",\"potentialAction\":[{\"@type\":\"SearchAction\",\"target\":{\"@type\":\"EntryPoint\",\"urlTemplate\":\"https:\\\/\\\/haberverkibris.com\\\/?s={search_term_string}\"},\"query-input\":{\"@type\":\"PropertyValueSpecification\",\"valueRequired\":true,\"valueName\":\"search_term_string\"}}],\"inLanguage\":\"tr\"},{\"@type\":\"Person\",\"@id\":\"https:\\\/\\\/haberverkibris.com\\\/#\\\/schema\\\/person\\\/29d65381ed43765483b5a185ded66a56\",\"name\":\"Haberver K\u0131br\u0131s\",\"image\":{\"@type\":\"ImageObject\",\"inLanguage\":\"tr\",\"@id\":\"https:\\\/\\\/secure.gravatar.com\\\/avatar\\\/bab33852abfd8b282518d6ed81826833d77c3c882d9ab608add591ccace47a44?s=96&d=mm&r=g\",\"url\":\"https:\\\/\\\/secure.gravatar.com\\\/avatar\\\/bab33852abfd8b282518d6ed81826833d77c3c882d9ab608add591ccace47a44?s=96&d=mm&r=g\",\"contentUrl\":\"https:\\\/\\\/secure.gravatar.com\\\/avatar\\\/bab33852abfd8b282518d6ed81826833d77c3c882d9ab608add591ccace47a44?s=96&d=mm&r=g\",\"caption\":\"Haberver K\u0131br\u0131s\"},\"sameAs\":[\"https:\\\/\\\/haberverkibris.com\"],\"url\":\"https:\\\/\\\/haberverkibris.com\\\/index.php\\\/author\\\/guven\\\/\"}]}<\/script>\n<!-- \/ Yoast SEO plugin. -->","yoast_head_json":{"title":"\u0130MO FEST Lefko\u015fa tamamland\u0131 - Haber Ver K\u0131br\u0131s","robots":{"index":"index","follow":"follow","max-snippet":"max-snippet:-1","max-image-preview":"max-image-preview:large","max-video-preview":"max-video-preview:-1"},"canonical":"https:\/\/haberverkibris.com\/index.php\/2026\/04\/27\/imo-fest-lefkosa-tamamlandi\/","og_locale":"tr_TR","og_type":"article","og_title":"\u0130MO FEST Lefko\u015fa tamamland\u0131 - Haber Ver K\u0131br\u0131s","og_description":"\u0130n\u015faat M\u00fchendisleri Odas\u0131 (\u0130MO), Lefko\u015fa T\u00fcrk Belediyesi ve ODT\u00dc Kuzey K\u0131br\u0131s Kamp\u00fcs\u00fc i\u015f birli\u011fiyle d\u00fczenlenen \u201c\u0130MO FEST Lefko\u015fa 2026\u201d tamamland\u0131. \u0130MO\u2019dan yap\u0131lan a\u00e7\u0131klamada, 25-26 Nisan tarihlerinde Lefko\u015fa\u2019daki \u0130MO An\u0131 Park\u0131\u2019nda ger\u00e7ekle\u015ftirilen festivalin, \u00e7ocuklar\u0131 ve aileleri bilim, sanat, teknoloji ve e\u011flenceyle bir araya getirdi\u011fi belirtildi. Festival kapsam\u0131nda bilim \u00e7ad\u0131r\u0131, deney alanlar\u0131, kil ve seramik at\u00f6lyeleri, y\u00fcz [&hellip;]","og_url":"https:\/\/haberverkibris.com\/index.php\/2026\/04\/27\/imo-fest-lefkosa-tamamlandi\/","og_site_name":"Haber Ver K\u0131br\u0131s","article_publisher":"https:\/\/www.facebook.com\/kuzeyinsesii","article_published_time":"2026-04-27T10:43:44+00:00","article_modified_time":"2026-04-27T10:43:58+00:00","og_image":[{"width":1600,"height":895,"url":"https:\/\/haberverkibris.com\/wp-content\/uploads\/2026\/04\/festo.jpeg","type":"image\/jpeg"}],"author":"Haberver K\u0131br\u0131s","twitter_card":"summary_large_image","twitter_creator":"@kuzeyinsesii","twitter_site":"@kuzeyinsesii","twitter_misc":{"Yazan:":"Haberver K\u0131br\u0131s","Tahmini okuma s\u00fcresi":"2 dakika"},"schema":{"@context":"https:\/\/schema.org","@graph":[{"@type":"Article","@id":"https:\/\/haberverkibris.com\/index.php\/2026\/04\/27\/imo-fest-lefkosa-tamamlandi\/#article","isPartOf":{"@id":"https:\/\/haberverkibris.com\/index.php\/2026\/04\/27\/imo-fest-lefkosa-tamamlandi\/"},"author":{"name":"Haberver K\u0131br\u0131s","@id":"https:\/\/haberverkibris.com\/#\/schema\/person\/29d65381ed43765483b5a185ded66a56"},"headline":"\u0130MO FEST Lefko\u015fa tamamland\u0131","datePublished":"2026-04-27T10:43:44+00:00","dateModified":"2026-04-27T10:43:58+00:00","mainEntityOfPage":{"@id":"https:\/\/haberverkibris.com\/index.php\/2026\/04\/27\/imo-fest-lefkosa-tamamlandi\/"},"wordCount":345,"commentCount":0,"image":{"@id":"https:\/\/haberverkibris.com\/index.php\/2026\/04\/27\/imo-fest-lefkosa-tamamlandi\/#primaryimage"},"thumbnailUrl":"https:\/\/haberverkibris.com\/wp-content\/uploads\/2026\/04\/festo.jpeg","articleSection":["K\u0131br\u0131s"],"inLanguage":"tr","potentialAction":[{"@type":"CommentAction","name":"Comment","target":["https:\/\/haberverkibris.com\/index.php\/2026\/04\/27\/imo-fest-lefkosa-tamamlandi\/#respond"]}]},{"@type":"WebPage","@id":"https:\/\/haberverkibris.com\/index.php\/2026\/04\/27\/imo-fest-lefkosa-tamamlandi\/","url":"https:\/\/haberverkibris.com\/index.php\/2026\/04\/27\/imo-fest-lefkosa-tamamlandi\/","name":"\u0130MO FEST Lefko\u015fa tamamland\u0131 - Haber Ver K\u0131br\u0131s","isPartOf":{"@id":"https:\/\/haberverkibris.com\/#website"},"primaryImageOfPage":{"@id":"https:\/\/haberverkibris.com\/index.php\/2026\/04\/27\/imo-fest-lefkosa-tamamlandi\/#primaryimage"},"image":{"@id":"https:\/\/haberverkibris.com\/index.php\/2026\/04\/27\/imo-fest-lefkosa-tamamlandi\/#primaryimage"},"thumbnailUrl":"https:\/\/haberverkibris.com\/wp-content\/uploads\/2026\/04\/festo.jpeg","datePublished":"2026-04-27T10:43:44+00:00","dateModified":"2026-04-27T10:43:58+00:00","author":{"@id":"https:\/\/haberverkibris.com\/#\/schema\/person\/29d65381ed43765483b5a185ded66a56"},"breadcrumb":{"@id":"https:\/\/haberverkibris.com\/index.php\/2026\/04\/27\/imo-fest-lefkosa-tamamlandi\/#breadcrumb"},"inLanguage":"tr","potentialAction":[{"@type":"ReadAction","target":["https:\/\/haberverkibris.com\/index.php\/2026\/04\/27\/imo-fest-lefkosa-tamamlandi\/"]}]},{"@type":"ImageObject","inLanguage":"tr","@id":"https:\/\/haberverkibris.com\/index.php\/2026\/04\/27\/imo-fest-lefkosa-tamamlandi\/#primaryimage","url":"https:\/\/haberverkibris.com\/wp-content\/uploads\/2026\/04\/festo.jpeg","contentUrl":"https:\/\/haberverkibris.com\/wp-content\/uploads\/2026\/04\/festo.jpeg","width":1600,"height":895},{"@type":"BreadcrumbList","@id":"https:\/\/haberverkibris.com\/index.php\/2026\/04\/27\/imo-fest-lefkosa-tamamlandi\/#breadcrumb","itemListElement":[{"@type":"ListItem","position":1,"name":"Anasayfa","item":"https:\/\/haberverkibris.com\/"},{"@type":"ListItem","position":2,"name":"\u0130MO FEST Lefko\u015fa tamamland\u0131"}]},{"@type":"WebSite","@id":"https:\/\/haberverkibris.com\/#website","url":"https:\/\/haberverkibris.com\/","name":"Kuzeyin Sesi","description":"Do\u011fru Haberin Adresi","potentialAction":[{"@type":"SearchAction","target":{"@type":"EntryPoint","urlTemplate":"https:\/\/haberverkibris.com\/?s={search_term_string}"},"query-input":{"@type":"PropertyValueSpecification","valueRequired":true,"valueName":"search_term_string"}}],"inLanguage":"tr"},{"@type":"Person","@id":"https:\/\/haberverkibris.com\/#\/schema\/person\/29d65381ed43765483b5a185ded66a56","name":"Haberver K\u0131br\u0131s","image":{"@type":"ImageObject","inLanguage":"tr","@id":"https:\/\/secure.gravatar.com\/avatar\/bab33852abfd8b282518d6ed81826833d77c3c882d9ab608add591ccace47a44?s=96&d=mm&r=g","url":"https:\/\/secure.gravatar.com\/avatar\/bab33852abfd8b282518d6ed81826833d77c3c882d9ab608add591ccace47a44?s=96&d=mm&r=g","contentUrl":"https:\/\/secure.gravatar.com\/avatar\/bab33852abfd8b282518d6ed81826833d77c3c882d9ab608add591ccace47a44?s=96&d=mm&r=g","caption":"Haberver K\u0131br\u0131s"},"sameAs":["https:\/\/haberverkibris.com"],"url":"https:\/\/haberverkibris.com\/index.php\/author\/guven\/"}]}},"_links":{"self":[{"href":"https:\/\/haberverkibris.com\/index.php\/wp-json\/wp\/v2\/posts\/34132","targetHints":{"allow":["GET"]}}],"collection":[{"href":"https:\/\/haberverkibris.com\/index.php\/wp-json\/wp\/v2\/posts"}],"about":[{"href":"https:\/\/haberverkibris.com\/index.php\/wp-json\/wp\/v2\/types\/post"}],"author":[{"embeddable":true,"href":"https:\/\/haberverkibris.com\/index.php\/wp-json\/wp\/v2\/users\/1"}],"replies":[{"embeddable":true,"href":"https:\/\/haberverkibris.com\/index.php\/wp-json\/wp\/v2\/comments?post=34132"}],"version-history":[{"count":1,"href":"https:\/\/haberverkibris.com\/index.php\/wp-json\/wp\/v2\/posts\/34132\/revisions"}],"predecessor-version":[{"id":34134,"href":"https:\/\/haberverkibris.com\/index.php\/wp-json\/wp\/v2\/posts\/34132\/revisions\/34134"}],"wp:featuredmedia":[{"embeddable":true,"href":"https:\/\/haberverkibris.com\/index.php\/wp-json\/wp\/v2\/media\/34133"}],"wp:attachment":[{"href":"https:\/\/haberverkibris.com\/index.php\/wp-json\/wp\/v2\/media?parent=34132"}],"wp:term":[{"taxonomy":"category","embeddable":true,"href":"https:\/\/haberverkibris.com\/index.php\/wp-json\/wp\/v2\/categories?post=34132"},{"taxonomy":"post_tag","embeddable":true,"href":"https:\/\/haberverkibris.com\/index.php\/wp-json\/wp\/v2\/tags?post=34132"}],"curies":[{"name":"wp","href":"https:\/\/api.w.org\/{rel}","templated":true}]}}