{"id":34112,"date":"2026-04-27T11:18:48","date_gmt":"2026-04-27T08:18:48","guid":{"rendered":"https:\/\/haberverkibris.com\/index.php\/2026\/04\/27\/iran-disisleri-bakani-arakci-muzakerelerde-ulkenin-cikarlarini-guvence-altina-almaliyiz\/"},"modified":"2026-04-27T11:18:48","modified_gmt":"2026-04-27T08:18:48","slug":"iran-disisleri-bakani-arakci-muzakerelerde-ulkenin-cikarlarini-guvence-altina-almaliyiz","status":"publish","type":"post","link":"https:\/\/haberverkibris.com\/index.php\/2026\/04\/27\/iran-disisleri-bakani-arakci-muzakerelerde-ulkenin-cikarlarini-guvence-altina-almaliyiz\/","title":{"rendered":"\u0130ran D\u0131\u015fi\u015fleri Bakan\u0131 Arak\u00e7i: M\u00fczakerelerde \u00fclkenin \u00e7\u0131karlar\u0131n\u0131 g\u00fcvence alt\u0131na almal\u0131y\u0131z"},"content":{"rendered":"<p><\/p>\n<div>\n<p>&#13;<br \/>\n\t\u0130ran D\u0131\u015fi\u015fleri Bakan\u0131 Abbas Arak\u00e7i, Pakistan&#8217;\u0131n ba\u015fkenti \u0130slamabad&#8217;daki g\u00f6r\u00fc\u015fmelerinin ard\u0131ndan Rusya&#8217;daki resmi temaslar\u0131 kapsam\u0131nda St. Petersburg \u015fehrine gitti.<\/p>\n<p>&#13;<br \/>\n\t\u0130ranl\u0131 Bakan, bu \u015fehirde \u00fclkesinin devlet televizyonuna yapt\u0131\u011f\u0131 a\u00e7\u0131klamada, Umman ve Pakistan&#8217;daki temaslar\u0131n\u0131 de\u011ferlendirdi.<\/p>\n<h2>&#13;<br \/>\n\t&#8220;M\u00fczakerelerin hangi ko\u015fullar alt\u0131nda s\u00fcrd\u00fcr\u00fclebilece\u011fi ele al\u0131nd\u0131&#8221;<\/h2>\n<p>&#13;<br \/>\n\t\u0130lk olarak Rusya&#8217;da yapaca\u011f\u0131 temaslara de\u011finen Arak\u00e7i, Tahran ile Moskova aras\u0131nda b\u00f6lgesel ve uluslararas\u0131 konulara ili\u015fkin yak\u0131n isti\u015fareleri s\u00fcrd\u00fcrmek ve ikili ili\u015fkileri geli\u015ftirmek amac\u0131yla Rusya&#8217;daki \u00fcst d\u00fczey yetkililerle g\u00f6r\u00fc\u015fmek \u00fczere bu \u00fclkeye geldi\u011fini belirtti.<\/p>\n<p>&#13;<br \/>\n\tArak\u00e7i, bug\u00fcnk\u00fc g\u00f6r\u00fc\u015fmelerin sava\u015fla ilgili geli\u015fmeleri ele almak ve bu konudaki son durumu de\u011ferlendirmek i\u00e7in iyi bir f\u0131rsat oldu\u011funu ve bu \u00e7er\u00e7evede iki \u00fclke aras\u0131ndaki isti\u015fare ve koordinasyonun \u00f6zel bir \u00f6neme sahip oldu\u011funu vurgulad\u0131.<\/p>\n<p>&#13;<br \/>\n\t\u0130slamabad&#8217;daki g\u00f6r\u00fc\u015fmelerine ili\u015fkin Arak\u00e7i, &#8220;\u0130slamabad ziyareti olduk\u00e7a verimli ge\u00e7ti, iyi isti\u015fareler yap\u0131ld\u0131. Bu kapsamda ge\u00e7mi\u015f geli\u015fmeler g\u00f6zden ge\u00e7irildi ve \u0130ran ile ABD aras\u0131ndaki m\u00fczakerelerin hangi ko\u015fullar alt\u0131nda s\u00fcrd\u00fcr\u00fclebilece\u011fi ele al\u0131nd\u0131&#8221; dedi.<\/p>\n<p>&#13;<br \/>\n\t\u0130ran&#8217;\u0131n m\u00fczakerelerdeki \u015fartlar\u0131n\u0131n b\u00fcy\u00fck \u00f6nem ta\u015f\u0131d\u0131\u011f\u0131na i\u015faret eden Arak\u00e7i, &#8220;40 g\u00fcnl\u00fck direni\u015fin ard\u0131ndan \u0130ran halk\u0131n\u0131n haklar\u0131n\u0131 mutlaka elde etmeli ve (m\u00fczakerelerde) \u00fclkenin \u00e7\u0131karlar\u0131n\u0131 g\u00fcvence alt\u0131na almal\u0131y\u0131z&#8221; ifadelerini kulland\u0131.<\/p>\n<h2>&#13;<br \/>\n\t&#8220;\u0130ran ile Umman aras\u0131nda bir\u00e7ok g\u00f6r\u00fc\u015f birli\u011fi bulunuyor&#8221;<\/h2>\n<p>&#13;<br \/>\n\tDaha sonra Umman ziyareti hakk\u0131nda bilgi veren \u0130ranl\u0131 Bakan, &#8220;\u0130ran ile Umman, H\u00fcrm\u00fcz Bo\u011faz\u0131&#8217;na k\u0131y\u0131s\u0131 olan iki \u00fclkedir ve \u00f6zellikle bu bo\u011fazdan g\u00fcvenli ge\u00e7i\u015fin k\u00fcresel \u00f6l\u00e7ekte \u00f6nemli bir konu haline geldi\u011fi dikkate al\u0131nd\u0131\u011f\u0131nda, birbirleriyle isti\u015fare i\u00e7inde olmalar\u0131 gerekmektedir&#8221; a\u00e7\u0131klamas\u0131nda bulundu.<\/p>\n<p>&#13;<br \/>\n\tH\u00fcrm\u00fcz Bo\u011faz\u0131&#8217;na k\u0131y\u0131s\u0131 olan iki \u00fclke olarak ortak \u00e7\u0131karlar\u0131n sa\u011flanmas\u0131 ve bu konudaki her t\u00fcrl\u00fc ad\u0131mda koordinasyon i\u00e7inde hareket edilmesi i\u00e7in g\u00f6r\u00fc\u015f al\u0131\u015fveri\u015finde bulunulmas\u0131 gerekti\u011fine de\u011finen Arak\u00e7i, \u0130ran ile Umman aras\u0131nda bir\u00e7ok konuda g\u00f6r\u00fc\u015f birli\u011fi bulundu\u011funu, Maskat ziyareti kapsam\u0131nda isti\u015farelerin uzmanlar d\u00fczeyinde s\u00fcrd\u00fcr\u00fclmesi konusunda mutabakata var\u0131ld\u0131\u011f\u0131n\u0131 kaydetti.<\/p>\n<p>&#13;<br \/>\n\t\u0130ran D\u0131\u015fi\u015fleri Bakan\u0131 Arak\u00e7i&#8217;nin bug\u00fcn Rusya ziyaretinde Rus mevkida\u015f\u0131 Sergey Lavrov ve Rusya Devlet Ba\u015fkan\u0131 Vladimir Putin ile g\u00f6r\u00fc\u015fmesi planlan\u0131yor.<\/p>\n<\/p><\/div>\n","protected":false},"excerpt":{"rendered":"<p>&#13; \u0130ran D\u0131\u015fi\u015fleri Bakan\u0131 Abbas Arak\u00e7i, Pakistan&#8217;\u0131n ba\u015fkenti \u0130slamabad&#8217;daki g\u00f6r\u00fc\u015fmelerinin ard\u0131ndan Rusya&#8217;daki resmi temaslar\u0131 kapsam\u0131nda St. Petersburg \u015fehrine gitti. &#13; \u0130ranl\u0131 Bakan, bu \u015fehirde \u00fclkesinin devlet televizyonuna yapt\u0131\u011f\u0131 a\u00e7\u0131klamada, Umman ve Pakistan&#8217;daki temaslar\u0131n\u0131 de\u011ferlendirdi. &#13; &#8220;M\u00fczakerelerin hangi ko\u015fullar alt\u0131nda s\u00fcrd\u00fcr\u00fclebilece\u011fi ele al\u0131nd\u0131&#8221; &#13; \u0130lk olarak Rusya&#8217;da yapaca\u011f\u0131 temaslara de\u011finen Arak\u00e7i, Tahran ile Moskova aras\u0131nda b\u00f6lgesel [&hellip;]<\/p>\n","protected":false},"author":1,"featured_media":34113,"comment_status":"open","ping_status":"open","sticky":false,"template":"","format":"standard","meta":{"jnews-multi-image_gallery":[],"jnews_single_post":[],"jnews_primary_category":[],"jnews_social_meta":[],"jnews_override_counter":[],"footnotes":""},"categories":[2],"tags":[],"class_list":["post-34112","post","type-post","status-publish","format-standard","has-post-thumbnail","hentry","category-dunya"],"yoast_head":"<!-- This site is optimized with the Yoast SEO plugin v27.4 - https:\/\/yoast.com\/product\/yoast-seo-wordpress\/ -->\n<title>\u0130ran D\u0131\u015fi\u015fleri Bakan\u0131 Arak\u00e7i: M\u00fczakerelerde \u00fclkenin \u00e7\u0131karlar\u0131n\u0131 g\u00fcvence alt\u0131na almal\u0131y\u0131z - Haber Ver K\u0131br\u0131s<\/title>\n<meta name=\"robots\" content=\"index, follow, max-snippet:-1, max-image-preview:large, max-video-preview:-1\" \/>\n<link rel=\"canonical\" href=\"https:\/\/haberverkibris.com\/index.php\/2026\/04\/27\/iran-disisleri-bakani-arakci-muzakerelerde-ulkenin-cikarlarini-guvence-altina-almaliyiz\/\" \/>\n<meta property=\"og:locale\" content=\"tr_TR\" \/>\n<meta property=\"og:type\" content=\"article\" \/>\n<meta property=\"og:title\" content=\"\u0130ran D\u0131\u015fi\u015fleri Bakan\u0131 Arak\u00e7i: M\u00fczakerelerde \u00fclkenin \u00e7\u0131karlar\u0131n\u0131 g\u00fcvence alt\u0131na almal\u0131y\u0131z - Haber Ver K\u0131br\u0131s\" \/>\n<meta property=\"og:description\" content=\"&#013; \u0130ran D\u0131\u015fi\u015fleri Bakan\u0131 Abbas Arak\u00e7i, Pakistan&#8217;\u0131n ba\u015fkenti \u0130slamabad&#8217;daki g\u00f6r\u00fc\u015fmelerinin ard\u0131ndan Rusya&#8217;daki resmi temaslar\u0131 kapsam\u0131nda St. Petersburg \u015fehrine gitti. &#013; \u0130ranl\u0131 Bakan, bu \u015fehirde \u00fclkesinin devlet televizyonuna yapt\u0131\u011f\u0131 a\u00e7\u0131klamada, Umman ve Pakistan&#8217;daki temaslar\u0131n\u0131 de\u011ferlendirdi. &#013; &#8220;M\u00fczakerelerin hangi ko\u015fullar alt\u0131nda s\u00fcrd\u00fcr\u00fclebilece\u011fi ele al\u0131nd\u0131&#8221; &#013; \u0130lk olarak Rusya&#8217;da yapaca\u011f\u0131 temaslara de\u011finen Arak\u00e7i, Tahran ile Moskova aras\u0131nda b\u00f6lgesel [&hellip;]\" \/>\n<meta property=\"og:url\" content=\"https:\/\/haberverkibris.com\/index.php\/2026\/04\/27\/iran-disisleri-bakani-arakci-muzakerelerde-ulkenin-cikarlarini-guvence-altina-almaliyiz\/\" \/>\n<meta property=\"og:site_name\" content=\"Haber Ver K\u0131br\u0131s\" \/>\n<meta property=\"article:publisher\" content=\"https:\/\/www.facebook.com\/kuzeyinsesii\" \/>\n<meta property=\"article:published_time\" content=\"2026-04-27T08:18:48+00:00\" \/>\n<meta property=\"og:image\" content=\"https:\/\/trthaberstatic.cdn.wp.trt.com.tr\/resimler\/2356000\/abbas-erakciaa-2356280.jpg\" \/>\n<meta name=\"author\" content=\"Haberver K\u0131br\u0131s\" \/>\n<meta name=\"twitter:card\" content=\"summary_large_image\" \/>\n<meta name=\"twitter:creator\" content=\"@kuzeyinsesii\" \/>\n<meta name=\"twitter:site\" content=\"@kuzeyinsesii\" \/>\n<meta name=\"twitter:label1\" content=\"Yazan:\" \/>\n\t<meta name=\"twitter:data1\" content=\"Haberver K\u0131br\u0131s\" \/>\n\t<meta name=\"twitter:label2\" content=\"Tahmini okuma s\u00fcresi\" \/>\n\t<meta name=\"twitter:data2\" content=\"2 dakika\" \/>\n<script type=\"application\/ld+json\" class=\"yoast-schema-graph\">{\"@context\":\"https:\\\/\\\/schema.org\",\"@graph\":[{\"@type\":\"Article\",\"@id\":\"https:\\\/\\\/haberverkibris.com\\\/index.php\\\/2026\\\/04\\\/27\\\/iran-disisleri-bakani-arakci-muzakerelerde-ulkenin-cikarlarini-guvence-altina-almaliyiz\\\/#article\",\"isPartOf\":{\"@id\":\"https:\\\/\\\/haberverkibris.com\\\/index.php\\\/2026\\\/04\\\/27\\\/iran-disisleri-bakani-arakci-muzakerelerde-ulkenin-cikarlarini-guvence-altina-almaliyiz\\\/\"},\"author\":{\"name\":\"Haberver K\u0131br\u0131s\",\"@id\":\"https:\\\/\\\/haberverkibris.com\\\/#\\\/schema\\\/person\\\/29d65381ed43765483b5a185ded66a56\"},\"headline\":\"\u0130ran D\u0131\u015fi\u015fleri Bakan\u0131 Arak\u00e7i: M\u00fczakerelerde \u00fclkenin \u00e7\u0131karlar\u0131n\u0131 g\u00fcvence alt\u0131na almal\u0131y\u0131z\",\"datePublished\":\"2026-04-27T08:18:48+00:00\",\"mainEntityOfPage\":{\"@id\":\"https:\\\/\\\/haberverkibris.com\\\/index.php\\\/2026\\\/04\\\/27\\\/iran-disisleri-bakani-arakci-muzakerelerde-ulkenin-cikarlarini-guvence-altina-almaliyiz\\\/\"},\"wordCount\":463,\"commentCount\":0,\"image\":{\"@id\":\"https:\\\/\\\/haberverkibris.com\\\/index.php\\\/2026\\\/04\\\/27\\\/iran-disisleri-bakani-arakci-muzakerelerde-ulkenin-cikarlarini-guvence-altina-almaliyiz\\\/#primaryimage\"},\"thumbnailUrl\":\"https:\\\/\\\/haberverkibris.com\\\/wp-content\\\/uploads\\\/2026\\\/04\\\/abbas-erakciaa-2356280.jpg\",\"articleSection\":[\"D\u00fcnya\"],\"inLanguage\":\"tr\",\"potentialAction\":[{\"@type\":\"CommentAction\",\"name\":\"Comment\",\"target\":[\"https:\\\/\\\/haberverkibris.com\\\/index.php\\\/2026\\\/04\\\/27\\\/iran-disisleri-bakani-arakci-muzakerelerde-ulkenin-cikarlarini-guvence-altina-almaliyiz\\\/#respond\"]}]},{\"@type\":\"WebPage\",\"@id\":\"https:\\\/\\\/haberverkibris.com\\\/index.php\\\/2026\\\/04\\\/27\\\/iran-disisleri-bakani-arakci-muzakerelerde-ulkenin-cikarlarini-guvence-altina-almaliyiz\\\/\",\"url\":\"https:\\\/\\\/haberverkibris.com\\\/index.php\\\/2026\\\/04\\\/27\\\/iran-disisleri-bakani-arakci-muzakerelerde-ulkenin-cikarlarini-guvence-altina-almaliyiz\\\/\",\"name\":\"\u0130ran D\u0131\u015fi\u015fleri Bakan\u0131 Arak\u00e7i: M\u00fczakerelerde \u00fclkenin \u00e7\u0131karlar\u0131n\u0131 g\u00fcvence alt\u0131na almal\u0131y\u0131z - Haber Ver K\u0131br\u0131s\",\"isPartOf\":{\"@id\":\"https:\\\/\\\/haberverkibris.com\\\/#website\"},\"primaryImageOfPage\":{\"@id\":\"https:\\\/\\\/haberverkibris.com\\\/index.php\\\/2026\\\/04\\\/27\\\/iran-disisleri-bakani-arakci-muzakerelerde-ulkenin-cikarlarini-guvence-altina-almaliyiz\\\/#primaryimage\"},\"image\":{\"@id\":\"https:\\\/\\\/haberverkibris.com\\\/index.php\\\/2026\\\/04\\\/27\\\/iran-disisleri-bakani-arakci-muzakerelerde-ulkenin-cikarlarini-guvence-altina-almaliyiz\\\/#primaryimage\"},\"thumbnailUrl\":\"https:\\\/\\\/haberverkibris.com\\\/wp-content\\\/uploads\\\/2026\\\/04\\\/abbas-erakciaa-2356280.jpg\",\"datePublished\":\"2026-04-27T08:18:48+00:00\",\"author\":{\"@id\":\"https:\\\/\\\/haberverkibris.com\\\/#\\\/schema\\\/person\\\/29d65381ed43765483b5a185ded66a56\"},\"breadcrumb\":{\"@id\":\"https:\\\/\\\/haberverkibris.com\\\/index.php\\\/2026\\\/04\\\/27\\\/iran-disisleri-bakani-arakci-muzakerelerde-ulkenin-cikarlarini-guvence-altina-almaliyiz\\\/#breadcrumb\"},\"inLanguage\":\"tr\",\"potentialAction\":[{\"@type\":\"ReadAction\",\"target\":[\"https:\\\/\\\/haberverkibris.com\\\/index.php\\\/2026\\\/04\\\/27\\\/iran-disisleri-bakani-arakci-muzakerelerde-ulkenin-cikarlarini-guvence-altina-almaliyiz\\\/\"]}]},{\"@type\":\"ImageObject\",\"inLanguage\":\"tr\",\"@id\":\"https:\\\/\\\/haberverkibris.com\\\/index.php\\\/2026\\\/04\\\/27\\\/iran-disisleri-bakani-arakci-muzakerelerde-ulkenin-cikarlarini-guvence-altina-almaliyiz\\\/#primaryimage\",\"url\":\"https:\\\/\\\/haberverkibris.com\\\/wp-content\\\/uploads\\\/2026\\\/04\\\/abbas-erakciaa-2356280.jpg\",\"contentUrl\":\"https:\\\/\\\/haberverkibris.com\\\/wp-content\\\/uploads\\\/2026\\\/04\\\/abbas-erakciaa-2356280.jpg\",\"width\":1280,\"height\":720},{\"@type\":\"BreadcrumbList\",\"@id\":\"https:\\\/\\\/haberverkibris.com\\\/index.php\\\/2026\\\/04\\\/27\\\/iran-disisleri-bakani-arakci-muzakerelerde-ulkenin-cikarlarini-guvence-altina-almaliyiz\\\/#breadcrumb\",\"itemListElement\":[{\"@type\":\"ListItem\",\"position\":1,\"name\":\"Anasayfa\",\"item\":\"https:\\\/\\\/haberverkibris.com\\\/\"},{\"@type\":\"ListItem\",\"position\":2,\"name\":\"\u0130ran D\u0131\u015fi\u015fleri Bakan\u0131 Arak\u00e7i: M\u00fczakerelerde \u00fclkenin \u00e7\u0131karlar\u0131n\u0131 g\u00fcvence alt\u0131na almal\u0131y\u0131z\"}]},{\"@type\":\"WebSite\",\"@id\":\"https:\\\/\\\/haberverkibris.com\\\/#website\",\"url\":\"https:\\\/\\\/haberverkibris.com\\\/\",\"name\":\"Kuzeyin Sesi\",\"description\":\"Do\u011fru Haberin Adresi\",\"potentialAction\":[{\"@type\":\"SearchAction\",\"target\":{\"@type\":\"EntryPoint\",\"urlTemplate\":\"https:\\\/\\\/haberverkibris.com\\\/?s={search_term_string}\"},\"query-input\":{\"@type\":\"PropertyValueSpecification\",\"valueRequired\":true,\"valueName\":\"search_term_string\"}}],\"inLanguage\":\"tr\"},{\"@type\":\"Person\",\"@id\":\"https:\\\/\\\/haberverkibris.com\\\/#\\\/schema\\\/person\\\/29d65381ed43765483b5a185ded66a56\",\"name\":\"Haberver K\u0131br\u0131s\",\"image\":{\"@type\":\"ImageObject\",\"inLanguage\":\"tr\",\"@id\":\"https:\\\/\\\/secure.gravatar.com\\\/avatar\\\/bab33852abfd8b282518d6ed81826833d77c3c882d9ab608add591ccace47a44?s=96&d=mm&r=g\",\"url\":\"https:\\\/\\\/secure.gravatar.com\\\/avatar\\\/bab33852abfd8b282518d6ed81826833d77c3c882d9ab608add591ccace47a44?s=96&d=mm&r=g\",\"contentUrl\":\"https:\\\/\\\/secure.gravatar.com\\\/avatar\\\/bab33852abfd8b282518d6ed81826833d77c3c882d9ab608add591ccace47a44?s=96&d=mm&r=g\",\"caption\":\"Haberver K\u0131br\u0131s\"},\"sameAs\":[\"https:\\\/\\\/haberverkibris.com\"],\"url\":\"https:\\\/\\\/haberverkibris.com\\\/index.php\\\/author\\\/guven\\\/\"}]}<\/script>\n<!-- \/ Yoast SEO plugin. -->","yoast_head_json":{"title":"\u0130ran D\u0131\u015fi\u015fleri Bakan\u0131 Arak\u00e7i: M\u00fczakerelerde \u00fclkenin \u00e7\u0131karlar\u0131n\u0131 g\u00fcvence alt\u0131na almal\u0131y\u0131z - Haber Ver K\u0131br\u0131s","robots":{"index":"index","follow":"follow","max-snippet":"max-snippet:-1","max-image-preview":"max-image-preview:large","max-video-preview":"max-video-preview:-1"},"canonical":"https:\/\/haberverkibris.com\/index.php\/2026\/04\/27\/iran-disisleri-bakani-arakci-muzakerelerde-ulkenin-cikarlarini-guvence-altina-almaliyiz\/","og_locale":"tr_TR","og_type":"article","og_title":"\u0130ran D\u0131\u015fi\u015fleri Bakan\u0131 Arak\u00e7i: M\u00fczakerelerde \u00fclkenin \u00e7\u0131karlar\u0131n\u0131 g\u00fcvence alt\u0131na almal\u0131y\u0131z - Haber Ver K\u0131br\u0131s","og_description":"&#13; \u0130ran D\u0131\u015fi\u015fleri Bakan\u0131 Abbas Arak\u00e7i, Pakistan&#8217;\u0131n ba\u015fkenti \u0130slamabad&#8217;daki g\u00f6r\u00fc\u015fmelerinin ard\u0131ndan Rusya&#8217;daki resmi temaslar\u0131 kapsam\u0131nda St. Petersburg \u015fehrine gitti. &#13; \u0130ranl\u0131 Bakan, bu \u015fehirde \u00fclkesinin devlet televizyonuna yapt\u0131\u011f\u0131 a\u00e7\u0131klamada, Umman ve Pakistan&#8217;daki temaslar\u0131n\u0131 de\u011ferlendirdi. &#13; &#8220;M\u00fczakerelerin hangi ko\u015fullar alt\u0131nda s\u00fcrd\u00fcr\u00fclebilece\u011fi ele al\u0131nd\u0131&#8221; &#13; \u0130lk olarak Rusya&#8217;da yapaca\u011f\u0131 temaslara de\u011finen Arak\u00e7i, Tahran ile Moskova aras\u0131nda b\u00f6lgesel [&hellip;]","og_url":"https:\/\/haberverkibris.com\/index.php\/2026\/04\/27\/iran-disisleri-bakani-arakci-muzakerelerde-ulkenin-cikarlarini-guvence-altina-almaliyiz\/","og_site_name":"Haber Ver K\u0131br\u0131s","article_publisher":"https:\/\/www.facebook.com\/kuzeyinsesii","article_published_time":"2026-04-27T08:18:48+00:00","og_image":[{"url":"https:\/\/trthaberstatic.cdn.wp.trt.com.tr\/resimler\/2356000\/abbas-erakciaa-2356280.jpg","type":"","width":"","height":""}],"author":"Haberver K\u0131br\u0131s","twitter_card":"summary_large_image","twitter_creator":"@kuzeyinsesii","twitter_site":"@kuzeyinsesii","twitter_misc":{"Yazan:":"Haberver K\u0131br\u0131s","Tahmini okuma s\u00fcresi":"2 dakika"},"schema":{"@context":"https:\/\/schema.org","@graph":[{"@type":"Article","@id":"https:\/\/haberverkibris.com\/index.php\/2026\/04\/27\/iran-disisleri-bakani-arakci-muzakerelerde-ulkenin-cikarlarini-guvence-altina-almaliyiz\/#article","isPartOf":{"@id":"https:\/\/haberverkibris.com\/index.php\/2026\/04\/27\/iran-disisleri-bakani-arakci-muzakerelerde-ulkenin-cikarlarini-guvence-altina-almaliyiz\/"},"author":{"name":"Haberver K\u0131br\u0131s","@id":"https:\/\/haberverkibris.com\/#\/schema\/person\/29d65381ed43765483b5a185ded66a56"},"headline":"\u0130ran D\u0131\u015fi\u015fleri Bakan\u0131 Arak\u00e7i: M\u00fczakerelerde \u00fclkenin \u00e7\u0131karlar\u0131n\u0131 g\u00fcvence alt\u0131na almal\u0131y\u0131z","datePublished":"2026-04-27T08:18:48+00:00","mainEntityOfPage":{"@id":"https:\/\/haberverkibris.com\/index.php\/2026\/04\/27\/iran-disisleri-bakani-arakci-muzakerelerde-ulkenin-cikarlarini-guvence-altina-almaliyiz\/"},"wordCount":463,"commentCount":0,"image":{"@id":"https:\/\/haberverkibris.com\/index.php\/2026\/04\/27\/iran-disisleri-bakani-arakci-muzakerelerde-ulkenin-cikarlarini-guvence-altina-almaliyiz\/#primaryimage"},"thumbnailUrl":"https:\/\/haberverkibris.com\/wp-content\/uploads\/2026\/04\/abbas-erakciaa-2356280.jpg","articleSection":["D\u00fcnya"],"inLanguage":"tr","potentialAction":[{"@type":"CommentAction","name":"Comment","target":["https:\/\/haberverkibris.com\/index.php\/2026\/04\/27\/iran-disisleri-bakani-arakci-muzakerelerde-ulkenin-cikarlarini-guvence-altina-almaliyiz\/#respond"]}]},{"@type":"WebPage","@id":"https:\/\/haberverkibris.com\/index.php\/2026\/04\/27\/iran-disisleri-bakani-arakci-muzakerelerde-ulkenin-cikarlarini-guvence-altina-almaliyiz\/","url":"https:\/\/haberverkibris.com\/index.php\/2026\/04\/27\/iran-disisleri-bakani-arakci-muzakerelerde-ulkenin-cikarlarini-guvence-altina-almaliyiz\/","name":"\u0130ran D\u0131\u015fi\u015fleri Bakan\u0131 Arak\u00e7i: M\u00fczakerelerde \u00fclkenin \u00e7\u0131karlar\u0131n\u0131 g\u00fcvence alt\u0131na almal\u0131y\u0131z - Haber Ver K\u0131br\u0131s","isPartOf":{"@id":"https:\/\/haberverkibris.com\/#website"},"primaryImageOfPage":{"@id":"https:\/\/haberverkibris.com\/index.php\/2026\/04\/27\/iran-disisleri-bakani-arakci-muzakerelerde-ulkenin-cikarlarini-guvence-altina-almaliyiz\/#primaryimage"},"image":{"@id":"https:\/\/haberverkibris.com\/index.php\/2026\/04\/27\/iran-disisleri-bakani-arakci-muzakerelerde-ulkenin-cikarlarini-guvence-altina-almaliyiz\/#primaryimage"},"thumbnailUrl":"https:\/\/haberverkibris.com\/wp-content\/uploads\/2026\/04\/abbas-erakciaa-2356280.jpg","datePublished":"2026-04-27T08:18:48+00:00","author":{"@id":"https:\/\/haberverkibris.com\/#\/schema\/person\/29d65381ed43765483b5a185ded66a56"},"breadcrumb":{"@id":"https:\/\/haberverkibris.com\/index.php\/2026\/04\/27\/iran-disisleri-bakani-arakci-muzakerelerde-ulkenin-cikarlarini-guvence-altina-almaliyiz\/#breadcrumb"},"inLanguage":"tr","potentialAction":[{"@type":"ReadAction","target":["https:\/\/haberverkibris.com\/index.php\/2026\/04\/27\/iran-disisleri-bakani-arakci-muzakerelerde-ulkenin-cikarlarini-guvence-altina-almaliyiz\/"]}]},{"@type":"ImageObject","inLanguage":"tr","@id":"https:\/\/haberverkibris.com\/index.php\/2026\/04\/27\/iran-disisleri-bakani-arakci-muzakerelerde-ulkenin-cikarlarini-guvence-altina-almaliyiz\/#primaryimage","url":"https:\/\/haberverkibris.com\/wp-content\/uploads\/2026\/04\/abbas-erakciaa-2356280.jpg","contentUrl":"https:\/\/haberverkibris.com\/wp-content\/uploads\/2026\/04\/abbas-erakciaa-2356280.jpg","width":1280,"height":720},{"@type":"BreadcrumbList","@id":"https:\/\/haberverkibris.com\/index.php\/2026\/04\/27\/iran-disisleri-bakani-arakci-muzakerelerde-ulkenin-cikarlarini-guvence-altina-almaliyiz\/#breadcrumb","itemListElement":[{"@type":"ListItem","position":1,"name":"Anasayfa","item":"https:\/\/haberverkibris.com\/"},{"@type":"ListItem","position":2,"name":"\u0130ran D\u0131\u015fi\u015fleri Bakan\u0131 Arak\u00e7i: M\u00fczakerelerde \u00fclkenin \u00e7\u0131karlar\u0131n\u0131 g\u00fcvence alt\u0131na almal\u0131y\u0131z"}]},{"@type":"WebSite","@id":"https:\/\/haberverkibris.com\/#website","url":"https:\/\/haberverkibris.com\/","name":"Kuzeyin Sesi","description":"Do\u011fru Haberin Adresi","potentialAction":[{"@type":"SearchAction","target":{"@type":"EntryPoint","urlTemplate":"https:\/\/haberverkibris.com\/?s={search_term_string}"},"query-input":{"@type":"PropertyValueSpecification","valueRequired":true,"valueName":"search_term_string"}}],"inLanguage":"tr"},{"@type":"Person","@id":"https:\/\/haberverkibris.com\/#\/schema\/person\/29d65381ed43765483b5a185ded66a56","name":"Haberver K\u0131br\u0131s","image":{"@type":"ImageObject","inLanguage":"tr","@id":"https:\/\/secure.gravatar.com\/avatar\/bab33852abfd8b282518d6ed81826833d77c3c882d9ab608add591ccace47a44?s=96&d=mm&r=g","url":"https:\/\/secure.gravatar.com\/avatar\/bab33852abfd8b282518d6ed81826833d77c3c882d9ab608add591ccace47a44?s=96&d=mm&r=g","contentUrl":"https:\/\/secure.gravatar.com\/avatar\/bab33852abfd8b282518d6ed81826833d77c3c882d9ab608add591ccace47a44?s=96&d=mm&r=g","caption":"Haberver K\u0131br\u0131s"},"sameAs":["https:\/\/haberverkibris.com"],"url":"https:\/\/haberverkibris.com\/index.php\/author\/guven\/"}]}},"_links":{"self":[{"href":"https:\/\/haberverkibris.com\/index.php\/wp-json\/wp\/v2\/posts\/34112","targetHints":{"allow":["GET"]}}],"collection":[{"href":"https:\/\/haberverkibris.com\/index.php\/wp-json\/wp\/v2\/posts"}],"about":[{"href":"https:\/\/haberverkibris.com\/index.php\/wp-json\/wp\/v2\/types\/post"}],"author":[{"embeddable":true,"href":"https:\/\/haberverkibris.com\/index.php\/wp-json\/wp\/v2\/users\/1"}],"replies":[{"embeddable":true,"href":"https:\/\/haberverkibris.com\/index.php\/wp-json\/wp\/v2\/comments?post=34112"}],"version-history":[{"count":0,"href":"https:\/\/haberverkibris.com\/index.php\/wp-json\/wp\/v2\/posts\/34112\/revisions"}],"wp:featuredmedia":[{"embeddable":true,"href":"https:\/\/haberverkibris.com\/index.php\/wp-json\/wp\/v2\/media\/34113"}],"wp:attachment":[{"href":"https:\/\/haberverkibris.com\/index.php\/wp-json\/wp\/v2\/media?parent=34112"}],"wp:term":[{"taxonomy":"category","embeddable":true,"href":"https:\/\/haberverkibris.com\/index.php\/wp-json\/wp\/v2\/categories?post=34112"},{"taxonomy":"post_tag","embeddable":true,"href":"https:\/\/haberverkibris.com\/index.php\/wp-json\/wp\/v2\/tags?post=34112"}],"curies":[{"name":"wp","href":"https:\/\/api.w.org\/{rel}","templated":true}]}}