{"id":34100,"date":"2026-04-27T10:50:07","date_gmt":"2026-04-27T07:50:07","guid":{"rendered":"https:\/\/haberverkibris.com\/index.php\/2026\/04\/27\/akpinar-turkiyeye-yonelik-sistematik-olumsuzlama-iceren-soylemler-kabul-edilemez\/"},"modified":"2026-04-27T10:50:19","modified_gmt":"2026-04-27T07:50:19","slug":"akpinar-turkiyeye-yonelik-sistematik-olumsuzlama-iceren-soylemler-kabul-edilemez","status":"publish","type":"post","link":"https:\/\/haberverkibris.com\/index.php\/2026\/04\/27\/akpinar-turkiyeye-yonelik-sistematik-olumsuzlama-iceren-soylemler-kabul-edilemez\/","title":{"rendered":"Akp\u0131nar: T\u00fcrkiye\u2019ye y\u00f6nelik sistematik olumsuzlama i\u00e7eren s\u00f6ylemler kabul edilemez"},"content":{"rendered":"<p>Demokrat Parti (DP) Genel Sekreteri, Girne Milletvekili Serhat Akp\u0131nar, herhangi bir bireyin veya grubun, \u201cifade\/d\u00fc\u015f\u00fcnce \u00f6zg\u00fcrl\u00fc\u011f\u00fc\u201d ad\u0131 alt\u0131nda T\u00fcrkiye Cumhuriyeti\u2019ne y\u00f6nelik hakaret, d\u00fc\u015fmanl\u0131k veya sistematik olumsuzlama i\u00e7eren s\u00f6ylemler geli\u015ftirmesinin \u201ckabul edilebilir\u201d olmad\u0131\u011f\u0131n\u0131 belirtti.<\/p>\n<p>Akp\u0131nar yapt\u0131\u011f\u0131 yaz\u0131l\u0131 a\u00e7\u0131klamada, son y\u0131llarda baz\u0131 K\u0131br\u0131sl\u0131 T\u00fcrk vatanda\u015flar\u0131n, T\u00fcrkiye Cumhuriyeti\u2019ne giri\u015flerinin ilgili mevzuat \u00e7er\u00e7evesinde s\u0131n\u0131rland\u0131r\u0131lmas\u0131 veya engellenmesinin kamuoyunda tart\u0131\u015fmalara neden oldu\u011funa i\u015faret etti.<\/p>\n<p>Bu konunun \u00f6zellikle belirli \u00e7evreler taraf\u0131ndan siyasi bir gerilim alan\u0131na d\u00f6n\u00fc\u015ft\u00fcr\u00fcld\u00fc\u011f\u00fcn\u00fc, T\u00fcrkiye\u2019ye y\u00f6nelik haks\u0131z ve \u00f6l\u00e7\u00fcs\u00fcz s\u00f6ylemlerle toplumda ayr\u0131\u015fma yarat\u0131lmaya \u00e7al\u0131\u015f\u0131ld\u0131\u011f\u0131n\u0131 ifade eden Akp\u0131nar, ge\u00e7en g\u00fcnlerde bir akademisyenin T\u00fcrkiye\u2019ye giri\u015finin engellenmesi \u00fczerinden yeniden alevlendirilen bu tart\u0131\u015fmalar\u0131n, baz\u0131 kesimlerde T\u00fcrkiye Cumhuriyeti\u2019ne kar\u015f\u0131 \u201ckabul edilemez\u201d bir dilin kullan\u0131lmas\u0131na zemin haz\u0131rlad\u0131\u011f\u0131n\u0131 kaydetti.<\/p>\n<p><strong>\u201cK\u0131br\u0131s T\u00fcrk\u00fc\u2019n\u00fcn g\u00fcvenli\u011fi, varl\u0131\u011f\u0131 ve gelece\u011fi a\u00e7\u0131s\u0131ndan en temel dayanak her zaman T\u00fcrkiye Cumhuriyeti olmu\u015ftur\u201d<\/strong><\/p>\n<p>K\u0131br\u0131s T\u00fcrk halk\u0131n\u0131n, tarihsel olarak istisnai bir konuma sahip oldu\u011funu belirten Akp\u0131nar, uluslararas\u0131 alanda sadece T\u00fcrkiye Cumhuriyeti taraf\u0131ndan tan\u0131nm\u0131\u015f bir devlet yap\u0131s\u0131 i\u00e7erisinde, varolu\u015f m\u00fccadelesinin s\u00fcrd\u00fcr\u00fcld\u00fc\u011f\u00fcn\u00fc ifade ederek, \u015f\u00f6yle devam etti:<\/p>\n<p>\u201cBu m\u00fccadele, siyasi bir m\u00fccadelenin \u00f6tesindedir. Toplumsal, ekonomik ve k\u00fclt\u00fcrel bir direni\u015fin ad\u0131d\u0131r. Bu ger\u00e7eklik i\u00e7inde, K\u0131br\u0131s T\u00fcrk\u00fc\u2019n\u00fcn g\u00fcvenli\u011fi, varl\u0131\u011f\u0131 ve gelece\u011fi a\u00e7\u0131s\u0131ndan en temel dayanak her zaman T\u00fcrkiye Cumhuriyeti olmu\u015ftur.\u201d<\/p>\n<p>1571\u2019den bug\u00fcne uzanan tarihsel s\u00fcre\u00e7te ve \u00f6zellikle modern d\u00f6nemde, K\u0131br\u0131s T\u00fcrk halk\u0131n\u0131n varolu\u015funun \u00f6denen bedeller, yap\u0131lan fedakarl\u0131klar ve kurulan g\u00fc\u00e7l\u00fc ba\u011flarla \u015fekillendi\u011fini ifade eden Akp\u0131nar, \u201cBu ba\u011f, basit bir siyasi ili\u015fki de\u011fildir. Tarih, kader ve ortak m\u00fccadele ile in\u015fa edilmi\u015f bir birlikteliktir\u201d dedi.<\/p>\n<p><strong>\u201cT\u00fcrkiye Cumhuriyeti kendi hukuk d\u00fczeni i\u00e7erisinde gerekli g\u00f6rd\u00fc\u011f\u00fc tedbirleri alma hakk\u0131na sahiptir\u201d<\/strong><\/p>\n<p>Bu \u00e7er\u00e7evede, herhangi bir bireyin veya grubun, \u201cifade\/d\u00fc\u015f\u00fcnce \u00f6zg\u00fcrl\u00fc\u011f\u00fc\u201d ad\u0131 alt\u0131nda T\u00fcrkiye Cumhuriyeti\u2019ne y\u00f6nelik hakaret, d\u00fc\u015fmanl\u0131k veya sistematik olumsuzlama i\u00e7eren s\u00f6ylemler geli\u015ftirmesinin \u201ckabul edilebilir\u201d olmad\u0131\u011f\u0131n\u0131 kaydeden Akp\u0131nar, her egemen devlet gibi T\u00fcrkiye Cumhuriyeti\u2019nin de kendi hukuk d\u00fczeni i\u00e7erisinde gerekli g\u00f6rd\u00fc\u011f\u00fc tedbirleri alma hakk\u0131na sahip oldu\u011funu belirtti.<\/p>\n<p>Benzer durumlarda Kuzey K\u0131br\u0131s T\u00fcrk Cumhuriyeti\u2019nin de, kendi egemenlik haklar\u0131 \u00e7er\u00e7evesinde hareket etti\u011fini ve s\u0131n\u0131r d\u0131\u015f\u0131 kararlar\u0131 uygulad\u0131\u011f\u0131n\u0131 ifade eden Akp\u0131nar, \u201cBu nedenle al\u0131nan kararlar\u0131 tek tarafl\u0131 bir ele\u015ftiri konusu haline getirmek ger\u00e7eklikten uzak ve iyi niyetten yoksundur\u201d dedi.<\/p>\n<p>Buradaki as\u0131l sorumlulu\u011fun h\u00fck\u00fcmete d\u00fc\u015ft\u00fc\u011f\u00fcn\u00fc kaydeden Serhat Akp\u0131nar, \u201cK\u0131br\u0131s T\u00fcrk halk\u0131n\u0131n beklentilerini, hassasiyetlerini ve ya\u015fad\u0131\u011f\u0131 zorluklar\u0131 do\u011fru bir dil ve etkin bir diplomasi ile T\u00fcrkiye Cumhuriyeti\u2019ne anlatmak, yanl\u0131\u015f anla\u015f\u0131lmalar\u0131 en aza indirecek sa\u011fduyulu ileti\u015fim kanallar\u0131n\u0131 a\u00e7\u0131k tutmak zorunday\u0131z\u201d ifadelerini kulland\u0131.<\/p>\n<p>T\u00fcrkiye Cumhuriyeti\u2019nin b\u00fcy\u00fck bir devlet oldu\u011funun alt\u0131n\u0131 \u00e7izen Akp\u0131nar, \u201cAncak bu b\u00fcy\u00fckl\u00fck, kar\u015f\u0131l\u0131kl\u0131 anlay\u0131\u015f ve do\u011fru ileti\u015fimle daha da anlam kazan\u0131r. Bizim g\u00f6revimiz, bu ili\u015fkiyi zedelemek de\u011fildir, g\u00fc\u00e7lendirmektir\u201d dedi.<\/p>\n<p>Akp\u0131nar, Demokrat Parti\u2019nin, \u201cK\u0131br\u0131s T\u00fcrk halk\u0131n\u0131 b\u00f6lmeye \u00e7al\u0131\u015fan, kendi insan\u0131n\u0131 kendi insan\u0131na d\u00fc\u015fman eden ve bu s\u00fcreci siyasi kazan\u00e7 olarak g\u00f6ren\u201d her anlay\u0131\u015f\u0131n kar\u015f\u0131s\u0131nda olaca\u011f\u0131n\u0131 vurgulad\u0131.<\/p>\n<p>K\u0131br\u0131s T\u00fcrk halk\u0131n\u0131n, etraf\u0131ndaki siyasi geli\u015fmeleri yak\u0131ndan izledi\u011fini ifade eden Akp\u0131nar, Fransa Cumhurba\u015fkan\u0131 Emmanuel Macron\u2019un G\u00fcney K\u0131br\u0131s ziyaretinde yapt\u0131\u011f\u0131 a\u00e7\u0131klamalar\u0131n, b\u00f6lgesel dengelerin ne kadar hassas oldu\u011funu bir kez daha ortaya koydu\u011funu kaydetti.<\/p>\n<p>Akp\u0131nar, \u201cB\u00f6ylesi bir tabloda, K\u0131br\u0131s T\u00fcrk halk\u0131n\u0131n nerede duraca\u011f\u0131 tart\u0131\u015fma konusu dahi olamaz. Kuzey K\u0131br\u0131s T\u00fcrk Cumhuriyeti, her ko\u015fulda T\u00fcrkiye Cumhuriyeti\u2019nin yan\u0131nda yer alacakt\u0131r. Bu bir tercih de\u011fildir, tarihsel bir sorumluluk ve varolu\u015fsal bir gerekliliktir\u201d dedi.<\/p>\n<p><strong>\u201cBirli\u011fe, sa\u011fduyuya ve ortak akla her zamankinden daha fazla ihtiya\u00e7 duydu\u011fumuz bir d\u00f6nemden ge\u00e7iyoruz\u201d<\/strong><\/p>\n<p>DP Genel Sekreteri Akp\u0131nar a\u00e7\u0131klamas\u0131nda son olarak \u015fu ifadelere yer verdi:<\/p>\n<p>\u201cKimse art\u0131k sava\u015f istemiyor. K\u00fcresel tehdit d\u00fc\u015f\u00fcnce olu\u015fumlar\u0131n\u0131n d\u0131\u015f\u0131nda ortak insani de\u011ferlerle gelece\u011fe yol alma odakl\u0131 hareket etmeliyiz. Kendi i\u00e7 meselelerimizi tart\u0131\u015f\u0131rken, \u00f6z\u00fcm\u00fcz\u00fc zay\u0131flatacak, bizi birbirimize d\u00fc\u015f\u00fcrecek ve tarihsel ba\u011flar\u0131m\u0131z\u0131 hedef alacak bir dilin kimseye faydas\u0131 yoktur. Birli\u011fe, sa\u011fduyuya ve ortak akla her zamankinden daha fazla ihtiya\u00e7 duydu\u011fumuz bir d\u00f6nemden ge\u00e7iyoruz.\u201d<\/p>\n","protected":false},"excerpt":{"rendered":"<p>Demokrat Parti (DP) Genel Sekreteri, Girne Milletvekili Serhat Akp\u0131nar, herhangi bir bireyin veya grubun, \u201cifade\/d\u00fc\u015f\u00fcnce \u00f6zg\u00fcrl\u00fc\u011f\u00fc\u201d ad\u0131 alt\u0131nda T\u00fcrkiye Cumhuriyeti\u2019ne y\u00f6nelik hakaret, d\u00fc\u015fmanl\u0131k veya sistematik olumsuzlama i\u00e7eren s\u00f6ylemler geli\u015ftirmesinin \u201ckabul edilebilir\u201d olmad\u0131\u011f\u0131n\u0131 belirtti. Akp\u0131nar yapt\u0131\u011f\u0131 yaz\u0131l\u0131 a\u00e7\u0131klamada, son y\u0131llarda baz\u0131 K\u0131br\u0131sl\u0131 T\u00fcrk vatanda\u015flar\u0131n, T\u00fcrkiye Cumhuriyeti\u2019ne giri\u015flerinin ilgili mevzuat \u00e7er\u00e7evesinde s\u0131n\u0131rland\u0131r\u0131lmas\u0131 veya engellenmesinin kamuoyunda tart\u0131\u015fmalara neden [&hellip;]<\/p>\n","protected":false},"author":1,"featured_media":34101,"comment_status":"open","ping_status":"open","sticky":false,"template":"","format":"standard","meta":{"jnews-multi-image_gallery":[],"jnews_single_post":[],"jnews_primary_category":[],"jnews_social_meta":[],"jnews_override_counter":[],"footnotes":""},"categories":[1],"tags":[],"class_list":["post-34100","post","type-post","status-publish","format-standard","has-post-thumbnail","hentry","category-kibris"],"yoast_head":"<!-- This site is optimized with the Yoast SEO plugin v27.4 - https:\/\/yoast.com\/product\/yoast-seo-wordpress\/ -->\n<title>Akp\u0131nar: T\u00fcrkiye\u2019ye y\u00f6nelik sistematik olumsuzlama i\u00e7eren s\u00f6ylemler kabul edilemez - Haber Ver K\u0131br\u0131s<\/title>\n<meta name=\"robots\" content=\"index, follow, max-snippet:-1, max-image-preview:large, max-video-preview:-1\" \/>\n<link rel=\"canonical\" href=\"https:\/\/haberverkibris.com\/index.php\/2026\/04\/27\/akpinar-turkiyeye-yonelik-sistematik-olumsuzlama-iceren-soylemler-kabul-edilemez\/\" \/>\n<meta property=\"og:locale\" content=\"tr_TR\" \/>\n<meta property=\"og:type\" content=\"article\" \/>\n<meta property=\"og:title\" content=\"Akp\u0131nar: T\u00fcrkiye\u2019ye y\u00f6nelik sistematik olumsuzlama i\u00e7eren s\u00f6ylemler kabul edilemez - Haber Ver K\u0131br\u0131s\" \/>\n<meta property=\"og:description\" content=\"Demokrat Parti (DP) Genel Sekreteri, Girne Milletvekili Serhat Akp\u0131nar, herhangi bir bireyin veya grubun, \u201cifade\/d\u00fc\u015f\u00fcnce \u00f6zg\u00fcrl\u00fc\u011f\u00fc\u201d ad\u0131 alt\u0131nda T\u00fcrkiye Cumhuriyeti\u2019ne y\u00f6nelik hakaret, d\u00fc\u015fmanl\u0131k veya sistematik olumsuzlama i\u00e7eren s\u00f6ylemler geli\u015ftirmesinin \u201ckabul edilebilir\u201d olmad\u0131\u011f\u0131n\u0131 belirtti. Akp\u0131nar yapt\u0131\u011f\u0131 yaz\u0131l\u0131 a\u00e7\u0131klamada, son y\u0131llarda baz\u0131 K\u0131br\u0131sl\u0131 T\u00fcrk vatanda\u015flar\u0131n, T\u00fcrkiye Cumhuriyeti\u2019ne giri\u015flerinin ilgili mevzuat \u00e7er\u00e7evesinde s\u0131n\u0131rland\u0131r\u0131lmas\u0131 veya engellenmesinin kamuoyunda tart\u0131\u015fmalara neden [&hellip;]\" \/>\n<meta property=\"og:url\" content=\"https:\/\/haberverkibris.com\/index.php\/2026\/04\/27\/akpinar-turkiyeye-yonelik-sistematik-olumsuzlama-iceren-soylemler-kabul-edilemez\/\" \/>\n<meta property=\"og:site_name\" content=\"Haber Ver K\u0131br\u0131s\" \/>\n<meta property=\"article:publisher\" content=\"https:\/\/www.facebook.com\/kuzeyinsesii\" \/>\n<meta property=\"article:published_time\" content=\"2026-04-27T07:50:07+00:00\" \/>\n<meta property=\"article:modified_time\" content=\"2026-04-27T07:50:19+00:00\" \/>\n<meta property=\"og:image\" content=\"https:\/\/haberverkibris.com\/wp-content\/uploads\/2026\/04\/ESKI-9.jpg\" \/>\n\t<meta property=\"og:image:width\" content=\"1214\" \/>\n\t<meta property=\"og:image:height\" content=\"689\" \/>\n\t<meta property=\"og:image:type\" content=\"image\/jpeg\" \/>\n<meta name=\"author\" content=\"Haberver K\u0131br\u0131s\" \/>\n<meta name=\"twitter:card\" content=\"summary_large_image\" \/>\n<meta name=\"twitter:creator\" content=\"@kuzeyinsesii\" \/>\n<meta name=\"twitter:site\" content=\"@kuzeyinsesii\" \/>\n<meta name=\"twitter:label1\" content=\"Yazan:\" \/>\n\t<meta name=\"twitter:data1\" content=\"Haberver K\u0131br\u0131s\" \/>\n\t<meta name=\"twitter:label2\" content=\"Tahmini okuma s\u00fcresi\" \/>\n\t<meta name=\"twitter:data2\" content=\"4 dakika\" \/>\n<script type=\"application\/ld+json\" class=\"yoast-schema-graph\">{\"@context\":\"https:\\\/\\\/schema.org\",\"@graph\":[{\"@type\":\"Article\",\"@id\":\"https:\\\/\\\/haberverkibris.com\\\/index.php\\\/2026\\\/04\\\/27\\\/akpinar-turkiyeye-yonelik-sistematik-olumsuzlama-iceren-soylemler-kabul-edilemez\\\/#article\",\"isPartOf\":{\"@id\":\"https:\\\/\\\/haberverkibris.com\\\/index.php\\\/2026\\\/04\\\/27\\\/akpinar-turkiyeye-yonelik-sistematik-olumsuzlama-iceren-soylemler-kabul-edilemez\\\/\"},\"author\":{\"name\":\"Haberver K\u0131br\u0131s\",\"@id\":\"https:\\\/\\\/haberverkibris.com\\\/#\\\/schema\\\/person\\\/29d65381ed43765483b5a185ded66a56\"},\"headline\":\"Akp\u0131nar: T\u00fcrkiye\u2019ye y\u00f6nelik sistematik olumsuzlama i\u00e7eren s\u00f6ylemler kabul edilemez\",\"datePublished\":\"2026-04-27T07:50:07+00:00\",\"dateModified\":\"2026-04-27T07:50:19+00:00\",\"mainEntityOfPage\":{\"@id\":\"https:\\\/\\\/haberverkibris.com\\\/index.php\\\/2026\\\/04\\\/27\\\/akpinar-turkiyeye-yonelik-sistematik-olumsuzlama-iceren-soylemler-kabul-edilemez\\\/\"},\"wordCount\":880,\"commentCount\":0,\"image\":{\"@id\":\"https:\\\/\\\/haberverkibris.com\\\/index.php\\\/2026\\\/04\\\/27\\\/akpinar-turkiyeye-yonelik-sistematik-olumsuzlama-iceren-soylemler-kabul-edilemez\\\/#primaryimage\"},\"thumbnailUrl\":\"https:\\\/\\\/haberverkibris.com\\\/wp-content\\\/uploads\\\/2026\\\/04\\\/ESKI-9.jpg\",\"articleSection\":[\"K\u0131br\u0131s\"],\"inLanguage\":\"tr\",\"potentialAction\":[{\"@type\":\"CommentAction\",\"name\":\"Comment\",\"target\":[\"https:\\\/\\\/haberverkibris.com\\\/index.php\\\/2026\\\/04\\\/27\\\/akpinar-turkiyeye-yonelik-sistematik-olumsuzlama-iceren-soylemler-kabul-edilemez\\\/#respond\"]}]},{\"@type\":\"WebPage\",\"@id\":\"https:\\\/\\\/haberverkibris.com\\\/index.php\\\/2026\\\/04\\\/27\\\/akpinar-turkiyeye-yonelik-sistematik-olumsuzlama-iceren-soylemler-kabul-edilemez\\\/\",\"url\":\"https:\\\/\\\/haberverkibris.com\\\/index.php\\\/2026\\\/04\\\/27\\\/akpinar-turkiyeye-yonelik-sistematik-olumsuzlama-iceren-soylemler-kabul-edilemez\\\/\",\"name\":\"Akp\u0131nar: T\u00fcrkiye\u2019ye y\u00f6nelik sistematik olumsuzlama i\u00e7eren s\u00f6ylemler kabul edilemez - Haber Ver K\u0131br\u0131s\",\"isPartOf\":{\"@id\":\"https:\\\/\\\/haberverkibris.com\\\/#website\"},\"primaryImageOfPage\":{\"@id\":\"https:\\\/\\\/haberverkibris.com\\\/index.php\\\/2026\\\/04\\\/27\\\/akpinar-turkiyeye-yonelik-sistematik-olumsuzlama-iceren-soylemler-kabul-edilemez\\\/#primaryimage\"},\"image\":{\"@id\":\"https:\\\/\\\/haberverkibris.com\\\/index.php\\\/2026\\\/04\\\/27\\\/akpinar-turkiyeye-yonelik-sistematik-olumsuzlama-iceren-soylemler-kabul-edilemez\\\/#primaryimage\"},\"thumbnailUrl\":\"https:\\\/\\\/haberverkibris.com\\\/wp-content\\\/uploads\\\/2026\\\/04\\\/ESKI-9.jpg\",\"datePublished\":\"2026-04-27T07:50:07+00:00\",\"dateModified\":\"2026-04-27T07:50:19+00:00\",\"author\":{\"@id\":\"https:\\\/\\\/haberverkibris.com\\\/#\\\/schema\\\/person\\\/29d65381ed43765483b5a185ded66a56\"},\"breadcrumb\":{\"@id\":\"https:\\\/\\\/haberverkibris.com\\\/index.php\\\/2026\\\/04\\\/27\\\/akpinar-turkiyeye-yonelik-sistematik-olumsuzlama-iceren-soylemler-kabul-edilemez\\\/#breadcrumb\"},\"inLanguage\":\"tr\",\"potentialAction\":[{\"@type\":\"ReadAction\",\"target\":[\"https:\\\/\\\/haberverkibris.com\\\/index.php\\\/2026\\\/04\\\/27\\\/akpinar-turkiyeye-yonelik-sistematik-olumsuzlama-iceren-soylemler-kabul-edilemez\\\/\"]}]},{\"@type\":\"ImageObject\",\"inLanguage\":\"tr\",\"@id\":\"https:\\\/\\\/haberverkibris.com\\\/index.php\\\/2026\\\/04\\\/27\\\/akpinar-turkiyeye-yonelik-sistematik-olumsuzlama-iceren-soylemler-kabul-edilemez\\\/#primaryimage\",\"url\":\"https:\\\/\\\/haberverkibris.com\\\/wp-content\\\/uploads\\\/2026\\\/04\\\/ESKI-9.jpg\",\"contentUrl\":\"https:\\\/\\\/haberverkibris.com\\\/wp-content\\\/uploads\\\/2026\\\/04\\\/ESKI-9.jpg\",\"width\":1214,\"height\":689},{\"@type\":\"BreadcrumbList\",\"@id\":\"https:\\\/\\\/haberverkibris.com\\\/index.php\\\/2026\\\/04\\\/27\\\/akpinar-turkiyeye-yonelik-sistematik-olumsuzlama-iceren-soylemler-kabul-edilemez\\\/#breadcrumb\",\"itemListElement\":[{\"@type\":\"ListItem\",\"position\":1,\"name\":\"Anasayfa\",\"item\":\"https:\\\/\\\/haberverkibris.com\\\/\"},{\"@type\":\"ListItem\",\"position\":2,\"name\":\"Akp\u0131nar: T\u00fcrkiye\u2019ye y\u00f6nelik sistematik olumsuzlama i\u00e7eren s\u00f6ylemler kabul edilemez\"}]},{\"@type\":\"WebSite\",\"@id\":\"https:\\\/\\\/haberverkibris.com\\\/#website\",\"url\":\"https:\\\/\\\/haberverkibris.com\\\/\",\"name\":\"Kuzeyin Sesi\",\"description\":\"Do\u011fru Haberin Adresi\",\"potentialAction\":[{\"@type\":\"SearchAction\",\"target\":{\"@type\":\"EntryPoint\",\"urlTemplate\":\"https:\\\/\\\/haberverkibris.com\\\/?s={search_term_string}\"},\"query-input\":{\"@type\":\"PropertyValueSpecification\",\"valueRequired\":true,\"valueName\":\"search_term_string\"}}],\"inLanguage\":\"tr\"},{\"@type\":\"Person\",\"@id\":\"https:\\\/\\\/haberverkibris.com\\\/#\\\/schema\\\/person\\\/29d65381ed43765483b5a185ded66a56\",\"name\":\"Haberver K\u0131br\u0131s\",\"image\":{\"@type\":\"ImageObject\",\"inLanguage\":\"tr\",\"@id\":\"https:\\\/\\\/secure.gravatar.com\\\/avatar\\\/bab33852abfd8b282518d6ed81826833d77c3c882d9ab608add591ccace47a44?s=96&d=mm&r=g\",\"url\":\"https:\\\/\\\/secure.gravatar.com\\\/avatar\\\/bab33852abfd8b282518d6ed81826833d77c3c882d9ab608add591ccace47a44?s=96&d=mm&r=g\",\"contentUrl\":\"https:\\\/\\\/secure.gravatar.com\\\/avatar\\\/bab33852abfd8b282518d6ed81826833d77c3c882d9ab608add591ccace47a44?s=96&d=mm&r=g\",\"caption\":\"Haberver K\u0131br\u0131s\"},\"sameAs\":[\"https:\\\/\\\/haberverkibris.com\"],\"url\":\"https:\\\/\\\/haberverkibris.com\\\/index.php\\\/author\\\/guven\\\/\"}]}<\/script>\n<!-- \/ Yoast SEO plugin. -->","yoast_head_json":{"title":"Akp\u0131nar: T\u00fcrkiye\u2019ye y\u00f6nelik sistematik olumsuzlama i\u00e7eren s\u00f6ylemler kabul edilemez - Haber Ver K\u0131br\u0131s","robots":{"index":"index","follow":"follow","max-snippet":"max-snippet:-1","max-image-preview":"max-image-preview:large","max-video-preview":"max-video-preview:-1"},"canonical":"https:\/\/haberverkibris.com\/index.php\/2026\/04\/27\/akpinar-turkiyeye-yonelik-sistematik-olumsuzlama-iceren-soylemler-kabul-edilemez\/","og_locale":"tr_TR","og_type":"article","og_title":"Akp\u0131nar: T\u00fcrkiye\u2019ye y\u00f6nelik sistematik olumsuzlama i\u00e7eren s\u00f6ylemler kabul edilemez - Haber Ver K\u0131br\u0131s","og_description":"Demokrat Parti (DP) Genel Sekreteri, Girne Milletvekili Serhat Akp\u0131nar, herhangi bir bireyin veya grubun, \u201cifade\/d\u00fc\u015f\u00fcnce \u00f6zg\u00fcrl\u00fc\u011f\u00fc\u201d ad\u0131 alt\u0131nda T\u00fcrkiye Cumhuriyeti\u2019ne y\u00f6nelik hakaret, d\u00fc\u015fmanl\u0131k veya sistematik olumsuzlama i\u00e7eren s\u00f6ylemler geli\u015ftirmesinin \u201ckabul edilebilir\u201d olmad\u0131\u011f\u0131n\u0131 belirtti. Akp\u0131nar yapt\u0131\u011f\u0131 yaz\u0131l\u0131 a\u00e7\u0131klamada, son y\u0131llarda baz\u0131 K\u0131br\u0131sl\u0131 T\u00fcrk vatanda\u015flar\u0131n, T\u00fcrkiye Cumhuriyeti\u2019ne giri\u015flerinin ilgili mevzuat \u00e7er\u00e7evesinde s\u0131n\u0131rland\u0131r\u0131lmas\u0131 veya engellenmesinin kamuoyunda tart\u0131\u015fmalara neden [&hellip;]","og_url":"https:\/\/haberverkibris.com\/index.php\/2026\/04\/27\/akpinar-turkiyeye-yonelik-sistematik-olumsuzlama-iceren-soylemler-kabul-edilemez\/","og_site_name":"Haber Ver K\u0131br\u0131s","article_publisher":"https:\/\/www.facebook.com\/kuzeyinsesii","article_published_time":"2026-04-27T07:50:07+00:00","article_modified_time":"2026-04-27T07:50:19+00:00","og_image":[{"width":1214,"height":689,"url":"https:\/\/haberverkibris.com\/wp-content\/uploads\/2026\/04\/ESKI-9.jpg","type":"image\/jpeg"}],"author":"Haberver K\u0131br\u0131s","twitter_card":"summary_large_image","twitter_creator":"@kuzeyinsesii","twitter_site":"@kuzeyinsesii","twitter_misc":{"Yazan:":"Haberver K\u0131br\u0131s","Tahmini okuma s\u00fcresi":"4 dakika"},"schema":{"@context":"https:\/\/schema.org","@graph":[{"@type":"Article","@id":"https:\/\/haberverkibris.com\/index.php\/2026\/04\/27\/akpinar-turkiyeye-yonelik-sistematik-olumsuzlama-iceren-soylemler-kabul-edilemez\/#article","isPartOf":{"@id":"https:\/\/haberverkibris.com\/index.php\/2026\/04\/27\/akpinar-turkiyeye-yonelik-sistematik-olumsuzlama-iceren-soylemler-kabul-edilemez\/"},"author":{"name":"Haberver K\u0131br\u0131s","@id":"https:\/\/haberverkibris.com\/#\/schema\/person\/29d65381ed43765483b5a185ded66a56"},"headline":"Akp\u0131nar: T\u00fcrkiye\u2019ye y\u00f6nelik sistematik olumsuzlama i\u00e7eren s\u00f6ylemler kabul edilemez","datePublished":"2026-04-27T07:50:07+00:00","dateModified":"2026-04-27T07:50:19+00:00","mainEntityOfPage":{"@id":"https:\/\/haberverkibris.com\/index.php\/2026\/04\/27\/akpinar-turkiyeye-yonelik-sistematik-olumsuzlama-iceren-soylemler-kabul-edilemez\/"},"wordCount":880,"commentCount":0,"image":{"@id":"https:\/\/haberverkibris.com\/index.php\/2026\/04\/27\/akpinar-turkiyeye-yonelik-sistematik-olumsuzlama-iceren-soylemler-kabul-edilemez\/#primaryimage"},"thumbnailUrl":"https:\/\/haberverkibris.com\/wp-content\/uploads\/2026\/04\/ESKI-9.jpg","articleSection":["K\u0131br\u0131s"],"inLanguage":"tr","potentialAction":[{"@type":"CommentAction","name":"Comment","target":["https:\/\/haberverkibris.com\/index.php\/2026\/04\/27\/akpinar-turkiyeye-yonelik-sistematik-olumsuzlama-iceren-soylemler-kabul-edilemez\/#respond"]}]},{"@type":"WebPage","@id":"https:\/\/haberverkibris.com\/index.php\/2026\/04\/27\/akpinar-turkiyeye-yonelik-sistematik-olumsuzlama-iceren-soylemler-kabul-edilemez\/","url":"https:\/\/haberverkibris.com\/index.php\/2026\/04\/27\/akpinar-turkiyeye-yonelik-sistematik-olumsuzlama-iceren-soylemler-kabul-edilemez\/","name":"Akp\u0131nar: T\u00fcrkiye\u2019ye y\u00f6nelik sistematik olumsuzlama i\u00e7eren s\u00f6ylemler kabul edilemez - Haber Ver K\u0131br\u0131s","isPartOf":{"@id":"https:\/\/haberverkibris.com\/#website"},"primaryImageOfPage":{"@id":"https:\/\/haberverkibris.com\/index.php\/2026\/04\/27\/akpinar-turkiyeye-yonelik-sistematik-olumsuzlama-iceren-soylemler-kabul-edilemez\/#primaryimage"},"image":{"@id":"https:\/\/haberverkibris.com\/index.php\/2026\/04\/27\/akpinar-turkiyeye-yonelik-sistematik-olumsuzlama-iceren-soylemler-kabul-edilemez\/#primaryimage"},"thumbnailUrl":"https:\/\/haberverkibris.com\/wp-content\/uploads\/2026\/04\/ESKI-9.jpg","datePublished":"2026-04-27T07:50:07+00:00","dateModified":"2026-04-27T07:50:19+00:00","author":{"@id":"https:\/\/haberverkibris.com\/#\/schema\/person\/29d65381ed43765483b5a185ded66a56"},"breadcrumb":{"@id":"https:\/\/haberverkibris.com\/index.php\/2026\/04\/27\/akpinar-turkiyeye-yonelik-sistematik-olumsuzlama-iceren-soylemler-kabul-edilemez\/#breadcrumb"},"inLanguage":"tr","potentialAction":[{"@type":"ReadAction","target":["https:\/\/haberverkibris.com\/index.php\/2026\/04\/27\/akpinar-turkiyeye-yonelik-sistematik-olumsuzlama-iceren-soylemler-kabul-edilemez\/"]}]},{"@type":"ImageObject","inLanguage":"tr","@id":"https:\/\/haberverkibris.com\/index.php\/2026\/04\/27\/akpinar-turkiyeye-yonelik-sistematik-olumsuzlama-iceren-soylemler-kabul-edilemez\/#primaryimage","url":"https:\/\/haberverkibris.com\/wp-content\/uploads\/2026\/04\/ESKI-9.jpg","contentUrl":"https:\/\/haberverkibris.com\/wp-content\/uploads\/2026\/04\/ESKI-9.jpg","width":1214,"height":689},{"@type":"BreadcrumbList","@id":"https:\/\/haberverkibris.com\/index.php\/2026\/04\/27\/akpinar-turkiyeye-yonelik-sistematik-olumsuzlama-iceren-soylemler-kabul-edilemez\/#breadcrumb","itemListElement":[{"@type":"ListItem","position":1,"name":"Anasayfa","item":"https:\/\/haberverkibris.com\/"},{"@type":"ListItem","position":2,"name":"Akp\u0131nar: T\u00fcrkiye\u2019ye y\u00f6nelik sistematik olumsuzlama i\u00e7eren s\u00f6ylemler kabul edilemez"}]},{"@type":"WebSite","@id":"https:\/\/haberverkibris.com\/#website","url":"https:\/\/haberverkibris.com\/","name":"Kuzeyin Sesi","description":"Do\u011fru Haberin Adresi","potentialAction":[{"@type":"SearchAction","target":{"@type":"EntryPoint","urlTemplate":"https:\/\/haberverkibris.com\/?s={search_term_string}"},"query-input":{"@type":"PropertyValueSpecification","valueRequired":true,"valueName":"search_term_string"}}],"inLanguage":"tr"},{"@type":"Person","@id":"https:\/\/haberverkibris.com\/#\/schema\/person\/29d65381ed43765483b5a185ded66a56","name":"Haberver K\u0131br\u0131s","image":{"@type":"ImageObject","inLanguage":"tr","@id":"https:\/\/secure.gravatar.com\/avatar\/bab33852abfd8b282518d6ed81826833d77c3c882d9ab608add591ccace47a44?s=96&d=mm&r=g","url":"https:\/\/secure.gravatar.com\/avatar\/bab33852abfd8b282518d6ed81826833d77c3c882d9ab608add591ccace47a44?s=96&d=mm&r=g","contentUrl":"https:\/\/secure.gravatar.com\/avatar\/bab33852abfd8b282518d6ed81826833d77c3c882d9ab608add591ccace47a44?s=96&d=mm&r=g","caption":"Haberver K\u0131br\u0131s"},"sameAs":["https:\/\/haberverkibris.com"],"url":"https:\/\/haberverkibris.com\/index.php\/author\/guven\/"}]}},"_links":{"self":[{"href":"https:\/\/haberverkibris.com\/index.php\/wp-json\/wp\/v2\/posts\/34100","targetHints":{"allow":["GET"]}}],"collection":[{"href":"https:\/\/haberverkibris.com\/index.php\/wp-json\/wp\/v2\/posts"}],"about":[{"href":"https:\/\/haberverkibris.com\/index.php\/wp-json\/wp\/v2\/types\/post"}],"author":[{"embeddable":true,"href":"https:\/\/haberverkibris.com\/index.php\/wp-json\/wp\/v2\/users\/1"}],"replies":[{"embeddable":true,"href":"https:\/\/haberverkibris.com\/index.php\/wp-json\/wp\/v2\/comments?post=34100"}],"version-history":[{"count":1,"href":"https:\/\/haberverkibris.com\/index.php\/wp-json\/wp\/v2\/posts\/34100\/revisions"}],"predecessor-version":[{"id":34102,"href":"https:\/\/haberverkibris.com\/index.php\/wp-json\/wp\/v2\/posts\/34100\/revisions\/34102"}],"wp:featuredmedia":[{"embeddable":true,"href":"https:\/\/haberverkibris.com\/index.php\/wp-json\/wp\/v2\/media\/34101"}],"wp:attachment":[{"href":"https:\/\/haberverkibris.com\/index.php\/wp-json\/wp\/v2\/media?parent=34100"}],"wp:term":[{"taxonomy":"category","embeddable":true,"href":"https:\/\/haberverkibris.com\/index.php\/wp-json\/wp\/v2\/categories?post=34100"},{"taxonomy":"post_tag","embeddable":true,"href":"https:\/\/haberverkibris.com\/index.php\/wp-json\/wp\/v2\/tags?post=34100"}],"curies":[{"name":"wp","href":"https:\/\/api.w.org\/{rel}","templated":true}]}}