{"id":34099,"date":"2026-04-27T10:17:11","date_gmt":"2026-04-27T07:17:11","guid":{"rendered":"https:\/\/haberverkibris.com\/index.php\/2026\/04\/27\/washington-post-beyaz-saray-muhabirleri-dernegi-yemegine-ust-duzey-guvenlik-statusu-verilmedi\/"},"modified":"2026-04-27T10:17:11","modified_gmt":"2026-04-27T07:17:11","slug":"washington-post-beyaz-saray-muhabirleri-dernegi-yemegine-ust-duzey-guvenlik-statusu-verilmedi","status":"publish","type":"post","link":"https:\/\/haberverkibris.com\/index.php\/2026\/04\/27\/washington-post-beyaz-saray-muhabirleri-dernegi-yemegine-ust-duzey-guvenlik-statusu-verilmedi\/","title":{"rendered":"Washington Post: Beyaz Saray Muhabirleri Derne\u011fi yeme\u011fine \u00fcst d\u00fczey g\u00fcvenlik stat\u00fcs\u00fc verilmedi"},"content":{"rendered":"<p><\/p>\n<div>\n<p>&#13;<br \/>\n\tWashington Post&#8217;un konuya a\u015fina ve ismini a\u00e7\u0131klamak istemeyen yetkililere dayand\u0131rd\u0131\u011f\u0131 habere g\u00f6re, Trump ve bir\u00e7ok kabine \u00fcyesinin kat\u0131ld\u0131\u011f\u0131 Washington Hilton Oteli&#8217;ndeki yeme\u011fe federal kaynaklar\u0131n tam kapasite kullan\u0131lmas\u0131n\u0131 sa\u011flayacak en y\u00fcksek g\u00fcvenlik stat\u00fcs\u00fc verilmedi.<\/p>\n<p>&#13;<br \/>\n\tYetkililer, Trump ile \u00e7ok say\u0131da \u00fcst d\u00fczey ismin Beyaz Saray Muhabirleri Derne\u011fi taraf\u0131ndan d\u00fczenlenen yeme\u011fe kat\u0131laca\u011f\u0131n\u0131n bilinmesine ra\u011fmen, etkinlikte di\u011fer \u00fcst d\u00fczey resmi toplant\u0131lara k\u0131yasla daha d\u00fc\u015f\u00fck seviyede g\u00fcvenlik \u00f6nlemleri uyguland\u0131\u011f\u0131n\u0131 belirtti.<\/p>\n<p>&#13;<br \/>\n\tABD \u0130\u00e7 G\u00fcvenlik Bakanl\u0131\u011f\u0131n\u0131n genellikle ba\u015fkanl\u0131k yemin t\u00f6reni gibi resmi etkinliklere &#8220;Ulusal \u00d6zel G\u00fcvenlik Etkinli\u011fi&#8221; stat\u00fcs\u00fc verdi\u011fini ifade eden yetkililer, s\u00f6z konusu yemekte b\u00f6yle bir tan\u0131mlama yap\u0131lmad\u0131\u011f\u0131n\u0131 aktard\u0131.<\/p>\n<p>&#13;<br \/>\n\tOlay\u0131n haz\u0131rl\u0131klar\u0131 hakk\u0131nda bilgi sahibi olan ancak ismini belirtmek istemeyen bir h\u00fck\u00fcmet yetkilisi ise &#8220;Ulusal \u00d6zel G\u00fcvenlik Etkinli\u011fi&#8221; stat\u00fcs\u00fcn\u00fcn genellikle ba\u015fkan ve \u00fcst d\u00fczey kabine yetkililerinin &#8220;d\u00fczenli&#8221; olarak kat\u0131ld\u0131\u011f\u0131 etkinlikler i\u00e7in oldu\u011funu vurgulad\u0131.<\/p>\n<p>&#13;<br \/>\n\tYeme\u011fe neden en y\u00fcksek g\u00fcvenlik seviyesinin verilmedi\u011fi sorusunu yan\u0131tlayan yetkili, s\u00f6z konusu yeme\u011fin ba\u015fkan olmadan da bir\u00e7ok kez d\u00fczenlendi\u011fini hat\u0131rlatarak, &#8220;Bu, Ba\u015fkan\u0131n son anda kat\u0131lmayabilece\u011fi ve her y\u0131l kat\u0131lmad\u0131\u011f\u0131 bir ak\u015fam yeme\u011fi.&#8221; dedi.<\/p>\n<p>&#13;<br \/>\n\tABD Adalet Bakan Vekili Todd Blanche ise konuya ili\u015fkin CNN&#8217;e verdi\u011fi deme\u00e7te, olay\u0131 bir g\u00fcvenlik ba\u015far\u0131s\u0131zl\u0131\u011f\u0131 olarak g\u00f6rmedi\u011fini dile getirdi.<\/p>\n<p>&#13;<br \/>\n\tSilahl\u0131 sald\u0131rgan\u0131n balo salonuna ula\u015fmadan \u00f6nce g\u00f6zalt\u0131na al\u0131nd\u0131\u011f\u0131n\u0131 belirten Blanche, &#8220;Aksine, bu b\u00fcy\u00fck bir g\u00fcvenlik ba\u015far\u0131 \u00f6yk\u00fcs\u00fcyd\u00fc. Yani, \u015fu an bildiklerimiz do\u011frultusunda olanlar\u0131 d\u00fc\u015f\u00fcn\u00fcrsek, bu \u015f\u00fcpheli neredeyse g\u00fcvenlik \u00e7emberini bile a\u015famad\u0131.&#8221; ifadelerini kulland\u0131.<\/p>\n<p>&#13;<br \/>\n\tBeyaz Saray, sorular\u0131 \u0130\u00e7 G\u00fcvenlik Bakanl\u0131\u011f\u0131na y\u00f6nlendirirken, Washington Hilton&#8217;un s\u00f6zc\u00fcs\u00fc e-posta yoluyla yapt\u0131\u011f\u0131 a\u00e7\u0131klamada, &#8220;etkinli\u011fin g\u00fcvenli\u011fini Gizli Servisin sa\u011flad\u0131\u011f\u0131n\u0131&#8221; kaydetti.<\/p>\n<p>&#13;<br \/>\n\tGizli Servis, konuya ili\u015fkin sorular\u0131 yan\u0131tlamad\u0131.<\/p>\n<h2>&#13;<br \/>\n\tBeyaz Saray Muhabirleri Derne\u011fi yeme\u011findeki sald\u0131r\u0131<\/h2>\n<p>&#13;<br \/>\n\tBeyaz Saray Muhabirleri Derne\u011fi taraf\u0131ndan d\u00fczenlenen yemekte silah sesleri duyulmas\u0131 \u00fczerine, ABD Ba\u015fkan\u0131 Donald Trump, korumalar\u0131 taraf\u0131ndan salondan \u00e7\u0131kar\u0131lm\u0131\u015ft\u0131.<\/p>\n<p>&#13;<br \/>\n\tCanl\u0131 yay\u0131nda verilen etkinlikte, yemek servisinin ba\u015flamas\u0131ndan k\u0131sa s\u00fcre sonra sesler y\u00fckselirken, Trump&#8217;\u0131n koruma ekipleri uzun namlulu silahlarla salonda g\u00f6r\u00fclm\u00fc\u015ft\u00fc.<\/p>\n<p>&#13;<br \/>\n\tTrump, olay\u0131n ard\u0131ndan sosyal medya hesab\u0131ndan yapt\u0131\u011f\u0131 payla\u015f\u0131mda, \u015f\u00fcphelinin yakaland\u0131\u011f\u0131n\u0131 duyurmu\u015f, \u015f\u00fcphelinin otel lobisinde elbiseleri \u00e7\u0131kar\u0131lm\u0131\u015f \u015fekilde y\u00fcz\u00fcst\u00fc yatt\u0131\u011f\u0131 g\u00f6r\u00fcnt\u00fcler sosyal medyaya yans\u0131m\u0131\u015ft\u0131.<\/p>\n<p>&#13;<br \/>\n\tOlayda bir Gizli Servis ajan\u0131n\u0131n yaraland\u0131\u011f\u0131n\u0131 ve durumunun iyi oldu\u011funu aktaran Trump, sald\u0131r\u0131n\u0131n \u0130ran sava\u015f\u0131yla ba\u011flant\u0131l\u0131 olup olmad\u0131\u011f\u0131 sorusuna, &#8220;Sanm\u0131yorum ama asla bilemezsiniz.&#8221; yan\u0131t\u0131n\u0131 vermi\u015fti.<\/p>\n<\/p><\/div>\n","protected":false},"excerpt":{"rendered":"<p>&#13; Washington Post&#8217;un konuya a\u015fina ve ismini a\u00e7\u0131klamak istemeyen yetkililere dayand\u0131rd\u0131\u011f\u0131 habere g\u00f6re, Trump ve bir\u00e7ok kabine \u00fcyesinin kat\u0131ld\u0131\u011f\u0131 Washington Hilton Oteli&#8217;ndeki yeme\u011fe federal kaynaklar\u0131n tam kapasite kullan\u0131lmas\u0131n\u0131 sa\u011flayacak en y\u00fcksek g\u00fcvenlik stat\u00fcs\u00fc verilmedi. &#13; Yetkililer, Trump ile \u00e7ok say\u0131da \u00fcst d\u00fczey ismin Beyaz Saray Muhabirleri Derne\u011fi taraf\u0131ndan d\u00fczenlenen yeme\u011fe kat\u0131laca\u011f\u0131n\u0131n bilinmesine ra\u011fmen, etkinlikte di\u011fer [&hellip;]<\/p>\n","protected":false},"author":1,"featured_media":34020,"comment_status":"open","ping_status":"open","sticky":false,"template":"","format":"standard","meta":{"jnews-multi-image_gallery":[],"jnews_single_post":[],"jnews_primary_category":[],"jnews_social_meta":[],"jnews_override_counter":[],"footnotes":""},"categories":[2],"tags":[],"class_list":["post-34099","post","type-post","status-publish","format-standard","has-post-thumbnail","hentry","category-dunya"],"yoast_head":"<!-- This site is optimized with the Yoast SEO plugin v27.4 - https:\/\/yoast.com\/product\/yoast-seo-wordpress\/ -->\n<title>Washington Post: Beyaz Saray Muhabirleri Derne\u011fi yeme\u011fine \u00fcst d\u00fczey g\u00fcvenlik stat\u00fcs\u00fc verilmedi - Haber Ver K\u0131br\u0131s<\/title>\n<meta name=\"robots\" content=\"index, follow, max-snippet:-1, max-image-preview:large, max-video-preview:-1\" \/>\n<link rel=\"canonical\" href=\"https:\/\/haberverkibris.com\/index.php\/2026\/04\/27\/washington-post-beyaz-saray-muhabirleri-dernegi-yemegine-ust-duzey-guvenlik-statusu-verilmedi\/\" \/>\n<meta property=\"og:locale\" content=\"tr_TR\" \/>\n<meta property=\"og:type\" content=\"article\" \/>\n<meta property=\"og:title\" content=\"Washington Post: Beyaz Saray Muhabirleri Derne\u011fi yeme\u011fine \u00fcst d\u00fczey g\u00fcvenlik stat\u00fcs\u00fc verilmedi - Haber Ver K\u0131br\u0131s\" \/>\n<meta property=\"og:description\" content=\"&#013; Washington Post&#8217;un konuya a\u015fina ve ismini a\u00e7\u0131klamak istemeyen yetkililere dayand\u0131rd\u0131\u011f\u0131 habere g\u00f6re, Trump ve bir\u00e7ok kabine \u00fcyesinin kat\u0131ld\u0131\u011f\u0131 Washington Hilton Oteli&#8217;ndeki yeme\u011fe federal kaynaklar\u0131n tam kapasite kullan\u0131lmas\u0131n\u0131 sa\u011flayacak en y\u00fcksek g\u00fcvenlik stat\u00fcs\u00fc verilmedi. &#013; Yetkililer, Trump ile \u00e7ok say\u0131da \u00fcst d\u00fczey ismin Beyaz Saray Muhabirleri Derne\u011fi taraf\u0131ndan d\u00fczenlenen yeme\u011fe kat\u0131laca\u011f\u0131n\u0131n bilinmesine ra\u011fmen, etkinlikte di\u011fer [&hellip;]\" \/>\n<meta property=\"og:url\" content=\"https:\/\/haberverkibris.com\/index.php\/2026\/04\/27\/washington-post-beyaz-saray-muhabirleri-dernegi-yemegine-ust-duzey-guvenlik-statusu-verilmedi\/\" \/>\n<meta property=\"og:site_name\" content=\"Haber Ver K\u0131br\u0131s\" \/>\n<meta property=\"article:publisher\" content=\"https:\/\/www.facebook.com\/kuzeyinsesii\" \/>\n<meta property=\"article:published_time\" content=\"2026-04-27T07:17:11+00:00\" \/>\n<meta property=\"og:image\" content=\"https:\/\/trthaberstatic.cdn.wp.trt.com.tr\/resimler\/2456000\/abd-saldiri-olay-yeri-reu-2456390.jpg\" \/>\n<meta name=\"author\" content=\"Haberver K\u0131br\u0131s\" \/>\n<meta name=\"twitter:card\" content=\"summary_large_image\" \/>\n<meta name=\"twitter:creator\" content=\"@kuzeyinsesii\" \/>\n<meta name=\"twitter:site\" content=\"@kuzeyinsesii\" \/>\n<meta name=\"twitter:label1\" content=\"Yazan:\" \/>\n\t<meta name=\"twitter:data1\" content=\"Haberver K\u0131br\u0131s\" \/>\n\t<meta name=\"twitter:label2\" content=\"Tahmini okuma s\u00fcresi\" \/>\n\t<meta name=\"twitter:data2\" content=\"2 dakika\" \/>\n<script type=\"application\/ld+json\" class=\"yoast-schema-graph\">{\"@context\":\"https:\\\/\\\/schema.org\",\"@graph\":[{\"@type\":\"Article\",\"@id\":\"https:\\\/\\\/haberverkibris.com\\\/index.php\\\/2026\\\/04\\\/27\\\/washington-post-beyaz-saray-muhabirleri-dernegi-yemegine-ust-duzey-guvenlik-statusu-verilmedi\\\/#article\",\"isPartOf\":{\"@id\":\"https:\\\/\\\/haberverkibris.com\\\/index.php\\\/2026\\\/04\\\/27\\\/washington-post-beyaz-saray-muhabirleri-dernegi-yemegine-ust-duzey-guvenlik-statusu-verilmedi\\\/\"},\"author\":{\"name\":\"Haberver K\u0131br\u0131s\",\"@id\":\"https:\\\/\\\/haberverkibris.com\\\/#\\\/schema\\\/person\\\/29d65381ed43765483b5a185ded66a56\"},\"headline\":\"Washington Post: Beyaz Saray Muhabirleri Derne\u011fi yeme\u011fine \u00fcst d\u00fczey g\u00fcvenlik stat\u00fcs\u00fc verilmedi\",\"datePublished\":\"2026-04-27T07:17:11+00:00\",\"mainEntityOfPage\":{\"@id\":\"https:\\\/\\\/haberverkibris.com\\\/index.php\\\/2026\\\/04\\\/27\\\/washington-post-beyaz-saray-muhabirleri-dernegi-yemegine-ust-duzey-guvenlik-statusu-verilmedi\\\/\"},\"wordCount\":520,\"commentCount\":0,\"image\":{\"@id\":\"https:\\\/\\\/haberverkibris.com\\\/index.php\\\/2026\\\/04\\\/27\\\/washington-post-beyaz-saray-muhabirleri-dernegi-yemegine-ust-duzey-guvenlik-statusu-verilmedi\\\/#primaryimage\"},\"thumbnailUrl\":\"https:\\\/\\\/haberverkibris.com\\\/wp-content\\\/uploads\\\/2026\\\/04\\\/abd-saldiri-olay-yeri-reu-2456390.jpg\",\"articleSection\":[\"D\u00fcnya\"],\"inLanguage\":\"tr\",\"potentialAction\":[{\"@type\":\"CommentAction\",\"name\":\"Comment\",\"target\":[\"https:\\\/\\\/haberverkibris.com\\\/index.php\\\/2026\\\/04\\\/27\\\/washington-post-beyaz-saray-muhabirleri-dernegi-yemegine-ust-duzey-guvenlik-statusu-verilmedi\\\/#respond\"]}]},{\"@type\":\"WebPage\",\"@id\":\"https:\\\/\\\/haberverkibris.com\\\/index.php\\\/2026\\\/04\\\/27\\\/washington-post-beyaz-saray-muhabirleri-dernegi-yemegine-ust-duzey-guvenlik-statusu-verilmedi\\\/\",\"url\":\"https:\\\/\\\/haberverkibris.com\\\/index.php\\\/2026\\\/04\\\/27\\\/washington-post-beyaz-saray-muhabirleri-dernegi-yemegine-ust-duzey-guvenlik-statusu-verilmedi\\\/\",\"name\":\"Washington Post: Beyaz Saray Muhabirleri Derne\u011fi yeme\u011fine \u00fcst d\u00fczey g\u00fcvenlik stat\u00fcs\u00fc verilmedi - Haber Ver K\u0131br\u0131s\",\"isPartOf\":{\"@id\":\"https:\\\/\\\/haberverkibris.com\\\/#website\"},\"primaryImageOfPage\":{\"@id\":\"https:\\\/\\\/haberverkibris.com\\\/index.php\\\/2026\\\/04\\\/27\\\/washington-post-beyaz-saray-muhabirleri-dernegi-yemegine-ust-duzey-guvenlik-statusu-verilmedi\\\/#primaryimage\"},\"image\":{\"@id\":\"https:\\\/\\\/haberverkibris.com\\\/index.php\\\/2026\\\/04\\\/27\\\/washington-post-beyaz-saray-muhabirleri-dernegi-yemegine-ust-duzey-guvenlik-statusu-verilmedi\\\/#primaryimage\"},\"thumbnailUrl\":\"https:\\\/\\\/haberverkibris.com\\\/wp-content\\\/uploads\\\/2026\\\/04\\\/abd-saldiri-olay-yeri-reu-2456390.jpg\",\"datePublished\":\"2026-04-27T07:17:11+00:00\",\"author\":{\"@id\":\"https:\\\/\\\/haberverkibris.com\\\/#\\\/schema\\\/person\\\/29d65381ed43765483b5a185ded66a56\"},\"breadcrumb\":{\"@id\":\"https:\\\/\\\/haberverkibris.com\\\/index.php\\\/2026\\\/04\\\/27\\\/washington-post-beyaz-saray-muhabirleri-dernegi-yemegine-ust-duzey-guvenlik-statusu-verilmedi\\\/#breadcrumb\"},\"inLanguage\":\"tr\",\"potentialAction\":[{\"@type\":\"ReadAction\",\"target\":[\"https:\\\/\\\/haberverkibris.com\\\/index.php\\\/2026\\\/04\\\/27\\\/washington-post-beyaz-saray-muhabirleri-dernegi-yemegine-ust-duzey-guvenlik-statusu-verilmedi\\\/\"]}]},{\"@type\":\"ImageObject\",\"inLanguage\":\"tr\",\"@id\":\"https:\\\/\\\/haberverkibris.com\\\/index.php\\\/2026\\\/04\\\/27\\\/washington-post-beyaz-saray-muhabirleri-dernegi-yemegine-ust-duzey-guvenlik-statusu-verilmedi\\\/#primaryimage\",\"url\":\"https:\\\/\\\/haberverkibris.com\\\/wp-content\\\/uploads\\\/2026\\\/04\\\/abd-saldiri-olay-yeri-reu-2456390.jpg\",\"contentUrl\":\"https:\\\/\\\/haberverkibris.com\\\/wp-content\\\/uploads\\\/2026\\\/04\\\/abd-saldiri-olay-yeri-reu-2456390.jpg\",\"width\":1280,\"height\":720},{\"@type\":\"BreadcrumbList\",\"@id\":\"https:\\\/\\\/haberverkibris.com\\\/index.php\\\/2026\\\/04\\\/27\\\/washington-post-beyaz-saray-muhabirleri-dernegi-yemegine-ust-duzey-guvenlik-statusu-verilmedi\\\/#breadcrumb\",\"itemListElement\":[{\"@type\":\"ListItem\",\"position\":1,\"name\":\"Anasayfa\",\"item\":\"https:\\\/\\\/haberverkibris.com\\\/\"},{\"@type\":\"ListItem\",\"position\":2,\"name\":\"Washington Post: Beyaz Saray Muhabirleri Derne\u011fi yeme\u011fine \u00fcst d\u00fczey g\u00fcvenlik stat\u00fcs\u00fc verilmedi\"}]},{\"@type\":\"WebSite\",\"@id\":\"https:\\\/\\\/haberverkibris.com\\\/#website\",\"url\":\"https:\\\/\\\/haberverkibris.com\\\/\",\"name\":\"Kuzeyin Sesi\",\"description\":\"Do\u011fru Haberin Adresi\",\"potentialAction\":[{\"@type\":\"SearchAction\",\"target\":{\"@type\":\"EntryPoint\",\"urlTemplate\":\"https:\\\/\\\/haberverkibris.com\\\/?s={search_term_string}\"},\"query-input\":{\"@type\":\"PropertyValueSpecification\",\"valueRequired\":true,\"valueName\":\"search_term_string\"}}],\"inLanguage\":\"tr\"},{\"@type\":\"Person\",\"@id\":\"https:\\\/\\\/haberverkibris.com\\\/#\\\/schema\\\/person\\\/29d65381ed43765483b5a185ded66a56\",\"name\":\"Haberver K\u0131br\u0131s\",\"image\":{\"@type\":\"ImageObject\",\"inLanguage\":\"tr\",\"@id\":\"https:\\\/\\\/secure.gravatar.com\\\/avatar\\\/bab33852abfd8b282518d6ed81826833d77c3c882d9ab608add591ccace47a44?s=96&d=mm&r=g\",\"url\":\"https:\\\/\\\/secure.gravatar.com\\\/avatar\\\/bab33852abfd8b282518d6ed81826833d77c3c882d9ab608add591ccace47a44?s=96&d=mm&r=g\",\"contentUrl\":\"https:\\\/\\\/secure.gravatar.com\\\/avatar\\\/bab33852abfd8b282518d6ed81826833d77c3c882d9ab608add591ccace47a44?s=96&d=mm&r=g\",\"caption\":\"Haberver K\u0131br\u0131s\"},\"sameAs\":[\"https:\\\/\\\/haberverkibris.com\"],\"url\":\"https:\\\/\\\/haberverkibris.com\\\/index.php\\\/author\\\/guven\\\/\"}]}<\/script>\n<!-- \/ Yoast SEO plugin. -->","yoast_head_json":{"title":"Washington Post: Beyaz Saray Muhabirleri Derne\u011fi yeme\u011fine \u00fcst d\u00fczey g\u00fcvenlik stat\u00fcs\u00fc verilmedi - Haber Ver K\u0131br\u0131s","robots":{"index":"index","follow":"follow","max-snippet":"max-snippet:-1","max-image-preview":"max-image-preview:large","max-video-preview":"max-video-preview:-1"},"canonical":"https:\/\/haberverkibris.com\/index.php\/2026\/04\/27\/washington-post-beyaz-saray-muhabirleri-dernegi-yemegine-ust-duzey-guvenlik-statusu-verilmedi\/","og_locale":"tr_TR","og_type":"article","og_title":"Washington Post: Beyaz Saray Muhabirleri Derne\u011fi yeme\u011fine \u00fcst d\u00fczey g\u00fcvenlik stat\u00fcs\u00fc verilmedi - Haber Ver K\u0131br\u0131s","og_description":"&#13; Washington Post&#8217;un konuya a\u015fina ve ismini a\u00e7\u0131klamak istemeyen yetkililere dayand\u0131rd\u0131\u011f\u0131 habere g\u00f6re, Trump ve bir\u00e7ok kabine \u00fcyesinin kat\u0131ld\u0131\u011f\u0131 Washington Hilton Oteli&#8217;ndeki yeme\u011fe federal kaynaklar\u0131n tam kapasite kullan\u0131lmas\u0131n\u0131 sa\u011flayacak en y\u00fcksek g\u00fcvenlik stat\u00fcs\u00fc verilmedi. &#13; Yetkililer, Trump ile \u00e7ok say\u0131da \u00fcst d\u00fczey ismin Beyaz Saray Muhabirleri Derne\u011fi taraf\u0131ndan d\u00fczenlenen yeme\u011fe kat\u0131laca\u011f\u0131n\u0131n bilinmesine ra\u011fmen, etkinlikte di\u011fer [&hellip;]","og_url":"https:\/\/haberverkibris.com\/index.php\/2026\/04\/27\/washington-post-beyaz-saray-muhabirleri-dernegi-yemegine-ust-duzey-guvenlik-statusu-verilmedi\/","og_site_name":"Haber Ver K\u0131br\u0131s","article_publisher":"https:\/\/www.facebook.com\/kuzeyinsesii","article_published_time":"2026-04-27T07:17:11+00:00","og_image":[{"url":"https:\/\/trthaberstatic.cdn.wp.trt.com.tr\/resimler\/2456000\/abd-saldiri-olay-yeri-reu-2456390.jpg","type":"","width":"","height":""}],"author":"Haberver K\u0131br\u0131s","twitter_card":"summary_large_image","twitter_creator":"@kuzeyinsesii","twitter_site":"@kuzeyinsesii","twitter_misc":{"Yazan:":"Haberver K\u0131br\u0131s","Tahmini okuma s\u00fcresi":"2 dakika"},"schema":{"@context":"https:\/\/schema.org","@graph":[{"@type":"Article","@id":"https:\/\/haberverkibris.com\/index.php\/2026\/04\/27\/washington-post-beyaz-saray-muhabirleri-dernegi-yemegine-ust-duzey-guvenlik-statusu-verilmedi\/#article","isPartOf":{"@id":"https:\/\/haberverkibris.com\/index.php\/2026\/04\/27\/washington-post-beyaz-saray-muhabirleri-dernegi-yemegine-ust-duzey-guvenlik-statusu-verilmedi\/"},"author":{"name":"Haberver K\u0131br\u0131s","@id":"https:\/\/haberverkibris.com\/#\/schema\/person\/29d65381ed43765483b5a185ded66a56"},"headline":"Washington Post: Beyaz Saray Muhabirleri Derne\u011fi yeme\u011fine \u00fcst d\u00fczey g\u00fcvenlik stat\u00fcs\u00fc verilmedi","datePublished":"2026-04-27T07:17:11+00:00","mainEntityOfPage":{"@id":"https:\/\/haberverkibris.com\/index.php\/2026\/04\/27\/washington-post-beyaz-saray-muhabirleri-dernegi-yemegine-ust-duzey-guvenlik-statusu-verilmedi\/"},"wordCount":520,"commentCount":0,"image":{"@id":"https:\/\/haberverkibris.com\/index.php\/2026\/04\/27\/washington-post-beyaz-saray-muhabirleri-dernegi-yemegine-ust-duzey-guvenlik-statusu-verilmedi\/#primaryimage"},"thumbnailUrl":"https:\/\/haberverkibris.com\/wp-content\/uploads\/2026\/04\/abd-saldiri-olay-yeri-reu-2456390.jpg","articleSection":["D\u00fcnya"],"inLanguage":"tr","potentialAction":[{"@type":"CommentAction","name":"Comment","target":["https:\/\/haberverkibris.com\/index.php\/2026\/04\/27\/washington-post-beyaz-saray-muhabirleri-dernegi-yemegine-ust-duzey-guvenlik-statusu-verilmedi\/#respond"]}]},{"@type":"WebPage","@id":"https:\/\/haberverkibris.com\/index.php\/2026\/04\/27\/washington-post-beyaz-saray-muhabirleri-dernegi-yemegine-ust-duzey-guvenlik-statusu-verilmedi\/","url":"https:\/\/haberverkibris.com\/index.php\/2026\/04\/27\/washington-post-beyaz-saray-muhabirleri-dernegi-yemegine-ust-duzey-guvenlik-statusu-verilmedi\/","name":"Washington Post: Beyaz Saray Muhabirleri Derne\u011fi yeme\u011fine \u00fcst d\u00fczey g\u00fcvenlik stat\u00fcs\u00fc verilmedi - Haber Ver K\u0131br\u0131s","isPartOf":{"@id":"https:\/\/haberverkibris.com\/#website"},"primaryImageOfPage":{"@id":"https:\/\/haberverkibris.com\/index.php\/2026\/04\/27\/washington-post-beyaz-saray-muhabirleri-dernegi-yemegine-ust-duzey-guvenlik-statusu-verilmedi\/#primaryimage"},"image":{"@id":"https:\/\/haberverkibris.com\/index.php\/2026\/04\/27\/washington-post-beyaz-saray-muhabirleri-dernegi-yemegine-ust-duzey-guvenlik-statusu-verilmedi\/#primaryimage"},"thumbnailUrl":"https:\/\/haberverkibris.com\/wp-content\/uploads\/2026\/04\/abd-saldiri-olay-yeri-reu-2456390.jpg","datePublished":"2026-04-27T07:17:11+00:00","author":{"@id":"https:\/\/haberverkibris.com\/#\/schema\/person\/29d65381ed43765483b5a185ded66a56"},"breadcrumb":{"@id":"https:\/\/haberverkibris.com\/index.php\/2026\/04\/27\/washington-post-beyaz-saray-muhabirleri-dernegi-yemegine-ust-duzey-guvenlik-statusu-verilmedi\/#breadcrumb"},"inLanguage":"tr","potentialAction":[{"@type":"ReadAction","target":["https:\/\/haberverkibris.com\/index.php\/2026\/04\/27\/washington-post-beyaz-saray-muhabirleri-dernegi-yemegine-ust-duzey-guvenlik-statusu-verilmedi\/"]}]},{"@type":"ImageObject","inLanguage":"tr","@id":"https:\/\/haberverkibris.com\/index.php\/2026\/04\/27\/washington-post-beyaz-saray-muhabirleri-dernegi-yemegine-ust-duzey-guvenlik-statusu-verilmedi\/#primaryimage","url":"https:\/\/haberverkibris.com\/wp-content\/uploads\/2026\/04\/abd-saldiri-olay-yeri-reu-2456390.jpg","contentUrl":"https:\/\/haberverkibris.com\/wp-content\/uploads\/2026\/04\/abd-saldiri-olay-yeri-reu-2456390.jpg","width":1280,"height":720},{"@type":"BreadcrumbList","@id":"https:\/\/haberverkibris.com\/index.php\/2026\/04\/27\/washington-post-beyaz-saray-muhabirleri-dernegi-yemegine-ust-duzey-guvenlik-statusu-verilmedi\/#breadcrumb","itemListElement":[{"@type":"ListItem","position":1,"name":"Anasayfa","item":"https:\/\/haberverkibris.com\/"},{"@type":"ListItem","position":2,"name":"Washington Post: Beyaz Saray Muhabirleri Derne\u011fi yeme\u011fine \u00fcst d\u00fczey g\u00fcvenlik stat\u00fcs\u00fc verilmedi"}]},{"@type":"WebSite","@id":"https:\/\/haberverkibris.com\/#website","url":"https:\/\/haberverkibris.com\/","name":"Kuzeyin Sesi","description":"Do\u011fru Haberin Adresi","potentialAction":[{"@type":"SearchAction","target":{"@type":"EntryPoint","urlTemplate":"https:\/\/haberverkibris.com\/?s={search_term_string}"},"query-input":{"@type":"PropertyValueSpecification","valueRequired":true,"valueName":"search_term_string"}}],"inLanguage":"tr"},{"@type":"Person","@id":"https:\/\/haberverkibris.com\/#\/schema\/person\/29d65381ed43765483b5a185ded66a56","name":"Haberver K\u0131br\u0131s","image":{"@type":"ImageObject","inLanguage":"tr","@id":"https:\/\/secure.gravatar.com\/avatar\/bab33852abfd8b282518d6ed81826833d77c3c882d9ab608add591ccace47a44?s=96&d=mm&r=g","url":"https:\/\/secure.gravatar.com\/avatar\/bab33852abfd8b282518d6ed81826833d77c3c882d9ab608add591ccace47a44?s=96&d=mm&r=g","contentUrl":"https:\/\/secure.gravatar.com\/avatar\/bab33852abfd8b282518d6ed81826833d77c3c882d9ab608add591ccace47a44?s=96&d=mm&r=g","caption":"Haberver K\u0131br\u0131s"},"sameAs":["https:\/\/haberverkibris.com"],"url":"https:\/\/haberverkibris.com\/index.php\/author\/guven\/"}]}},"_links":{"self":[{"href":"https:\/\/haberverkibris.com\/index.php\/wp-json\/wp\/v2\/posts\/34099","targetHints":{"allow":["GET"]}}],"collection":[{"href":"https:\/\/haberverkibris.com\/index.php\/wp-json\/wp\/v2\/posts"}],"about":[{"href":"https:\/\/haberverkibris.com\/index.php\/wp-json\/wp\/v2\/types\/post"}],"author":[{"embeddable":true,"href":"https:\/\/haberverkibris.com\/index.php\/wp-json\/wp\/v2\/users\/1"}],"replies":[{"embeddable":true,"href":"https:\/\/haberverkibris.com\/index.php\/wp-json\/wp\/v2\/comments?post=34099"}],"version-history":[{"count":0,"href":"https:\/\/haberverkibris.com\/index.php\/wp-json\/wp\/v2\/posts\/34099\/revisions"}],"wp:featuredmedia":[{"embeddable":true,"href":"https:\/\/haberverkibris.com\/index.php\/wp-json\/wp\/v2\/media\/34020"}],"wp:attachment":[{"href":"https:\/\/haberverkibris.com\/index.php\/wp-json\/wp\/v2\/media?parent=34099"}],"wp:term":[{"taxonomy":"category","embeddable":true,"href":"https:\/\/haberverkibris.com\/index.php\/wp-json\/wp\/v2\/categories?post=34099"},{"taxonomy":"post_tag","embeddable":true,"href":"https:\/\/haberverkibris.com\/index.php\/wp-json\/wp\/v2\/tags?post=34099"}],"curies":[{"name":"wp","href":"https:\/\/api.w.org\/{rel}","templated":true}]}}