{"id":34084,"date":"2026-04-27T07:14:27","date_gmt":"2026-04-27T04:14:27","guid":{"rendered":"https:\/\/haberverkibris.com\/index.php\/2026\/04\/27\/mali-savunma-bakani-sadio-camara-saldirida-hayatini-kaybetti\/"},"modified":"2026-04-27T07:14:27","modified_gmt":"2026-04-27T04:14:27","slug":"mali-savunma-bakani-sadio-camara-saldirida-hayatini-kaybetti","status":"publish","type":"post","link":"https:\/\/haberverkibris.com\/index.php\/2026\/04\/27\/mali-savunma-bakani-sadio-camara-saldirida-hayatini-kaybetti\/","title":{"rendered":"Mali Savunma Bakan\u0131 Sadio Camara sald\u0131r\u0131da hayat\u0131n\u0131 kaybetti"},"content":{"rendered":"<p><\/p>\n<div>\n<p>&#13;<br \/>\n\tH\u00fck\u00fcmet S\u00f6zc\u00fcs\u00fc Tu\u011fgeneral Issa Ousmane Coulibaly, \u00f6nceki g\u00fcn d\u00fczenlenen sald\u0131r\u0131larda bir intihar bombac\u0131s\u0131n\u0131n kulland\u0131\u011f\u0131 ara\u00e7la Camara\u2019n\u0131n Bamako yak\u0131nlar\u0131ndaki Kati kentindeki konutunun hedef al\u0131nd\u0131\u011f\u0131n\u0131 belirtti.<\/p>\n<p>&#13;<br \/>\n\tCoulibaly, Camara\u2019n\u0131n sald\u0131rganlarla \u00e7at\u0131\u015fmaya girdi\u011fini, baz\u0131lar\u0131n\u0131 etkisiz hale getirdi\u011fini, ancak \u00e7\u0131kan \u00e7at\u0131\u015fmalarda yaraland\u0131ktan sonra kald\u0131r\u0131ld\u0131\u011f\u0131 hastanede hayat\u0131n\u0131 kaybetti\u011fini ifade etti.<\/p>\n<p>&#13;<br \/>\n\tSald\u0131r\u0131 s\u0131ras\u0131nda konutun \u00e7\u00f6kmesi sonucu ba\u015fka kay\u0131plar ya\u015fand\u0131\u011f\u0131n\u0131 ve yak\u0131nlardaki bir caminin y\u0131k\u0131lmas\u0131 nedeniyle i\u00e7eride bulunan baz\u0131 ki\u015filerin de hayat\u0131n\u0131 kaybetti\u011fini bildiren Coulibaly, Ge\u00e7i\u015f D\u00f6nemi Cumhurba\u015fkan\u0131 Assimi Goita ba\u015fta olmak \u00fczere h\u00fck\u00fcmet ve Mali halk\u0131n\u0131n, Camara\u2019n\u0131n ailesine ve sald\u0131r\u0131larda hayat\u0131n\u0131 kaybeden t\u00fcm sivil ve askeri ma\u011fdurlar\u0131n yak\u0131nlar\u0131na ba\u015fsa\u011fl\u0131\u011f\u0131 dileklerini iletti\u011fini aktard\u0131.<\/p>\n<h2>&#13;<br \/>\n\t2 g\u00fcnl\u00fck ulusal yas ilan edildi<\/h2>\n<p>&#13;<br \/>\n\tCamara\u2019n\u0131n \u00f6l\u00fcm\u00fc nedeniyle bug\u00fcnden itibaren \u00fclke genelinde 2 g\u00fcnl\u00fck ulusal yas ilan edildi.<\/p>\n<p>&#13;<br \/>\n\tSald\u0131r\u0131lar\u0131n, Cemaat Nusra el-\u0130slam ve M\u00fcslim ile Azavad Kurtulu\u015f Cephesi adl\u0131 silahl\u0131 gruplar taraf\u0131ndan d\u00fczenlendi\u011fi \u00f6ne s\u00fcr\u00fcl\u00fcyor.<\/p>\n<p>&#13;<br \/>\n\tMali\u2019de 25 Nisan sabah\u0131 erken saatlerde silahl\u0131 gruplar\u0131n koordineli sald\u0131r\u0131lar\u0131 ba\u015flam\u0131\u015f, ba\u015fkent Bamako\u2019da Kati Askeri \u00dcss\u00fc, Modibo Keita Havaliman\u0131 \u00e7evresindeki askeri kamp ile Kidal, Gao ve Sevare ba\u015fta olmak \u00fczere bir\u00e7ok \u015fehirde yo\u011fun silah sesleri, patlamalar ve \u00e7at\u0131\u015fmalar bildirilmi\u015fti.<\/p>\n<\/p><\/div>\n","protected":false},"excerpt":{"rendered":"<p>&#13; H\u00fck\u00fcmet S\u00f6zc\u00fcs\u00fc Tu\u011fgeneral Issa Ousmane Coulibaly, \u00f6nceki g\u00fcn d\u00fczenlenen sald\u0131r\u0131larda bir intihar bombac\u0131s\u0131n\u0131n kulland\u0131\u011f\u0131 ara\u00e7la Camara\u2019n\u0131n Bamako yak\u0131nlar\u0131ndaki Kati kentindeki konutunun hedef al\u0131nd\u0131\u011f\u0131n\u0131 belirtti. &#13; Coulibaly, Camara\u2019n\u0131n sald\u0131rganlarla \u00e7at\u0131\u015fmaya girdi\u011fini, baz\u0131lar\u0131n\u0131 etkisiz hale getirdi\u011fini, ancak \u00e7\u0131kan \u00e7at\u0131\u015fmalarda yaraland\u0131ktan sonra kald\u0131r\u0131ld\u0131\u011f\u0131 hastanede hayat\u0131n\u0131 kaybetti\u011fini ifade etti. &#13; Sald\u0131r\u0131 s\u0131ras\u0131nda konutun \u00e7\u00f6kmesi sonucu ba\u015fka kay\u0131plar ya\u015fand\u0131\u011f\u0131n\u0131 [&hellip;]<\/p>\n","protected":false},"author":1,"featured_media":34005,"comment_status":"open","ping_status":"open","sticky":false,"template":"","format":"standard","meta":{"jnews-multi-image_gallery":[],"jnews_single_post":[],"jnews_primary_category":[],"jnews_social_meta":[],"jnews_override_counter":[],"footnotes":""},"categories":[2],"tags":[],"class_list":["post-34084","post","type-post","status-publish","format-standard","has-post-thumbnail","hentry","category-dunya"],"yoast_head":"<!-- This site is optimized with the Yoast SEO plugin v27.4 - https:\/\/yoast.com\/product\/yoast-seo-wordpress\/ -->\n<title>Mali Savunma Bakan\u0131 Sadio Camara sald\u0131r\u0131da hayat\u0131n\u0131 kaybetti - Haber Ver K\u0131br\u0131s<\/title>\n<meta name=\"robots\" content=\"index, follow, max-snippet:-1, max-image-preview:large, max-video-preview:-1\" \/>\n<link rel=\"canonical\" href=\"https:\/\/haberverkibris.com\/index.php\/2026\/04\/27\/mali-savunma-bakani-sadio-camara-saldirida-hayatini-kaybetti\/\" \/>\n<meta property=\"og:locale\" content=\"tr_TR\" \/>\n<meta property=\"og:type\" content=\"article\" \/>\n<meta property=\"og:title\" content=\"Mali Savunma Bakan\u0131 Sadio Camara sald\u0131r\u0131da hayat\u0131n\u0131 kaybetti - Haber Ver K\u0131br\u0131s\" \/>\n<meta property=\"og:description\" content=\"&#013; H\u00fck\u00fcmet S\u00f6zc\u00fcs\u00fc Tu\u011fgeneral Issa Ousmane Coulibaly, \u00f6nceki g\u00fcn d\u00fczenlenen sald\u0131r\u0131larda bir intihar bombac\u0131s\u0131n\u0131n kulland\u0131\u011f\u0131 ara\u00e7la Camara\u2019n\u0131n Bamako yak\u0131nlar\u0131ndaki Kati kentindeki konutunun hedef al\u0131nd\u0131\u011f\u0131n\u0131 belirtti. &#013; Coulibaly, Camara\u2019n\u0131n sald\u0131rganlarla \u00e7at\u0131\u015fmaya girdi\u011fini, baz\u0131lar\u0131n\u0131 etkisiz hale getirdi\u011fini, ancak \u00e7\u0131kan \u00e7at\u0131\u015fmalarda yaraland\u0131ktan sonra kald\u0131r\u0131ld\u0131\u011f\u0131 hastanede hayat\u0131n\u0131 kaybetti\u011fini ifade etti. &#013; Sald\u0131r\u0131 s\u0131ras\u0131nda konutun \u00e7\u00f6kmesi sonucu ba\u015fka kay\u0131plar ya\u015fand\u0131\u011f\u0131n\u0131 [&hellip;]\" \/>\n<meta property=\"og:url\" content=\"https:\/\/haberverkibris.com\/index.php\/2026\/04\/27\/mali-savunma-bakani-sadio-camara-saldirida-hayatini-kaybetti\/\" \/>\n<meta property=\"og:site_name\" content=\"Haber Ver K\u0131br\u0131s\" \/>\n<meta property=\"article:publisher\" content=\"https:\/\/www.facebook.com\/kuzeyinsesii\" \/>\n<meta property=\"article:published_time\" content=\"2026-04-27T04:14:27+00:00\" \/>\n<meta property=\"og:image\" content=\"https:\/\/trthaberstatic.cdn.wp.trt.com.tr\/resimler\/2394000\/afrika-mali-asker-2394755.jpg\" \/>\n<meta name=\"author\" content=\"Haberver K\u0131br\u0131s\" \/>\n<meta name=\"twitter:card\" content=\"summary_large_image\" \/>\n<meta name=\"twitter:creator\" content=\"@kuzeyinsesii\" \/>\n<meta name=\"twitter:site\" content=\"@kuzeyinsesii\" \/>\n<meta name=\"twitter:label1\" content=\"Yazan:\" \/>\n\t<meta name=\"twitter:data1\" content=\"Haberver K\u0131br\u0131s\" \/>\n\t<meta name=\"twitter:label2\" content=\"Tahmini okuma s\u00fcresi\" \/>\n\t<meta name=\"twitter:data2\" content=\"1 dakika\" \/>\n<script type=\"application\/ld+json\" class=\"yoast-schema-graph\">{\"@context\":\"https:\\\/\\\/schema.org\",\"@graph\":[{\"@type\":\"Article\",\"@id\":\"https:\\\/\\\/haberverkibris.com\\\/index.php\\\/2026\\\/04\\\/27\\\/mali-savunma-bakani-sadio-camara-saldirida-hayatini-kaybetti\\\/#article\",\"isPartOf\":{\"@id\":\"https:\\\/\\\/haberverkibris.com\\\/index.php\\\/2026\\\/04\\\/27\\\/mali-savunma-bakani-sadio-camara-saldirida-hayatini-kaybetti\\\/\"},\"author\":{\"name\":\"Haberver K\u0131br\u0131s\",\"@id\":\"https:\\\/\\\/haberverkibris.com\\\/#\\\/schema\\\/person\\\/29d65381ed43765483b5a185ded66a56\"},\"headline\":\"Mali Savunma Bakan\u0131 Sadio Camara sald\u0131r\u0131da hayat\u0131n\u0131 kaybetti\",\"datePublished\":\"2026-04-27T04:14:27+00:00\",\"mainEntityOfPage\":{\"@id\":\"https:\\\/\\\/haberverkibris.com\\\/index.php\\\/2026\\\/04\\\/27\\\/mali-savunma-bakani-sadio-camara-saldirida-hayatini-kaybetti\\\/\"},\"wordCount\":277,\"commentCount\":0,\"image\":{\"@id\":\"https:\\\/\\\/haberverkibris.com\\\/index.php\\\/2026\\\/04\\\/27\\\/mali-savunma-bakani-sadio-camara-saldirida-hayatini-kaybetti\\\/#primaryimage\"},\"thumbnailUrl\":\"https:\\\/\\\/haberverkibris.com\\\/wp-content\\\/uploads\\\/2026\\\/04\\\/afrika-mali-asker-2394755.jpg\",\"articleSection\":[\"D\u00fcnya\"],\"inLanguage\":\"tr\",\"potentialAction\":[{\"@type\":\"CommentAction\",\"name\":\"Comment\",\"target\":[\"https:\\\/\\\/haberverkibris.com\\\/index.php\\\/2026\\\/04\\\/27\\\/mali-savunma-bakani-sadio-camara-saldirida-hayatini-kaybetti\\\/#respond\"]}]},{\"@type\":\"WebPage\",\"@id\":\"https:\\\/\\\/haberverkibris.com\\\/index.php\\\/2026\\\/04\\\/27\\\/mali-savunma-bakani-sadio-camara-saldirida-hayatini-kaybetti\\\/\",\"url\":\"https:\\\/\\\/haberverkibris.com\\\/index.php\\\/2026\\\/04\\\/27\\\/mali-savunma-bakani-sadio-camara-saldirida-hayatini-kaybetti\\\/\",\"name\":\"Mali Savunma Bakan\u0131 Sadio Camara sald\u0131r\u0131da hayat\u0131n\u0131 kaybetti - Haber Ver K\u0131br\u0131s\",\"isPartOf\":{\"@id\":\"https:\\\/\\\/haberverkibris.com\\\/#website\"},\"primaryImageOfPage\":{\"@id\":\"https:\\\/\\\/haberverkibris.com\\\/index.php\\\/2026\\\/04\\\/27\\\/mali-savunma-bakani-sadio-camara-saldirida-hayatini-kaybetti\\\/#primaryimage\"},\"image\":{\"@id\":\"https:\\\/\\\/haberverkibris.com\\\/index.php\\\/2026\\\/04\\\/27\\\/mali-savunma-bakani-sadio-camara-saldirida-hayatini-kaybetti\\\/#primaryimage\"},\"thumbnailUrl\":\"https:\\\/\\\/haberverkibris.com\\\/wp-content\\\/uploads\\\/2026\\\/04\\\/afrika-mali-asker-2394755.jpg\",\"datePublished\":\"2026-04-27T04:14:27+00:00\",\"author\":{\"@id\":\"https:\\\/\\\/haberverkibris.com\\\/#\\\/schema\\\/person\\\/29d65381ed43765483b5a185ded66a56\"},\"breadcrumb\":{\"@id\":\"https:\\\/\\\/haberverkibris.com\\\/index.php\\\/2026\\\/04\\\/27\\\/mali-savunma-bakani-sadio-camara-saldirida-hayatini-kaybetti\\\/#breadcrumb\"},\"inLanguage\":\"tr\",\"potentialAction\":[{\"@type\":\"ReadAction\",\"target\":[\"https:\\\/\\\/haberverkibris.com\\\/index.php\\\/2026\\\/04\\\/27\\\/mali-savunma-bakani-sadio-camara-saldirida-hayatini-kaybetti\\\/\"]}]},{\"@type\":\"ImageObject\",\"inLanguage\":\"tr\",\"@id\":\"https:\\\/\\\/haberverkibris.com\\\/index.php\\\/2026\\\/04\\\/27\\\/mali-savunma-bakani-sadio-camara-saldirida-hayatini-kaybetti\\\/#primaryimage\",\"url\":\"https:\\\/\\\/haberverkibris.com\\\/wp-content\\\/uploads\\\/2026\\\/04\\\/afrika-mali-asker-2394755.jpg\",\"contentUrl\":\"https:\\\/\\\/haberverkibris.com\\\/wp-content\\\/uploads\\\/2026\\\/04\\\/afrika-mali-asker-2394755.jpg\",\"width\":1280,\"height\":720},{\"@type\":\"BreadcrumbList\",\"@id\":\"https:\\\/\\\/haberverkibris.com\\\/index.php\\\/2026\\\/04\\\/27\\\/mali-savunma-bakani-sadio-camara-saldirida-hayatini-kaybetti\\\/#breadcrumb\",\"itemListElement\":[{\"@type\":\"ListItem\",\"position\":1,\"name\":\"Anasayfa\",\"item\":\"https:\\\/\\\/haberverkibris.com\\\/\"},{\"@type\":\"ListItem\",\"position\":2,\"name\":\"Mali Savunma Bakan\u0131 Sadio Camara sald\u0131r\u0131da hayat\u0131n\u0131 kaybetti\"}]},{\"@type\":\"WebSite\",\"@id\":\"https:\\\/\\\/haberverkibris.com\\\/#website\",\"url\":\"https:\\\/\\\/haberverkibris.com\\\/\",\"name\":\"Kuzeyin Sesi\",\"description\":\"Do\u011fru Haberin Adresi\",\"potentialAction\":[{\"@type\":\"SearchAction\",\"target\":{\"@type\":\"EntryPoint\",\"urlTemplate\":\"https:\\\/\\\/haberverkibris.com\\\/?s={search_term_string}\"},\"query-input\":{\"@type\":\"PropertyValueSpecification\",\"valueRequired\":true,\"valueName\":\"search_term_string\"}}],\"inLanguage\":\"tr\"},{\"@type\":\"Person\",\"@id\":\"https:\\\/\\\/haberverkibris.com\\\/#\\\/schema\\\/person\\\/29d65381ed43765483b5a185ded66a56\",\"name\":\"Haberver K\u0131br\u0131s\",\"image\":{\"@type\":\"ImageObject\",\"inLanguage\":\"tr\",\"@id\":\"https:\\\/\\\/secure.gravatar.com\\\/avatar\\\/bab33852abfd8b282518d6ed81826833d77c3c882d9ab608add591ccace47a44?s=96&d=mm&r=g\",\"url\":\"https:\\\/\\\/secure.gravatar.com\\\/avatar\\\/bab33852abfd8b282518d6ed81826833d77c3c882d9ab608add591ccace47a44?s=96&d=mm&r=g\",\"contentUrl\":\"https:\\\/\\\/secure.gravatar.com\\\/avatar\\\/bab33852abfd8b282518d6ed81826833d77c3c882d9ab608add591ccace47a44?s=96&d=mm&r=g\",\"caption\":\"Haberver K\u0131br\u0131s\"},\"sameAs\":[\"https:\\\/\\\/haberverkibris.com\"],\"url\":\"https:\\\/\\\/haberverkibris.com\\\/index.php\\\/author\\\/guven\\\/\"}]}<\/script>\n<!-- \/ Yoast SEO plugin. -->","yoast_head_json":{"title":"Mali Savunma Bakan\u0131 Sadio Camara sald\u0131r\u0131da hayat\u0131n\u0131 kaybetti - Haber Ver K\u0131br\u0131s","robots":{"index":"index","follow":"follow","max-snippet":"max-snippet:-1","max-image-preview":"max-image-preview:large","max-video-preview":"max-video-preview:-1"},"canonical":"https:\/\/haberverkibris.com\/index.php\/2026\/04\/27\/mali-savunma-bakani-sadio-camara-saldirida-hayatini-kaybetti\/","og_locale":"tr_TR","og_type":"article","og_title":"Mali Savunma Bakan\u0131 Sadio Camara sald\u0131r\u0131da hayat\u0131n\u0131 kaybetti - Haber Ver K\u0131br\u0131s","og_description":"&#13; H\u00fck\u00fcmet S\u00f6zc\u00fcs\u00fc Tu\u011fgeneral Issa Ousmane Coulibaly, \u00f6nceki g\u00fcn d\u00fczenlenen sald\u0131r\u0131larda bir intihar bombac\u0131s\u0131n\u0131n kulland\u0131\u011f\u0131 ara\u00e7la Camara\u2019n\u0131n Bamako yak\u0131nlar\u0131ndaki Kati kentindeki konutunun hedef al\u0131nd\u0131\u011f\u0131n\u0131 belirtti. &#13; Coulibaly, Camara\u2019n\u0131n sald\u0131rganlarla \u00e7at\u0131\u015fmaya girdi\u011fini, baz\u0131lar\u0131n\u0131 etkisiz hale getirdi\u011fini, ancak \u00e7\u0131kan \u00e7at\u0131\u015fmalarda yaraland\u0131ktan sonra kald\u0131r\u0131ld\u0131\u011f\u0131 hastanede hayat\u0131n\u0131 kaybetti\u011fini ifade etti. &#13; Sald\u0131r\u0131 s\u0131ras\u0131nda konutun \u00e7\u00f6kmesi sonucu ba\u015fka kay\u0131plar ya\u015fand\u0131\u011f\u0131n\u0131 [&hellip;]","og_url":"https:\/\/haberverkibris.com\/index.php\/2026\/04\/27\/mali-savunma-bakani-sadio-camara-saldirida-hayatini-kaybetti\/","og_site_name":"Haber Ver K\u0131br\u0131s","article_publisher":"https:\/\/www.facebook.com\/kuzeyinsesii","article_published_time":"2026-04-27T04:14:27+00:00","og_image":[{"url":"https:\/\/trthaberstatic.cdn.wp.trt.com.tr\/resimler\/2394000\/afrika-mali-asker-2394755.jpg","type":"","width":"","height":""}],"author":"Haberver K\u0131br\u0131s","twitter_card":"summary_large_image","twitter_creator":"@kuzeyinsesii","twitter_site":"@kuzeyinsesii","twitter_misc":{"Yazan:":"Haberver K\u0131br\u0131s","Tahmini okuma s\u00fcresi":"1 dakika"},"schema":{"@context":"https:\/\/schema.org","@graph":[{"@type":"Article","@id":"https:\/\/haberverkibris.com\/index.php\/2026\/04\/27\/mali-savunma-bakani-sadio-camara-saldirida-hayatini-kaybetti\/#article","isPartOf":{"@id":"https:\/\/haberverkibris.com\/index.php\/2026\/04\/27\/mali-savunma-bakani-sadio-camara-saldirida-hayatini-kaybetti\/"},"author":{"name":"Haberver K\u0131br\u0131s","@id":"https:\/\/haberverkibris.com\/#\/schema\/person\/29d65381ed43765483b5a185ded66a56"},"headline":"Mali Savunma Bakan\u0131 Sadio Camara sald\u0131r\u0131da hayat\u0131n\u0131 kaybetti","datePublished":"2026-04-27T04:14:27+00:00","mainEntityOfPage":{"@id":"https:\/\/haberverkibris.com\/index.php\/2026\/04\/27\/mali-savunma-bakani-sadio-camara-saldirida-hayatini-kaybetti\/"},"wordCount":277,"commentCount":0,"image":{"@id":"https:\/\/haberverkibris.com\/index.php\/2026\/04\/27\/mali-savunma-bakani-sadio-camara-saldirida-hayatini-kaybetti\/#primaryimage"},"thumbnailUrl":"https:\/\/haberverkibris.com\/wp-content\/uploads\/2026\/04\/afrika-mali-asker-2394755.jpg","articleSection":["D\u00fcnya"],"inLanguage":"tr","potentialAction":[{"@type":"CommentAction","name":"Comment","target":["https:\/\/haberverkibris.com\/index.php\/2026\/04\/27\/mali-savunma-bakani-sadio-camara-saldirida-hayatini-kaybetti\/#respond"]}]},{"@type":"WebPage","@id":"https:\/\/haberverkibris.com\/index.php\/2026\/04\/27\/mali-savunma-bakani-sadio-camara-saldirida-hayatini-kaybetti\/","url":"https:\/\/haberverkibris.com\/index.php\/2026\/04\/27\/mali-savunma-bakani-sadio-camara-saldirida-hayatini-kaybetti\/","name":"Mali Savunma Bakan\u0131 Sadio Camara sald\u0131r\u0131da hayat\u0131n\u0131 kaybetti - Haber Ver K\u0131br\u0131s","isPartOf":{"@id":"https:\/\/haberverkibris.com\/#website"},"primaryImageOfPage":{"@id":"https:\/\/haberverkibris.com\/index.php\/2026\/04\/27\/mali-savunma-bakani-sadio-camara-saldirida-hayatini-kaybetti\/#primaryimage"},"image":{"@id":"https:\/\/haberverkibris.com\/index.php\/2026\/04\/27\/mali-savunma-bakani-sadio-camara-saldirida-hayatini-kaybetti\/#primaryimage"},"thumbnailUrl":"https:\/\/haberverkibris.com\/wp-content\/uploads\/2026\/04\/afrika-mali-asker-2394755.jpg","datePublished":"2026-04-27T04:14:27+00:00","author":{"@id":"https:\/\/haberverkibris.com\/#\/schema\/person\/29d65381ed43765483b5a185ded66a56"},"breadcrumb":{"@id":"https:\/\/haberverkibris.com\/index.php\/2026\/04\/27\/mali-savunma-bakani-sadio-camara-saldirida-hayatini-kaybetti\/#breadcrumb"},"inLanguage":"tr","potentialAction":[{"@type":"ReadAction","target":["https:\/\/haberverkibris.com\/index.php\/2026\/04\/27\/mali-savunma-bakani-sadio-camara-saldirida-hayatini-kaybetti\/"]}]},{"@type":"ImageObject","inLanguage":"tr","@id":"https:\/\/haberverkibris.com\/index.php\/2026\/04\/27\/mali-savunma-bakani-sadio-camara-saldirida-hayatini-kaybetti\/#primaryimage","url":"https:\/\/haberverkibris.com\/wp-content\/uploads\/2026\/04\/afrika-mali-asker-2394755.jpg","contentUrl":"https:\/\/haberverkibris.com\/wp-content\/uploads\/2026\/04\/afrika-mali-asker-2394755.jpg","width":1280,"height":720},{"@type":"BreadcrumbList","@id":"https:\/\/haberverkibris.com\/index.php\/2026\/04\/27\/mali-savunma-bakani-sadio-camara-saldirida-hayatini-kaybetti\/#breadcrumb","itemListElement":[{"@type":"ListItem","position":1,"name":"Anasayfa","item":"https:\/\/haberverkibris.com\/"},{"@type":"ListItem","position":2,"name":"Mali Savunma Bakan\u0131 Sadio Camara sald\u0131r\u0131da hayat\u0131n\u0131 kaybetti"}]},{"@type":"WebSite","@id":"https:\/\/haberverkibris.com\/#website","url":"https:\/\/haberverkibris.com\/","name":"Kuzeyin Sesi","description":"Do\u011fru Haberin Adresi","potentialAction":[{"@type":"SearchAction","target":{"@type":"EntryPoint","urlTemplate":"https:\/\/haberverkibris.com\/?s={search_term_string}"},"query-input":{"@type":"PropertyValueSpecification","valueRequired":true,"valueName":"search_term_string"}}],"inLanguage":"tr"},{"@type":"Person","@id":"https:\/\/haberverkibris.com\/#\/schema\/person\/29d65381ed43765483b5a185ded66a56","name":"Haberver K\u0131br\u0131s","image":{"@type":"ImageObject","inLanguage":"tr","@id":"https:\/\/secure.gravatar.com\/avatar\/bab33852abfd8b282518d6ed81826833d77c3c882d9ab608add591ccace47a44?s=96&d=mm&r=g","url":"https:\/\/secure.gravatar.com\/avatar\/bab33852abfd8b282518d6ed81826833d77c3c882d9ab608add591ccace47a44?s=96&d=mm&r=g","contentUrl":"https:\/\/secure.gravatar.com\/avatar\/bab33852abfd8b282518d6ed81826833d77c3c882d9ab608add591ccace47a44?s=96&d=mm&r=g","caption":"Haberver K\u0131br\u0131s"},"sameAs":["https:\/\/haberverkibris.com"],"url":"https:\/\/haberverkibris.com\/index.php\/author\/guven\/"}]}},"_links":{"self":[{"href":"https:\/\/haberverkibris.com\/index.php\/wp-json\/wp\/v2\/posts\/34084","targetHints":{"allow":["GET"]}}],"collection":[{"href":"https:\/\/haberverkibris.com\/index.php\/wp-json\/wp\/v2\/posts"}],"about":[{"href":"https:\/\/haberverkibris.com\/index.php\/wp-json\/wp\/v2\/types\/post"}],"author":[{"embeddable":true,"href":"https:\/\/haberverkibris.com\/index.php\/wp-json\/wp\/v2\/users\/1"}],"replies":[{"embeddable":true,"href":"https:\/\/haberverkibris.com\/index.php\/wp-json\/wp\/v2\/comments?post=34084"}],"version-history":[{"count":0,"href":"https:\/\/haberverkibris.com\/index.php\/wp-json\/wp\/v2\/posts\/34084\/revisions"}],"wp:featuredmedia":[{"embeddable":true,"href":"https:\/\/haberverkibris.com\/index.php\/wp-json\/wp\/v2\/media\/34005"}],"wp:attachment":[{"href":"https:\/\/haberverkibris.com\/index.php\/wp-json\/wp\/v2\/media?parent=34084"}],"wp:term":[{"taxonomy":"category","embeddable":true,"href":"https:\/\/haberverkibris.com\/index.php\/wp-json\/wp\/v2\/categories?post=34084"},{"taxonomy":"post_tag","embeddable":true,"href":"https:\/\/haberverkibris.com\/index.php\/wp-json\/wp\/v2\/tags?post=34084"}],"curies":[{"name":"wp","href":"https:\/\/api.w.org\/{rel}","templated":true}]}}