{"id":34082,"date":"2026-04-27T04:10:40","date_gmt":"2026-04-27T01:10:40","guid":{"rendered":"https:\/\/haberverkibris.com\/index.php\/2026\/04\/27\/kerkukteki-zincirleme-kazada-agir-yaralananlarin-tedavisi-turkiyede-yapilacak\/"},"modified":"2026-04-27T04:10:40","modified_gmt":"2026-04-27T01:10:40","slug":"kerkukteki-zincirleme-kazada-agir-yaralananlarin-tedavisi-turkiyede-yapilacak","status":"publish","type":"post","link":"https:\/\/haberverkibris.com\/index.php\/2026\/04\/27\/kerkukteki-zincirleme-kazada-agir-yaralananlarin-tedavisi-turkiyede-yapilacak\/","title":{"rendered":"Kerk\u00fck&#8217;teki zincirleme kazada a\u011f\u0131r yaralananlar\u0131n tedavisi T\u00fcrkiye&#8217;de yap\u0131lacak"},"content":{"rendered":"<p><\/p>\n<div>\n<p>&#13;<br \/>\n\tKerk\u00fck-S\u00fcleymaniye karayolunda bir t\u0131r zincirleme kazaya neden oldu. \u00c7imento y\u00fckl\u00fc t\u0131r, freninin ar\u0131zalanmas\u0131yla 37 araca \u00e7arpt\u0131.<\/p>\n<p>Kaza sonras\u0131 b\u00fcy\u00fck bir yang\u0131n \u00e7\u0131kt\u0131.\u00a0Yang\u0131n, ekiplerin yo\u011fun m\u00fcdahalesiyle kontrol alt\u0131na al\u0131nmaya \u00e7al\u0131\u015f\u0131ld\u0131.<\/p>\n<p>Kazan\u0131n bilan\u00e7osu a\u011f\u0131r oldu.\u00a07 ki\u015fi hayat\u0131n\u0131 kaybetti, 3&#8217;\u00fc a\u011f\u0131r 23 ki\u015fi de yaraland\u0131.<\/p>\n<p>\u00c7ok say\u0131da ara\u00e7ta da b\u00fcy\u00fck hasar olu\u015ftu.<\/p>\n<h2>&#13;<br \/>\n\tA\u011f\u0131r yaral\u0131lar\u0131n tedavisi T\u00fcrkiye&#8217;de yap\u0131lacak<\/h2>\n<p>&#13;<br \/>\n\tKerk\u00fck Valisi Mehmet Seman A\u011fa, yaral\u0131lar\u0131 hastanede ziyaret etti, kazayla ilgili soru\u015fturma ba\u015flat\u0131ld\u0131\u011f\u0131n\u0131 belirtti. A\u011f\u0131r yaral\u0131lar\u0131n tedavisinin T\u00fcrkiye&#8217;de yap\u0131laca\u011f\u0131n\u0131 duyurdu.<\/p>\n<p>&#13;<br \/>\n\tVali A\u011fa, kaza nedeniyle Kerk\u00fck&#8217;te bir g\u00fcnl\u00fck yas ilan edildi\u011fini duyurdu.<\/p>\n<p>&#13;<br \/>\n\tA\u011fa, benzer kazalar\u0131n \u00f6n\u00fcne ge\u00e7ilmesi amac\u0131yla uzun ara\u00e7lar\u0131n 08.00-24.00 saatleri aras\u0131nda kent merkezine giri\u015finin yasakland\u0131\u011f\u0131n\u0131 kaydetti.<br \/>&#13;<br \/>\n\t\u00a0<\/p>\n<\/p><\/div>\n","protected":false},"excerpt":{"rendered":"<p>&#13; Kerk\u00fck-S\u00fcleymaniye karayolunda bir t\u0131r zincirleme kazaya neden oldu. \u00c7imento y\u00fckl\u00fc t\u0131r, freninin ar\u0131zalanmas\u0131yla 37 araca \u00e7arpt\u0131. Kaza sonras\u0131 b\u00fcy\u00fck bir yang\u0131n \u00e7\u0131kt\u0131.\u00a0Yang\u0131n, ekiplerin yo\u011fun m\u00fcdahalesiyle kontrol alt\u0131na al\u0131nmaya \u00e7al\u0131\u015f\u0131ld\u0131. Kazan\u0131n bilan\u00e7osu a\u011f\u0131r oldu.\u00a07 ki\u015fi hayat\u0131n\u0131 kaybetti, 3&#8217;\u00fc a\u011f\u0131r 23 ki\u015fi de yaraland\u0131. \u00c7ok say\u0131da ara\u00e7ta da b\u00fcy\u00fck hasar olu\u015ftu. &#13; A\u011f\u0131r yaral\u0131lar\u0131n tedavisi T\u00fcrkiye&#8217;de [&hellip;]<\/p>\n","protected":false},"author":1,"featured_media":34083,"comment_status":"open","ping_status":"open","sticky":false,"template":"","format":"standard","meta":{"jnews-multi-image_gallery":[],"jnews_single_post":[],"jnews_primary_category":[],"jnews_social_meta":[],"jnews_override_counter":[],"footnotes":""},"categories":[2],"tags":[],"class_list":["post-34082","post","type-post","status-publish","format-standard","has-post-thumbnail","hentry","category-dunya"],"yoast_head":"<!-- This site is optimized with the Yoast SEO plugin v27.4 - https:\/\/yoast.com\/product\/yoast-seo-wordpress\/ -->\n<title>Kerk\u00fck&#039;teki zincirleme kazada a\u011f\u0131r yaralananlar\u0131n tedavisi T\u00fcrkiye&#039;de yap\u0131lacak - Haber Ver K\u0131br\u0131s<\/title>\n<meta name=\"robots\" content=\"index, follow, max-snippet:-1, max-image-preview:large, max-video-preview:-1\" \/>\n<link rel=\"canonical\" href=\"https:\/\/haberverkibris.com\/index.php\/2026\/04\/27\/kerkukteki-zincirleme-kazada-agir-yaralananlarin-tedavisi-turkiyede-yapilacak\/\" \/>\n<meta property=\"og:locale\" content=\"tr_TR\" \/>\n<meta property=\"og:type\" content=\"article\" \/>\n<meta property=\"og:title\" content=\"Kerk\u00fck&#039;teki zincirleme kazada a\u011f\u0131r yaralananlar\u0131n tedavisi T\u00fcrkiye&#039;de yap\u0131lacak - Haber Ver K\u0131br\u0131s\" \/>\n<meta property=\"og:description\" content=\"&#013; Kerk\u00fck-S\u00fcleymaniye karayolunda bir t\u0131r zincirleme kazaya neden oldu. \u00c7imento y\u00fckl\u00fc t\u0131r, freninin ar\u0131zalanmas\u0131yla 37 araca \u00e7arpt\u0131. Kaza sonras\u0131 b\u00fcy\u00fck bir yang\u0131n \u00e7\u0131kt\u0131.\u00a0Yang\u0131n, ekiplerin yo\u011fun m\u00fcdahalesiyle kontrol alt\u0131na al\u0131nmaya \u00e7al\u0131\u015f\u0131ld\u0131. Kazan\u0131n bilan\u00e7osu a\u011f\u0131r oldu.\u00a07 ki\u015fi hayat\u0131n\u0131 kaybetti, 3&#8217;\u00fc a\u011f\u0131r 23 ki\u015fi de yaraland\u0131. \u00c7ok say\u0131da ara\u00e7ta da b\u00fcy\u00fck hasar olu\u015ftu. &#013; A\u011f\u0131r yaral\u0131lar\u0131n tedavisi T\u00fcrkiye&#8217;de [&hellip;]\" \/>\n<meta property=\"og:url\" content=\"https:\/\/haberverkibris.com\/index.php\/2026\/04\/27\/kerkukteki-zincirleme-kazada-agir-yaralananlarin-tedavisi-turkiyede-yapilacak\/\" \/>\n<meta property=\"og:site_name\" content=\"Haber Ver K\u0131br\u0131s\" \/>\n<meta property=\"article:publisher\" content=\"https:\/\/www.facebook.com\/kuzeyinsesii\" \/>\n<meta property=\"article:published_time\" content=\"2026-04-27T01:10:40+00:00\" \/>\n<meta property=\"og:image\" content=\"https:\/\/trthaberstatic.cdn.wp.trt.com.tr\/resimler\/1752000\/ambulans-stok-1753222.jpg\" \/>\n<meta name=\"author\" content=\"Haberver K\u0131br\u0131s\" \/>\n<meta name=\"twitter:card\" content=\"summary_large_image\" \/>\n<meta name=\"twitter:creator\" content=\"@kuzeyinsesii\" \/>\n<meta name=\"twitter:site\" content=\"@kuzeyinsesii\" \/>\n<meta name=\"twitter:label1\" content=\"Yazan:\" \/>\n\t<meta name=\"twitter:data1\" content=\"Haberver K\u0131br\u0131s\" \/>\n\t<meta name=\"twitter:label2\" content=\"Tahmini okuma s\u00fcresi\" \/>\n\t<meta name=\"twitter:data2\" content=\"1 dakika\" \/>\n<script type=\"application\/ld+json\" class=\"yoast-schema-graph\">{\"@context\":\"https:\\\/\\\/schema.org\",\"@graph\":[{\"@type\":\"Article\",\"@id\":\"https:\\\/\\\/haberverkibris.com\\\/index.php\\\/2026\\\/04\\\/27\\\/kerkukteki-zincirleme-kazada-agir-yaralananlarin-tedavisi-turkiyede-yapilacak\\\/#article\",\"isPartOf\":{\"@id\":\"https:\\\/\\\/haberverkibris.com\\\/index.php\\\/2026\\\/04\\\/27\\\/kerkukteki-zincirleme-kazada-agir-yaralananlarin-tedavisi-turkiyede-yapilacak\\\/\"},\"author\":{\"name\":\"Haberver K\u0131br\u0131s\",\"@id\":\"https:\\\/\\\/haberverkibris.com\\\/#\\\/schema\\\/person\\\/29d65381ed43765483b5a185ded66a56\"},\"headline\":\"Kerk\u00fck&#8217;teki zincirleme kazada a\u011f\u0131r yaralananlar\u0131n tedavisi T\u00fcrkiye&#8217;de yap\u0131lacak\",\"datePublished\":\"2026-04-27T01:10:40+00:00\",\"mainEntityOfPage\":{\"@id\":\"https:\\\/\\\/haberverkibris.com\\\/index.php\\\/2026\\\/04\\\/27\\\/kerkukteki-zincirleme-kazada-agir-yaralananlarin-tedavisi-turkiyede-yapilacak\\\/\"},\"wordCount\":178,\"commentCount\":0,\"image\":{\"@id\":\"https:\\\/\\\/haberverkibris.com\\\/index.php\\\/2026\\\/04\\\/27\\\/kerkukteki-zincirleme-kazada-agir-yaralananlarin-tedavisi-turkiyede-yapilacak\\\/#primaryimage\"},\"thumbnailUrl\":\"https:\\\/\\\/haberverkibris.com\\\/wp-content\\\/uploads\\\/2026\\\/04\\\/ambulans-stok-1753222.jpg\",\"articleSection\":[\"D\u00fcnya\"],\"inLanguage\":\"tr\",\"potentialAction\":[{\"@type\":\"CommentAction\",\"name\":\"Comment\",\"target\":[\"https:\\\/\\\/haberverkibris.com\\\/index.php\\\/2026\\\/04\\\/27\\\/kerkukteki-zincirleme-kazada-agir-yaralananlarin-tedavisi-turkiyede-yapilacak\\\/#respond\"]}]},{\"@type\":\"WebPage\",\"@id\":\"https:\\\/\\\/haberverkibris.com\\\/index.php\\\/2026\\\/04\\\/27\\\/kerkukteki-zincirleme-kazada-agir-yaralananlarin-tedavisi-turkiyede-yapilacak\\\/\",\"url\":\"https:\\\/\\\/haberverkibris.com\\\/index.php\\\/2026\\\/04\\\/27\\\/kerkukteki-zincirleme-kazada-agir-yaralananlarin-tedavisi-turkiyede-yapilacak\\\/\",\"name\":\"Kerk\u00fck'teki zincirleme kazada a\u011f\u0131r yaralananlar\u0131n tedavisi T\u00fcrkiye'de yap\u0131lacak - Haber Ver K\u0131br\u0131s\",\"isPartOf\":{\"@id\":\"https:\\\/\\\/haberverkibris.com\\\/#website\"},\"primaryImageOfPage\":{\"@id\":\"https:\\\/\\\/haberverkibris.com\\\/index.php\\\/2026\\\/04\\\/27\\\/kerkukteki-zincirleme-kazada-agir-yaralananlarin-tedavisi-turkiyede-yapilacak\\\/#primaryimage\"},\"image\":{\"@id\":\"https:\\\/\\\/haberverkibris.com\\\/index.php\\\/2026\\\/04\\\/27\\\/kerkukteki-zincirleme-kazada-agir-yaralananlarin-tedavisi-turkiyede-yapilacak\\\/#primaryimage\"},\"thumbnailUrl\":\"https:\\\/\\\/haberverkibris.com\\\/wp-content\\\/uploads\\\/2026\\\/04\\\/ambulans-stok-1753222.jpg\",\"datePublished\":\"2026-04-27T01:10:40+00:00\",\"author\":{\"@id\":\"https:\\\/\\\/haberverkibris.com\\\/#\\\/schema\\\/person\\\/29d65381ed43765483b5a185ded66a56\"},\"breadcrumb\":{\"@id\":\"https:\\\/\\\/haberverkibris.com\\\/index.php\\\/2026\\\/04\\\/27\\\/kerkukteki-zincirleme-kazada-agir-yaralananlarin-tedavisi-turkiyede-yapilacak\\\/#breadcrumb\"},\"inLanguage\":\"tr\",\"potentialAction\":[{\"@type\":\"ReadAction\",\"target\":[\"https:\\\/\\\/haberverkibris.com\\\/index.php\\\/2026\\\/04\\\/27\\\/kerkukteki-zincirleme-kazada-agir-yaralananlarin-tedavisi-turkiyede-yapilacak\\\/\"]}]},{\"@type\":\"ImageObject\",\"inLanguage\":\"tr\",\"@id\":\"https:\\\/\\\/haberverkibris.com\\\/index.php\\\/2026\\\/04\\\/27\\\/kerkukteki-zincirleme-kazada-agir-yaralananlarin-tedavisi-turkiyede-yapilacak\\\/#primaryimage\",\"url\":\"https:\\\/\\\/haberverkibris.com\\\/wp-content\\\/uploads\\\/2026\\\/04\\\/ambulans-stok-1753222.jpg\",\"contentUrl\":\"https:\\\/\\\/haberverkibris.com\\\/wp-content\\\/uploads\\\/2026\\\/04\\\/ambulans-stok-1753222.jpg\",\"width\":1280,\"height\":720},{\"@type\":\"BreadcrumbList\",\"@id\":\"https:\\\/\\\/haberverkibris.com\\\/index.php\\\/2026\\\/04\\\/27\\\/kerkukteki-zincirleme-kazada-agir-yaralananlarin-tedavisi-turkiyede-yapilacak\\\/#breadcrumb\",\"itemListElement\":[{\"@type\":\"ListItem\",\"position\":1,\"name\":\"Anasayfa\",\"item\":\"https:\\\/\\\/haberverkibris.com\\\/\"},{\"@type\":\"ListItem\",\"position\":2,\"name\":\"Kerk\u00fck&#8217;teki zincirleme kazada a\u011f\u0131r yaralananlar\u0131n tedavisi T\u00fcrkiye&#8217;de yap\u0131lacak\"}]},{\"@type\":\"WebSite\",\"@id\":\"https:\\\/\\\/haberverkibris.com\\\/#website\",\"url\":\"https:\\\/\\\/haberverkibris.com\\\/\",\"name\":\"Kuzeyin Sesi\",\"description\":\"Do\u011fru Haberin Adresi\",\"potentialAction\":[{\"@type\":\"SearchAction\",\"target\":{\"@type\":\"EntryPoint\",\"urlTemplate\":\"https:\\\/\\\/haberverkibris.com\\\/?s={search_term_string}\"},\"query-input\":{\"@type\":\"PropertyValueSpecification\",\"valueRequired\":true,\"valueName\":\"search_term_string\"}}],\"inLanguage\":\"tr\"},{\"@type\":\"Person\",\"@id\":\"https:\\\/\\\/haberverkibris.com\\\/#\\\/schema\\\/person\\\/29d65381ed43765483b5a185ded66a56\",\"name\":\"Haberver K\u0131br\u0131s\",\"image\":{\"@type\":\"ImageObject\",\"inLanguage\":\"tr\",\"@id\":\"https:\\\/\\\/secure.gravatar.com\\\/avatar\\\/bab33852abfd8b282518d6ed81826833d77c3c882d9ab608add591ccace47a44?s=96&d=mm&r=g\",\"url\":\"https:\\\/\\\/secure.gravatar.com\\\/avatar\\\/bab33852abfd8b282518d6ed81826833d77c3c882d9ab608add591ccace47a44?s=96&d=mm&r=g\",\"contentUrl\":\"https:\\\/\\\/secure.gravatar.com\\\/avatar\\\/bab33852abfd8b282518d6ed81826833d77c3c882d9ab608add591ccace47a44?s=96&d=mm&r=g\",\"caption\":\"Haberver K\u0131br\u0131s\"},\"sameAs\":[\"https:\\\/\\\/haberverkibris.com\"],\"url\":\"https:\\\/\\\/haberverkibris.com\\\/index.php\\\/author\\\/guven\\\/\"}]}<\/script>\n<!-- \/ Yoast SEO plugin. -->","yoast_head_json":{"title":"Kerk\u00fck'teki zincirleme kazada a\u011f\u0131r yaralananlar\u0131n tedavisi T\u00fcrkiye'de yap\u0131lacak - Haber Ver K\u0131br\u0131s","robots":{"index":"index","follow":"follow","max-snippet":"max-snippet:-1","max-image-preview":"max-image-preview:large","max-video-preview":"max-video-preview:-1"},"canonical":"https:\/\/haberverkibris.com\/index.php\/2026\/04\/27\/kerkukteki-zincirleme-kazada-agir-yaralananlarin-tedavisi-turkiyede-yapilacak\/","og_locale":"tr_TR","og_type":"article","og_title":"Kerk\u00fck'teki zincirleme kazada a\u011f\u0131r yaralananlar\u0131n tedavisi T\u00fcrkiye'de yap\u0131lacak - Haber Ver K\u0131br\u0131s","og_description":"&#13; Kerk\u00fck-S\u00fcleymaniye karayolunda bir t\u0131r zincirleme kazaya neden oldu. \u00c7imento y\u00fckl\u00fc t\u0131r, freninin ar\u0131zalanmas\u0131yla 37 araca \u00e7arpt\u0131. Kaza sonras\u0131 b\u00fcy\u00fck bir yang\u0131n \u00e7\u0131kt\u0131.\u00a0Yang\u0131n, ekiplerin yo\u011fun m\u00fcdahalesiyle kontrol alt\u0131na al\u0131nmaya \u00e7al\u0131\u015f\u0131ld\u0131. Kazan\u0131n bilan\u00e7osu a\u011f\u0131r oldu.\u00a07 ki\u015fi hayat\u0131n\u0131 kaybetti, 3&#8217;\u00fc a\u011f\u0131r 23 ki\u015fi de yaraland\u0131. \u00c7ok say\u0131da ara\u00e7ta da b\u00fcy\u00fck hasar olu\u015ftu. &#13; A\u011f\u0131r yaral\u0131lar\u0131n tedavisi T\u00fcrkiye&#8217;de [&hellip;]","og_url":"https:\/\/haberverkibris.com\/index.php\/2026\/04\/27\/kerkukteki-zincirleme-kazada-agir-yaralananlarin-tedavisi-turkiyede-yapilacak\/","og_site_name":"Haber Ver K\u0131br\u0131s","article_publisher":"https:\/\/www.facebook.com\/kuzeyinsesii","article_published_time":"2026-04-27T01:10:40+00:00","og_image":[{"url":"https:\/\/trthaberstatic.cdn.wp.trt.com.tr\/resimler\/1752000\/ambulans-stok-1753222.jpg","type":"","width":"","height":""}],"author":"Haberver K\u0131br\u0131s","twitter_card":"summary_large_image","twitter_creator":"@kuzeyinsesii","twitter_site":"@kuzeyinsesii","twitter_misc":{"Yazan:":"Haberver K\u0131br\u0131s","Tahmini okuma s\u00fcresi":"1 dakika"},"schema":{"@context":"https:\/\/schema.org","@graph":[{"@type":"Article","@id":"https:\/\/haberverkibris.com\/index.php\/2026\/04\/27\/kerkukteki-zincirleme-kazada-agir-yaralananlarin-tedavisi-turkiyede-yapilacak\/#article","isPartOf":{"@id":"https:\/\/haberverkibris.com\/index.php\/2026\/04\/27\/kerkukteki-zincirleme-kazada-agir-yaralananlarin-tedavisi-turkiyede-yapilacak\/"},"author":{"name":"Haberver K\u0131br\u0131s","@id":"https:\/\/haberverkibris.com\/#\/schema\/person\/29d65381ed43765483b5a185ded66a56"},"headline":"Kerk\u00fck&#8217;teki zincirleme kazada a\u011f\u0131r yaralananlar\u0131n tedavisi T\u00fcrkiye&#8217;de yap\u0131lacak","datePublished":"2026-04-27T01:10:40+00:00","mainEntityOfPage":{"@id":"https:\/\/haberverkibris.com\/index.php\/2026\/04\/27\/kerkukteki-zincirleme-kazada-agir-yaralananlarin-tedavisi-turkiyede-yapilacak\/"},"wordCount":178,"commentCount":0,"image":{"@id":"https:\/\/haberverkibris.com\/index.php\/2026\/04\/27\/kerkukteki-zincirleme-kazada-agir-yaralananlarin-tedavisi-turkiyede-yapilacak\/#primaryimage"},"thumbnailUrl":"https:\/\/haberverkibris.com\/wp-content\/uploads\/2026\/04\/ambulans-stok-1753222.jpg","articleSection":["D\u00fcnya"],"inLanguage":"tr","potentialAction":[{"@type":"CommentAction","name":"Comment","target":["https:\/\/haberverkibris.com\/index.php\/2026\/04\/27\/kerkukteki-zincirleme-kazada-agir-yaralananlarin-tedavisi-turkiyede-yapilacak\/#respond"]}]},{"@type":"WebPage","@id":"https:\/\/haberverkibris.com\/index.php\/2026\/04\/27\/kerkukteki-zincirleme-kazada-agir-yaralananlarin-tedavisi-turkiyede-yapilacak\/","url":"https:\/\/haberverkibris.com\/index.php\/2026\/04\/27\/kerkukteki-zincirleme-kazada-agir-yaralananlarin-tedavisi-turkiyede-yapilacak\/","name":"Kerk\u00fck'teki zincirleme kazada a\u011f\u0131r yaralananlar\u0131n tedavisi T\u00fcrkiye'de yap\u0131lacak - Haber Ver K\u0131br\u0131s","isPartOf":{"@id":"https:\/\/haberverkibris.com\/#website"},"primaryImageOfPage":{"@id":"https:\/\/haberverkibris.com\/index.php\/2026\/04\/27\/kerkukteki-zincirleme-kazada-agir-yaralananlarin-tedavisi-turkiyede-yapilacak\/#primaryimage"},"image":{"@id":"https:\/\/haberverkibris.com\/index.php\/2026\/04\/27\/kerkukteki-zincirleme-kazada-agir-yaralananlarin-tedavisi-turkiyede-yapilacak\/#primaryimage"},"thumbnailUrl":"https:\/\/haberverkibris.com\/wp-content\/uploads\/2026\/04\/ambulans-stok-1753222.jpg","datePublished":"2026-04-27T01:10:40+00:00","author":{"@id":"https:\/\/haberverkibris.com\/#\/schema\/person\/29d65381ed43765483b5a185ded66a56"},"breadcrumb":{"@id":"https:\/\/haberverkibris.com\/index.php\/2026\/04\/27\/kerkukteki-zincirleme-kazada-agir-yaralananlarin-tedavisi-turkiyede-yapilacak\/#breadcrumb"},"inLanguage":"tr","potentialAction":[{"@type":"ReadAction","target":["https:\/\/haberverkibris.com\/index.php\/2026\/04\/27\/kerkukteki-zincirleme-kazada-agir-yaralananlarin-tedavisi-turkiyede-yapilacak\/"]}]},{"@type":"ImageObject","inLanguage":"tr","@id":"https:\/\/haberverkibris.com\/index.php\/2026\/04\/27\/kerkukteki-zincirleme-kazada-agir-yaralananlarin-tedavisi-turkiyede-yapilacak\/#primaryimage","url":"https:\/\/haberverkibris.com\/wp-content\/uploads\/2026\/04\/ambulans-stok-1753222.jpg","contentUrl":"https:\/\/haberverkibris.com\/wp-content\/uploads\/2026\/04\/ambulans-stok-1753222.jpg","width":1280,"height":720},{"@type":"BreadcrumbList","@id":"https:\/\/haberverkibris.com\/index.php\/2026\/04\/27\/kerkukteki-zincirleme-kazada-agir-yaralananlarin-tedavisi-turkiyede-yapilacak\/#breadcrumb","itemListElement":[{"@type":"ListItem","position":1,"name":"Anasayfa","item":"https:\/\/haberverkibris.com\/"},{"@type":"ListItem","position":2,"name":"Kerk\u00fck&#8217;teki zincirleme kazada a\u011f\u0131r yaralananlar\u0131n tedavisi T\u00fcrkiye&#8217;de yap\u0131lacak"}]},{"@type":"WebSite","@id":"https:\/\/haberverkibris.com\/#website","url":"https:\/\/haberverkibris.com\/","name":"Kuzeyin Sesi","description":"Do\u011fru Haberin Adresi","potentialAction":[{"@type":"SearchAction","target":{"@type":"EntryPoint","urlTemplate":"https:\/\/haberverkibris.com\/?s={search_term_string}"},"query-input":{"@type":"PropertyValueSpecification","valueRequired":true,"valueName":"search_term_string"}}],"inLanguage":"tr"},{"@type":"Person","@id":"https:\/\/haberverkibris.com\/#\/schema\/person\/29d65381ed43765483b5a185ded66a56","name":"Haberver K\u0131br\u0131s","image":{"@type":"ImageObject","inLanguage":"tr","@id":"https:\/\/secure.gravatar.com\/avatar\/bab33852abfd8b282518d6ed81826833d77c3c882d9ab608add591ccace47a44?s=96&d=mm&r=g","url":"https:\/\/secure.gravatar.com\/avatar\/bab33852abfd8b282518d6ed81826833d77c3c882d9ab608add591ccace47a44?s=96&d=mm&r=g","contentUrl":"https:\/\/secure.gravatar.com\/avatar\/bab33852abfd8b282518d6ed81826833d77c3c882d9ab608add591ccace47a44?s=96&d=mm&r=g","caption":"Haberver K\u0131br\u0131s"},"sameAs":["https:\/\/haberverkibris.com"],"url":"https:\/\/haberverkibris.com\/index.php\/author\/guven\/"}]}},"_links":{"self":[{"href":"https:\/\/haberverkibris.com\/index.php\/wp-json\/wp\/v2\/posts\/34082","targetHints":{"allow":["GET"]}}],"collection":[{"href":"https:\/\/haberverkibris.com\/index.php\/wp-json\/wp\/v2\/posts"}],"about":[{"href":"https:\/\/haberverkibris.com\/index.php\/wp-json\/wp\/v2\/types\/post"}],"author":[{"embeddable":true,"href":"https:\/\/haberverkibris.com\/index.php\/wp-json\/wp\/v2\/users\/1"}],"replies":[{"embeddable":true,"href":"https:\/\/haberverkibris.com\/index.php\/wp-json\/wp\/v2\/comments?post=34082"}],"version-history":[{"count":0,"href":"https:\/\/haberverkibris.com\/index.php\/wp-json\/wp\/v2\/posts\/34082\/revisions"}],"wp:featuredmedia":[{"embeddable":true,"href":"https:\/\/haberverkibris.com\/index.php\/wp-json\/wp\/v2\/media\/34083"}],"wp:attachment":[{"href":"https:\/\/haberverkibris.com\/index.php\/wp-json\/wp\/v2\/media?parent=34082"}],"wp:term":[{"taxonomy":"category","embeddable":true,"href":"https:\/\/haberverkibris.com\/index.php\/wp-json\/wp\/v2\/categories?post=34082"},{"taxonomy":"post_tag","embeddable":true,"href":"https:\/\/haberverkibris.com\/index.php\/wp-json\/wp\/v2\/tags?post=34082"}],"curies":[{"name":"wp","href":"https:\/\/api.w.org\/{rel}","templated":true}]}}