{"id":34079,"date":"2026-04-26T20:55:39","date_gmt":"2026-04-26T17:55:39","guid":{"rendered":"https:\/\/haberverkibris.com\/index.php\/2026\/04\/26\/sakarya-zorbalar-arasi-yol-yarindan-itibaren-trafige-kapaniyor\/"},"modified":"2026-04-26T20:55:48","modified_gmt":"2026-04-26T17:55:48","slug":"sakarya-zorbalar-arasi-yol-yarindan-itibaren-trafige-kapaniyor","status":"publish","type":"post","link":"https:\/\/haberverkibris.com\/index.php\/2026\/04\/26\/sakarya-zorbalar-arasi-yol-yarindan-itibaren-trafige-kapaniyor\/","title":{"rendered":"Sakarya-Zorbalar aras\u0131 yol yar\u0131ndan itibaren trafi\u011fe kapan\u0131yor"},"content":{"rendered":"<p>Gazima\u011fusa Belediyesi, Sakarya Kav\u015fa\u011f\u0131 ile Zorbalar Sokak d\u00f6n\u00fc\u015f\u00fc aras\u0131ndaki g\u00fczerg\u00e2h\u0131n yar\u0131ndan itibaren \u00e7ift y\u00f6nl\u00fc olarak trafi\u011fe kapat\u0131laca\u011f\u0131n\u0131 duyurdu.<\/p>\n<p>Belediyeden yap\u0131lan a\u00e7\u0131klamaya g\u00f6re, s\u00f6z konusu yol \u0130smet \u0130n\u00f6n\u00fc Bulvar\u0131 (Salamis Yolu) 2. Etap D\u00fczenleme Projesi kapsam\u0131nda y\u00fcr\u00fct\u00fclen altyap\u0131 ve kald\u0131r\u0131m \u00e7al\u0131\u015fmalar\u0131 nedeniyle ge\u00e7ici olarak ula\u015f\u0131ma kapat\u0131lacak.<\/p>\n<p>S\u00fcr\u00fcc\u00fclerin \u00e7al\u0131\u015fmalar s\u00fcresince alternatif g\u00fczerg\u00e2hlar\u0131 kullanmalar\u0131, trafik levha, i\u015faret ve y\u00f6nlendirmelerine dikkat etmeleri istendi.<\/p>\n","protected":false},"excerpt":{"rendered":"<p>Gazima\u011fusa Belediyesi, Sakarya Kav\u015fa\u011f\u0131 ile Zorbalar Sokak d\u00f6n\u00fc\u015f\u00fc aras\u0131ndaki g\u00fczerg\u00e2h\u0131n yar\u0131ndan itibaren \u00e7ift y\u00f6nl\u00fc olarak trafi\u011fe kapat\u0131laca\u011f\u0131n\u0131 duyurdu. Belediyeden yap\u0131lan a\u00e7\u0131klamaya g\u00f6re, s\u00f6z konusu yol \u0130smet \u0130n\u00f6n\u00fc Bulvar\u0131 (Salamis Yolu) 2. Etap D\u00fczenleme Projesi kapsam\u0131nda y\u00fcr\u00fct\u00fclen altyap\u0131 ve kald\u0131r\u0131m \u00e7al\u0131\u015fmalar\u0131 nedeniyle ge\u00e7ici olarak ula\u015f\u0131ma kapat\u0131lacak. S\u00fcr\u00fcc\u00fclerin \u00e7al\u0131\u015fmalar s\u00fcresince alternatif g\u00fczerg\u00e2hlar\u0131 kullanmalar\u0131, trafik levha, i\u015faret ve [&hellip;]<\/p>\n","protected":false},"author":1,"featured_media":34080,"comment_status":"open","ping_status":"open","sticky":false,"template":"","format":"standard","meta":{"jnews-multi-image_gallery":[],"jnews_single_post":[],"jnews_primary_category":[],"jnews_social_meta":[],"jnews_override_counter":[],"footnotes":""},"categories":[1],"tags":[],"class_list":["post-34079","post","type-post","status-publish","format-standard","has-post-thumbnail","hentry","category-kibris"],"yoast_head":"<!-- This site is optimized with the Yoast SEO plugin v27.4 - https:\/\/yoast.com\/product\/yoast-seo-wordpress\/ -->\n<title>Sakarya-Zorbalar aras\u0131 yol yar\u0131ndan itibaren trafi\u011fe kapan\u0131yor - Haber Ver K\u0131br\u0131s<\/title>\n<meta name=\"robots\" content=\"index, follow, max-snippet:-1, max-image-preview:large, max-video-preview:-1\" \/>\n<link rel=\"canonical\" href=\"https:\/\/haberverkibris.com\/index.php\/2026\/04\/26\/sakarya-zorbalar-arasi-yol-yarindan-itibaren-trafige-kapaniyor\/\" \/>\n<meta property=\"og:locale\" content=\"tr_TR\" \/>\n<meta property=\"og:type\" content=\"article\" \/>\n<meta property=\"og:title\" content=\"Sakarya-Zorbalar aras\u0131 yol yar\u0131ndan itibaren trafi\u011fe kapan\u0131yor - Haber Ver K\u0131br\u0131s\" \/>\n<meta property=\"og:description\" content=\"Gazima\u011fusa Belediyesi, Sakarya Kav\u015fa\u011f\u0131 ile Zorbalar Sokak d\u00f6n\u00fc\u015f\u00fc aras\u0131ndaki g\u00fczerg\u00e2h\u0131n yar\u0131ndan itibaren \u00e7ift y\u00f6nl\u00fc olarak trafi\u011fe kapat\u0131laca\u011f\u0131n\u0131 duyurdu. Belediyeden yap\u0131lan a\u00e7\u0131klamaya g\u00f6re, s\u00f6z konusu yol \u0130smet \u0130n\u00f6n\u00fc Bulvar\u0131 (Salamis Yolu) 2. Etap D\u00fczenleme Projesi kapsam\u0131nda y\u00fcr\u00fct\u00fclen altyap\u0131 ve kald\u0131r\u0131m \u00e7al\u0131\u015fmalar\u0131 nedeniyle ge\u00e7ici olarak ula\u015f\u0131ma kapat\u0131lacak. S\u00fcr\u00fcc\u00fclerin \u00e7al\u0131\u015fmalar s\u00fcresince alternatif g\u00fczerg\u00e2hlar\u0131 kullanmalar\u0131, trafik levha, i\u015faret ve [&hellip;]\" \/>\n<meta property=\"og:url\" content=\"https:\/\/haberverkibris.com\/index.php\/2026\/04\/26\/sakarya-zorbalar-arasi-yol-yarindan-itibaren-trafige-kapaniyor\/\" \/>\n<meta property=\"og:site_name\" content=\"Haber Ver K\u0131br\u0131s\" \/>\n<meta property=\"article:publisher\" content=\"https:\/\/www.facebook.com\/kuzeyinsesii\" \/>\n<meta property=\"article:published_time\" content=\"2026-04-26T17:55:39+00:00\" \/>\n<meta property=\"article:modified_time\" content=\"2026-04-26T17:55:48+00:00\" \/>\n<meta property=\"og:image\" content=\"https:\/\/haberverkibris.com\/wp-content\/uploads\/2026\/04\/mrmr.webp\" \/>\n\t<meta property=\"og:image:width\" content=\"1280\" \/>\n\t<meta property=\"og:image:height\" content=\"720\" \/>\n\t<meta property=\"og:image:type\" content=\"image\/webp\" \/>\n<meta name=\"author\" content=\"Haberver K\u0131br\u0131s\" \/>\n<meta name=\"twitter:card\" content=\"summary_large_image\" \/>\n<meta name=\"twitter:creator\" content=\"@kuzeyinsesii\" \/>\n<meta name=\"twitter:site\" content=\"@kuzeyinsesii\" \/>\n<meta name=\"twitter:label1\" content=\"Yazan:\" \/>\n\t<meta name=\"twitter:data1\" content=\"Haberver K\u0131br\u0131s\" \/>\n<script type=\"application\/ld+json\" class=\"yoast-schema-graph\">{\"@context\":\"https:\\\/\\\/schema.org\",\"@graph\":[{\"@type\":\"Article\",\"@id\":\"https:\\\/\\\/haberverkibris.com\\\/index.php\\\/2026\\\/04\\\/26\\\/sakarya-zorbalar-arasi-yol-yarindan-itibaren-trafige-kapaniyor\\\/#article\",\"isPartOf\":{\"@id\":\"https:\\\/\\\/haberverkibris.com\\\/index.php\\\/2026\\\/04\\\/26\\\/sakarya-zorbalar-arasi-yol-yarindan-itibaren-trafige-kapaniyor\\\/\"},\"author\":{\"name\":\"Haberver K\u0131br\u0131s\",\"@id\":\"https:\\\/\\\/haberverkibris.com\\\/#\\\/schema\\\/person\\\/29d65381ed43765483b5a185ded66a56\"},\"headline\":\"Sakarya-Zorbalar aras\u0131 yol yar\u0131ndan itibaren trafi\u011fe kapan\u0131yor\",\"datePublished\":\"2026-04-26T17:55:39+00:00\",\"dateModified\":\"2026-04-26T17:55:48+00:00\",\"mainEntityOfPage\":{\"@id\":\"https:\\\/\\\/haberverkibris.com\\\/index.php\\\/2026\\\/04\\\/26\\\/sakarya-zorbalar-arasi-yol-yarindan-itibaren-trafige-kapaniyor\\\/\"},\"wordCount\":105,\"commentCount\":0,\"image\":{\"@id\":\"https:\\\/\\\/haberverkibris.com\\\/index.php\\\/2026\\\/04\\\/26\\\/sakarya-zorbalar-arasi-yol-yarindan-itibaren-trafige-kapaniyor\\\/#primaryimage\"},\"thumbnailUrl\":\"https:\\\/\\\/haberverkibris.com\\\/wp-content\\\/uploads\\\/2026\\\/04\\\/mrmr.webp\",\"articleSection\":[\"K\u0131br\u0131s\"],\"inLanguage\":\"tr\",\"potentialAction\":[{\"@type\":\"CommentAction\",\"name\":\"Comment\",\"target\":[\"https:\\\/\\\/haberverkibris.com\\\/index.php\\\/2026\\\/04\\\/26\\\/sakarya-zorbalar-arasi-yol-yarindan-itibaren-trafige-kapaniyor\\\/#respond\"]}]},{\"@type\":\"WebPage\",\"@id\":\"https:\\\/\\\/haberverkibris.com\\\/index.php\\\/2026\\\/04\\\/26\\\/sakarya-zorbalar-arasi-yol-yarindan-itibaren-trafige-kapaniyor\\\/\",\"url\":\"https:\\\/\\\/haberverkibris.com\\\/index.php\\\/2026\\\/04\\\/26\\\/sakarya-zorbalar-arasi-yol-yarindan-itibaren-trafige-kapaniyor\\\/\",\"name\":\"Sakarya-Zorbalar aras\u0131 yol yar\u0131ndan itibaren trafi\u011fe kapan\u0131yor - Haber Ver K\u0131br\u0131s\",\"isPartOf\":{\"@id\":\"https:\\\/\\\/haberverkibris.com\\\/#website\"},\"primaryImageOfPage\":{\"@id\":\"https:\\\/\\\/haberverkibris.com\\\/index.php\\\/2026\\\/04\\\/26\\\/sakarya-zorbalar-arasi-yol-yarindan-itibaren-trafige-kapaniyor\\\/#primaryimage\"},\"image\":{\"@id\":\"https:\\\/\\\/haberverkibris.com\\\/index.php\\\/2026\\\/04\\\/26\\\/sakarya-zorbalar-arasi-yol-yarindan-itibaren-trafige-kapaniyor\\\/#primaryimage\"},\"thumbnailUrl\":\"https:\\\/\\\/haberverkibris.com\\\/wp-content\\\/uploads\\\/2026\\\/04\\\/mrmr.webp\",\"datePublished\":\"2026-04-26T17:55:39+00:00\",\"dateModified\":\"2026-04-26T17:55:48+00:00\",\"author\":{\"@id\":\"https:\\\/\\\/haberverkibris.com\\\/#\\\/schema\\\/person\\\/29d65381ed43765483b5a185ded66a56\"},\"breadcrumb\":{\"@id\":\"https:\\\/\\\/haberverkibris.com\\\/index.php\\\/2026\\\/04\\\/26\\\/sakarya-zorbalar-arasi-yol-yarindan-itibaren-trafige-kapaniyor\\\/#breadcrumb\"},\"inLanguage\":\"tr\",\"potentialAction\":[{\"@type\":\"ReadAction\",\"target\":[\"https:\\\/\\\/haberverkibris.com\\\/index.php\\\/2026\\\/04\\\/26\\\/sakarya-zorbalar-arasi-yol-yarindan-itibaren-trafige-kapaniyor\\\/\"]}]},{\"@type\":\"ImageObject\",\"inLanguage\":\"tr\",\"@id\":\"https:\\\/\\\/haberverkibris.com\\\/index.php\\\/2026\\\/04\\\/26\\\/sakarya-zorbalar-arasi-yol-yarindan-itibaren-trafige-kapaniyor\\\/#primaryimage\",\"url\":\"https:\\\/\\\/haberverkibris.com\\\/wp-content\\\/uploads\\\/2026\\\/04\\\/mrmr.webp\",\"contentUrl\":\"https:\\\/\\\/haberverkibris.com\\\/wp-content\\\/uploads\\\/2026\\\/04\\\/mrmr.webp\",\"width\":1280,\"height\":720},{\"@type\":\"BreadcrumbList\",\"@id\":\"https:\\\/\\\/haberverkibris.com\\\/index.php\\\/2026\\\/04\\\/26\\\/sakarya-zorbalar-arasi-yol-yarindan-itibaren-trafige-kapaniyor\\\/#breadcrumb\",\"itemListElement\":[{\"@type\":\"ListItem\",\"position\":1,\"name\":\"Anasayfa\",\"item\":\"https:\\\/\\\/haberverkibris.com\\\/\"},{\"@type\":\"ListItem\",\"position\":2,\"name\":\"Sakarya-Zorbalar aras\u0131 yol yar\u0131ndan itibaren trafi\u011fe kapan\u0131yor\"}]},{\"@type\":\"WebSite\",\"@id\":\"https:\\\/\\\/haberverkibris.com\\\/#website\",\"url\":\"https:\\\/\\\/haberverkibris.com\\\/\",\"name\":\"Kuzeyin Sesi\",\"description\":\"Do\u011fru Haberin Adresi\",\"potentialAction\":[{\"@type\":\"SearchAction\",\"target\":{\"@type\":\"EntryPoint\",\"urlTemplate\":\"https:\\\/\\\/haberverkibris.com\\\/?s={search_term_string}\"},\"query-input\":{\"@type\":\"PropertyValueSpecification\",\"valueRequired\":true,\"valueName\":\"search_term_string\"}}],\"inLanguage\":\"tr\"},{\"@type\":\"Person\",\"@id\":\"https:\\\/\\\/haberverkibris.com\\\/#\\\/schema\\\/person\\\/29d65381ed43765483b5a185ded66a56\",\"name\":\"Haberver K\u0131br\u0131s\",\"image\":{\"@type\":\"ImageObject\",\"inLanguage\":\"tr\",\"@id\":\"https:\\\/\\\/secure.gravatar.com\\\/avatar\\\/bab33852abfd8b282518d6ed81826833d77c3c882d9ab608add591ccace47a44?s=96&d=mm&r=g\",\"url\":\"https:\\\/\\\/secure.gravatar.com\\\/avatar\\\/bab33852abfd8b282518d6ed81826833d77c3c882d9ab608add591ccace47a44?s=96&d=mm&r=g\",\"contentUrl\":\"https:\\\/\\\/secure.gravatar.com\\\/avatar\\\/bab33852abfd8b282518d6ed81826833d77c3c882d9ab608add591ccace47a44?s=96&d=mm&r=g\",\"caption\":\"Haberver K\u0131br\u0131s\"},\"sameAs\":[\"https:\\\/\\\/haberverkibris.com\"],\"url\":\"https:\\\/\\\/haberverkibris.com\\\/index.php\\\/author\\\/guven\\\/\"}]}<\/script>\n<!-- \/ Yoast SEO plugin. -->","yoast_head_json":{"title":"Sakarya-Zorbalar aras\u0131 yol yar\u0131ndan itibaren trafi\u011fe kapan\u0131yor - Haber Ver K\u0131br\u0131s","robots":{"index":"index","follow":"follow","max-snippet":"max-snippet:-1","max-image-preview":"max-image-preview:large","max-video-preview":"max-video-preview:-1"},"canonical":"https:\/\/haberverkibris.com\/index.php\/2026\/04\/26\/sakarya-zorbalar-arasi-yol-yarindan-itibaren-trafige-kapaniyor\/","og_locale":"tr_TR","og_type":"article","og_title":"Sakarya-Zorbalar aras\u0131 yol yar\u0131ndan itibaren trafi\u011fe kapan\u0131yor - Haber Ver K\u0131br\u0131s","og_description":"Gazima\u011fusa Belediyesi, Sakarya Kav\u015fa\u011f\u0131 ile Zorbalar Sokak d\u00f6n\u00fc\u015f\u00fc aras\u0131ndaki g\u00fczerg\u00e2h\u0131n yar\u0131ndan itibaren \u00e7ift y\u00f6nl\u00fc olarak trafi\u011fe kapat\u0131laca\u011f\u0131n\u0131 duyurdu. Belediyeden yap\u0131lan a\u00e7\u0131klamaya g\u00f6re, s\u00f6z konusu yol \u0130smet \u0130n\u00f6n\u00fc Bulvar\u0131 (Salamis Yolu) 2. Etap D\u00fczenleme Projesi kapsam\u0131nda y\u00fcr\u00fct\u00fclen altyap\u0131 ve kald\u0131r\u0131m \u00e7al\u0131\u015fmalar\u0131 nedeniyle ge\u00e7ici olarak ula\u015f\u0131ma kapat\u0131lacak. S\u00fcr\u00fcc\u00fclerin \u00e7al\u0131\u015fmalar s\u00fcresince alternatif g\u00fczerg\u00e2hlar\u0131 kullanmalar\u0131, trafik levha, i\u015faret ve [&hellip;]","og_url":"https:\/\/haberverkibris.com\/index.php\/2026\/04\/26\/sakarya-zorbalar-arasi-yol-yarindan-itibaren-trafige-kapaniyor\/","og_site_name":"Haber Ver K\u0131br\u0131s","article_publisher":"https:\/\/www.facebook.com\/kuzeyinsesii","article_published_time":"2026-04-26T17:55:39+00:00","article_modified_time":"2026-04-26T17:55:48+00:00","og_image":[{"width":1280,"height":720,"url":"https:\/\/haberverkibris.com\/wp-content\/uploads\/2026\/04\/mrmr.webp","type":"image\/webp"}],"author":"Haberver K\u0131br\u0131s","twitter_card":"summary_large_image","twitter_creator":"@kuzeyinsesii","twitter_site":"@kuzeyinsesii","twitter_misc":{"Yazan:":"Haberver K\u0131br\u0131s"},"schema":{"@context":"https:\/\/schema.org","@graph":[{"@type":"Article","@id":"https:\/\/haberverkibris.com\/index.php\/2026\/04\/26\/sakarya-zorbalar-arasi-yol-yarindan-itibaren-trafige-kapaniyor\/#article","isPartOf":{"@id":"https:\/\/haberverkibris.com\/index.php\/2026\/04\/26\/sakarya-zorbalar-arasi-yol-yarindan-itibaren-trafige-kapaniyor\/"},"author":{"name":"Haberver K\u0131br\u0131s","@id":"https:\/\/haberverkibris.com\/#\/schema\/person\/29d65381ed43765483b5a185ded66a56"},"headline":"Sakarya-Zorbalar aras\u0131 yol yar\u0131ndan itibaren trafi\u011fe kapan\u0131yor","datePublished":"2026-04-26T17:55:39+00:00","dateModified":"2026-04-26T17:55:48+00:00","mainEntityOfPage":{"@id":"https:\/\/haberverkibris.com\/index.php\/2026\/04\/26\/sakarya-zorbalar-arasi-yol-yarindan-itibaren-trafige-kapaniyor\/"},"wordCount":105,"commentCount":0,"image":{"@id":"https:\/\/haberverkibris.com\/index.php\/2026\/04\/26\/sakarya-zorbalar-arasi-yol-yarindan-itibaren-trafige-kapaniyor\/#primaryimage"},"thumbnailUrl":"https:\/\/haberverkibris.com\/wp-content\/uploads\/2026\/04\/mrmr.webp","articleSection":["K\u0131br\u0131s"],"inLanguage":"tr","potentialAction":[{"@type":"CommentAction","name":"Comment","target":["https:\/\/haberverkibris.com\/index.php\/2026\/04\/26\/sakarya-zorbalar-arasi-yol-yarindan-itibaren-trafige-kapaniyor\/#respond"]}]},{"@type":"WebPage","@id":"https:\/\/haberverkibris.com\/index.php\/2026\/04\/26\/sakarya-zorbalar-arasi-yol-yarindan-itibaren-trafige-kapaniyor\/","url":"https:\/\/haberverkibris.com\/index.php\/2026\/04\/26\/sakarya-zorbalar-arasi-yol-yarindan-itibaren-trafige-kapaniyor\/","name":"Sakarya-Zorbalar aras\u0131 yol yar\u0131ndan itibaren trafi\u011fe kapan\u0131yor - Haber Ver K\u0131br\u0131s","isPartOf":{"@id":"https:\/\/haberverkibris.com\/#website"},"primaryImageOfPage":{"@id":"https:\/\/haberverkibris.com\/index.php\/2026\/04\/26\/sakarya-zorbalar-arasi-yol-yarindan-itibaren-trafige-kapaniyor\/#primaryimage"},"image":{"@id":"https:\/\/haberverkibris.com\/index.php\/2026\/04\/26\/sakarya-zorbalar-arasi-yol-yarindan-itibaren-trafige-kapaniyor\/#primaryimage"},"thumbnailUrl":"https:\/\/haberverkibris.com\/wp-content\/uploads\/2026\/04\/mrmr.webp","datePublished":"2026-04-26T17:55:39+00:00","dateModified":"2026-04-26T17:55:48+00:00","author":{"@id":"https:\/\/haberverkibris.com\/#\/schema\/person\/29d65381ed43765483b5a185ded66a56"},"breadcrumb":{"@id":"https:\/\/haberverkibris.com\/index.php\/2026\/04\/26\/sakarya-zorbalar-arasi-yol-yarindan-itibaren-trafige-kapaniyor\/#breadcrumb"},"inLanguage":"tr","potentialAction":[{"@type":"ReadAction","target":["https:\/\/haberverkibris.com\/index.php\/2026\/04\/26\/sakarya-zorbalar-arasi-yol-yarindan-itibaren-trafige-kapaniyor\/"]}]},{"@type":"ImageObject","inLanguage":"tr","@id":"https:\/\/haberverkibris.com\/index.php\/2026\/04\/26\/sakarya-zorbalar-arasi-yol-yarindan-itibaren-trafige-kapaniyor\/#primaryimage","url":"https:\/\/haberverkibris.com\/wp-content\/uploads\/2026\/04\/mrmr.webp","contentUrl":"https:\/\/haberverkibris.com\/wp-content\/uploads\/2026\/04\/mrmr.webp","width":1280,"height":720},{"@type":"BreadcrumbList","@id":"https:\/\/haberverkibris.com\/index.php\/2026\/04\/26\/sakarya-zorbalar-arasi-yol-yarindan-itibaren-trafige-kapaniyor\/#breadcrumb","itemListElement":[{"@type":"ListItem","position":1,"name":"Anasayfa","item":"https:\/\/haberverkibris.com\/"},{"@type":"ListItem","position":2,"name":"Sakarya-Zorbalar aras\u0131 yol yar\u0131ndan itibaren trafi\u011fe kapan\u0131yor"}]},{"@type":"WebSite","@id":"https:\/\/haberverkibris.com\/#website","url":"https:\/\/haberverkibris.com\/","name":"Kuzeyin Sesi","description":"Do\u011fru Haberin Adresi","potentialAction":[{"@type":"SearchAction","target":{"@type":"EntryPoint","urlTemplate":"https:\/\/haberverkibris.com\/?s={search_term_string}"},"query-input":{"@type":"PropertyValueSpecification","valueRequired":true,"valueName":"search_term_string"}}],"inLanguage":"tr"},{"@type":"Person","@id":"https:\/\/haberverkibris.com\/#\/schema\/person\/29d65381ed43765483b5a185ded66a56","name":"Haberver K\u0131br\u0131s","image":{"@type":"ImageObject","inLanguage":"tr","@id":"https:\/\/secure.gravatar.com\/avatar\/bab33852abfd8b282518d6ed81826833d77c3c882d9ab608add591ccace47a44?s=96&d=mm&r=g","url":"https:\/\/secure.gravatar.com\/avatar\/bab33852abfd8b282518d6ed81826833d77c3c882d9ab608add591ccace47a44?s=96&d=mm&r=g","contentUrl":"https:\/\/secure.gravatar.com\/avatar\/bab33852abfd8b282518d6ed81826833d77c3c882d9ab608add591ccace47a44?s=96&d=mm&r=g","caption":"Haberver K\u0131br\u0131s"},"sameAs":["https:\/\/haberverkibris.com"],"url":"https:\/\/haberverkibris.com\/index.php\/author\/guven\/"}]}},"_links":{"self":[{"href":"https:\/\/haberverkibris.com\/index.php\/wp-json\/wp\/v2\/posts\/34079","targetHints":{"allow":["GET"]}}],"collection":[{"href":"https:\/\/haberverkibris.com\/index.php\/wp-json\/wp\/v2\/posts"}],"about":[{"href":"https:\/\/haberverkibris.com\/index.php\/wp-json\/wp\/v2\/types\/post"}],"author":[{"embeddable":true,"href":"https:\/\/haberverkibris.com\/index.php\/wp-json\/wp\/v2\/users\/1"}],"replies":[{"embeddable":true,"href":"https:\/\/haberverkibris.com\/index.php\/wp-json\/wp\/v2\/comments?post=34079"}],"version-history":[{"count":1,"href":"https:\/\/haberverkibris.com\/index.php\/wp-json\/wp\/v2\/posts\/34079\/revisions"}],"predecessor-version":[{"id":34081,"href":"https:\/\/haberverkibris.com\/index.php\/wp-json\/wp\/v2\/posts\/34079\/revisions\/34081"}],"wp:featuredmedia":[{"embeddable":true,"href":"https:\/\/haberverkibris.com\/index.php\/wp-json\/wp\/v2\/media\/34080"}],"wp:attachment":[{"href":"https:\/\/haberverkibris.com\/index.php\/wp-json\/wp\/v2\/media?parent=34079"}],"wp:term":[{"taxonomy":"category","embeddable":true,"href":"https:\/\/haberverkibris.com\/index.php\/wp-json\/wp\/v2\/categories?post=34079"},{"taxonomy":"post_tag","embeddable":true,"href":"https:\/\/haberverkibris.com\/index.php\/wp-json\/wp\/v2\/tags?post=34079"}],"curies":[{"name":"wp","href":"https:\/\/api.w.org\/{rel}","templated":true}]}}