{"id":34076,"date":"2026-04-26T18:59:27","date_gmt":"2026-04-26T15:59:27","guid":{"rendered":"https:\/\/haberverkibris.com\/index.php\/2026\/04\/26\/trump-iran-savasinda-bizim-galip-gelecegimizi-dusunuyorum\/"},"modified":"2026-04-26T18:59:27","modified_gmt":"2026-04-26T15:59:27","slug":"trump-iran-savasinda-bizim-galip-gelecegimizi-dusunuyorum","status":"publish","type":"post","link":"https:\/\/haberverkibris.com\/index.php\/2026\/04\/26\/trump-iran-savasinda-bizim-galip-gelecegimizi-dusunuyorum\/","title":{"rendered":"Trump: \u0130ran sava\u015f\u0131nda bizim galip gelece\u011fimizi d\u00fc\u015f\u00fcn\u00fcyorum"},"content":{"rendered":"<p><\/p>\n<div>\n<p>&#13;<br \/>\n\tABD Ba\u015fkan\u0131 Donald Trump g\u00fcndeme ili\u015fkin a\u00e7\u0131klamalarda bulunuyor:<\/p>\n<p>&#13;<br \/>\n\t-Beyaz Saray muhabirler yeme\u011finde silahl\u0131 sald\u0131r\u0131 yapt\u0131\u011f\u0131 iddia edilen \u015f\u00fcpheli bulundu\u011fu yerde durduruldu, balo salonuna hi\u00e7 yakla\u015famad\u0131. Beyaz Saray muhabirleri yeme\u011finin bulundu\u011fu salonun g\u00fcvenli\u011fini sa\u011flamak zor. Beyanlar\u0131na bak\u0131ld\u0131\u011f\u0131nda sald\u0131rgan hastal\u0131kl\u0131 bir adamm\u0131\u015f.\u00a0<\/p>\n<p>&#13;<br \/>\n\t-\u0130ran sava\u015f\u0131n\u0131n \u00e7ok yak\u0131nda sona erece\u011fini ve bizim galip gelece\u011fimizi d\u00fc\u015f\u00fcn\u00fcyorum.\u00a0\u0130ran g\u00f6r\u00fc\u015fmek istiyorsa bizi arayabilir. \u0130ran&#8217;\u0131n ak\u0131ll\u0131 davranaca\u011f\u0131n\u0131 umuyorum.<\/p>\n<p>&#13;<br \/>\n\tAyr\u0131nt\u0131lar geliyor&#8230;<\/p>\n<\/p><\/div>\n","protected":false},"excerpt":{"rendered":"<p>&#13; ABD Ba\u015fkan\u0131 Donald Trump g\u00fcndeme ili\u015fkin a\u00e7\u0131klamalarda bulunuyor: &#13; -Beyaz Saray muhabirler yeme\u011finde silahl\u0131 sald\u0131r\u0131 yapt\u0131\u011f\u0131 iddia edilen \u015f\u00fcpheli bulundu\u011fu yerde durduruldu, balo salonuna hi\u00e7 yakla\u015famad\u0131. Beyaz Saray muhabirleri yeme\u011finin bulundu\u011fu salonun g\u00fcvenli\u011fini sa\u011flamak zor. Beyanlar\u0131na bak\u0131ld\u0131\u011f\u0131nda sald\u0131rgan hastal\u0131kl\u0131 bir adamm\u0131\u015f.\u00a0 &#13; -\u0130ran sava\u015f\u0131n\u0131n \u00e7ok yak\u0131nda sona erece\u011fini ve bizim galip gelece\u011fimizi d\u00fc\u015f\u00fcn\u00fcyorum.\u00a0\u0130ran g\u00f6r\u00fc\u015fmek [&hellip;]<\/p>\n","protected":false},"author":1,"featured_media":34077,"comment_status":"open","ping_status":"open","sticky":false,"template":"","format":"standard","meta":{"jnews-multi-image_gallery":[],"jnews_single_post":[],"jnews_primary_category":[],"jnews_social_meta":[],"jnews_override_counter":[],"footnotes":""},"categories":[2],"tags":[],"class_list":["post-34076","post","type-post","status-publish","format-standard","has-post-thumbnail","hentry","category-dunya"],"yoast_head":"<!-- This site is optimized with the Yoast SEO plugin v27.4 - https:\/\/yoast.com\/product\/yoast-seo-wordpress\/ -->\n<title>Trump: \u0130ran sava\u015f\u0131nda bizim galip gelece\u011fimizi d\u00fc\u015f\u00fcn\u00fcyorum - Haber Ver K\u0131br\u0131s<\/title>\n<meta name=\"robots\" content=\"index, follow, max-snippet:-1, max-image-preview:large, max-video-preview:-1\" \/>\n<link rel=\"canonical\" href=\"https:\/\/haberverkibris.com\/index.php\/2026\/04\/26\/trump-iran-savasinda-bizim-galip-gelecegimizi-dusunuyorum\/\" \/>\n<meta property=\"og:locale\" content=\"tr_TR\" \/>\n<meta property=\"og:type\" content=\"article\" \/>\n<meta property=\"og:title\" content=\"Trump: \u0130ran sava\u015f\u0131nda bizim galip gelece\u011fimizi d\u00fc\u015f\u00fcn\u00fcyorum - Haber Ver K\u0131br\u0131s\" \/>\n<meta property=\"og:description\" content=\"&#013; ABD Ba\u015fkan\u0131 Donald Trump g\u00fcndeme ili\u015fkin a\u00e7\u0131klamalarda bulunuyor: &#013; -Beyaz Saray muhabirler yeme\u011finde silahl\u0131 sald\u0131r\u0131 yapt\u0131\u011f\u0131 iddia edilen \u015f\u00fcpheli bulundu\u011fu yerde durduruldu, balo salonuna hi\u00e7 yakla\u015famad\u0131. Beyaz Saray muhabirleri yeme\u011finin bulundu\u011fu salonun g\u00fcvenli\u011fini sa\u011flamak zor. Beyanlar\u0131na bak\u0131ld\u0131\u011f\u0131nda sald\u0131rgan hastal\u0131kl\u0131 bir adamm\u0131\u015f.\u00a0 &#013; -\u0130ran sava\u015f\u0131n\u0131n \u00e7ok yak\u0131nda sona erece\u011fini ve bizim galip gelece\u011fimizi d\u00fc\u015f\u00fcn\u00fcyorum.\u00a0\u0130ran g\u00f6r\u00fc\u015fmek [&hellip;]\" \/>\n<meta property=\"og:url\" content=\"https:\/\/haberverkibris.com\/index.php\/2026\/04\/26\/trump-iran-savasinda-bizim-galip-gelecegimizi-dusunuyorum\/\" \/>\n<meta property=\"og:site_name\" content=\"Haber Ver K\u0131br\u0131s\" \/>\n<meta property=\"article:publisher\" content=\"https:\/\/www.facebook.com\/kuzeyinsesii\" \/>\n<meta property=\"article:published_time\" content=\"2026-04-26T15:59:27+00:00\" \/>\n<meta property=\"og:image\" content=\"https:\/\/trthaberstatic.cdn.wp.trt.com.tr\/resimler\/2450000\/abd-trump-iran-2450891.jpg\" \/>\n<meta name=\"author\" content=\"Haberver K\u0131br\u0131s\" \/>\n<meta name=\"twitter:card\" content=\"summary_large_image\" \/>\n<meta name=\"twitter:creator\" content=\"@kuzeyinsesii\" \/>\n<meta name=\"twitter:site\" content=\"@kuzeyinsesii\" \/>\n<meta name=\"twitter:label1\" content=\"Yazan:\" \/>\n\t<meta name=\"twitter:data1\" content=\"Haberver K\u0131br\u0131s\" \/>\n<script type=\"application\/ld+json\" class=\"yoast-schema-graph\">{\"@context\":\"https:\\\/\\\/schema.org\",\"@graph\":[{\"@type\":\"Article\",\"@id\":\"https:\\\/\\\/haberverkibris.com\\\/index.php\\\/2026\\\/04\\\/26\\\/trump-iran-savasinda-bizim-galip-gelecegimizi-dusunuyorum\\\/#article\",\"isPartOf\":{\"@id\":\"https:\\\/\\\/haberverkibris.com\\\/index.php\\\/2026\\\/04\\\/26\\\/trump-iran-savasinda-bizim-galip-gelecegimizi-dusunuyorum\\\/\"},\"author\":{\"name\":\"Haberver K\u0131br\u0131s\",\"@id\":\"https:\\\/\\\/haberverkibris.com\\\/#\\\/schema\\\/person\\\/29d65381ed43765483b5a185ded66a56\"},\"headline\":\"Trump: \u0130ran sava\u015f\u0131nda bizim galip gelece\u011fimizi d\u00fc\u015f\u00fcn\u00fcyorum\",\"datePublished\":\"2026-04-26T15:59:27+00:00\",\"mainEntityOfPage\":{\"@id\":\"https:\\\/\\\/haberverkibris.com\\\/index.php\\\/2026\\\/04\\\/26\\\/trump-iran-savasinda-bizim-galip-gelecegimizi-dusunuyorum\\\/\"},\"wordCount\":106,\"commentCount\":0,\"image\":{\"@id\":\"https:\\\/\\\/haberverkibris.com\\\/index.php\\\/2026\\\/04\\\/26\\\/trump-iran-savasinda-bizim-galip-gelecegimizi-dusunuyorum\\\/#primaryimage\"},\"thumbnailUrl\":\"https:\\\/\\\/haberverkibris.com\\\/wp-content\\\/uploads\\\/2026\\\/04\\\/abd-trump-iran-2450891.jpg\",\"articleSection\":[\"D\u00fcnya\"],\"inLanguage\":\"tr\",\"potentialAction\":[{\"@type\":\"CommentAction\",\"name\":\"Comment\",\"target\":[\"https:\\\/\\\/haberverkibris.com\\\/index.php\\\/2026\\\/04\\\/26\\\/trump-iran-savasinda-bizim-galip-gelecegimizi-dusunuyorum\\\/#respond\"]}]},{\"@type\":\"WebPage\",\"@id\":\"https:\\\/\\\/haberverkibris.com\\\/index.php\\\/2026\\\/04\\\/26\\\/trump-iran-savasinda-bizim-galip-gelecegimizi-dusunuyorum\\\/\",\"url\":\"https:\\\/\\\/haberverkibris.com\\\/index.php\\\/2026\\\/04\\\/26\\\/trump-iran-savasinda-bizim-galip-gelecegimizi-dusunuyorum\\\/\",\"name\":\"Trump: \u0130ran sava\u015f\u0131nda bizim galip gelece\u011fimizi d\u00fc\u015f\u00fcn\u00fcyorum - Haber Ver K\u0131br\u0131s\",\"isPartOf\":{\"@id\":\"https:\\\/\\\/haberverkibris.com\\\/#website\"},\"primaryImageOfPage\":{\"@id\":\"https:\\\/\\\/haberverkibris.com\\\/index.php\\\/2026\\\/04\\\/26\\\/trump-iran-savasinda-bizim-galip-gelecegimizi-dusunuyorum\\\/#primaryimage\"},\"image\":{\"@id\":\"https:\\\/\\\/haberverkibris.com\\\/index.php\\\/2026\\\/04\\\/26\\\/trump-iran-savasinda-bizim-galip-gelecegimizi-dusunuyorum\\\/#primaryimage\"},\"thumbnailUrl\":\"https:\\\/\\\/haberverkibris.com\\\/wp-content\\\/uploads\\\/2026\\\/04\\\/abd-trump-iran-2450891.jpg\",\"datePublished\":\"2026-04-26T15:59:27+00:00\",\"author\":{\"@id\":\"https:\\\/\\\/haberverkibris.com\\\/#\\\/schema\\\/person\\\/29d65381ed43765483b5a185ded66a56\"},\"breadcrumb\":{\"@id\":\"https:\\\/\\\/haberverkibris.com\\\/index.php\\\/2026\\\/04\\\/26\\\/trump-iran-savasinda-bizim-galip-gelecegimizi-dusunuyorum\\\/#breadcrumb\"},\"inLanguage\":\"tr\",\"potentialAction\":[{\"@type\":\"ReadAction\",\"target\":[\"https:\\\/\\\/haberverkibris.com\\\/index.php\\\/2026\\\/04\\\/26\\\/trump-iran-savasinda-bizim-galip-gelecegimizi-dusunuyorum\\\/\"]}]},{\"@type\":\"ImageObject\",\"inLanguage\":\"tr\",\"@id\":\"https:\\\/\\\/haberverkibris.com\\\/index.php\\\/2026\\\/04\\\/26\\\/trump-iran-savasinda-bizim-galip-gelecegimizi-dusunuyorum\\\/#primaryimage\",\"url\":\"https:\\\/\\\/haberverkibris.com\\\/wp-content\\\/uploads\\\/2026\\\/04\\\/abd-trump-iran-2450891.jpg\",\"contentUrl\":\"https:\\\/\\\/haberverkibris.com\\\/wp-content\\\/uploads\\\/2026\\\/04\\\/abd-trump-iran-2450891.jpg\",\"width\":1280,\"height\":720},{\"@type\":\"BreadcrumbList\",\"@id\":\"https:\\\/\\\/haberverkibris.com\\\/index.php\\\/2026\\\/04\\\/26\\\/trump-iran-savasinda-bizim-galip-gelecegimizi-dusunuyorum\\\/#breadcrumb\",\"itemListElement\":[{\"@type\":\"ListItem\",\"position\":1,\"name\":\"Anasayfa\",\"item\":\"https:\\\/\\\/haberverkibris.com\\\/\"},{\"@type\":\"ListItem\",\"position\":2,\"name\":\"Trump: \u0130ran sava\u015f\u0131nda bizim galip gelece\u011fimizi d\u00fc\u015f\u00fcn\u00fcyorum\"}]},{\"@type\":\"WebSite\",\"@id\":\"https:\\\/\\\/haberverkibris.com\\\/#website\",\"url\":\"https:\\\/\\\/haberverkibris.com\\\/\",\"name\":\"Kuzeyin Sesi\",\"description\":\"Do\u011fru Haberin Adresi\",\"potentialAction\":[{\"@type\":\"SearchAction\",\"target\":{\"@type\":\"EntryPoint\",\"urlTemplate\":\"https:\\\/\\\/haberverkibris.com\\\/?s={search_term_string}\"},\"query-input\":{\"@type\":\"PropertyValueSpecification\",\"valueRequired\":true,\"valueName\":\"search_term_string\"}}],\"inLanguage\":\"tr\"},{\"@type\":\"Person\",\"@id\":\"https:\\\/\\\/haberverkibris.com\\\/#\\\/schema\\\/person\\\/29d65381ed43765483b5a185ded66a56\",\"name\":\"Haberver K\u0131br\u0131s\",\"image\":{\"@type\":\"ImageObject\",\"inLanguage\":\"tr\",\"@id\":\"https:\\\/\\\/secure.gravatar.com\\\/avatar\\\/bab33852abfd8b282518d6ed81826833d77c3c882d9ab608add591ccace47a44?s=96&d=mm&r=g\",\"url\":\"https:\\\/\\\/secure.gravatar.com\\\/avatar\\\/bab33852abfd8b282518d6ed81826833d77c3c882d9ab608add591ccace47a44?s=96&d=mm&r=g\",\"contentUrl\":\"https:\\\/\\\/secure.gravatar.com\\\/avatar\\\/bab33852abfd8b282518d6ed81826833d77c3c882d9ab608add591ccace47a44?s=96&d=mm&r=g\",\"caption\":\"Haberver K\u0131br\u0131s\"},\"sameAs\":[\"https:\\\/\\\/haberverkibris.com\"],\"url\":\"https:\\\/\\\/haberverkibris.com\\\/index.php\\\/author\\\/guven\\\/\"}]}<\/script>\n<!-- \/ Yoast SEO plugin. -->","yoast_head_json":{"title":"Trump: \u0130ran sava\u015f\u0131nda bizim galip gelece\u011fimizi d\u00fc\u015f\u00fcn\u00fcyorum - Haber Ver K\u0131br\u0131s","robots":{"index":"index","follow":"follow","max-snippet":"max-snippet:-1","max-image-preview":"max-image-preview:large","max-video-preview":"max-video-preview:-1"},"canonical":"https:\/\/haberverkibris.com\/index.php\/2026\/04\/26\/trump-iran-savasinda-bizim-galip-gelecegimizi-dusunuyorum\/","og_locale":"tr_TR","og_type":"article","og_title":"Trump: \u0130ran sava\u015f\u0131nda bizim galip gelece\u011fimizi d\u00fc\u015f\u00fcn\u00fcyorum - Haber Ver K\u0131br\u0131s","og_description":"&#13; ABD Ba\u015fkan\u0131 Donald Trump g\u00fcndeme ili\u015fkin a\u00e7\u0131klamalarda bulunuyor: &#13; -Beyaz Saray muhabirler yeme\u011finde silahl\u0131 sald\u0131r\u0131 yapt\u0131\u011f\u0131 iddia edilen \u015f\u00fcpheli bulundu\u011fu yerde durduruldu, balo salonuna hi\u00e7 yakla\u015famad\u0131. Beyaz Saray muhabirleri yeme\u011finin bulundu\u011fu salonun g\u00fcvenli\u011fini sa\u011flamak zor. Beyanlar\u0131na bak\u0131ld\u0131\u011f\u0131nda sald\u0131rgan hastal\u0131kl\u0131 bir adamm\u0131\u015f.\u00a0 &#13; -\u0130ran sava\u015f\u0131n\u0131n \u00e7ok yak\u0131nda sona erece\u011fini ve bizim galip gelece\u011fimizi d\u00fc\u015f\u00fcn\u00fcyorum.\u00a0\u0130ran g\u00f6r\u00fc\u015fmek [&hellip;]","og_url":"https:\/\/haberverkibris.com\/index.php\/2026\/04\/26\/trump-iran-savasinda-bizim-galip-gelecegimizi-dusunuyorum\/","og_site_name":"Haber Ver K\u0131br\u0131s","article_publisher":"https:\/\/www.facebook.com\/kuzeyinsesii","article_published_time":"2026-04-26T15:59:27+00:00","og_image":[{"url":"https:\/\/trthaberstatic.cdn.wp.trt.com.tr\/resimler\/2450000\/abd-trump-iran-2450891.jpg","type":"","width":"","height":""}],"author":"Haberver K\u0131br\u0131s","twitter_card":"summary_large_image","twitter_creator":"@kuzeyinsesii","twitter_site":"@kuzeyinsesii","twitter_misc":{"Yazan:":"Haberver K\u0131br\u0131s"},"schema":{"@context":"https:\/\/schema.org","@graph":[{"@type":"Article","@id":"https:\/\/haberverkibris.com\/index.php\/2026\/04\/26\/trump-iran-savasinda-bizim-galip-gelecegimizi-dusunuyorum\/#article","isPartOf":{"@id":"https:\/\/haberverkibris.com\/index.php\/2026\/04\/26\/trump-iran-savasinda-bizim-galip-gelecegimizi-dusunuyorum\/"},"author":{"name":"Haberver K\u0131br\u0131s","@id":"https:\/\/haberverkibris.com\/#\/schema\/person\/29d65381ed43765483b5a185ded66a56"},"headline":"Trump: \u0130ran sava\u015f\u0131nda bizim galip gelece\u011fimizi d\u00fc\u015f\u00fcn\u00fcyorum","datePublished":"2026-04-26T15:59:27+00:00","mainEntityOfPage":{"@id":"https:\/\/haberverkibris.com\/index.php\/2026\/04\/26\/trump-iran-savasinda-bizim-galip-gelecegimizi-dusunuyorum\/"},"wordCount":106,"commentCount":0,"image":{"@id":"https:\/\/haberverkibris.com\/index.php\/2026\/04\/26\/trump-iran-savasinda-bizim-galip-gelecegimizi-dusunuyorum\/#primaryimage"},"thumbnailUrl":"https:\/\/haberverkibris.com\/wp-content\/uploads\/2026\/04\/abd-trump-iran-2450891.jpg","articleSection":["D\u00fcnya"],"inLanguage":"tr","potentialAction":[{"@type":"CommentAction","name":"Comment","target":["https:\/\/haberverkibris.com\/index.php\/2026\/04\/26\/trump-iran-savasinda-bizim-galip-gelecegimizi-dusunuyorum\/#respond"]}]},{"@type":"WebPage","@id":"https:\/\/haberverkibris.com\/index.php\/2026\/04\/26\/trump-iran-savasinda-bizim-galip-gelecegimizi-dusunuyorum\/","url":"https:\/\/haberverkibris.com\/index.php\/2026\/04\/26\/trump-iran-savasinda-bizim-galip-gelecegimizi-dusunuyorum\/","name":"Trump: \u0130ran sava\u015f\u0131nda bizim galip gelece\u011fimizi d\u00fc\u015f\u00fcn\u00fcyorum - Haber Ver K\u0131br\u0131s","isPartOf":{"@id":"https:\/\/haberverkibris.com\/#website"},"primaryImageOfPage":{"@id":"https:\/\/haberverkibris.com\/index.php\/2026\/04\/26\/trump-iran-savasinda-bizim-galip-gelecegimizi-dusunuyorum\/#primaryimage"},"image":{"@id":"https:\/\/haberverkibris.com\/index.php\/2026\/04\/26\/trump-iran-savasinda-bizim-galip-gelecegimizi-dusunuyorum\/#primaryimage"},"thumbnailUrl":"https:\/\/haberverkibris.com\/wp-content\/uploads\/2026\/04\/abd-trump-iran-2450891.jpg","datePublished":"2026-04-26T15:59:27+00:00","author":{"@id":"https:\/\/haberverkibris.com\/#\/schema\/person\/29d65381ed43765483b5a185ded66a56"},"breadcrumb":{"@id":"https:\/\/haberverkibris.com\/index.php\/2026\/04\/26\/trump-iran-savasinda-bizim-galip-gelecegimizi-dusunuyorum\/#breadcrumb"},"inLanguage":"tr","potentialAction":[{"@type":"ReadAction","target":["https:\/\/haberverkibris.com\/index.php\/2026\/04\/26\/trump-iran-savasinda-bizim-galip-gelecegimizi-dusunuyorum\/"]}]},{"@type":"ImageObject","inLanguage":"tr","@id":"https:\/\/haberverkibris.com\/index.php\/2026\/04\/26\/trump-iran-savasinda-bizim-galip-gelecegimizi-dusunuyorum\/#primaryimage","url":"https:\/\/haberverkibris.com\/wp-content\/uploads\/2026\/04\/abd-trump-iran-2450891.jpg","contentUrl":"https:\/\/haberverkibris.com\/wp-content\/uploads\/2026\/04\/abd-trump-iran-2450891.jpg","width":1280,"height":720},{"@type":"BreadcrumbList","@id":"https:\/\/haberverkibris.com\/index.php\/2026\/04\/26\/trump-iran-savasinda-bizim-galip-gelecegimizi-dusunuyorum\/#breadcrumb","itemListElement":[{"@type":"ListItem","position":1,"name":"Anasayfa","item":"https:\/\/haberverkibris.com\/"},{"@type":"ListItem","position":2,"name":"Trump: \u0130ran sava\u015f\u0131nda bizim galip gelece\u011fimizi d\u00fc\u015f\u00fcn\u00fcyorum"}]},{"@type":"WebSite","@id":"https:\/\/haberverkibris.com\/#website","url":"https:\/\/haberverkibris.com\/","name":"Kuzeyin Sesi","description":"Do\u011fru Haberin Adresi","potentialAction":[{"@type":"SearchAction","target":{"@type":"EntryPoint","urlTemplate":"https:\/\/haberverkibris.com\/?s={search_term_string}"},"query-input":{"@type":"PropertyValueSpecification","valueRequired":true,"valueName":"search_term_string"}}],"inLanguage":"tr"},{"@type":"Person","@id":"https:\/\/haberverkibris.com\/#\/schema\/person\/29d65381ed43765483b5a185ded66a56","name":"Haberver K\u0131br\u0131s","image":{"@type":"ImageObject","inLanguage":"tr","@id":"https:\/\/secure.gravatar.com\/avatar\/bab33852abfd8b282518d6ed81826833d77c3c882d9ab608add591ccace47a44?s=96&d=mm&r=g","url":"https:\/\/secure.gravatar.com\/avatar\/bab33852abfd8b282518d6ed81826833d77c3c882d9ab608add591ccace47a44?s=96&d=mm&r=g","contentUrl":"https:\/\/secure.gravatar.com\/avatar\/bab33852abfd8b282518d6ed81826833d77c3c882d9ab608add591ccace47a44?s=96&d=mm&r=g","caption":"Haberver K\u0131br\u0131s"},"sameAs":["https:\/\/haberverkibris.com"],"url":"https:\/\/haberverkibris.com\/index.php\/author\/guven\/"}]}},"_links":{"self":[{"href":"https:\/\/haberverkibris.com\/index.php\/wp-json\/wp\/v2\/posts\/34076","targetHints":{"allow":["GET"]}}],"collection":[{"href":"https:\/\/haberverkibris.com\/index.php\/wp-json\/wp\/v2\/posts"}],"about":[{"href":"https:\/\/haberverkibris.com\/index.php\/wp-json\/wp\/v2\/types\/post"}],"author":[{"embeddable":true,"href":"https:\/\/haberverkibris.com\/index.php\/wp-json\/wp\/v2\/users\/1"}],"replies":[{"embeddable":true,"href":"https:\/\/haberverkibris.com\/index.php\/wp-json\/wp\/v2\/comments?post=34076"}],"version-history":[{"count":0,"href":"https:\/\/haberverkibris.com\/index.php\/wp-json\/wp\/v2\/posts\/34076\/revisions"}],"wp:featuredmedia":[{"embeddable":true,"href":"https:\/\/haberverkibris.com\/index.php\/wp-json\/wp\/v2\/media\/34077"}],"wp:attachment":[{"href":"https:\/\/haberverkibris.com\/index.php\/wp-json\/wp\/v2\/media?parent=34076"}],"wp:term":[{"taxonomy":"category","embeddable":true,"href":"https:\/\/haberverkibris.com\/index.php\/wp-json\/wp\/v2\/categories?post=34076"},{"taxonomy":"post_tag","embeddable":true,"href":"https:\/\/haberverkibris.com\/index.php\/wp-json\/wp\/v2\/tags?post=34076"}],"curies":[{"name":"wp","href":"https:\/\/api.w.org\/{rel}","templated":true}]}}