{"id":34074,"date":"2026-04-26T17:03:41","date_gmt":"2026-04-26T14:03:41","guid":{"rendered":"https:\/\/haberverkibris.com\/index.php\/2026\/04\/26\/61-cumhurbaskanligi-turkiye-bisiklet-turunun-ilk-etabini-crabbe-kazandi\/"},"modified":"2026-04-26T17:03:41","modified_gmt":"2026-04-26T14:03:41","slug":"61-cumhurbaskanligi-turkiye-bisiklet-turunun-ilk-etabini-crabbe-kazandi","status":"publish","type":"post","link":"https:\/\/haberverkibris.com\/index.php\/2026\/04\/26\/61-cumhurbaskanligi-turkiye-bisiklet-turunun-ilk-etabini-crabbe-kazandi\/","title":{"rendered":"61. Cumhurba\u015fkanl\u0131\u011f\u0131 T\u00fcrkiye Bisiklet Turu&#8217;nun ilk etab\u0131n\u0131 Crabbe kazand\u0131"},"content":{"rendered":"<p><\/p>\n<div>\n<p>&#13;<br \/>\n\tEtab\u0131n ard\u0131ndan bas\u0131n toplant\u0131s\u0131nda a\u00e7\u0131klamada bulunan Crabbe, Bel\u00e7ika&#8217;da bu t\u00fcr bir hava g\u00f6rmedi\u011fini ancak s\u0131cak bir yar\u0131\u015f bekledi\u011fini ifade etti.<\/p>\n<p>&#13;<br \/>\n\tSprinterler i\u00e7in f\u0131rsatlar oldu\u011funu aktaran Bel\u00e7ikal\u0131 bisiklet\u00e7i, &#8220;\u0130lk yar\u0131\u015f\u0131 almak ger\u00e7ekten \u00e7ok g\u00fczel. Bir y\u0131l \u00f6nce de bu yar\u0131\u015fa gelmek istemi\u015ftim ancak se\u00e7ilememi\u015ftim. Ge\u00e7en y\u0131ldan bu yana kendimi geli\u015ftirdim. Bug\u00fcn de yine kendimin en iyi versiyonu olmaya \u00e7al\u0131\u015ft\u0131m.&#8221; diye konu\u015ftu.<\/p>\n<p>&#13;<br \/>\n\tSezon ba\u015f\u0131nda kazand\u0131\u011f\u0131 sprint etaplar\u0131n\u0131 hat\u0131rlatan Crabbe, &#8220;Bug\u00fcn yapt\u0131\u011f\u0131m gibi son 100 metrede bo\u015flu\u011fu bulabilmek i\u00e7in \u00e7ok \u00e7al\u0131\u015ft\u0131m. Bunu i\u00e7g\u00fcd\u00fclerimle yapt\u0131m. Sezonun ba\u015flar\u0131nda &#8216;Etoile de Besseges&#8217; ve &#8216;Vuelta a Andalucia&#8217;da kazand\u0131\u011f\u0131m iki sprint hafif yoku\u015f yukar\u0131yd\u0131. Bug\u00fcn d\u00fcz parkurda kazanm\u0131\u015f olmaktan mutluyum. Uzun bir hafta olacak ve daha fazlas\u0131n\u0131 istiyorum.&#8221; ifadelerini kulland\u0131.<\/p>\n<p>&#13;<br \/>\n\t\u00d6d\u00fcl t\u00f6reninde bisiklet\u00e7ilere kazand\u0131klar\u0131 mayolar\u0131 \u0130zmir Valisi S\u00fcleyman Elban, \u0130zmir Cumhuriyet Ba\u015fsavc\u0131s\u0131 Ali Yeldan, \u0130zmir Gen\u00e7lik ve Spor \u0130l M\u00fcd\u00fcr\u00fc Murat Eskici ve T\u00fcrkiye Bisiklet Federasyonu Ba\u015fkan\u0131 Emin M\u00fcft\u00fco\u011flu verdi.<\/p>\n<\/p><\/div>\n","protected":false},"excerpt":{"rendered":"<p>&#13; Etab\u0131n ard\u0131ndan bas\u0131n toplant\u0131s\u0131nda a\u00e7\u0131klamada bulunan Crabbe, Bel\u00e7ika&#8217;da bu t\u00fcr bir hava g\u00f6rmedi\u011fini ancak s\u0131cak bir yar\u0131\u015f bekledi\u011fini ifade etti. &#13; Sprinterler i\u00e7in f\u0131rsatlar oldu\u011funu aktaran Bel\u00e7ikal\u0131 bisiklet\u00e7i, &#8220;\u0130lk yar\u0131\u015f\u0131 almak ger\u00e7ekten \u00e7ok g\u00fczel. Bir y\u0131l \u00f6nce de bu yar\u0131\u015fa gelmek istemi\u015ftim ancak se\u00e7ilememi\u015ftim. Ge\u00e7en y\u0131ldan bu yana kendimi geli\u015ftirdim. Bug\u00fcn de yine kendimin [&hellip;]<\/p>\n","protected":false},"author":1,"featured_media":34075,"comment_status":"open","ping_status":"open","sticky":false,"template":"","format":"standard","meta":{"jnews-multi-image_gallery":[],"jnews_single_post":[],"jnews_primary_category":[],"jnews_social_meta":[],"jnews_override_counter":[],"footnotes":""},"categories":[4],"tags":[],"class_list":["post-34074","post","type-post","status-publish","format-standard","has-post-thumbnail","hentry","category-spor"],"yoast_head":"<!-- This site is optimized with the Yoast SEO plugin v27.4 - https:\/\/yoast.com\/product\/yoast-seo-wordpress\/ -->\n<title>61. Cumhurba\u015fkanl\u0131\u011f\u0131 T\u00fcrkiye Bisiklet Turu&#039;nun ilk etab\u0131n\u0131 Crabbe kazand\u0131 - Haber Ver K\u0131br\u0131s<\/title>\n<meta name=\"robots\" content=\"index, follow, max-snippet:-1, max-image-preview:large, max-video-preview:-1\" \/>\n<link rel=\"canonical\" href=\"https:\/\/haberverkibris.com\/index.php\/2026\/04\/26\/61-cumhurbaskanligi-turkiye-bisiklet-turunun-ilk-etabini-crabbe-kazandi\/\" \/>\n<meta property=\"og:locale\" content=\"tr_TR\" \/>\n<meta property=\"og:type\" content=\"article\" \/>\n<meta property=\"og:title\" content=\"61. Cumhurba\u015fkanl\u0131\u011f\u0131 T\u00fcrkiye Bisiklet Turu&#039;nun ilk etab\u0131n\u0131 Crabbe kazand\u0131 - Haber Ver K\u0131br\u0131s\" \/>\n<meta property=\"og:description\" content=\"&#013; Etab\u0131n ard\u0131ndan bas\u0131n toplant\u0131s\u0131nda a\u00e7\u0131klamada bulunan Crabbe, Bel\u00e7ika&#8217;da bu t\u00fcr bir hava g\u00f6rmedi\u011fini ancak s\u0131cak bir yar\u0131\u015f bekledi\u011fini ifade etti. &#013; Sprinterler i\u00e7in f\u0131rsatlar oldu\u011funu aktaran Bel\u00e7ikal\u0131 bisiklet\u00e7i, &#8220;\u0130lk yar\u0131\u015f\u0131 almak ger\u00e7ekten \u00e7ok g\u00fczel. Bir y\u0131l \u00f6nce de bu yar\u0131\u015fa gelmek istemi\u015ftim ancak se\u00e7ilememi\u015ftim. Ge\u00e7en y\u0131ldan bu yana kendimi geli\u015ftirdim. Bug\u00fcn de yine kendimin [&hellip;]\" \/>\n<meta property=\"og:url\" content=\"https:\/\/haberverkibris.com\/index.php\/2026\/04\/26\/61-cumhurbaskanligi-turkiye-bisiklet-turunun-ilk-etabini-crabbe-kazandi\/\" \/>\n<meta property=\"og:site_name\" content=\"Haber Ver K\u0131br\u0131s\" \/>\n<meta property=\"article:publisher\" content=\"https:\/\/www.facebook.com\/kuzeyinsesii\" \/>\n<meta property=\"article:published_time\" content=\"2026-04-26T14:03:41+00:00\" \/>\n<meta property=\"og:image\" content=\"https:\/\/trthaberstatic.cdn.wp.trt.com.tr\/resimler\/2456000\/tom-crabbeaa-2456475.jpg\" \/>\n<meta name=\"author\" content=\"Haberver K\u0131br\u0131s\" \/>\n<meta name=\"twitter:card\" content=\"summary_large_image\" \/>\n<meta name=\"twitter:creator\" content=\"@kuzeyinsesii\" \/>\n<meta name=\"twitter:site\" content=\"@kuzeyinsesii\" \/>\n<meta name=\"twitter:label1\" content=\"Yazan:\" \/>\n\t<meta name=\"twitter:data1\" content=\"Haberver K\u0131br\u0131s\" \/>\n\t<meta name=\"twitter:label2\" content=\"Tahmini okuma s\u00fcresi\" \/>\n\t<meta name=\"twitter:data2\" content=\"1 dakika\" \/>\n<script type=\"application\/ld+json\" class=\"yoast-schema-graph\">{\"@context\":\"https:\\\/\\\/schema.org\",\"@graph\":[{\"@type\":\"Article\",\"@id\":\"https:\\\/\\\/haberverkibris.com\\\/index.php\\\/2026\\\/04\\\/26\\\/61-cumhurbaskanligi-turkiye-bisiklet-turunun-ilk-etabini-crabbe-kazandi\\\/#article\",\"isPartOf\":{\"@id\":\"https:\\\/\\\/haberverkibris.com\\\/index.php\\\/2026\\\/04\\\/26\\\/61-cumhurbaskanligi-turkiye-bisiklet-turunun-ilk-etabini-crabbe-kazandi\\\/\"},\"author\":{\"name\":\"Haberver K\u0131br\u0131s\",\"@id\":\"https:\\\/\\\/haberverkibris.com\\\/#\\\/schema\\\/person\\\/29d65381ed43765483b5a185ded66a56\"},\"headline\":\"61. Cumhurba\u015fkanl\u0131\u011f\u0131 T\u00fcrkiye Bisiklet Turu&#8217;nun ilk etab\u0131n\u0131 Crabbe kazand\u0131\",\"datePublished\":\"2026-04-26T14:03:41+00:00\",\"mainEntityOfPage\":{\"@id\":\"https:\\\/\\\/haberverkibris.com\\\/index.php\\\/2026\\\/04\\\/26\\\/61-cumhurbaskanligi-turkiye-bisiklet-turunun-ilk-etabini-crabbe-kazandi\\\/\"},\"wordCount\":222,\"commentCount\":0,\"image\":{\"@id\":\"https:\\\/\\\/haberverkibris.com\\\/index.php\\\/2026\\\/04\\\/26\\\/61-cumhurbaskanligi-turkiye-bisiklet-turunun-ilk-etabini-crabbe-kazandi\\\/#primaryimage\"},\"thumbnailUrl\":\"https:\\\/\\\/haberverkibris.com\\\/wp-content\\\/uploads\\\/2026\\\/04\\\/tom-crabbeaa-2456475.jpg\",\"articleSection\":[\"Spor\"],\"inLanguage\":\"tr\",\"potentialAction\":[{\"@type\":\"CommentAction\",\"name\":\"Comment\",\"target\":[\"https:\\\/\\\/haberverkibris.com\\\/index.php\\\/2026\\\/04\\\/26\\\/61-cumhurbaskanligi-turkiye-bisiklet-turunun-ilk-etabini-crabbe-kazandi\\\/#respond\"]}]},{\"@type\":\"WebPage\",\"@id\":\"https:\\\/\\\/haberverkibris.com\\\/index.php\\\/2026\\\/04\\\/26\\\/61-cumhurbaskanligi-turkiye-bisiklet-turunun-ilk-etabini-crabbe-kazandi\\\/\",\"url\":\"https:\\\/\\\/haberverkibris.com\\\/index.php\\\/2026\\\/04\\\/26\\\/61-cumhurbaskanligi-turkiye-bisiklet-turunun-ilk-etabini-crabbe-kazandi\\\/\",\"name\":\"61. Cumhurba\u015fkanl\u0131\u011f\u0131 T\u00fcrkiye Bisiklet Turu'nun ilk etab\u0131n\u0131 Crabbe kazand\u0131 - Haber Ver K\u0131br\u0131s\",\"isPartOf\":{\"@id\":\"https:\\\/\\\/haberverkibris.com\\\/#website\"},\"primaryImageOfPage\":{\"@id\":\"https:\\\/\\\/haberverkibris.com\\\/index.php\\\/2026\\\/04\\\/26\\\/61-cumhurbaskanligi-turkiye-bisiklet-turunun-ilk-etabini-crabbe-kazandi\\\/#primaryimage\"},\"image\":{\"@id\":\"https:\\\/\\\/haberverkibris.com\\\/index.php\\\/2026\\\/04\\\/26\\\/61-cumhurbaskanligi-turkiye-bisiklet-turunun-ilk-etabini-crabbe-kazandi\\\/#primaryimage\"},\"thumbnailUrl\":\"https:\\\/\\\/haberverkibris.com\\\/wp-content\\\/uploads\\\/2026\\\/04\\\/tom-crabbeaa-2456475.jpg\",\"datePublished\":\"2026-04-26T14:03:41+00:00\",\"author\":{\"@id\":\"https:\\\/\\\/haberverkibris.com\\\/#\\\/schema\\\/person\\\/29d65381ed43765483b5a185ded66a56\"},\"breadcrumb\":{\"@id\":\"https:\\\/\\\/haberverkibris.com\\\/index.php\\\/2026\\\/04\\\/26\\\/61-cumhurbaskanligi-turkiye-bisiklet-turunun-ilk-etabini-crabbe-kazandi\\\/#breadcrumb\"},\"inLanguage\":\"tr\",\"potentialAction\":[{\"@type\":\"ReadAction\",\"target\":[\"https:\\\/\\\/haberverkibris.com\\\/index.php\\\/2026\\\/04\\\/26\\\/61-cumhurbaskanligi-turkiye-bisiklet-turunun-ilk-etabini-crabbe-kazandi\\\/\"]}]},{\"@type\":\"ImageObject\",\"inLanguage\":\"tr\",\"@id\":\"https:\\\/\\\/haberverkibris.com\\\/index.php\\\/2026\\\/04\\\/26\\\/61-cumhurbaskanligi-turkiye-bisiklet-turunun-ilk-etabini-crabbe-kazandi\\\/#primaryimage\",\"url\":\"https:\\\/\\\/haberverkibris.com\\\/wp-content\\\/uploads\\\/2026\\\/04\\\/tom-crabbeaa-2456475.jpg\",\"contentUrl\":\"https:\\\/\\\/haberverkibris.com\\\/wp-content\\\/uploads\\\/2026\\\/04\\\/tom-crabbeaa-2456475.jpg\",\"width\":1280,\"height\":720},{\"@type\":\"BreadcrumbList\",\"@id\":\"https:\\\/\\\/haberverkibris.com\\\/index.php\\\/2026\\\/04\\\/26\\\/61-cumhurbaskanligi-turkiye-bisiklet-turunun-ilk-etabini-crabbe-kazandi\\\/#breadcrumb\",\"itemListElement\":[{\"@type\":\"ListItem\",\"position\":1,\"name\":\"Anasayfa\",\"item\":\"https:\\\/\\\/haberverkibris.com\\\/\"},{\"@type\":\"ListItem\",\"position\":2,\"name\":\"61. Cumhurba\u015fkanl\u0131\u011f\u0131 T\u00fcrkiye Bisiklet Turu&#8217;nun ilk etab\u0131n\u0131 Crabbe kazand\u0131\"}]},{\"@type\":\"WebSite\",\"@id\":\"https:\\\/\\\/haberverkibris.com\\\/#website\",\"url\":\"https:\\\/\\\/haberverkibris.com\\\/\",\"name\":\"Kuzeyin Sesi\",\"description\":\"Do\u011fru Haberin Adresi\",\"potentialAction\":[{\"@type\":\"SearchAction\",\"target\":{\"@type\":\"EntryPoint\",\"urlTemplate\":\"https:\\\/\\\/haberverkibris.com\\\/?s={search_term_string}\"},\"query-input\":{\"@type\":\"PropertyValueSpecification\",\"valueRequired\":true,\"valueName\":\"search_term_string\"}}],\"inLanguage\":\"tr\"},{\"@type\":\"Person\",\"@id\":\"https:\\\/\\\/haberverkibris.com\\\/#\\\/schema\\\/person\\\/29d65381ed43765483b5a185ded66a56\",\"name\":\"Haberver K\u0131br\u0131s\",\"image\":{\"@type\":\"ImageObject\",\"inLanguage\":\"tr\",\"@id\":\"https:\\\/\\\/secure.gravatar.com\\\/avatar\\\/bab33852abfd8b282518d6ed81826833d77c3c882d9ab608add591ccace47a44?s=96&d=mm&r=g\",\"url\":\"https:\\\/\\\/secure.gravatar.com\\\/avatar\\\/bab33852abfd8b282518d6ed81826833d77c3c882d9ab608add591ccace47a44?s=96&d=mm&r=g\",\"contentUrl\":\"https:\\\/\\\/secure.gravatar.com\\\/avatar\\\/bab33852abfd8b282518d6ed81826833d77c3c882d9ab608add591ccace47a44?s=96&d=mm&r=g\",\"caption\":\"Haberver K\u0131br\u0131s\"},\"sameAs\":[\"https:\\\/\\\/haberverkibris.com\"],\"url\":\"https:\\\/\\\/haberverkibris.com\\\/index.php\\\/author\\\/guven\\\/\"}]}<\/script>\n<!-- \/ Yoast SEO plugin. -->","yoast_head_json":{"title":"61. Cumhurba\u015fkanl\u0131\u011f\u0131 T\u00fcrkiye Bisiklet Turu'nun ilk etab\u0131n\u0131 Crabbe kazand\u0131 - Haber Ver K\u0131br\u0131s","robots":{"index":"index","follow":"follow","max-snippet":"max-snippet:-1","max-image-preview":"max-image-preview:large","max-video-preview":"max-video-preview:-1"},"canonical":"https:\/\/haberverkibris.com\/index.php\/2026\/04\/26\/61-cumhurbaskanligi-turkiye-bisiklet-turunun-ilk-etabini-crabbe-kazandi\/","og_locale":"tr_TR","og_type":"article","og_title":"61. Cumhurba\u015fkanl\u0131\u011f\u0131 T\u00fcrkiye Bisiklet Turu'nun ilk etab\u0131n\u0131 Crabbe kazand\u0131 - Haber Ver K\u0131br\u0131s","og_description":"&#13; Etab\u0131n ard\u0131ndan bas\u0131n toplant\u0131s\u0131nda a\u00e7\u0131klamada bulunan Crabbe, Bel\u00e7ika&#8217;da bu t\u00fcr bir hava g\u00f6rmedi\u011fini ancak s\u0131cak bir yar\u0131\u015f bekledi\u011fini ifade etti. &#13; Sprinterler i\u00e7in f\u0131rsatlar oldu\u011funu aktaran Bel\u00e7ikal\u0131 bisiklet\u00e7i, &#8220;\u0130lk yar\u0131\u015f\u0131 almak ger\u00e7ekten \u00e7ok g\u00fczel. Bir y\u0131l \u00f6nce de bu yar\u0131\u015fa gelmek istemi\u015ftim ancak se\u00e7ilememi\u015ftim. Ge\u00e7en y\u0131ldan bu yana kendimi geli\u015ftirdim. Bug\u00fcn de yine kendimin [&hellip;]","og_url":"https:\/\/haberverkibris.com\/index.php\/2026\/04\/26\/61-cumhurbaskanligi-turkiye-bisiklet-turunun-ilk-etabini-crabbe-kazandi\/","og_site_name":"Haber Ver K\u0131br\u0131s","article_publisher":"https:\/\/www.facebook.com\/kuzeyinsesii","article_published_time":"2026-04-26T14:03:41+00:00","og_image":[{"url":"https:\/\/trthaberstatic.cdn.wp.trt.com.tr\/resimler\/2456000\/tom-crabbeaa-2456475.jpg","type":"","width":"","height":""}],"author":"Haberver K\u0131br\u0131s","twitter_card":"summary_large_image","twitter_creator":"@kuzeyinsesii","twitter_site":"@kuzeyinsesii","twitter_misc":{"Yazan:":"Haberver K\u0131br\u0131s","Tahmini okuma s\u00fcresi":"1 dakika"},"schema":{"@context":"https:\/\/schema.org","@graph":[{"@type":"Article","@id":"https:\/\/haberverkibris.com\/index.php\/2026\/04\/26\/61-cumhurbaskanligi-turkiye-bisiklet-turunun-ilk-etabini-crabbe-kazandi\/#article","isPartOf":{"@id":"https:\/\/haberverkibris.com\/index.php\/2026\/04\/26\/61-cumhurbaskanligi-turkiye-bisiklet-turunun-ilk-etabini-crabbe-kazandi\/"},"author":{"name":"Haberver K\u0131br\u0131s","@id":"https:\/\/haberverkibris.com\/#\/schema\/person\/29d65381ed43765483b5a185ded66a56"},"headline":"61. Cumhurba\u015fkanl\u0131\u011f\u0131 T\u00fcrkiye Bisiklet Turu&#8217;nun ilk etab\u0131n\u0131 Crabbe kazand\u0131","datePublished":"2026-04-26T14:03:41+00:00","mainEntityOfPage":{"@id":"https:\/\/haberverkibris.com\/index.php\/2026\/04\/26\/61-cumhurbaskanligi-turkiye-bisiklet-turunun-ilk-etabini-crabbe-kazandi\/"},"wordCount":222,"commentCount":0,"image":{"@id":"https:\/\/haberverkibris.com\/index.php\/2026\/04\/26\/61-cumhurbaskanligi-turkiye-bisiklet-turunun-ilk-etabini-crabbe-kazandi\/#primaryimage"},"thumbnailUrl":"https:\/\/haberverkibris.com\/wp-content\/uploads\/2026\/04\/tom-crabbeaa-2456475.jpg","articleSection":["Spor"],"inLanguage":"tr","potentialAction":[{"@type":"CommentAction","name":"Comment","target":["https:\/\/haberverkibris.com\/index.php\/2026\/04\/26\/61-cumhurbaskanligi-turkiye-bisiklet-turunun-ilk-etabini-crabbe-kazandi\/#respond"]}]},{"@type":"WebPage","@id":"https:\/\/haberverkibris.com\/index.php\/2026\/04\/26\/61-cumhurbaskanligi-turkiye-bisiklet-turunun-ilk-etabini-crabbe-kazandi\/","url":"https:\/\/haberverkibris.com\/index.php\/2026\/04\/26\/61-cumhurbaskanligi-turkiye-bisiklet-turunun-ilk-etabini-crabbe-kazandi\/","name":"61. Cumhurba\u015fkanl\u0131\u011f\u0131 T\u00fcrkiye Bisiklet Turu'nun ilk etab\u0131n\u0131 Crabbe kazand\u0131 - Haber Ver K\u0131br\u0131s","isPartOf":{"@id":"https:\/\/haberverkibris.com\/#website"},"primaryImageOfPage":{"@id":"https:\/\/haberverkibris.com\/index.php\/2026\/04\/26\/61-cumhurbaskanligi-turkiye-bisiklet-turunun-ilk-etabini-crabbe-kazandi\/#primaryimage"},"image":{"@id":"https:\/\/haberverkibris.com\/index.php\/2026\/04\/26\/61-cumhurbaskanligi-turkiye-bisiklet-turunun-ilk-etabini-crabbe-kazandi\/#primaryimage"},"thumbnailUrl":"https:\/\/haberverkibris.com\/wp-content\/uploads\/2026\/04\/tom-crabbeaa-2456475.jpg","datePublished":"2026-04-26T14:03:41+00:00","author":{"@id":"https:\/\/haberverkibris.com\/#\/schema\/person\/29d65381ed43765483b5a185ded66a56"},"breadcrumb":{"@id":"https:\/\/haberverkibris.com\/index.php\/2026\/04\/26\/61-cumhurbaskanligi-turkiye-bisiklet-turunun-ilk-etabini-crabbe-kazandi\/#breadcrumb"},"inLanguage":"tr","potentialAction":[{"@type":"ReadAction","target":["https:\/\/haberverkibris.com\/index.php\/2026\/04\/26\/61-cumhurbaskanligi-turkiye-bisiklet-turunun-ilk-etabini-crabbe-kazandi\/"]}]},{"@type":"ImageObject","inLanguage":"tr","@id":"https:\/\/haberverkibris.com\/index.php\/2026\/04\/26\/61-cumhurbaskanligi-turkiye-bisiklet-turunun-ilk-etabini-crabbe-kazandi\/#primaryimage","url":"https:\/\/haberverkibris.com\/wp-content\/uploads\/2026\/04\/tom-crabbeaa-2456475.jpg","contentUrl":"https:\/\/haberverkibris.com\/wp-content\/uploads\/2026\/04\/tom-crabbeaa-2456475.jpg","width":1280,"height":720},{"@type":"BreadcrumbList","@id":"https:\/\/haberverkibris.com\/index.php\/2026\/04\/26\/61-cumhurbaskanligi-turkiye-bisiklet-turunun-ilk-etabini-crabbe-kazandi\/#breadcrumb","itemListElement":[{"@type":"ListItem","position":1,"name":"Anasayfa","item":"https:\/\/haberverkibris.com\/"},{"@type":"ListItem","position":2,"name":"61. Cumhurba\u015fkanl\u0131\u011f\u0131 T\u00fcrkiye Bisiklet Turu&#8217;nun ilk etab\u0131n\u0131 Crabbe kazand\u0131"}]},{"@type":"WebSite","@id":"https:\/\/haberverkibris.com\/#website","url":"https:\/\/haberverkibris.com\/","name":"Kuzeyin Sesi","description":"Do\u011fru Haberin Adresi","potentialAction":[{"@type":"SearchAction","target":{"@type":"EntryPoint","urlTemplate":"https:\/\/haberverkibris.com\/?s={search_term_string}"},"query-input":{"@type":"PropertyValueSpecification","valueRequired":true,"valueName":"search_term_string"}}],"inLanguage":"tr"},{"@type":"Person","@id":"https:\/\/haberverkibris.com\/#\/schema\/person\/29d65381ed43765483b5a185ded66a56","name":"Haberver K\u0131br\u0131s","image":{"@type":"ImageObject","inLanguage":"tr","@id":"https:\/\/secure.gravatar.com\/avatar\/bab33852abfd8b282518d6ed81826833d77c3c882d9ab608add591ccace47a44?s=96&d=mm&r=g","url":"https:\/\/secure.gravatar.com\/avatar\/bab33852abfd8b282518d6ed81826833d77c3c882d9ab608add591ccace47a44?s=96&d=mm&r=g","contentUrl":"https:\/\/secure.gravatar.com\/avatar\/bab33852abfd8b282518d6ed81826833d77c3c882d9ab608add591ccace47a44?s=96&d=mm&r=g","caption":"Haberver K\u0131br\u0131s"},"sameAs":["https:\/\/haberverkibris.com"],"url":"https:\/\/haberverkibris.com\/index.php\/author\/guven\/"}]}},"_links":{"self":[{"href":"https:\/\/haberverkibris.com\/index.php\/wp-json\/wp\/v2\/posts\/34074","targetHints":{"allow":["GET"]}}],"collection":[{"href":"https:\/\/haberverkibris.com\/index.php\/wp-json\/wp\/v2\/posts"}],"about":[{"href":"https:\/\/haberverkibris.com\/index.php\/wp-json\/wp\/v2\/types\/post"}],"author":[{"embeddable":true,"href":"https:\/\/haberverkibris.com\/index.php\/wp-json\/wp\/v2\/users\/1"}],"replies":[{"embeddable":true,"href":"https:\/\/haberverkibris.com\/index.php\/wp-json\/wp\/v2\/comments?post=34074"}],"version-history":[{"count":0,"href":"https:\/\/haberverkibris.com\/index.php\/wp-json\/wp\/v2\/posts\/34074\/revisions"}],"wp:featuredmedia":[{"embeddable":true,"href":"https:\/\/haberverkibris.com\/index.php\/wp-json\/wp\/v2\/media\/34075"}],"wp:attachment":[{"href":"https:\/\/haberverkibris.com\/index.php\/wp-json\/wp\/v2\/media?parent=34074"}],"wp:term":[{"taxonomy":"category","embeddable":true,"href":"https:\/\/haberverkibris.com\/index.php\/wp-json\/wp\/v2\/categories?post=34074"},{"taxonomy":"post_tag","embeddable":true,"href":"https:\/\/haberverkibris.com\/index.php\/wp-json\/wp\/v2\/tags?post=34074"}],"curies":[{"name":"wp","href":"https:\/\/api.w.org\/{rel}","templated":true}]}}