{"id":34068,"date":"2026-04-26T15:09:25","date_gmt":"2026-04-26T12:09:25","guid":{"rendered":"https:\/\/haberverkibris.com\/index.php\/2026\/04\/26\/trafik-denetimlerinde-308-surucu-rapor-edildi-2-surucu-tutuklandi\/"},"modified":"2026-04-26T15:09:38","modified_gmt":"2026-04-26T12:09:38","slug":"trafik-denetimlerinde-308-surucu-rapor-edildi-2-surucu-tutuklandi","status":"publish","type":"post","link":"https:\/\/haberverkibris.com\/index.php\/2026\/04\/26\/trafik-denetimlerinde-308-surucu-rapor-edildi-2-surucu-tutuklandi\/","title":{"rendered":"Trafik denetimlerinde 308 s\u00fcr\u00fcc\u00fc rapor edildi, 2 s\u00fcr\u00fcc\u00fc tutukland\u0131"},"content":{"rendered":"<p style=\"font-weight: 300\"><span style=\"font-weight: 300 !important\">Polis trafik ekiplerinin \u00fclke genelinde d\u00fcn yapt\u0131\u011f\u0131 denetimlerde 2 bin 30 ara\u00e7 s\u00fcr\u00fcc\u00fcs\u00fc kontrol edildi; 308 s\u00fcr\u00fcc\u00fc rapor edilirken, 2 s\u00fcr\u00fcc\u00fc tutukland\u0131.<\/span><\/p>\n<p style=\"font-weight: 300\"><span style=\"font-weight: 300 !important\">Polis a\u00e7\u0131klamas\u0131na g\u00f6re, \u00e7e\u015fitli trafik su\u00e7lar\u0131ndan aleyhlerinde yasal i\u015flem ba\u015flat\u0131lan s\u00fcr\u00fcc\u00fclere ek olarak 43 ara\u00e7 trafikten men edildi.<\/span><\/p>\n<p style=\"font-weight: 300\"><span style=\"font-weight: 300 !important\">Rapor edilen su\u00e7lar \u015fu \u015fekilde:<\/span><\/p>\n<p style=\"font-weight: 300\"><span style=\"font-weight: 300 !important\">\u201c110 yasal h\u0131z s\u0131n\u0131r\u0131 \u00fczerinde s\u00fcratli ara\u00e7 kullanmak, 18 alkoll\u00fc i\u00e7ki tesiri alt\u0131nda ara\u00e7 kullanmak, 4 s\u00fcr\u00fc\u015f ehliyetsiz ve sigortas\u0131z ara\u00e7 kullanmak, 9 sigortas\u0131z ara\u00e7 kullanmak, 16 s\u00fcr\u00fc\u015f esnas\u0131nda cep telefonu kullanmak, 13 emniyet kemeri takmadan ara\u00e7 kullanmak, 11 muayenesiz ara\u00e7 kullanmak, 23 seyr\u00fcsefer ruhsats\u0131z ara\u00e7 kullanmak, 3 tehlikeli s\u00fcr\u00fc\u015f yapmak, 2 polisin dur emrine uymamak, 2 trafik \u0131\u015f\u0131klar\u0131na uymamak, 2 trafik levha ve i\u015faretlerine uymamak, 1 koruyucu ba\u015fl\u0131k takmadan motosiklet kullanmak, 2 elektrikli scooterlerin kullan\u0131m kurallar\u0131na uymamak, 2 arac\u0131n \u0131\u015f\u0131k kurallar\u0131na uymamak ve 90 di\u011fer trafik su\u00e7lar\u0131\u201d<\/span><\/p>\n","protected":false},"excerpt":{"rendered":"<p>Polis trafik ekiplerinin \u00fclke genelinde d\u00fcn yapt\u0131\u011f\u0131 denetimlerde 2 bin 30 ara\u00e7 s\u00fcr\u00fcc\u00fcs\u00fc kontrol edildi; 308 s\u00fcr\u00fcc\u00fc rapor edilirken, 2 s\u00fcr\u00fcc\u00fc tutukland\u0131. Polis a\u00e7\u0131klamas\u0131na g\u00f6re, \u00e7e\u015fitli trafik su\u00e7lar\u0131ndan aleyhlerinde yasal i\u015flem ba\u015flat\u0131lan s\u00fcr\u00fcc\u00fclere ek olarak 43 ara\u00e7 trafikten men edildi. Rapor edilen su\u00e7lar \u015fu \u015fekilde: \u201c110 yasal h\u0131z s\u0131n\u0131r\u0131 \u00fczerinde s\u00fcratli ara\u00e7 kullanmak, 18 alkoll\u00fc [&hellip;]<\/p>\n","protected":false},"author":1,"featured_media":33429,"comment_status":"open","ping_status":"open","sticky":false,"template":"","format":"standard","meta":{"jnews-multi-image_gallery":[],"jnews_single_post":[],"jnews_primary_category":[],"jnews_social_meta":[],"jnews_override_counter":[],"footnotes":""},"categories":[1],"tags":[],"class_list":["post-34068","post","type-post","status-publish","format-standard","has-post-thumbnail","hentry","category-kibris"],"yoast_head":"<!-- This site is optimized with the Yoast SEO plugin v27.4 - https:\/\/yoast.com\/product\/yoast-seo-wordpress\/ -->\n<title>Trafik denetimlerinde 308 s\u00fcr\u00fcc\u00fc rapor edildi, 2 s\u00fcr\u00fcc\u00fc tutukland\u0131 - Haber Ver K\u0131br\u0131s<\/title>\n<meta name=\"robots\" content=\"index, follow, max-snippet:-1, max-image-preview:large, max-video-preview:-1\" \/>\n<link rel=\"canonical\" href=\"https:\/\/haberverkibris.com\/index.php\/2026\/04\/26\/trafik-denetimlerinde-308-surucu-rapor-edildi-2-surucu-tutuklandi\/\" \/>\n<meta property=\"og:locale\" content=\"tr_TR\" \/>\n<meta property=\"og:type\" content=\"article\" \/>\n<meta property=\"og:title\" content=\"Trafik denetimlerinde 308 s\u00fcr\u00fcc\u00fc rapor edildi, 2 s\u00fcr\u00fcc\u00fc tutukland\u0131 - Haber Ver K\u0131br\u0131s\" \/>\n<meta property=\"og:description\" content=\"Polis trafik ekiplerinin \u00fclke genelinde d\u00fcn yapt\u0131\u011f\u0131 denetimlerde 2 bin 30 ara\u00e7 s\u00fcr\u00fcc\u00fcs\u00fc kontrol edildi; 308 s\u00fcr\u00fcc\u00fc rapor edilirken, 2 s\u00fcr\u00fcc\u00fc tutukland\u0131. Polis a\u00e7\u0131klamas\u0131na g\u00f6re, \u00e7e\u015fitli trafik su\u00e7lar\u0131ndan aleyhlerinde yasal i\u015flem ba\u015flat\u0131lan s\u00fcr\u00fcc\u00fclere ek olarak 43 ara\u00e7 trafikten men edildi. Rapor edilen su\u00e7lar \u015fu \u015fekilde: \u201c110 yasal h\u0131z s\u0131n\u0131r\u0131 \u00fczerinde s\u00fcratli ara\u00e7 kullanmak, 18 alkoll\u00fc [&hellip;]\" \/>\n<meta property=\"og:url\" content=\"https:\/\/haberverkibris.com\/index.php\/2026\/04\/26\/trafik-denetimlerinde-308-surucu-rapor-edildi-2-surucu-tutuklandi\/\" \/>\n<meta property=\"og:site_name\" content=\"Haber Ver K\u0131br\u0131s\" \/>\n<meta property=\"article:publisher\" content=\"https:\/\/www.facebook.com\/kuzeyinsesii\" \/>\n<meta property=\"article:published_time\" content=\"2026-04-26T12:09:25+00:00\" \/>\n<meta property=\"article:modified_time\" content=\"2026-04-26T12:09:38+00:00\" \/>\n<meta property=\"og:image\" content=\"https:\/\/haberverkibris.com\/wp-content\/uploads\/2026\/04\/1775374103510polis-denetim-pgm-1.jpg\" \/>\n\t<meta property=\"og:image:width\" content=\"2048\" \/>\n\t<meta property=\"og:image:height\" content=\"1536\" \/>\n\t<meta property=\"og:image:type\" content=\"image\/jpeg\" \/>\n<meta name=\"author\" content=\"Haberver K\u0131br\u0131s\" \/>\n<meta name=\"twitter:card\" content=\"summary_large_image\" \/>\n<meta name=\"twitter:creator\" content=\"@kuzeyinsesii\" \/>\n<meta name=\"twitter:site\" content=\"@kuzeyinsesii\" \/>\n<meta name=\"twitter:label1\" content=\"Yazan:\" \/>\n\t<meta name=\"twitter:data1\" content=\"Haberver K\u0131br\u0131s\" \/>\n\t<meta name=\"twitter:label2\" content=\"Tahmini okuma s\u00fcresi\" \/>\n\t<meta name=\"twitter:data2\" content=\"1 dakika\" \/>\n<script type=\"application\/ld+json\" class=\"yoast-schema-graph\">{\"@context\":\"https:\\\/\\\/schema.org\",\"@graph\":[{\"@type\":\"Article\",\"@id\":\"https:\\\/\\\/haberverkibris.com\\\/index.php\\\/2026\\\/04\\\/26\\\/trafik-denetimlerinde-308-surucu-rapor-edildi-2-surucu-tutuklandi\\\/#article\",\"isPartOf\":{\"@id\":\"https:\\\/\\\/haberverkibris.com\\\/index.php\\\/2026\\\/04\\\/26\\\/trafik-denetimlerinde-308-surucu-rapor-edildi-2-surucu-tutuklandi\\\/\"},\"author\":{\"name\":\"Haberver K\u0131br\u0131s\",\"@id\":\"https:\\\/\\\/haberverkibris.com\\\/#\\\/schema\\\/person\\\/29d65381ed43765483b5a185ded66a56\"},\"headline\":\"Trafik denetimlerinde 308 s\u00fcr\u00fcc\u00fc rapor edildi, 2 s\u00fcr\u00fcc\u00fc tutukland\u0131\",\"datePublished\":\"2026-04-26T12:09:25+00:00\",\"dateModified\":\"2026-04-26T12:09:38+00:00\",\"mainEntityOfPage\":{\"@id\":\"https:\\\/\\\/haberverkibris.com\\\/index.php\\\/2026\\\/04\\\/26\\\/trafik-denetimlerinde-308-surucu-rapor-edildi-2-surucu-tutuklandi\\\/\"},\"wordCount\":168,\"commentCount\":0,\"image\":{\"@id\":\"https:\\\/\\\/haberverkibris.com\\\/index.php\\\/2026\\\/04\\\/26\\\/trafik-denetimlerinde-308-surucu-rapor-edildi-2-surucu-tutuklandi\\\/#primaryimage\"},\"thumbnailUrl\":\"https:\\\/\\\/haberverkibris.com\\\/wp-content\\\/uploads\\\/2026\\\/04\\\/1775374103510polis-denetim-pgm-1.jpg\",\"articleSection\":[\"K\u0131br\u0131s\"],\"inLanguage\":\"tr\",\"potentialAction\":[{\"@type\":\"CommentAction\",\"name\":\"Comment\",\"target\":[\"https:\\\/\\\/haberverkibris.com\\\/index.php\\\/2026\\\/04\\\/26\\\/trafik-denetimlerinde-308-surucu-rapor-edildi-2-surucu-tutuklandi\\\/#respond\"]}]},{\"@type\":\"WebPage\",\"@id\":\"https:\\\/\\\/haberverkibris.com\\\/index.php\\\/2026\\\/04\\\/26\\\/trafik-denetimlerinde-308-surucu-rapor-edildi-2-surucu-tutuklandi\\\/\",\"url\":\"https:\\\/\\\/haberverkibris.com\\\/index.php\\\/2026\\\/04\\\/26\\\/trafik-denetimlerinde-308-surucu-rapor-edildi-2-surucu-tutuklandi\\\/\",\"name\":\"Trafik denetimlerinde 308 s\u00fcr\u00fcc\u00fc rapor edildi, 2 s\u00fcr\u00fcc\u00fc tutukland\u0131 - Haber Ver K\u0131br\u0131s\",\"isPartOf\":{\"@id\":\"https:\\\/\\\/haberverkibris.com\\\/#website\"},\"primaryImageOfPage\":{\"@id\":\"https:\\\/\\\/haberverkibris.com\\\/index.php\\\/2026\\\/04\\\/26\\\/trafik-denetimlerinde-308-surucu-rapor-edildi-2-surucu-tutuklandi\\\/#primaryimage\"},\"image\":{\"@id\":\"https:\\\/\\\/haberverkibris.com\\\/index.php\\\/2026\\\/04\\\/26\\\/trafik-denetimlerinde-308-surucu-rapor-edildi-2-surucu-tutuklandi\\\/#primaryimage\"},\"thumbnailUrl\":\"https:\\\/\\\/haberverkibris.com\\\/wp-content\\\/uploads\\\/2026\\\/04\\\/1775374103510polis-denetim-pgm-1.jpg\",\"datePublished\":\"2026-04-26T12:09:25+00:00\",\"dateModified\":\"2026-04-26T12:09:38+00:00\",\"author\":{\"@id\":\"https:\\\/\\\/haberverkibris.com\\\/#\\\/schema\\\/person\\\/29d65381ed43765483b5a185ded66a56\"},\"breadcrumb\":{\"@id\":\"https:\\\/\\\/haberverkibris.com\\\/index.php\\\/2026\\\/04\\\/26\\\/trafik-denetimlerinde-308-surucu-rapor-edildi-2-surucu-tutuklandi\\\/#breadcrumb\"},\"inLanguage\":\"tr\",\"potentialAction\":[{\"@type\":\"ReadAction\",\"target\":[\"https:\\\/\\\/haberverkibris.com\\\/index.php\\\/2026\\\/04\\\/26\\\/trafik-denetimlerinde-308-surucu-rapor-edildi-2-surucu-tutuklandi\\\/\"]}]},{\"@type\":\"ImageObject\",\"inLanguage\":\"tr\",\"@id\":\"https:\\\/\\\/haberverkibris.com\\\/index.php\\\/2026\\\/04\\\/26\\\/trafik-denetimlerinde-308-surucu-rapor-edildi-2-surucu-tutuklandi\\\/#primaryimage\",\"url\":\"https:\\\/\\\/haberverkibris.com\\\/wp-content\\\/uploads\\\/2026\\\/04\\\/1775374103510polis-denetim-pgm-1.jpg\",\"contentUrl\":\"https:\\\/\\\/haberverkibris.com\\\/wp-content\\\/uploads\\\/2026\\\/04\\\/1775374103510polis-denetim-pgm-1.jpg\",\"width\":2048,\"height\":1536},{\"@type\":\"BreadcrumbList\",\"@id\":\"https:\\\/\\\/haberverkibris.com\\\/index.php\\\/2026\\\/04\\\/26\\\/trafik-denetimlerinde-308-surucu-rapor-edildi-2-surucu-tutuklandi\\\/#breadcrumb\",\"itemListElement\":[{\"@type\":\"ListItem\",\"position\":1,\"name\":\"Anasayfa\",\"item\":\"https:\\\/\\\/haberverkibris.com\\\/\"},{\"@type\":\"ListItem\",\"position\":2,\"name\":\"Trafik denetimlerinde 308 s\u00fcr\u00fcc\u00fc rapor edildi, 2 s\u00fcr\u00fcc\u00fc tutukland\u0131\"}]},{\"@type\":\"WebSite\",\"@id\":\"https:\\\/\\\/haberverkibris.com\\\/#website\",\"url\":\"https:\\\/\\\/haberverkibris.com\\\/\",\"name\":\"Kuzeyin Sesi\",\"description\":\"Do\u011fru Haberin Adresi\",\"potentialAction\":[{\"@type\":\"SearchAction\",\"target\":{\"@type\":\"EntryPoint\",\"urlTemplate\":\"https:\\\/\\\/haberverkibris.com\\\/?s={search_term_string}\"},\"query-input\":{\"@type\":\"PropertyValueSpecification\",\"valueRequired\":true,\"valueName\":\"search_term_string\"}}],\"inLanguage\":\"tr\"},{\"@type\":\"Person\",\"@id\":\"https:\\\/\\\/haberverkibris.com\\\/#\\\/schema\\\/person\\\/29d65381ed43765483b5a185ded66a56\",\"name\":\"Haberver K\u0131br\u0131s\",\"image\":{\"@type\":\"ImageObject\",\"inLanguage\":\"tr\",\"@id\":\"https:\\\/\\\/secure.gravatar.com\\\/avatar\\\/bab33852abfd8b282518d6ed81826833d77c3c882d9ab608add591ccace47a44?s=96&d=mm&r=g\",\"url\":\"https:\\\/\\\/secure.gravatar.com\\\/avatar\\\/bab33852abfd8b282518d6ed81826833d77c3c882d9ab608add591ccace47a44?s=96&d=mm&r=g\",\"contentUrl\":\"https:\\\/\\\/secure.gravatar.com\\\/avatar\\\/bab33852abfd8b282518d6ed81826833d77c3c882d9ab608add591ccace47a44?s=96&d=mm&r=g\",\"caption\":\"Haberver K\u0131br\u0131s\"},\"sameAs\":[\"https:\\\/\\\/haberverkibris.com\"],\"url\":\"https:\\\/\\\/haberverkibris.com\\\/index.php\\\/author\\\/guven\\\/\"}]}<\/script>\n<!-- \/ Yoast SEO plugin. -->","yoast_head_json":{"title":"Trafik denetimlerinde 308 s\u00fcr\u00fcc\u00fc rapor edildi, 2 s\u00fcr\u00fcc\u00fc tutukland\u0131 - Haber Ver K\u0131br\u0131s","robots":{"index":"index","follow":"follow","max-snippet":"max-snippet:-1","max-image-preview":"max-image-preview:large","max-video-preview":"max-video-preview:-1"},"canonical":"https:\/\/haberverkibris.com\/index.php\/2026\/04\/26\/trafik-denetimlerinde-308-surucu-rapor-edildi-2-surucu-tutuklandi\/","og_locale":"tr_TR","og_type":"article","og_title":"Trafik denetimlerinde 308 s\u00fcr\u00fcc\u00fc rapor edildi, 2 s\u00fcr\u00fcc\u00fc tutukland\u0131 - Haber Ver K\u0131br\u0131s","og_description":"Polis trafik ekiplerinin \u00fclke genelinde d\u00fcn yapt\u0131\u011f\u0131 denetimlerde 2 bin 30 ara\u00e7 s\u00fcr\u00fcc\u00fcs\u00fc kontrol edildi; 308 s\u00fcr\u00fcc\u00fc rapor edilirken, 2 s\u00fcr\u00fcc\u00fc tutukland\u0131. Polis a\u00e7\u0131klamas\u0131na g\u00f6re, \u00e7e\u015fitli trafik su\u00e7lar\u0131ndan aleyhlerinde yasal i\u015flem ba\u015flat\u0131lan s\u00fcr\u00fcc\u00fclere ek olarak 43 ara\u00e7 trafikten men edildi. Rapor edilen su\u00e7lar \u015fu \u015fekilde: \u201c110 yasal h\u0131z s\u0131n\u0131r\u0131 \u00fczerinde s\u00fcratli ara\u00e7 kullanmak, 18 alkoll\u00fc [&hellip;]","og_url":"https:\/\/haberverkibris.com\/index.php\/2026\/04\/26\/trafik-denetimlerinde-308-surucu-rapor-edildi-2-surucu-tutuklandi\/","og_site_name":"Haber Ver K\u0131br\u0131s","article_publisher":"https:\/\/www.facebook.com\/kuzeyinsesii","article_published_time":"2026-04-26T12:09:25+00:00","article_modified_time":"2026-04-26T12:09:38+00:00","og_image":[{"width":2048,"height":1536,"url":"https:\/\/haberverkibris.com\/wp-content\/uploads\/2026\/04\/1775374103510polis-denetim-pgm-1.jpg","type":"image\/jpeg"}],"author":"Haberver K\u0131br\u0131s","twitter_card":"summary_large_image","twitter_creator":"@kuzeyinsesii","twitter_site":"@kuzeyinsesii","twitter_misc":{"Yazan:":"Haberver K\u0131br\u0131s","Tahmini okuma s\u00fcresi":"1 dakika"},"schema":{"@context":"https:\/\/schema.org","@graph":[{"@type":"Article","@id":"https:\/\/haberverkibris.com\/index.php\/2026\/04\/26\/trafik-denetimlerinde-308-surucu-rapor-edildi-2-surucu-tutuklandi\/#article","isPartOf":{"@id":"https:\/\/haberverkibris.com\/index.php\/2026\/04\/26\/trafik-denetimlerinde-308-surucu-rapor-edildi-2-surucu-tutuklandi\/"},"author":{"name":"Haberver K\u0131br\u0131s","@id":"https:\/\/haberverkibris.com\/#\/schema\/person\/29d65381ed43765483b5a185ded66a56"},"headline":"Trafik denetimlerinde 308 s\u00fcr\u00fcc\u00fc rapor edildi, 2 s\u00fcr\u00fcc\u00fc tutukland\u0131","datePublished":"2026-04-26T12:09:25+00:00","dateModified":"2026-04-26T12:09:38+00:00","mainEntityOfPage":{"@id":"https:\/\/haberverkibris.com\/index.php\/2026\/04\/26\/trafik-denetimlerinde-308-surucu-rapor-edildi-2-surucu-tutuklandi\/"},"wordCount":168,"commentCount":0,"image":{"@id":"https:\/\/haberverkibris.com\/index.php\/2026\/04\/26\/trafik-denetimlerinde-308-surucu-rapor-edildi-2-surucu-tutuklandi\/#primaryimage"},"thumbnailUrl":"https:\/\/haberverkibris.com\/wp-content\/uploads\/2026\/04\/1775374103510polis-denetim-pgm-1.jpg","articleSection":["K\u0131br\u0131s"],"inLanguage":"tr","potentialAction":[{"@type":"CommentAction","name":"Comment","target":["https:\/\/haberverkibris.com\/index.php\/2026\/04\/26\/trafik-denetimlerinde-308-surucu-rapor-edildi-2-surucu-tutuklandi\/#respond"]}]},{"@type":"WebPage","@id":"https:\/\/haberverkibris.com\/index.php\/2026\/04\/26\/trafik-denetimlerinde-308-surucu-rapor-edildi-2-surucu-tutuklandi\/","url":"https:\/\/haberverkibris.com\/index.php\/2026\/04\/26\/trafik-denetimlerinde-308-surucu-rapor-edildi-2-surucu-tutuklandi\/","name":"Trafik denetimlerinde 308 s\u00fcr\u00fcc\u00fc rapor edildi, 2 s\u00fcr\u00fcc\u00fc tutukland\u0131 - Haber Ver K\u0131br\u0131s","isPartOf":{"@id":"https:\/\/haberverkibris.com\/#website"},"primaryImageOfPage":{"@id":"https:\/\/haberverkibris.com\/index.php\/2026\/04\/26\/trafik-denetimlerinde-308-surucu-rapor-edildi-2-surucu-tutuklandi\/#primaryimage"},"image":{"@id":"https:\/\/haberverkibris.com\/index.php\/2026\/04\/26\/trafik-denetimlerinde-308-surucu-rapor-edildi-2-surucu-tutuklandi\/#primaryimage"},"thumbnailUrl":"https:\/\/haberverkibris.com\/wp-content\/uploads\/2026\/04\/1775374103510polis-denetim-pgm-1.jpg","datePublished":"2026-04-26T12:09:25+00:00","dateModified":"2026-04-26T12:09:38+00:00","author":{"@id":"https:\/\/haberverkibris.com\/#\/schema\/person\/29d65381ed43765483b5a185ded66a56"},"breadcrumb":{"@id":"https:\/\/haberverkibris.com\/index.php\/2026\/04\/26\/trafik-denetimlerinde-308-surucu-rapor-edildi-2-surucu-tutuklandi\/#breadcrumb"},"inLanguage":"tr","potentialAction":[{"@type":"ReadAction","target":["https:\/\/haberverkibris.com\/index.php\/2026\/04\/26\/trafik-denetimlerinde-308-surucu-rapor-edildi-2-surucu-tutuklandi\/"]}]},{"@type":"ImageObject","inLanguage":"tr","@id":"https:\/\/haberverkibris.com\/index.php\/2026\/04\/26\/trafik-denetimlerinde-308-surucu-rapor-edildi-2-surucu-tutuklandi\/#primaryimage","url":"https:\/\/haberverkibris.com\/wp-content\/uploads\/2026\/04\/1775374103510polis-denetim-pgm-1.jpg","contentUrl":"https:\/\/haberverkibris.com\/wp-content\/uploads\/2026\/04\/1775374103510polis-denetim-pgm-1.jpg","width":2048,"height":1536},{"@type":"BreadcrumbList","@id":"https:\/\/haberverkibris.com\/index.php\/2026\/04\/26\/trafik-denetimlerinde-308-surucu-rapor-edildi-2-surucu-tutuklandi\/#breadcrumb","itemListElement":[{"@type":"ListItem","position":1,"name":"Anasayfa","item":"https:\/\/haberverkibris.com\/"},{"@type":"ListItem","position":2,"name":"Trafik denetimlerinde 308 s\u00fcr\u00fcc\u00fc rapor edildi, 2 s\u00fcr\u00fcc\u00fc tutukland\u0131"}]},{"@type":"WebSite","@id":"https:\/\/haberverkibris.com\/#website","url":"https:\/\/haberverkibris.com\/","name":"Kuzeyin Sesi","description":"Do\u011fru Haberin Adresi","potentialAction":[{"@type":"SearchAction","target":{"@type":"EntryPoint","urlTemplate":"https:\/\/haberverkibris.com\/?s={search_term_string}"},"query-input":{"@type":"PropertyValueSpecification","valueRequired":true,"valueName":"search_term_string"}}],"inLanguage":"tr"},{"@type":"Person","@id":"https:\/\/haberverkibris.com\/#\/schema\/person\/29d65381ed43765483b5a185ded66a56","name":"Haberver K\u0131br\u0131s","image":{"@type":"ImageObject","inLanguage":"tr","@id":"https:\/\/secure.gravatar.com\/avatar\/bab33852abfd8b282518d6ed81826833d77c3c882d9ab608add591ccace47a44?s=96&d=mm&r=g","url":"https:\/\/secure.gravatar.com\/avatar\/bab33852abfd8b282518d6ed81826833d77c3c882d9ab608add591ccace47a44?s=96&d=mm&r=g","contentUrl":"https:\/\/secure.gravatar.com\/avatar\/bab33852abfd8b282518d6ed81826833d77c3c882d9ab608add591ccace47a44?s=96&d=mm&r=g","caption":"Haberver K\u0131br\u0131s"},"sameAs":["https:\/\/haberverkibris.com"],"url":"https:\/\/haberverkibris.com\/index.php\/author\/guven\/"}]}},"_links":{"self":[{"href":"https:\/\/haberverkibris.com\/index.php\/wp-json\/wp\/v2\/posts\/34068","targetHints":{"allow":["GET"]}}],"collection":[{"href":"https:\/\/haberverkibris.com\/index.php\/wp-json\/wp\/v2\/posts"}],"about":[{"href":"https:\/\/haberverkibris.com\/index.php\/wp-json\/wp\/v2\/types\/post"}],"author":[{"embeddable":true,"href":"https:\/\/haberverkibris.com\/index.php\/wp-json\/wp\/v2\/users\/1"}],"replies":[{"embeddable":true,"href":"https:\/\/haberverkibris.com\/index.php\/wp-json\/wp\/v2\/comments?post=34068"}],"version-history":[{"count":1,"href":"https:\/\/haberverkibris.com\/index.php\/wp-json\/wp\/v2\/posts\/34068\/revisions"}],"predecessor-version":[{"id":34069,"href":"https:\/\/haberverkibris.com\/index.php\/wp-json\/wp\/v2\/posts\/34068\/revisions\/34069"}],"wp:featuredmedia":[{"embeddable":true,"href":"https:\/\/haberverkibris.com\/index.php\/wp-json\/wp\/v2\/media\/33429"}],"wp:attachment":[{"href":"https:\/\/haberverkibris.com\/index.php\/wp-json\/wp\/v2\/media?parent=34068"}],"wp:term":[{"taxonomy":"category","embeddable":true,"href":"https:\/\/haberverkibris.com\/index.php\/wp-json\/wp\/v2\/categories?post=34068"},{"taxonomy":"post_tag","embeddable":true,"href":"https:\/\/haberverkibris.com\/index.php\/wp-json\/wp\/v2\/tags?post=34068"}],"curies":[{"name":"wp","href":"https:\/\/api.w.org\/{rel}","templated":true}]}}