{"id":34061,"date":"2026-04-26T14:55:22","date_gmt":"2026-04-26T11:55:22","guid":{"rendered":"https:\/\/haberverkibris.com\/index.php\/2026\/04\/26\/suriyede-bessar-esed-ve-kardesi-mahir-hakkinda-giyabi-yargilama-basladi\/"},"modified":"2026-04-26T14:55:22","modified_gmt":"2026-04-26T11:55:22","slug":"suriyede-bessar-esed-ve-kardesi-mahir-hakkinda-giyabi-yargilama-basladi","status":"publish","type":"post","link":"https:\/\/haberverkibris.com\/index.php\/2026\/04\/26\/suriyede-bessar-esed-ve-kardesi-mahir-hakkinda-giyabi-yargilama-basladi\/","title":{"rendered":"Suriye\u2019de Be\u015f\u015far Esed ve karde\u015fi Mahir hakk\u0131nda g\u0131yabi yarg\u0131lama ba\u015flad\u0131"},"content":{"rendered":"<p><\/p>\n<div>\n<p>&#13;<br \/>\n\t\u015eam\u2019daki Adalet Saray\u0131\u2019nda bulunan D\u00f6rd\u00fcnc\u00fc Ceza Mahkemesi\u2019nde g\u00f6r\u00fclen duru\u015fmada, \u00fcst d\u00fczey askeri ve g\u00fcvenlik yetkililerinin isimleri de yer ald\u0131.<\/p>\n<p>&#13;<br \/>\n\tDuru\u015fmada, Be\u015f\u015far Esed ve Mahir Esed&#8217;in yan\u0131 s\u0131ra Muhammed Eymen Ayyu\u015f, eski Savunma Bakan\u0131 Fahdi Casem el-Freyic, Dera askeri istihbarat ba\u015fkan\u0131 Luay al-Ali, Dera istihbarat \u015fubesi ba\u015fkan\u0131 Fevik Nas\u0131r ile komutan Talal H\u00fcseyin\u2019in isimlerinin ge\u00e7ti\u011fi belirtildi.<\/p>\n<p>&#13;<br \/>\n\tS\u00f6z konusu ki\u015filerin tamam\u0131n\u0131n yurt d\u0131\u015f\u0131na ka\u00e7t\u0131\u011f\u0131 ve bu nedenle haklar\u0131nda g\u0131yabi yarg\u0131lama y\u00fcr\u00fct\u00fcld\u00fc\u011f\u00fc, mahkemenin ilgili mevzuat kapsam\u0131nda haklar\u0131nda tebligat s\u00fcrecini ba\u015flataca\u011f\u0131 aktar\u0131ld\u0131.<\/p>\n<p>&#13;<br \/>\n\tDuru\u015fmalar\u0131n, Suriye Cumhuriyeti Genel Savc\u0131 Yard\u0131mc\u0131s\u0131 Hassan et-Tr\u00fcbe ba\u015fkanl\u0131\u011f\u0131nda y\u00fcr\u00fct\u00fcld\u00fc\u011f\u00fc bildirildi.<\/p>\n<\/p><\/div>\n","protected":false},"excerpt":{"rendered":"<p>&#13; \u015eam\u2019daki Adalet Saray\u0131\u2019nda bulunan D\u00f6rd\u00fcnc\u00fc Ceza Mahkemesi\u2019nde g\u00f6r\u00fclen duru\u015fmada, \u00fcst d\u00fczey askeri ve g\u00fcvenlik yetkililerinin isimleri de yer ald\u0131. &#13; Duru\u015fmada, Be\u015f\u015far Esed ve Mahir Esed&#8217;in yan\u0131 s\u0131ra Muhammed Eymen Ayyu\u015f, eski Savunma Bakan\u0131 Fahdi Casem el-Freyic, Dera askeri istihbarat ba\u015fkan\u0131 Luay al-Ali, Dera istihbarat \u015fubesi ba\u015fkan\u0131 Fevik Nas\u0131r ile komutan Talal H\u00fcseyin\u2019in isimlerinin [&hellip;]<\/p>\n","protected":false},"author":1,"featured_media":34062,"comment_status":"open","ping_status":"open","sticky":false,"template":"","format":"standard","meta":{"jnews-multi-image_gallery":[],"jnews_single_post":[],"jnews_primary_category":[],"jnews_social_meta":[],"jnews_override_counter":[],"footnotes":""},"categories":[2],"tags":[],"class_list":["post-34061","post","type-post","status-publish","format-standard","has-post-thumbnail","hentry","category-dunya"],"yoast_head":"<!-- This site is optimized with the Yoast SEO plugin v27.4 - https:\/\/yoast.com\/product\/yoast-seo-wordpress\/ -->\n<title>Suriye\u2019de Be\u015f\u015far Esed ve karde\u015fi Mahir hakk\u0131nda g\u0131yabi yarg\u0131lama ba\u015flad\u0131 - Haber Ver K\u0131br\u0131s<\/title>\n<meta name=\"robots\" content=\"index, follow, max-snippet:-1, max-image-preview:large, max-video-preview:-1\" \/>\n<link rel=\"canonical\" href=\"https:\/\/haberverkibris.com\/index.php\/2026\/04\/26\/suriyede-bessar-esed-ve-kardesi-mahir-hakkinda-giyabi-yargilama-basladi\/\" \/>\n<meta property=\"og:locale\" content=\"tr_TR\" \/>\n<meta property=\"og:type\" content=\"article\" \/>\n<meta property=\"og:title\" content=\"Suriye\u2019de Be\u015f\u015far Esed ve karde\u015fi Mahir hakk\u0131nda g\u0131yabi yarg\u0131lama ba\u015flad\u0131 - Haber Ver K\u0131br\u0131s\" \/>\n<meta property=\"og:description\" content=\"&#013; \u015eam\u2019daki Adalet Saray\u0131\u2019nda bulunan D\u00f6rd\u00fcnc\u00fc Ceza Mahkemesi\u2019nde g\u00f6r\u00fclen duru\u015fmada, \u00fcst d\u00fczey askeri ve g\u00fcvenlik yetkililerinin isimleri de yer ald\u0131. &#013; Duru\u015fmada, Be\u015f\u015far Esed ve Mahir Esed&#8217;in yan\u0131 s\u0131ra Muhammed Eymen Ayyu\u015f, eski Savunma Bakan\u0131 Fahdi Casem el-Freyic, Dera askeri istihbarat ba\u015fkan\u0131 Luay al-Ali, Dera istihbarat \u015fubesi ba\u015fkan\u0131 Fevik Nas\u0131r ile komutan Talal H\u00fcseyin\u2019in isimlerinin [&hellip;]\" \/>\n<meta property=\"og:url\" content=\"https:\/\/haberverkibris.com\/index.php\/2026\/04\/26\/suriyede-bessar-esed-ve-kardesi-mahir-hakkinda-giyabi-yargilama-basladi\/\" \/>\n<meta property=\"og:site_name\" content=\"Haber Ver K\u0131br\u0131s\" \/>\n<meta property=\"article:publisher\" content=\"https:\/\/www.facebook.com\/kuzeyinsesii\" \/>\n<meta property=\"article:published_time\" content=\"2026-04-26T11:55:22+00:00\" \/>\n<meta property=\"og:image\" content=\"https:\/\/trthaberstatic.cdn.wp.trt.com.tr\/resimler\/2456000\/sy-court-a-2456473.jpg\" \/>\n<meta name=\"author\" content=\"Haberver K\u0131br\u0131s\" \/>\n<meta name=\"twitter:card\" content=\"summary_large_image\" \/>\n<meta name=\"twitter:creator\" content=\"@kuzeyinsesii\" \/>\n<meta name=\"twitter:site\" content=\"@kuzeyinsesii\" \/>\n<meta name=\"twitter:label1\" content=\"Yazan:\" \/>\n\t<meta name=\"twitter:data1\" content=\"Haberver K\u0131br\u0131s\" \/>\n\t<meta name=\"twitter:label2\" content=\"Tahmini okuma s\u00fcresi\" \/>\n\t<meta name=\"twitter:data2\" content=\"1 dakika\" \/>\n<script type=\"application\/ld+json\" class=\"yoast-schema-graph\">{\"@context\":\"https:\\\/\\\/schema.org\",\"@graph\":[{\"@type\":\"Article\",\"@id\":\"https:\\\/\\\/haberverkibris.com\\\/index.php\\\/2026\\\/04\\\/26\\\/suriyede-bessar-esed-ve-kardesi-mahir-hakkinda-giyabi-yargilama-basladi\\\/#article\",\"isPartOf\":{\"@id\":\"https:\\\/\\\/haberverkibris.com\\\/index.php\\\/2026\\\/04\\\/26\\\/suriyede-bessar-esed-ve-kardesi-mahir-hakkinda-giyabi-yargilama-basladi\\\/\"},\"author\":{\"name\":\"Haberver K\u0131br\u0131s\",\"@id\":\"https:\\\/\\\/haberverkibris.com\\\/#\\\/schema\\\/person\\\/29d65381ed43765483b5a185ded66a56\"},\"headline\":\"Suriye\u2019de Be\u015f\u015far Esed ve karde\u015fi Mahir hakk\u0131nda g\u0131yabi yarg\u0131lama ba\u015flad\u0131\",\"datePublished\":\"2026-04-26T11:55:22+00:00\",\"mainEntityOfPage\":{\"@id\":\"https:\\\/\\\/haberverkibris.com\\\/index.php\\\/2026\\\/04\\\/26\\\/suriyede-bessar-esed-ve-kardesi-mahir-hakkinda-giyabi-yargilama-basladi\\\/\"},\"wordCount\":154,\"commentCount\":0,\"image\":{\"@id\":\"https:\\\/\\\/haberverkibris.com\\\/index.php\\\/2026\\\/04\\\/26\\\/suriyede-bessar-esed-ve-kardesi-mahir-hakkinda-giyabi-yargilama-basladi\\\/#primaryimage\"},\"thumbnailUrl\":\"https:\\\/\\\/haberverkibris.com\\\/wp-content\\\/uploads\\\/2026\\\/04\\\/sy-court-a-2456473.jpg\",\"articleSection\":[\"D\u00fcnya\"],\"inLanguage\":\"tr\",\"potentialAction\":[{\"@type\":\"CommentAction\",\"name\":\"Comment\",\"target\":[\"https:\\\/\\\/haberverkibris.com\\\/index.php\\\/2026\\\/04\\\/26\\\/suriyede-bessar-esed-ve-kardesi-mahir-hakkinda-giyabi-yargilama-basladi\\\/#respond\"]}]},{\"@type\":\"WebPage\",\"@id\":\"https:\\\/\\\/haberverkibris.com\\\/index.php\\\/2026\\\/04\\\/26\\\/suriyede-bessar-esed-ve-kardesi-mahir-hakkinda-giyabi-yargilama-basladi\\\/\",\"url\":\"https:\\\/\\\/haberverkibris.com\\\/index.php\\\/2026\\\/04\\\/26\\\/suriyede-bessar-esed-ve-kardesi-mahir-hakkinda-giyabi-yargilama-basladi\\\/\",\"name\":\"Suriye\u2019de Be\u015f\u015far Esed ve karde\u015fi Mahir hakk\u0131nda g\u0131yabi yarg\u0131lama ba\u015flad\u0131 - Haber Ver K\u0131br\u0131s\",\"isPartOf\":{\"@id\":\"https:\\\/\\\/haberverkibris.com\\\/#website\"},\"primaryImageOfPage\":{\"@id\":\"https:\\\/\\\/haberverkibris.com\\\/index.php\\\/2026\\\/04\\\/26\\\/suriyede-bessar-esed-ve-kardesi-mahir-hakkinda-giyabi-yargilama-basladi\\\/#primaryimage\"},\"image\":{\"@id\":\"https:\\\/\\\/haberverkibris.com\\\/index.php\\\/2026\\\/04\\\/26\\\/suriyede-bessar-esed-ve-kardesi-mahir-hakkinda-giyabi-yargilama-basladi\\\/#primaryimage\"},\"thumbnailUrl\":\"https:\\\/\\\/haberverkibris.com\\\/wp-content\\\/uploads\\\/2026\\\/04\\\/sy-court-a-2456473.jpg\",\"datePublished\":\"2026-04-26T11:55:22+00:00\",\"author\":{\"@id\":\"https:\\\/\\\/haberverkibris.com\\\/#\\\/schema\\\/person\\\/29d65381ed43765483b5a185ded66a56\"},\"breadcrumb\":{\"@id\":\"https:\\\/\\\/haberverkibris.com\\\/index.php\\\/2026\\\/04\\\/26\\\/suriyede-bessar-esed-ve-kardesi-mahir-hakkinda-giyabi-yargilama-basladi\\\/#breadcrumb\"},\"inLanguage\":\"tr\",\"potentialAction\":[{\"@type\":\"ReadAction\",\"target\":[\"https:\\\/\\\/haberverkibris.com\\\/index.php\\\/2026\\\/04\\\/26\\\/suriyede-bessar-esed-ve-kardesi-mahir-hakkinda-giyabi-yargilama-basladi\\\/\"]}]},{\"@type\":\"ImageObject\",\"inLanguage\":\"tr\",\"@id\":\"https:\\\/\\\/haberverkibris.com\\\/index.php\\\/2026\\\/04\\\/26\\\/suriyede-bessar-esed-ve-kardesi-mahir-hakkinda-giyabi-yargilama-basladi\\\/#primaryimage\",\"url\":\"https:\\\/\\\/haberverkibris.com\\\/wp-content\\\/uploads\\\/2026\\\/04\\\/sy-court-a-2456473.jpg\",\"contentUrl\":\"https:\\\/\\\/haberverkibris.com\\\/wp-content\\\/uploads\\\/2026\\\/04\\\/sy-court-a-2456473.jpg\",\"width\":1280,\"height\":720},{\"@type\":\"BreadcrumbList\",\"@id\":\"https:\\\/\\\/haberverkibris.com\\\/index.php\\\/2026\\\/04\\\/26\\\/suriyede-bessar-esed-ve-kardesi-mahir-hakkinda-giyabi-yargilama-basladi\\\/#breadcrumb\",\"itemListElement\":[{\"@type\":\"ListItem\",\"position\":1,\"name\":\"Anasayfa\",\"item\":\"https:\\\/\\\/haberverkibris.com\\\/\"},{\"@type\":\"ListItem\",\"position\":2,\"name\":\"Suriye\u2019de Be\u015f\u015far Esed ve karde\u015fi Mahir hakk\u0131nda g\u0131yabi yarg\u0131lama ba\u015flad\u0131\"}]},{\"@type\":\"WebSite\",\"@id\":\"https:\\\/\\\/haberverkibris.com\\\/#website\",\"url\":\"https:\\\/\\\/haberverkibris.com\\\/\",\"name\":\"Kuzeyin Sesi\",\"description\":\"Do\u011fru Haberin Adresi\",\"potentialAction\":[{\"@type\":\"SearchAction\",\"target\":{\"@type\":\"EntryPoint\",\"urlTemplate\":\"https:\\\/\\\/haberverkibris.com\\\/?s={search_term_string}\"},\"query-input\":{\"@type\":\"PropertyValueSpecification\",\"valueRequired\":true,\"valueName\":\"search_term_string\"}}],\"inLanguage\":\"tr\"},{\"@type\":\"Person\",\"@id\":\"https:\\\/\\\/haberverkibris.com\\\/#\\\/schema\\\/person\\\/29d65381ed43765483b5a185ded66a56\",\"name\":\"Haberver K\u0131br\u0131s\",\"image\":{\"@type\":\"ImageObject\",\"inLanguage\":\"tr\",\"@id\":\"https:\\\/\\\/secure.gravatar.com\\\/avatar\\\/bab33852abfd8b282518d6ed81826833d77c3c882d9ab608add591ccace47a44?s=96&d=mm&r=g\",\"url\":\"https:\\\/\\\/secure.gravatar.com\\\/avatar\\\/bab33852abfd8b282518d6ed81826833d77c3c882d9ab608add591ccace47a44?s=96&d=mm&r=g\",\"contentUrl\":\"https:\\\/\\\/secure.gravatar.com\\\/avatar\\\/bab33852abfd8b282518d6ed81826833d77c3c882d9ab608add591ccace47a44?s=96&d=mm&r=g\",\"caption\":\"Haberver K\u0131br\u0131s\"},\"sameAs\":[\"https:\\\/\\\/haberverkibris.com\"],\"url\":\"https:\\\/\\\/haberverkibris.com\\\/index.php\\\/author\\\/guven\\\/\"}]}<\/script>\n<!-- \/ Yoast SEO plugin. -->","yoast_head_json":{"title":"Suriye\u2019de Be\u015f\u015far Esed ve karde\u015fi Mahir hakk\u0131nda g\u0131yabi yarg\u0131lama ba\u015flad\u0131 - Haber Ver K\u0131br\u0131s","robots":{"index":"index","follow":"follow","max-snippet":"max-snippet:-1","max-image-preview":"max-image-preview:large","max-video-preview":"max-video-preview:-1"},"canonical":"https:\/\/haberverkibris.com\/index.php\/2026\/04\/26\/suriyede-bessar-esed-ve-kardesi-mahir-hakkinda-giyabi-yargilama-basladi\/","og_locale":"tr_TR","og_type":"article","og_title":"Suriye\u2019de Be\u015f\u015far Esed ve karde\u015fi Mahir hakk\u0131nda g\u0131yabi yarg\u0131lama ba\u015flad\u0131 - Haber Ver K\u0131br\u0131s","og_description":"&#13; \u015eam\u2019daki Adalet Saray\u0131\u2019nda bulunan D\u00f6rd\u00fcnc\u00fc Ceza Mahkemesi\u2019nde g\u00f6r\u00fclen duru\u015fmada, \u00fcst d\u00fczey askeri ve g\u00fcvenlik yetkililerinin isimleri de yer ald\u0131. &#13; Duru\u015fmada, Be\u015f\u015far Esed ve Mahir Esed&#8217;in yan\u0131 s\u0131ra Muhammed Eymen Ayyu\u015f, eski Savunma Bakan\u0131 Fahdi Casem el-Freyic, Dera askeri istihbarat ba\u015fkan\u0131 Luay al-Ali, Dera istihbarat \u015fubesi ba\u015fkan\u0131 Fevik Nas\u0131r ile komutan Talal H\u00fcseyin\u2019in isimlerinin [&hellip;]","og_url":"https:\/\/haberverkibris.com\/index.php\/2026\/04\/26\/suriyede-bessar-esed-ve-kardesi-mahir-hakkinda-giyabi-yargilama-basladi\/","og_site_name":"Haber Ver K\u0131br\u0131s","article_publisher":"https:\/\/www.facebook.com\/kuzeyinsesii","article_published_time":"2026-04-26T11:55:22+00:00","og_image":[{"url":"https:\/\/trthaberstatic.cdn.wp.trt.com.tr\/resimler\/2456000\/sy-court-a-2456473.jpg","type":"","width":"","height":""}],"author":"Haberver K\u0131br\u0131s","twitter_card":"summary_large_image","twitter_creator":"@kuzeyinsesii","twitter_site":"@kuzeyinsesii","twitter_misc":{"Yazan:":"Haberver K\u0131br\u0131s","Tahmini okuma s\u00fcresi":"1 dakika"},"schema":{"@context":"https:\/\/schema.org","@graph":[{"@type":"Article","@id":"https:\/\/haberverkibris.com\/index.php\/2026\/04\/26\/suriyede-bessar-esed-ve-kardesi-mahir-hakkinda-giyabi-yargilama-basladi\/#article","isPartOf":{"@id":"https:\/\/haberverkibris.com\/index.php\/2026\/04\/26\/suriyede-bessar-esed-ve-kardesi-mahir-hakkinda-giyabi-yargilama-basladi\/"},"author":{"name":"Haberver K\u0131br\u0131s","@id":"https:\/\/haberverkibris.com\/#\/schema\/person\/29d65381ed43765483b5a185ded66a56"},"headline":"Suriye\u2019de Be\u015f\u015far Esed ve karde\u015fi Mahir hakk\u0131nda g\u0131yabi yarg\u0131lama ba\u015flad\u0131","datePublished":"2026-04-26T11:55:22+00:00","mainEntityOfPage":{"@id":"https:\/\/haberverkibris.com\/index.php\/2026\/04\/26\/suriyede-bessar-esed-ve-kardesi-mahir-hakkinda-giyabi-yargilama-basladi\/"},"wordCount":154,"commentCount":0,"image":{"@id":"https:\/\/haberverkibris.com\/index.php\/2026\/04\/26\/suriyede-bessar-esed-ve-kardesi-mahir-hakkinda-giyabi-yargilama-basladi\/#primaryimage"},"thumbnailUrl":"https:\/\/haberverkibris.com\/wp-content\/uploads\/2026\/04\/sy-court-a-2456473.jpg","articleSection":["D\u00fcnya"],"inLanguage":"tr","potentialAction":[{"@type":"CommentAction","name":"Comment","target":["https:\/\/haberverkibris.com\/index.php\/2026\/04\/26\/suriyede-bessar-esed-ve-kardesi-mahir-hakkinda-giyabi-yargilama-basladi\/#respond"]}]},{"@type":"WebPage","@id":"https:\/\/haberverkibris.com\/index.php\/2026\/04\/26\/suriyede-bessar-esed-ve-kardesi-mahir-hakkinda-giyabi-yargilama-basladi\/","url":"https:\/\/haberverkibris.com\/index.php\/2026\/04\/26\/suriyede-bessar-esed-ve-kardesi-mahir-hakkinda-giyabi-yargilama-basladi\/","name":"Suriye\u2019de Be\u015f\u015far Esed ve karde\u015fi Mahir hakk\u0131nda g\u0131yabi yarg\u0131lama ba\u015flad\u0131 - Haber Ver K\u0131br\u0131s","isPartOf":{"@id":"https:\/\/haberverkibris.com\/#website"},"primaryImageOfPage":{"@id":"https:\/\/haberverkibris.com\/index.php\/2026\/04\/26\/suriyede-bessar-esed-ve-kardesi-mahir-hakkinda-giyabi-yargilama-basladi\/#primaryimage"},"image":{"@id":"https:\/\/haberverkibris.com\/index.php\/2026\/04\/26\/suriyede-bessar-esed-ve-kardesi-mahir-hakkinda-giyabi-yargilama-basladi\/#primaryimage"},"thumbnailUrl":"https:\/\/haberverkibris.com\/wp-content\/uploads\/2026\/04\/sy-court-a-2456473.jpg","datePublished":"2026-04-26T11:55:22+00:00","author":{"@id":"https:\/\/haberverkibris.com\/#\/schema\/person\/29d65381ed43765483b5a185ded66a56"},"breadcrumb":{"@id":"https:\/\/haberverkibris.com\/index.php\/2026\/04\/26\/suriyede-bessar-esed-ve-kardesi-mahir-hakkinda-giyabi-yargilama-basladi\/#breadcrumb"},"inLanguage":"tr","potentialAction":[{"@type":"ReadAction","target":["https:\/\/haberverkibris.com\/index.php\/2026\/04\/26\/suriyede-bessar-esed-ve-kardesi-mahir-hakkinda-giyabi-yargilama-basladi\/"]}]},{"@type":"ImageObject","inLanguage":"tr","@id":"https:\/\/haberverkibris.com\/index.php\/2026\/04\/26\/suriyede-bessar-esed-ve-kardesi-mahir-hakkinda-giyabi-yargilama-basladi\/#primaryimage","url":"https:\/\/haberverkibris.com\/wp-content\/uploads\/2026\/04\/sy-court-a-2456473.jpg","contentUrl":"https:\/\/haberverkibris.com\/wp-content\/uploads\/2026\/04\/sy-court-a-2456473.jpg","width":1280,"height":720},{"@type":"BreadcrumbList","@id":"https:\/\/haberverkibris.com\/index.php\/2026\/04\/26\/suriyede-bessar-esed-ve-kardesi-mahir-hakkinda-giyabi-yargilama-basladi\/#breadcrumb","itemListElement":[{"@type":"ListItem","position":1,"name":"Anasayfa","item":"https:\/\/haberverkibris.com\/"},{"@type":"ListItem","position":2,"name":"Suriye\u2019de Be\u015f\u015far Esed ve karde\u015fi Mahir hakk\u0131nda g\u0131yabi yarg\u0131lama ba\u015flad\u0131"}]},{"@type":"WebSite","@id":"https:\/\/haberverkibris.com\/#website","url":"https:\/\/haberverkibris.com\/","name":"Kuzeyin Sesi","description":"Do\u011fru Haberin Adresi","potentialAction":[{"@type":"SearchAction","target":{"@type":"EntryPoint","urlTemplate":"https:\/\/haberverkibris.com\/?s={search_term_string}"},"query-input":{"@type":"PropertyValueSpecification","valueRequired":true,"valueName":"search_term_string"}}],"inLanguage":"tr"},{"@type":"Person","@id":"https:\/\/haberverkibris.com\/#\/schema\/person\/29d65381ed43765483b5a185ded66a56","name":"Haberver K\u0131br\u0131s","image":{"@type":"ImageObject","inLanguage":"tr","@id":"https:\/\/secure.gravatar.com\/avatar\/bab33852abfd8b282518d6ed81826833d77c3c882d9ab608add591ccace47a44?s=96&d=mm&r=g","url":"https:\/\/secure.gravatar.com\/avatar\/bab33852abfd8b282518d6ed81826833d77c3c882d9ab608add591ccace47a44?s=96&d=mm&r=g","contentUrl":"https:\/\/secure.gravatar.com\/avatar\/bab33852abfd8b282518d6ed81826833d77c3c882d9ab608add591ccace47a44?s=96&d=mm&r=g","caption":"Haberver K\u0131br\u0131s"},"sameAs":["https:\/\/haberverkibris.com"],"url":"https:\/\/haberverkibris.com\/index.php\/author\/guven\/"}]}},"_links":{"self":[{"href":"https:\/\/haberverkibris.com\/index.php\/wp-json\/wp\/v2\/posts\/34061","targetHints":{"allow":["GET"]}}],"collection":[{"href":"https:\/\/haberverkibris.com\/index.php\/wp-json\/wp\/v2\/posts"}],"about":[{"href":"https:\/\/haberverkibris.com\/index.php\/wp-json\/wp\/v2\/types\/post"}],"author":[{"embeddable":true,"href":"https:\/\/haberverkibris.com\/index.php\/wp-json\/wp\/v2\/users\/1"}],"replies":[{"embeddable":true,"href":"https:\/\/haberverkibris.com\/index.php\/wp-json\/wp\/v2\/comments?post=34061"}],"version-history":[{"count":0,"href":"https:\/\/haberverkibris.com\/index.php\/wp-json\/wp\/v2\/posts\/34061\/revisions"}],"wp:featuredmedia":[{"embeddable":true,"href":"https:\/\/haberverkibris.com\/index.php\/wp-json\/wp\/v2\/media\/34062"}],"wp:attachment":[{"href":"https:\/\/haberverkibris.com\/index.php\/wp-json\/wp\/v2\/media?parent=34061"}],"wp:term":[{"taxonomy":"category","embeddable":true,"href":"https:\/\/haberverkibris.com\/index.php\/wp-json\/wp\/v2\/categories?post=34061"},{"taxonomy":"post_tag","embeddable":true,"href":"https:\/\/haberverkibris.com\/index.php\/wp-json\/wp\/v2\/tags?post=34061"}],"curies":[{"name":"wp","href":"https:\/\/api.w.org\/{rel}","templated":true}]}}