{"id":3214,"date":"2024-05-23T14:28:11","date_gmt":"2024-05-23T11:28:11","guid":{"rendered":"https:\/\/kuzeyinsesi.com\/index.php\/2024\/05\/23\/hayvan-ureticileri-ve-yetistiricileri-birliginin-eylemi-dorduncu-gunune-girdi\/"},"modified":"2024-05-23T14:28:11","modified_gmt":"2024-05-23T11:28:11","slug":"hayvan-ureticileri-ve-yetistiricileri-birliginin-eylemi-dorduncu-gunune-girdi","status":"publish","type":"post","link":"https:\/\/haberverkibris.com\/index.php\/2024\/05\/23\/hayvan-ureticileri-ve-yetistiricileri-birliginin-eylemi-dorduncu-gunune-girdi\/","title":{"rendered":"Hayvan \u00dcreticileri ve Yeti\u015ftiricileri Birli\u011fi\u2019nin eylemi d\u00f6rd\u00fcnc\u00fc g\u00fcn\u00fcne girdi"},"content":{"rendered":"<div>\n<div class=\"mariselle-image-container center\">\n                                            <\/div>\n<p>Hayvan \u00dcreticileri ve Yeti\u015ftiricileri Birli\u011fi\u2019nin eylemi d\u00f6rd\u00fcnc\u00fc g\u00fcn\u00fcne girdi.<br \/>Birlik Ba\u015fkan\u0131 Mustafa Naimo\u011fullar\u0131 eylem s\u0131ras\u0131nda yapt\u0131\u011f\u0131 a\u00e7\u0131klamada, Ba\u015fbakan\u2019\u0131n diyalog ba\u015flat\u0131lmas\u0131 i\u00e7in eylemin sonland\u0131r\u0131lmas\u0131 \u00f6n \u015fart\u0131 koydu\u011funu ifade ederek, bunun olmayaca\u011f\u0131n\u0131 s\u00f6yledi.<\/p>\n<p>Naimo\u011fullar\u0131, \u201cBir\u00e7ok \u00f6rg\u00fctle beraber Kasaplar ve \u00c7ift\u00e7iler Birli\u011fi\u2019nin deste\u011fi ile de genel eyleme do\u011fru gidiyoruz sesimizi duyurmaya ve tepkimizi koymaya devam edece\u011fiz. \u015eu an ge\u00e7im derdindeyiz ve duyars\u0131z kalan h\u00fck\u00fcmetin duyars\u0131zl\u0131\u011f\u0131n\u0131 ortaya koyuyoruz\u201d ifadelerini kulland\u0131.<\/p>\n<p>Hayvan \u00dcreticileri ve Yeti\u015ftiricileri Birli\u011fi d\u00fcn Kasaplar Birli\u011fi, \u00c7ift\u00e7iler Birli\u011fi, T\u00dcRK-SEN, EL-SEN, H\u00dcR-\u0130\u015e, KOOP-SEN, KTAMS, BES, KT\u00d6S ve DEV-\u0130\u015e ile bir araya gelmi\u015f ve et ithali karar\u0131n\u0131n yar\u0131n mesai bitimine kadar geri \u00e7ekilmemesi haline Pazartesi genel grev yapma karar\u0131 al\u0131nd\u0131\u011f\u0131 duyurulmu\u015ftu.<\/p>\n<\/p><\/div>\n<p><script async\n                    defer\n                    crossorigin=\"anonymous\"\n                    src=\"https:\/\/connect.facebook.net\/tr_TR\/sdk.js#xfbml=1&#038;version=v3.3\"\n            ><\/script><\/p>\n","protected":false},"excerpt":{"rendered":"<p>Hayvan \u00dcreticileri ve Yeti\u015ftiricileri Birli\u011fi\u2019nin eylemi d\u00f6rd\u00fcnc\u00fc g\u00fcn\u00fcne girdi.Birlik Ba\u015fkan\u0131 Mustafa Naimo\u011fullar\u0131 eylem s\u0131ras\u0131nda yapt\u0131\u011f\u0131 a\u00e7\u0131klamada, Ba\u015fbakan\u2019\u0131n diyalog ba\u015flat\u0131lmas\u0131 i\u00e7in eylemin sonland\u0131r\u0131lmas\u0131 \u00f6n \u015fart\u0131 koydu\u011funu ifade ederek, bunun olmayaca\u011f\u0131n\u0131 s\u00f6yledi. Naimo\u011fullar\u0131, \u201cBir\u00e7ok \u00f6rg\u00fctle beraber Kasaplar ve \u00c7ift\u00e7iler Birli\u011fi\u2019nin deste\u011fi ile de genel eyleme do\u011fru gidiyoruz sesimizi duyurmaya ve tepkimizi koymaya devam edece\u011fiz. \u015eu an ge\u00e7im [&hellip;]<\/p>\n","protected":false},"author":1,"featured_media":3215,"comment_status":"open","ping_status":"open","sticky":false,"template":"","format":"standard","meta":{"jnews-multi-image_gallery":[],"jnews_single_post":[],"jnews_primary_category":[],"jnews_social_meta":[],"jnews_override_counter":[],"footnotes":""},"categories":[1],"tags":[],"class_list":["post-3214","post","type-post","status-publish","format-standard","has-post-thumbnail","hentry","category-kibris"],"yoast_head":"<!-- This site is optimized with the Yoast SEO plugin v27.4 - https:\/\/yoast.com\/product\/yoast-seo-wordpress\/ -->\n<title>Hayvan \u00dcreticileri ve Yeti\u015ftiricileri Birli\u011fi\u2019nin eylemi d\u00f6rd\u00fcnc\u00fc g\u00fcn\u00fcne girdi - Haber Ver K\u0131br\u0131s<\/title>\n<meta name=\"robots\" content=\"index, follow, max-snippet:-1, max-image-preview:large, max-video-preview:-1\" \/>\n<link rel=\"canonical\" href=\"https:\/\/haberverkibris.com\/index.php\/2024\/05\/23\/hayvan-ureticileri-ve-yetistiricileri-birliginin-eylemi-dorduncu-gunune-girdi\/\" \/>\n<meta property=\"og:locale\" content=\"tr_TR\" \/>\n<meta property=\"og:type\" content=\"article\" \/>\n<meta property=\"og:title\" content=\"Hayvan \u00dcreticileri ve Yeti\u015ftiricileri Birli\u011fi\u2019nin eylemi d\u00f6rd\u00fcnc\u00fc g\u00fcn\u00fcne girdi - Haber Ver K\u0131br\u0131s\" \/>\n<meta property=\"og:description\" content=\"Hayvan \u00dcreticileri ve Yeti\u015ftiricileri Birli\u011fi\u2019nin eylemi d\u00f6rd\u00fcnc\u00fc g\u00fcn\u00fcne girdi.Birlik Ba\u015fkan\u0131 Mustafa Naimo\u011fullar\u0131 eylem s\u0131ras\u0131nda yapt\u0131\u011f\u0131 a\u00e7\u0131klamada, Ba\u015fbakan\u2019\u0131n diyalog ba\u015flat\u0131lmas\u0131 i\u00e7in eylemin sonland\u0131r\u0131lmas\u0131 \u00f6n \u015fart\u0131 koydu\u011funu ifade ederek, bunun olmayaca\u011f\u0131n\u0131 s\u00f6yledi. Naimo\u011fullar\u0131, \u201cBir\u00e7ok \u00f6rg\u00fctle beraber Kasaplar ve \u00c7ift\u00e7iler Birli\u011fi\u2019nin deste\u011fi ile de genel eyleme do\u011fru gidiyoruz sesimizi duyurmaya ve tepkimizi koymaya devam edece\u011fiz. \u015eu an ge\u00e7im [&hellip;]\" \/>\n<meta property=\"og:url\" content=\"https:\/\/haberverkibris.com\/index.php\/2024\/05\/23\/hayvan-ureticileri-ve-yetistiricileri-birliginin-eylemi-dorduncu-gunune-girdi\/\" \/>\n<meta property=\"og:site_name\" content=\"Haber Ver K\u0131br\u0131s\" \/>\n<meta property=\"article:publisher\" content=\"https:\/\/www.facebook.com\/kuzeyinsesii\" \/>\n<meta property=\"article:published_time\" content=\"2024-05-23T11:28:11+00:00\" \/>\n<meta property=\"og:image\" content=\"https:\/\/haberverkibris.com\/wp-content\/uploads\/2024\/05\/1716463693_hayvancilar-eylem-4-1-.jpeg\" \/>\n\t<meta property=\"og:image:width\" content=\"2048\" \/>\n\t<meta property=\"og:image:height\" content=\"1536\" \/>\n\t<meta property=\"og:image:type\" content=\"image\/jpeg\" \/>\n<meta name=\"author\" content=\"Haberver K\u0131br\u0131s\" \/>\n<meta name=\"twitter:card\" content=\"summary_large_image\" \/>\n<meta name=\"twitter:creator\" content=\"@kuzeyinsesii\" \/>\n<meta name=\"twitter:site\" content=\"@kuzeyinsesii\" \/>\n<meta name=\"twitter:label1\" content=\"Yazan:\" \/>\n\t<meta name=\"twitter:data1\" content=\"Haberver K\u0131br\u0131s\" \/>\n\t<meta name=\"twitter:label2\" content=\"Tahmini okuma s\u00fcresi\" \/>\n\t<meta name=\"twitter:data2\" content=\"1 dakika\" \/>\n<script type=\"application\/ld+json\" class=\"yoast-schema-graph\">{\"@context\":\"https:\\\/\\\/schema.org\",\"@graph\":[{\"@type\":\"Article\",\"@id\":\"https:\\\/\\\/haberverkibris.com\\\/index.php\\\/2024\\\/05\\\/23\\\/hayvan-ureticileri-ve-yetistiricileri-birliginin-eylemi-dorduncu-gunune-girdi\\\/#article\",\"isPartOf\":{\"@id\":\"https:\\\/\\\/haberverkibris.com\\\/index.php\\\/2024\\\/05\\\/23\\\/hayvan-ureticileri-ve-yetistiricileri-birliginin-eylemi-dorduncu-gunune-girdi\\\/\"},\"author\":{\"name\":\"Haberver K\u0131br\u0131s\",\"@id\":\"https:\\\/\\\/haberverkibris.com\\\/#\\\/schema\\\/person\\\/29d65381ed43765483b5a185ded66a56\"},\"headline\":\"Hayvan \u00dcreticileri ve Yeti\u015ftiricileri Birli\u011fi\u2019nin eylemi d\u00f6rd\u00fcnc\u00fc g\u00fcn\u00fcne girdi\",\"datePublished\":\"2024-05-23T11:28:11+00:00\",\"mainEntityOfPage\":{\"@id\":\"https:\\\/\\\/haberverkibris.com\\\/index.php\\\/2024\\\/05\\\/23\\\/hayvan-ureticileri-ve-yetistiricileri-birliginin-eylemi-dorduncu-gunune-girdi\\\/\"},\"wordCount\":174,\"commentCount\":0,\"image\":{\"@id\":\"https:\\\/\\\/haberverkibris.com\\\/index.php\\\/2024\\\/05\\\/23\\\/hayvan-ureticileri-ve-yetistiricileri-birliginin-eylemi-dorduncu-gunune-girdi\\\/#primaryimage\"},\"thumbnailUrl\":\"https:\\\/\\\/haberverkibris.com\\\/wp-content\\\/uploads\\\/2024\\\/05\\\/1716463693_hayvancilar-eylem-4-1-.jpeg\",\"articleSection\":[\"K\u0131br\u0131s\"],\"inLanguage\":\"tr\",\"potentialAction\":[{\"@type\":\"CommentAction\",\"name\":\"Comment\",\"target\":[\"https:\\\/\\\/haberverkibris.com\\\/index.php\\\/2024\\\/05\\\/23\\\/hayvan-ureticileri-ve-yetistiricileri-birliginin-eylemi-dorduncu-gunune-girdi\\\/#respond\"]}]},{\"@type\":\"WebPage\",\"@id\":\"https:\\\/\\\/haberverkibris.com\\\/index.php\\\/2024\\\/05\\\/23\\\/hayvan-ureticileri-ve-yetistiricileri-birliginin-eylemi-dorduncu-gunune-girdi\\\/\",\"url\":\"https:\\\/\\\/haberverkibris.com\\\/index.php\\\/2024\\\/05\\\/23\\\/hayvan-ureticileri-ve-yetistiricileri-birliginin-eylemi-dorduncu-gunune-girdi\\\/\",\"name\":\"Hayvan \u00dcreticileri ve Yeti\u015ftiricileri Birli\u011fi\u2019nin eylemi d\u00f6rd\u00fcnc\u00fc g\u00fcn\u00fcne girdi - Haber Ver K\u0131br\u0131s\",\"isPartOf\":{\"@id\":\"https:\\\/\\\/haberverkibris.com\\\/#website\"},\"primaryImageOfPage\":{\"@id\":\"https:\\\/\\\/haberverkibris.com\\\/index.php\\\/2024\\\/05\\\/23\\\/hayvan-ureticileri-ve-yetistiricileri-birliginin-eylemi-dorduncu-gunune-girdi\\\/#primaryimage\"},\"image\":{\"@id\":\"https:\\\/\\\/haberverkibris.com\\\/index.php\\\/2024\\\/05\\\/23\\\/hayvan-ureticileri-ve-yetistiricileri-birliginin-eylemi-dorduncu-gunune-girdi\\\/#primaryimage\"},\"thumbnailUrl\":\"https:\\\/\\\/haberverkibris.com\\\/wp-content\\\/uploads\\\/2024\\\/05\\\/1716463693_hayvancilar-eylem-4-1-.jpeg\",\"datePublished\":\"2024-05-23T11:28:11+00:00\",\"author\":{\"@id\":\"https:\\\/\\\/haberverkibris.com\\\/#\\\/schema\\\/person\\\/29d65381ed43765483b5a185ded66a56\"},\"breadcrumb\":{\"@id\":\"https:\\\/\\\/haberverkibris.com\\\/index.php\\\/2024\\\/05\\\/23\\\/hayvan-ureticileri-ve-yetistiricileri-birliginin-eylemi-dorduncu-gunune-girdi\\\/#breadcrumb\"},\"inLanguage\":\"tr\",\"potentialAction\":[{\"@type\":\"ReadAction\",\"target\":[\"https:\\\/\\\/haberverkibris.com\\\/index.php\\\/2024\\\/05\\\/23\\\/hayvan-ureticileri-ve-yetistiricileri-birliginin-eylemi-dorduncu-gunune-girdi\\\/\"]}]},{\"@type\":\"ImageObject\",\"inLanguage\":\"tr\",\"@id\":\"https:\\\/\\\/haberverkibris.com\\\/index.php\\\/2024\\\/05\\\/23\\\/hayvan-ureticileri-ve-yetistiricileri-birliginin-eylemi-dorduncu-gunune-girdi\\\/#primaryimage\",\"url\":\"https:\\\/\\\/haberverkibris.com\\\/wp-content\\\/uploads\\\/2024\\\/05\\\/1716463693_hayvancilar-eylem-4-1-.jpeg\",\"contentUrl\":\"https:\\\/\\\/haberverkibris.com\\\/wp-content\\\/uploads\\\/2024\\\/05\\\/1716463693_hayvancilar-eylem-4-1-.jpeg\",\"width\":2048,\"height\":1536},{\"@type\":\"BreadcrumbList\",\"@id\":\"https:\\\/\\\/haberverkibris.com\\\/index.php\\\/2024\\\/05\\\/23\\\/hayvan-ureticileri-ve-yetistiricileri-birliginin-eylemi-dorduncu-gunune-girdi\\\/#breadcrumb\",\"itemListElement\":[{\"@type\":\"ListItem\",\"position\":1,\"name\":\"Anasayfa\",\"item\":\"https:\\\/\\\/haberverkibris.com\\\/\"},{\"@type\":\"ListItem\",\"position\":2,\"name\":\"Hayvan \u00dcreticileri ve Yeti\u015ftiricileri Birli\u011fi\u2019nin eylemi d\u00f6rd\u00fcnc\u00fc g\u00fcn\u00fcne girdi\"}]},{\"@type\":\"WebSite\",\"@id\":\"https:\\\/\\\/haberverkibris.com\\\/#website\",\"url\":\"https:\\\/\\\/haberverkibris.com\\\/\",\"name\":\"Kuzeyin Sesi\",\"description\":\"Do\u011fru Haberin Adresi\",\"potentialAction\":[{\"@type\":\"SearchAction\",\"target\":{\"@type\":\"EntryPoint\",\"urlTemplate\":\"https:\\\/\\\/haberverkibris.com\\\/?s={search_term_string}\"},\"query-input\":{\"@type\":\"PropertyValueSpecification\",\"valueRequired\":true,\"valueName\":\"search_term_string\"}}],\"inLanguage\":\"tr\"},{\"@type\":\"Person\",\"@id\":\"https:\\\/\\\/haberverkibris.com\\\/#\\\/schema\\\/person\\\/29d65381ed43765483b5a185ded66a56\",\"name\":\"Haberver K\u0131br\u0131s\",\"image\":{\"@type\":\"ImageObject\",\"inLanguage\":\"tr\",\"@id\":\"https:\\\/\\\/secure.gravatar.com\\\/avatar\\\/bab33852abfd8b282518d6ed81826833d77c3c882d9ab608add591ccace47a44?s=96&d=mm&r=g\",\"url\":\"https:\\\/\\\/secure.gravatar.com\\\/avatar\\\/bab33852abfd8b282518d6ed81826833d77c3c882d9ab608add591ccace47a44?s=96&d=mm&r=g\",\"contentUrl\":\"https:\\\/\\\/secure.gravatar.com\\\/avatar\\\/bab33852abfd8b282518d6ed81826833d77c3c882d9ab608add591ccace47a44?s=96&d=mm&r=g\",\"caption\":\"Haberver K\u0131br\u0131s\"},\"sameAs\":[\"https:\\\/\\\/haberverkibris.com\"],\"url\":\"https:\\\/\\\/haberverkibris.com\\\/index.php\\\/author\\\/guven\\\/\"}]}<\/script>\n<!-- \/ Yoast SEO plugin. -->","yoast_head_json":{"title":"Hayvan \u00dcreticileri ve Yeti\u015ftiricileri Birli\u011fi\u2019nin eylemi d\u00f6rd\u00fcnc\u00fc g\u00fcn\u00fcne girdi - Haber Ver K\u0131br\u0131s","robots":{"index":"index","follow":"follow","max-snippet":"max-snippet:-1","max-image-preview":"max-image-preview:large","max-video-preview":"max-video-preview:-1"},"canonical":"https:\/\/haberverkibris.com\/index.php\/2024\/05\/23\/hayvan-ureticileri-ve-yetistiricileri-birliginin-eylemi-dorduncu-gunune-girdi\/","og_locale":"tr_TR","og_type":"article","og_title":"Hayvan \u00dcreticileri ve Yeti\u015ftiricileri Birli\u011fi\u2019nin eylemi d\u00f6rd\u00fcnc\u00fc g\u00fcn\u00fcne girdi - Haber Ver K\u0131br\u0131s","og_description":"Hayvan \u00dcreticileri ve Yeti\u015ftiricileri Birli\u011fi\u2019nin eylemi d\u00f6rd\u00fcnc\u00fc g\u00fcn\u00fcne girdi.Birlik Ba\u015fkan\u0131 Mustafa Naimo\u011fullar\u0131 eylem s\u0131ras\u0131nda yapt\u0131\u011f\u0131 a\u00e7\u0131klamada, Ba\u015fbakan\u2019\u0131n diyalog ba\u015flat\u0131lmas\u0131 i\u00e7in eylemin sonland\u0131r\u0131lmas\u0131 \u00f6n \u015fart\u0131 koydu\u011funu ifade ederek, bunun olmayaca\u011f\u0131n\u0131 s\u00f6yledi. Naimo\u011fullar\u0131, \u201cBir\u00e7ok \u00f6rg\u00fctle beraber Kasaplar ve \u00c7ift\u00e7iler Birli\u011fi\u2019nin deste\u011fi ile de genel eyleme do\u011fru gidiyoruz sesimizi duyurmaya ve tepkimizi koymaya devam edece\u011fiz. \u015eu an ge\u00e7im [&hellip;]","og_url":"https:\/\/haberverkibris.com\/index.php\/2024\/05\/23\/hayvan-ureticileri-ve-yetistiricileri-birliginin-eylemi-dorduncu-gunune-girdi\/","og_site_name":"Haber Ver K\u0131br\u0131s","article_publisher":"https:\/\/www.facebook.com\/kuzeyinsesii","article_published_time":"2024-05-23T11:28:11+00:00","og_image":[{"width":2048,"height":1536,"url":"https:\/\/haberverkibris.com\/wp-content\/uploads\/2024\/05\/1716463693_hayvancilar-eylem-4-1-.jpeg","type":"image\/jpeg"}],"author":"Haberver K\u0131br\u0131s","twitter_card":"summary_large_image","twitter_creator":"@kuzeyinsesii","twitter_site":"@kuzeyinsesii","twitter_misc":{"Yazan:":"Haberver K\u0131br\u0131s","Tahmini okuma s\u00fcresi":"1 dakika"},"schema":{"@context":"https:\/\/schema.org","@graph":[{"@type":"Article","@id":"https:\/\/haberverkibris.com\/index.php\/2024\/05\/23\/hayvan-ureticileri-ve-yetistiricileri-birliginin-eylemi-dorduncu-gunune-girdi\/#article","isPartOf":{"@id":"https:\/\/haberverkibris.com\/index.php\/2024\/05\/23\/hayvan-ureticileri-ve-yetistiricileri-birliginin-eylemi-dorduncu-gunune-girdi\/"},"author":{"name":"Haberver K\u0131br\u0131s","@id":"https:\/\/haberverkibris.com\/#\/schema\/person\/29d65381ed43765483b5a185ded66a56"},"headline":"Hayvan \u00dcreticileri ve Yeti\u015ftiricileri Birli\u011fi\u2019nin eylemi d\u00f6rd\u00fcnc\u00fc g\u00fcn\u00fcne girdi","datePublished":"2024-05-23T11:28:11+00:00","mainEntityOfPage":{"@id":"https:\/\/haberverkibris.com\/index.php\/2024\/05\/23\/hayvan-ureticileri-ve-yetistiricileri-birliginin-eylemi-dorduncu-gunune-girdi\/"},"wordCount":174,"commentCount":0,"image":{"@id":"https:\/\/haberverkibris.com\/index.php\/2024\/05\/23\/hayvan-ureticileri-ve-yetistiricileri-birliginin-eylemi-dorduncu-gunune-girdi\/#primaryimage"},"thumbnailUrl":"https:\/\/haberverkibris.com\/wp-content\/uploads\/2024\/05\/1716463693_hayvancilar-eylem-4-1-.jpeg","articleSection":["K\u0131br\u0131s"],"inLanguage":"tr","potentialAction":[{"@type":"CommentAction","name":"Comment","target":["https:\/\/haberverkibris.com\/index.php\/2024\/05\/23\/hayvan-ureticileri-ve-yetistiricileri-birliginin-eylemi-dorduncu-gunune-girdi\/#respond"]}]},{"@type":"WebPage","@id":"https:\/\/haberverkibris.com\/index.php\/2024\/05\/23\/hayvan-ureticileri-ve-yetistiricileri-birliginin-eylemi-dorduncu-gunune-girdi\/","url":"https:\/\/haberverkibris.com\/index.php\/2024\/05\/23\/hayvan-ureticileri-ve-yetistiricileri-birliginin-eylemi-dorduncu-gunune-girdi\/","name":"Hayvan \u00dcreticileri ve Yeti\u015ftiricileri Birli\u011fi\u2019nin eylemi d\u00f6rd\u00fcnc\u00fc g\u00fcn\u00fcne girdi - Haber Ver K\u0131br\u0131s","isPartOf":{"@id":"https:\/\/haberverkibris.com\/#website"},"primaryImageOfPage":{"@id":"https:\/\/haberverkibris.com\/index.php\/2024\/05\/23\/hayvan-ureticileri-ve-yetistiricileri-birliginin-eylemi-dorduncu-gunune-girdi\/#primaryimage"},"image":{"@id":"https:\/\/haberverkibris.com\/index.php\/2024\/05\/23\/hayvan-ureticileri-ve-yetistiricileri-birliginin-eylemi-dorduncu-gunune-girdi\/#primaryimage"},"thumbnailUrl":"https:\/\/haberverkibris.com\/wp-content\/uploads\/2024\/05\/1716463693_hayvancilar-eylem-4-1-.jpeg","datePublished":"2024-05-23T11:28:11+00:00","author":{"@id":"https:\/\/haberverkibris.com\/#\/schema\/person\/29d65381ed43765483b5a185ded66a56"},"breadcrumb":{"@id":"https:\/\/haberverkibris.com\/index.php\/2024\/05\/23\/hayvan-ureticileri-ve-yetistiricileri-birliginin-eylemi-dorduncu-gunune-girdi\/#breadcrumb"},"inLanguage":"tr","potentialAction":[{"@type":"ReadAction","target":["https:\/\/haberverkibris.com\/index.php\/2024\/05\/23\/hayvan-ureticileri-ve-yetistiricileri-birliginin-eylemi-dorduncu-gunune-girdi\/"]}]},{"@type":"ImageObject","inLanguage":"tr","@id":"https:\/\/haberverkibris.com\/index.php\/2024\/05\/23\/hayvan-ureticileri-ve-yetistiricileri-birliginin-eylemi-dorduncu-gunune-girdi\/#primaryimage","url":"https:\/\/haberverkibris.com\/wp-content\/uploads\/2024\/05\/1716463693_hayvancilar-eylem-4-1-.jpeg","contentUrl":"https:\/\/haberverkibris.com\/wp-content\/uploads\/2024\/05\/1716463693_hayvancilar-eylem-4-1-.jpeg","width":2048,"height":1536},{"@type":"BreadcrumbList","@id":"https:\/\/haberverkibris.com\/index.php\/2024\/05\/23\/hayvan-ureticileri-ve-yetistiricileri-birliginin-eylemi-dorduncu-gunune-girdi\/#breadcrumb","itemListElement":[{"@type":"ListItem","position":1,"name":"Anasayfa","item":"https:\/\/haberverkibris.com\/"},{"@type":"ListItem","position":2,"name":"Hayvan \u00dcreticileri ve Yeti\u015ftiricileri Birli\u011fi\u2019nin eylemi d\u00f6rd\u00fcnc\u00fc g\u00fcn\u00fcne girdi"}]},{"@type":"WebSite","@id":"https:\/\/haberverkibris.com\/#website","url":"https:\/\/haberverkibris.com\/","name":"Kuzeyin Sesi","description":"Do\u011fru Haberin Adresi","potentialAction":[{"@type":"SearchAction","target":{"@type":"EntryPoint","urlTemplate":"https:\/\/haberverkibris.com\/?s={search_term_string}"},"query-input":{"@type":"PropertyValueSpecification","valueRequired":true,"valueName":"search_term_string"}}],"inLanguage":"tr"},{"@type":"Person","@id":"https:\/\/haberverkibris.com\/#\/schema\/person\/29d65381ed43765483b5a185ded66a56","name":"Haberver K\u0131br\u0131s","image":{"@type":"ImageObject","inLanguage":"tr","@id":"https:\/\/secure.gravatar.com\/avatar\/bab33852abfd8b282518d6ed81826833d77c3c882d9ab608add591ccace47a44?s=96&d=mm&r=g","url":"https:\/\/secure.gravatar.com\/avatar\/bab33852abfd8b282518d6ed81826833d77c3c882d9ab608add591ccace47a44?s=96&d=mm&r=g","contentUrl":"https:\/\/secure.gravatar.com\/avatar\/bab33852abfd8b282518d6ed81826833d77c3c882d9ab608add591ccace47a44?s=96&d=mm&r=g","caption":"Haberver K\u0131br\u0131s"},"sameAs":["https:\/\/haberverkibris.com"],"url":"https:\/\/haberverkibris.com\/index.php\/author\/guven\/"}]}},"_links":{"self":[{"href":"https:\/\/haberverkibris.com\/index.php\/wp-json\/wp\/v2\/posts\/3214","targetHints":{"allow":["GET"]}}],"collection":[{"href":"https:\/\/haberverkibris.com\/index.php\/wp-json\/wp\/v2\/posts"}],"about":[{"href":"https:\/\/haberverkibris.com\/index.php\/wp-json\/wp\/v2\/types\/post"}],"author":[{"embeddable":true,"href":"https:\/\/haberverkibris.com\/index.php\/wp-json\/wp\/v2\/users\/1"}],"replies":[{"embeddable":true,"href":"https:\/\/haberverkibris.com\/index.php\/wp-json\/wp\/v2\/comments?post=3214"}],"version-history":[{"count":0,"href":"https:\/\/haberverkibris.com\/index.php\/wp-json\/wp\/v2\/posts\/3214\/revisions"}],"wp:featuredmedia":[{"embeddable":true,"href":"https:\/\/haberverkibris.com\/index.php\/wp-json\/wp\/v2\/media\/3215"}],"wp:attachment":[{"href":"https:\/\/haberverkibris.com\/index.php\/wp-json\/wp\/v2\/media?parent=3214"}],"wp:term":[{"taxonomy":"category","embeddable":true,"href":"https:\/\/haberverkibris.com\/index.php\/wp-json\/wp\/v2\/categories?post=3214"},{"taxonomy":"post_tag","embeddable":true,"href":"https:\/\/haberverkibris.com\/index.php\/wp-json\/wp\/v2\/tags?post=3214"}],"curies":[{"name":"wp","href":"https:\/\/api.w.org\/{rel}","templated":true}]}}