{"id":2854,"date":"2024-05-18T11:27:06","date_gmt":"2024-05-18T08:27:06","guid":{"rendered":"https:\/\/kuzeyinsesi.com\/index.php\/2024\/05\/18\/cumhurbaskani-ersin-tatar-esi-sibel-tatar-ile-birlikte-turkiyenin-renkleri-san-resitalini-izledi\/"},"modified":"2024-05-18T11:27:06","modified_gmt":"2024-05-18T08:27:06","slug":"cumhurbaskani-ersin-tatar-esi-sibel-tatar-ile-birlikte-turkiyenin-renkleri-san-resitalini-izledi","status":"publish","type":"post","link":"https:\/\/haberverkibris.com\/index.php\/2024\/05\/18\/cumhurbaskani-ersin-tatar-esi-sibel-tatar-ile-birlikte-turkiyenin-renkleri-san-resitalini-izledi\/","title":{"rendered":"Cumhurba\u015fkan\u0131 Ersin Tatar, e\u015fi Sibel Tatar ile birlikte, \u2018T\u00fcrkiye\u2019nin Renkleri \u015ean Resitali\u2019ni izledi"},"content":{"rendered":"<div>\n<div class=\"mariselle-image-container center\">\n                                            <\/div>\n<p>Cumhurba\u015fkan\u0131 Ersin Tatar, e\u015fi Sibel Tatar ile birlikte, 26. Kuzey K\u0131br\u0131s Uluslararas\u0131 Bellapais M\u00fczik Festivali a\u00e7\u0131l\u0131\u015f gala konserinde T\u00fcrkiye\u2019nin Renkleri \u015ean Resitali\u2019ni izledi.<\/p>\n<p> Cumhurba\u015fkan\u0131 Tatar, t\u00fcm sanat\u00e7\u0131lar\u0131, konseri d\u00fczenleyenleri ve kat\u0131lanlar\u0131 kutlad\u0131.<\/p>\n<\/p><\/div>\n<p><script async\n                    defer\n                    crossorigin=\"anonymous\"\n                    src=\"https:\/\/connect.facebook.net\/tr_TR\/sdk.js#xfbml=1&#038;version=v3.3\"\n            ><\/script><\/p>\n","protected":false},"excerpt":{"rendered":"<p>Cumhurba\u015fkan\u0131 Ersin Tatar, e\u015fi Sibel Tatar ile birlikte, 26. Kuzey K\u0131br\u0131s Uluslararas\u0131 Bellapais M\u00fczik Festivali a\u00e7\u0131l\u0131\u015f gala konserinde T\u00fcrkiye\u2019nin Renkleri \u015ean Resitali\u2019ni izledi. Cumhurba\u015fkan\u0131 Tatar, t\u00fcm sanat\u00e7\u0131lar\u0131, konseri d\u00fczenleyenleri ve kat\u0131lanlar\u0131 kutlad\u0131.<\/p>\n","protected":false},"author":1,"featured_media":2855,"comment_status":"open","ping_status":"open","sticky":false,"template":"","format":"standard","meta":{"jnews-multi-image_gallery":[],"jnews_single_post":[],"jnews_primary_category":[],"jnews_social_meta":[],"jnews_override_counter":[],"footnotes":""},"categories":[6],"tags":[],"class_list":["post-2854","post","type-post","status-publish","format-standard","has-post-thumbnail","hentry","category-yasam"],"yoast_head":"<!-- This site is optimized with the Yoast SEO plugin v27.5 - https:\/\/yoast.com\/product\/yoast-seo-wordpress\/ -->\n<title>Cumhurba\u015fkan\u0131 Ersin Tatar, e\u015fi Sibel Tatar ile birlikte, \u2018T\u00fcrkiye\u2019nin Renkleri \u015ean Resitali\u2019ni izledi - Haber Ver K\u0131br\u0131s<\/title>\n<meta name=\"robots\" content=\"index, follow, max-snippet:-1, max-image-preview:large, max-video-preview:-1\" \/>\n<link rel=\"canonical\" href=\"https:\/\/haberverkibris.com\/index.php\/2024\/05\/18\/cumhurbaskani-ersin-tatar-esi-sibel-tatar-ile-birlikte-turkiyenin-renkleri-san-resitalini-izledi\/\" \/>\n<meta property=\"og:locale\" content=\"tr_TR\" \/>\n<meta property=\"og:type\" content=\"article\" \/>\n<meta property=\"og:title\" content=\"Cumhurba\u015fkan\u0131 Ersin Tatar, e\u015fi Sibel Tatar ile birlikte, \u2018T\u00fcrkiye\u2019nin Renkleri \u015ean Resitali\u2019ni izledi - Haber Ver K\u0131br\u0131s\" \/>\n<meta property=\"og:description\" content=\"Cumhurba\u015fkan\u0131 Ersin Tatar, e\u015fi Sibel Tatar ile birlikte, 26. Kuzey K\u0131br\u0131s Uluslararas\u0131 Bellapais M\u00fczik Festivali a\u00e7\u0131l\u0131\u015f gala konserinde T\u00fcrkiye\u2019nin Renkleri \u015ean Resitali\u2019ni izledi. Cumhurba\u015fkan\u0131 Tatar, t\u00fcm sanat\u00e7\u0131lar\u0131, konseri d\u00fczenleyenleri ve kat\u0131lanlar\u0131 kutlad\u0131.\" \/>\n<meta property=\"og:url\" content=\"https:\/\/haberverkibris.com\/index.php\/2024\/05\/18\/cumhurbaskani-ersin-tatar-esi-sibel-tatar-ile-birlikte-turkiyenin-renkleri-san-resitalini-izledi\/\" \/>\n<meta property=\"og:site_name\" content=\"Haber Ver K\u0131br\u0131s\" \/>\n<meta property=\"article:publisher\" content=\"https:\/\/www.facebook.com\/kuzeyinsesii\" \/>\n<meta property=\"article:published_time\" content=\"2024-05-18T08:27:06+00:00\" \/>\n<meta property=\"og:image\" content=\"https:\/\/haberverkibris.com\/wp-content\/uploads\/2024\/05\/IMG-20240517-WA0068.jpg\" \/>\n\t<meta property=\"og:image:width\" content=\"1600\" \/>\n\t<meta property=\"og:image:height\" content=\"1066\" \/>\n\t<meta property=\"og:image:type\" content=\"image\/jpeg\" \/>\n<meta name=\"author\" content=\"Haberver K\u0131br\u0131s\" \/>\n<meta name=\"twitter:card\" content=\"summary_large_image\" \/>\n<meta name=\"twitter:creator\" content=\"@kuzeyinsesii\" \/>\n<meta name=\"twitter:site\" content=\"@kuzeyinsesii\" \/>\n<meta name=\"twitter:label1\" content=\"Yazan:\" \/>\n\t<meta name=\"twitter:data1\" content=\"Haberver K\u0131br\u0131s\" \/>\n<script type=\"application\/ld+json\" class=\"yoast-schema-graph\">{\"@context\":\"https:\\\/\\\/schema.org\",\"@graph\":[{\"@type\":\"Article\",\"@id\":\"https:\\\/\\\/haberverkibris.com\\\/index.php\\\/2024\\\/05\\\/18\\\/cumhurbaskani-ersin-tatar-esi-sibel-tatar-ile-birlikte-turkiyenin-renkleri-san-resitalini-izledi\\\/#article\",\"isPartOf\":{\"@id\":\"https:\\\/\\\/haberverkibris.com\\\/index.php\\\/2024\\\/05\\\/18\\\/cumhurbaskani-ersin-tatar-esi-sibel-tatar-ile-birlikte-turkiyenin-renkleri-san-resitalini-izledi\\\/\"},\"author\":{\"name\":\"Haberver K\u0131br\u0131s\",\"@id\":\"https:\\\/\\\/haberverkibris.com\\\/#\\\/schema\\\/person\\\/29d65381ed43765483b5a185ded66a56\"},\"headline\":\"Cumhurba\u015fkan\u0131 Ersin Tatar, e\u015fi Sibel Tatar ile birlikte, \u2018T\u00fcrkiye\u2019nin Renkleri \u015ean Resitali\u2019ni izledi\",\"datePublished\":\"2024-05-18T08:27:06+00:00\",\"mainEntityOfPage\":{\"@id\":\"https:\\\/\\\/haberverkibris.com\\\/index.php\\\/2024\\\/05\\\/18\\\/cumhurbaskani-ersin-tatar-esi-sibel-tatar-ile-birlikte-turkiyenin-renkleri-san-resitalini-izledi\\\/\"},\"wordCount\":63,\"commentCount\":0,\"image\":{\"@id\":\"https:\\\/\\\/haberverkibris.com\\\/index.php\\\/2024\\\/05\\\/18\\\/cumhurbaskani-ersin-tatar-esi-sibel-tatar-ile-birlikte-turkiyenin-renkleri-san-resitalini-izledi\\\/#primaryimage\"},\"thumbnailUrl\":\"https:\\\/\\\/haberverkibris.com\\\/wp-content\\\/uploads\\\/2024\\\/05\\\/IMG-20240517-WA0068.jpg\",\"articleSection\":[\"Ya\u015fam\"],\"inLanguage\":\"tr\",\"potentialAction\":[{\"@type\":\"CommentAction\",\"name\":\"Comment\",\"target\":[\"https:\\\/\\\/haberverkibris.com\\\/index.php\\\/2024\\\/05\\\/18\\\/cumhurbaskani-ersin-tatar-esi-sibel-tatar-ile-birlikte-turkiyenin-renkleri-san-resitalini-izledi\\\/#respond\"]}]},{\"@type\":\"WebPage\",\"@id\":\"https:\\\/\\\/haberverkibris.com\\\/index.php\\\/2024\\\/05\\\/18\\\/cumhurbaskani-ersin-tatar-esi-sibel-tatar-ile-birlikte-turkiyenin-renkleri-san-resitalini-izledi\\\/\",\"url\":\"https:\\\/\\\/haberverkibris.com\\\/index.php\\\/2024\\\/05\\\/18\\\/cumhurbaskani-ersin-tatar-esi-sibel-tatar-ile-birlikte-turkiyenin-renkleri-san-resitalini-izledi\\\/\",\"name\":\"Cumhurba\u015fkan\u0131 Ersin Tatar, e\u015fi Sibel Tatar ile birlikte, \u2018T\u00fcrkiye\u2019nin Renkleri \u015ean Resitali\u2019ni izledi - Haber Ver K\u0131br\u0131s\",\"isPartOf\":{\"@id\":\"https:\\\/\\\/haberverkibris.com\\\/#website\"},\"primaryImageOfPage\":{\"@id\":\"https:\\\/\\\/haberverkibris.com\\\/index.php\\\/2024\\\/05\\\/18\\\/cumhurbaskani-ersin-tatar-esi-sibel-tatar-ile-birlikte-turkiyenin-renkleri-san-resitalini-izledi\\\/#primaryimage\"},\"image\":{\"@id\":\"https:\\\/\\\/haberverkibris.com\\\/index.php\\\/2024\\\/05\\\/18\\\/cumhurbaskani-ersin-tatar-esi-sibel-tatar-ile-birlikte-turkiyenin-renkleri-san-resitalini-izledi\\\/#primaryimage\"},\"thumbnailUrl\":\"https:\\\/\\\/haberverkibris.com\\\/wp-content\\\/uploads\\\/2024\\\/05\\\/IMG-20240517-WA0068.jpg\",\"datePublished\":\"2024-05-18T08:27:06+00:00\",\"author\":{\"@id\":\"https:\\\/\\\/haberverkibris.com\\\/#\\\/schema\\\/person\\\/29d65381ed43765483b5a185ded66a56\"},\"breadcrumb\":{\"@id\":\"https:\\\/\\\/haberverkibris.com\\\/index.php\\\/2024\\\/05\\\/18\\\/cumhurbaskani-ersin-tatar-esi-sibel-tatar-ile-birlikte-turkiyenin-renkleri-san-resitalini-izledi\\\/#breadcrumb\"},\"inLanguage\":\"tr\",\"potentialAction\":[{\"@type\":\"ReadAction\",\"target\":[\"https:\\\/\\\/haberverkibris.com\\\/index.php\\\/2024\\\/05\\\/18\\\/cumhurbaskani-ersin-tatar-esi-sibel-tatar-ile-birlikte-turkiyenin-renkleri-san-resitalini-izledi\\\/\"]}]},{\"@type\":\"ImageObject\",\"inLanguage\":\"tr\",\"@id\":\"https:\\\/\\\/haberverkibris.com\\\/index.php\\\/2024\\\/05\\\/18\\\/cumhurbaskani-ersin-tatar-esi-sibel-tatar-ile-birlikte-turkiyenin-renkleri-san-resitalini-izledi\\\/#primaryimage\",\"url\":\"https:\\\/\\\/haberverkibris.com\\\/wp-content\\\/uploads\\\/2024\\\/05\\\/IMG-20240517-WA0068.jpg\",\"contentUrl\":\"https:\\\/\\\/haberverkibris.com\\\/wp-content\\\/uploads\\\/2024\\\/05\\\/IMG-20240517-WA0068.jpg\",\"width\":1600,\"height\":1066},{\"@type\":\"BreadcrumbList\",\"@id\":\"https:\\\/\\\/haberverkibris.com\\\/index.php\\\/2024\\\/05\\\/18\\\/cumhurbaskani-ersin-tatar-esi-sibel-tatar-ile-birlikte-turkiyenin-renkleri-san-resitalini-izledi\\\/#breadcrumb\",\"itemListElement\":[{\"@type\":\"ListItem\",\"position\":1,\"name\":\"Anasayfa\",\"item\":\"https:\\\/\\\/haberverkibris.com\\\/\"},{\"@type\":\"ListItem\",\"position\":2,\"name\":\"Cumhurba\u015fkan\u0131 Ersin Tatar, e\u015fi Sibel Tatar ile birlikte, \u2018T\u00fcrkiye\u2019nin Renkleri \u015ean Resitali\u2019ni izledi\"}]},{\"@type\":\"WebSite\",\"@id\":\"https:\\\/\\\/haberverkibris.com\\\/#website\",\"url\":\"https:\\\/\\\/haberverkibris.com\\\/\",\"name\":\"Kuzeyin Sesi\",\"description\":\"Do\u011fru Haberin Adresi\",\"potentialAction\":[{\"@type\":\"SearchAction\",\"target\":{\"@type\":\"EntryPoint\",\"urlTemplate\":\"https:\\\/\\\/haberverkibris.com\\\/?s={search_term_string}\"},\"query-input\":{\"@type\":\"PropertyValueSpecification\",\"valueRequired\":true,\"valueName\":\"search_term_string\"}}],\"inLanguage\":\"tr\"},{\"@type\":\"Person\",\"@id\":\"https:\\\/\\\/haberverkibris.com\\\/#\\\/schema\\\/person\\\/29d65381ed43765483b5a185ded66a56\",\"name\":\"Haberver K\u0131br\u0131s\",\"image\":{\"@type\":\"ImageObject\",\"inLanguage\":\"tr\",\"@id\":\"https:\\\/\\\/secure.gravatar.com\\\/avatar\\\/bab33852abfd8b282518d6ed81826833d77c3c882d9ab608add591ccace47a44?s=96&d=mm&r=g\",\"url\":\"https:\\\/\\\/secure.gravatar.com\\\/avatar\\\/bab33852abfd8b282518d6ed81826833d77c3c882d9ab608add591ccace47a44?s=96&d=mm&r=g\",\"contentUrl\":\"https:\\\/\\\/secure.gravatar.com\\\/avatar\\\/bab33852abfd8b282518d6ed81826833d77c3c882d9ab608add591ccace47a44?s=96&d=mm&r=g\",\"caption\":\"Haberver K\u0131br\u0131s\"},\"sameAs\":[\"https:\\\/\\\/haberverkibris.com\"],\"url\":\"https:\\\/\\\/haberverkibris.com\\\/index.php\\\/author\\\/guven\\\/\"}]}<\/script>\n<!-- \/ Yoast SEO plugin. -->","yoast_head_json":{"title":"Cumhurba\u015fkan\u0131 Ersin Tatar, e\u015fi Sibel Tatar ile birlikte, \u2018T\u00fcrkiye\u2019nin Renkleri \u015ean Resitali\u2019ni izledi - Haber Ver K\u0131br\u0131s","robots":{"index":"index","follow":"follow","max-snippet":"max-snippet:-1","max-image-preview":"max-image-preview:large","max-video-preview":"max-video-preview:-1"},"canonical":"https:\/\/haberverkibris.com\/index.php\/2024\/05\/18\/cumhurbaskani-ersin-tatar-esi-sibel-tatar-ile-birlikte-turkiyenin-renkleri-san-resitalini-izledi\/","og_locale":"tr_TR","og_type":"article","og_title":"Cumhurba\u015fkan\u0131 Ersin Tatar, e\u015fi Sibel Tatar ile birlikte, \u2018T\u00fcrkiye\u2019nin Renkleri \u015ean Resitali\u2019ni izledi - Haber Ver K\u0131br\u0131s","og_description":"Cumhurba\u015fkan\u0131 Ersin Tatar, e\u015fi Sibel Tatar ile birlikte, 26. Kuzey K\u0131br\u0131s Uluslararas\u0131 Bellapais M\u00fczik Festivali a\u00e7\u0131l\u0131\u015f gala konserinde T\u00fcrkiye\u2019nin Renkleri \u015ean Resitali\u2019ni izledi. Cumhurba\u015fkan\u0131 Tatar, t\u00fcm sanat\u00e7\u0131lar\u0131, konseri d\u00fczenleyenleri ve kat\u0131lanlar\u0131 kutlad\u0131.","og_url":"https:\/\/haberverkibris.com\/index.php\/2024\/05\/18\/cumhurbaskani-ersin-tatar-esi-sibel-tatar-ile-birlikte-turkiyenin-renkleri-san-resitalini-izledi\/","og_site_name":"Haber Ver K\u0131br\u0131s","article_publisher":"https:\/\/www.facebook.com\/kuzeyinsesii","article_published_time":"2024-05-18T08:27:06+00:00","og_image":[{"width":1600,"height":1066,"url":"https:\/\/haberverkibris.com\/wp-content\/uploads\/2024\/05\/IMG-20240517-WA0068.jpg","type":"image\/jpeg"}],"author":"Haberver K\u0131br\u0131s","twitter_card":"summary_large_image","twitter_creator":"@kuzeyinsesii","twitter_site":"@kuzeyinsesii","twitter_misc":{"Yazan:":"Haberver K\u0131br\u0131s"},"schema":{"@context":"https:\/\/schema.org","@graph":[{"@type":"Article","@id":"https:\/\/haberverkibris.com\/index.php\/2024\/05\/18\/cumhurbaskani-ersin-tatar-esi-sibel-tatar-ile-birlikte-turkiyenin-renkleri-san-resitalini-izledi\/#article","isPartOf":{"@id":"https:\/\/haberverkibris.com\/index.php\/2024\/05\/18\/cumhurbaskani-ersin-tatar-esi-sibel-tatar-ile-birlikte-turkiyenin-renkleri-san-resitalini-izledi\/"},"author":{"name":"Haberver K\u0131br\u0131s","@id":"https:\/\/haberverkibris.com\/#\/schema\/person\/29d65381ed43765483b5a185ded66a56"},"headline":"Cumhurba\u015fkan\u0131 Ersin Tatar, e\u015fi Sibel Tatar ile birlikte, \u2018T\u00fcrkiye\u2019nin Renkleri \u015ean Resitali\u2019ni izledi","datePublished":"2024-05-18T08:27:06+00:00","mainEntityOfPage":{"@id":"https:\/\/haberverkibris.com\/index.php\/2024\/05\/18\/cumhurbaskani-ersin-tatar-esi-sibel-tatar-ile-birlikte-turkiyenin-renkleri-san-resitalini-izledi\/"},"wordCount":63,"commentCount":0,"image":{"@id":"https:\/\/haberverkibris.com\/index.php\/2024\/05\/18\/cumhurbaskani-ersin-tatar-esi-sibel-tatar-ile-birlikte-turkiyenin-renkleri-san-resitalini-izledi\/#primaryimage"},"thumbnailUrl":"https:\/\/haberverkibris.com\/wp-content\/uploads\/2024\/05\/IMG-20240517-WA0068.jpg","articleSection":["Ya\u015fam"],"inLanguage":"tr","potentialAction":[{"@type":"CommentAction","name":"Comment","target":["https:\/\/haberverkibris.com\/index.php\/2024\/05\/18\/cumhurbaskani-ersin-tatar-esi-sibel-tatar-ile-birlikte-turkiyenin-renkleri-san-resitalini-izledi\/#respond"]}]},{"@type":"WebPage","@id":"https:\/\/haberverkibris.com\/index.php\/2024\/05\/18\/cumhurbaskani-ersin-tatar-esi-sibel-tatar-ile-birlikte-turkiyenin-renkleri-san-resitalini-izledi\/","url":"https:\/\/haberverkibris.com\/index.php\/2024\/05\/18\/cumhurbaskani-ersin-tatar-esi-sibel-tatar-ile-birlikte-turkiyenin-renkleri-san-resitalini-izledi\/","name":"Cumhurba\u015fkan\u0131 Ersin Tatar, e\u015fi Sibel Tatar ile birlikte, \u2018T\u00fcrkiye\u2019nin Renkleri \u015ean Resitali\u2019ni izledi - Haber Ver K\u0131br\u0131s","isPartOf":{"@id":"https:\/\/haberverkibris.com\/#website"},"primaryImageOfPage":{"@id":"https:\/\/haberverkibris.com\/index.php\/2024\/05\/18\/cumhurbaskani-ersin-tatar-esi-sibel-tatar-ile-birlikte-turkiyenin-renkleri-san-resitalini-izledi\/#primaryimage"},"image":{"@id":"https:\/\/haberverkibris.com\/index.php\/2024\/05\/18\/cumhurbaskani-ersin-tatar-esi-sibel-tatar-ile-birlikte-turkiyenin-renkleri-san-resitalini-izledi\/#primaryimage"},"thumbnailUrl":"https:\/\/haberverkibris.com\/wp-content\/uploads\/2024\/05\/IMG-20240517-WA0068.jpg","datePublished":"2024-05-18T08:27:06+00:00","author":{"@id":"https:\/\/haberverkibris.com\/#\/schema\/person\/29d65381ed43765483b5a185ded66a56"},"breadcrumb":{"@id":"https:\/\/haberverkibris.com\/index.php\/2024\/05\/18\/cumhurbaskani-ersin-tatar-esi-sibel-tatar-ile-birlikte-turkiyenin-renkleri-san-resitalini-izledi\/#breadcrumb"},"inLanguage":"tr","potentialAction":[{"@type":"ReadAction","target":["https:\/\/haberverkibris.com\/index.php\/2024\/05\/18\/cumhurbaskani-ersin-tatar-esi-sibel-tatar-ile-birlikte-turkiyenin-renkleri-san-resitalini-izledi\/"]}]},{"@type":"ImageObject","inLanguage":"tr","@id":"https:\/\/haberverkibris.com\/index.php\/2024\/05\/18\/cumhurbaskani-ersin-tatar-esi-sibel-tatar-ile-birlikte-turkiyenin-renkleri-san-resitalini-izledi\/#primaryimage","url":"https:\/\/haberverkibris.com\/wp-content\/uploads\/2024\/05\/IMG-20240517-WA0068.jpg","contentUrl":"https:\/\/haberverkibris.com\/wp-content\/uploads\/2024\/05\/IMG-20240517-WA0068.jpg","width":1600,"height":1066},{"@type":"BreadcrumbList","@id":"https:\/\/haberverkibris.com\/index.php\/2024\/05\/18\/cumhurbaskani-ersin-tatar-esi-sibel-tatar-ile-birlikte-turkiyenin-renkleri-san-resitalini-izledi\/#breadcrumb","itemListElement":[{"@type":"ListItem","position":1,"name":"Anasayfa","item":"https:\/\/haberverkibris.com\/"},{"@type":"ListItem","position":2,"name":"Cumhurba\u015fkan\u0131 Ersin Tatar, e\u015fi Sibel Tatar ile birlikte, \u2018T\u00fcrkiye\u2019nin Renkleri \u015ean Resitali\u2019ni izledi"}]},{"@type":"WebSite","@id":"https:\/\/haberverkibris.com\/#website","url":"https:\/\/haberverkibris.com\/","name":"Kuzeyin Sesi","description":"Do\u011fru Haberin Adresi","potentialAction":[{"@type":"SearchAction","target":{"@type":"EntryPoint","urlTemplate":"https:\/\/haberverkibris.com\/?s={search_term_string}"},"query-input":{"@type":"PropertyValueSpecification","valueRequired":true,"valueName":"search_term_string"}}],"inLanguage":"tr"},{"@type":"Person","@id":"https:\/\/haberverkibris.com\/#\/schema\/person\/29d65381ed43765483b5a185ded66a56","name":"Haberver K\u0131br\u0131s","image":{"@type":"ImageObject","inLanguage":"tr","@id":"https:\/\/secure.gravatar.com\/avatar\/bab33852abfd8b282518d6ed81826833d77c3c882d9ab608add591ccace47a44?s=96&d=mm&r=g","url":"https:\/\/secure.gravatar.com\/avatar\/bab33852abfd8b282518d6ed81826833d77c3c882d9ab608add591ccace47a44?s=96&d=mm&r=g","contentUrl":"https:\/\/secure.gravatar.com\/avatar\/bab33852abfd8b282518d6ed81826833d77c3c882d9ab608add591ccace47a44?s=96&d=mm&r=g","caption":"Haberver K\u0131br\u0131s"},"sameAs":["https:\/\/haberverkibris.com"],"url":"https:\/\/haberverkibris.com\/index.php\/author\/guven\/"}]}},"_links":{"self":[{"href":"https:\/\/haberverkibris.com\/index.php\/wp-json\/wp\/v2\/posts\/2854","targetHints":{"allow":["GET"]}}],"collection":[{"href":"https:\/\/haberverkibris.com\/index.php\/wp-json\/wp\/v2\/posts"}],"about":[{"href":"https:\/\/haberverkibris.com\/index.php\/wp-json\/wp\/v2\/types\/post"}],"author":[{"embeddable":true,"href":"https:\/\/haberverkibris.com\/index.php\/wp-json\/wp\/v2\/users\/1"}],"replies":[{"embeddable":true,"href":"https:\/\/haberverkibris.com\/index.php\/wp-json\/wp\/v2\/comments?post=2854"}],"version-history":[{"count":0,"href":"https:\/\/haberverkibris.com\/index.php\/wp-json\/wp\/v2\/posts\/2854\/revisions"}],"wp:featuredmedia":[{"embeddable":true,"href":"https:\/\/haberverkibris.com\/index.php\/wp-json\/wp\/v2\/media\/2855"}],"wp:attachment":[{"href":"https:\/\/haberverkibris.com\/index.php\/wp-json\/wp\/v2\/media?parent=2854"}],"wp:term":[{"taxonomy":"category","embeddable":true,"href":"https:\/\/haberverkibris.com\/index.php\/wp-json\/wp\/v2\/categories?post=2854"},{"taxonomy":"post_tag","embeddable":true,"href":"https:\/\/haberverkibris.com\/index.php\/wp-json\/wp\/v2\/tags?post=2854"}],"curies":[{"name":"wp","href":"https:\/\/api.w.org\/{rel}","templated":true}]}}