{"id":28171,"date":"2025-07-07T10:44:16","date_gmt":"2025-07-07T07:44:16","guid":{"rendered":"https:\/\/haberverkibris.com\/index.php\/2025\/07\/07\/iskele-festivali-sila-konseriyle-son-buldu\/"},"modified":"2025-07-07T10:44:16","modified_gmt":"2025-07-07T07:44:16","slug":"iskele-festivali-sila-konseriyle-son-buldu","status":"publish","type":"post","link":"https:\/\/haberverkibris.com\/index.php\/2025\/07\/07\/iskele-festivali-sila-konseriyle-son-buldu\/","title":{"rendered":"\u0130skele Festivali, S\u0131la konseriyle son buldu"},"content":{"rendered":"<div>\n<div class=\"mariselle-image-container center\">\n                                            <\/div>\n<p>\u00a0<\/p>\n<p>53. Geleneksel \u0130skele Festivali, d\u00fcn ak\u015fam S\u0131la konseriyle son buldu. S\u0131la\u2019n\u0131n verdi\u011fi halk konseri \u0130skele Ecevit Meydan\u0131\u2019nda yer ald\u0131.<\/p>\n<p>\u0130skele Festivali \u00e7er\u00e7evesinde merhum Resul Erol an\u0131s\u0131na Sokak Basketbol \u015e\u00f6leni, merhum Ahmet Havut\u00e7u an\u0131s\u0131na Ok\u00e7uluk Yar\u0131\u015fmas\u0131 ve Satran\u00e7 Turnuvas\u0131 d\u00fczenlendi.<\/p>\n<p>\u00a0<\/p>\n<div class=\"mariselle-image-container center\">\n                <img decoding=\"async\" width=\"1620\" height=\"710\" class=\"lazy-image\" alt=\"\" sizes=\"(max-width: 1620px) 100vw, 1620px\" src=\"https:\/\/brtk.net\/wp-content\/uploads\/2025\/07\/07\/ccczzzzzzzzzzzzzzzzz.jpg?ver=9190bdf395c3c05f676395489582d856\" srcset=\"https:\/\/brtk.net\/wp-content\/uploads\/2025\/07\/07\/ccczzzzzzzzzzzzzzzzz.jpg?ver=9190bdf395c3c05f676395489582d856 1620w, https:\/\/brtk.net\/wp-content\/uploads\/2025\/07\/07\/ccczzzzzzzzzzzzzzzzz-300x131.jpg?ver=9190bdf395c3c05f676395489582d856 300w, https:\/\/brtk.net\/wp-content\/uploads\/2025\/07\/07\/ccczzzzzzzzzzzzzzzzz-1024x449.jpg?ver=9190bdf395c3c05f676395489582d856 1024w, https:\/\/brtk.net\/wp-content\/uploads\/2025\/07\/07\/ccczzzzzzzzzzzzzzzzz-768x337.jpg?ver=9190bdf395c3c05f676395489582d856 768w, https:\/\/brtk.net\/wp-content\/uploads\/2025\/07\/07\/ccczzzzzzzzzzzzzzzzz-1536x673.jpg?ver=80680b23e303b9a9a314e99022712dbf 1536w\"\/>                            <\/div>\n<p><strong>\u2013 Basketbol ve ok\u00e7uluk turnuvas\u0131<\/strong><\/p>\n<p>3-5 Temmuz tarihleri aras\u0131nda \u0130skele Belediyesi Spor Tesislerinde yap\u0131lan sokak basketbol \u015f\u00f6lenine 8 kategoride 61 tak\u0131m kat\u0131ld\u0131. \u0130skele Belediyesi, Larnaka Gen\u00e7ler Birli\u011fi ve KKTC Basketbol Federasyonu\u2019nun himayelerinde d\u00fczenlenen \u015f\u00f6lende toplam 130 bin TL para \u00f6d\u00fcl\u00fc da\u011f\u0131t\u0131ld\u0131. \u00d6d\u00fcller, Merhum Resul Erol\u2019un ailesinin yan\u0131 s\u0131ra \u0130skele Belediyesi Meclis \u00dcyeleri Ahmet Orun, M\u00fcrsel Altunta\u015f, Seymen Y\u0131lmaz, Sefa Kurukafa ile Larnaka Gen\u00e7ler Birli\u011fi Spor Kul\u00fcb\u00fc Asba\u015fkan\u0131 Erkut Y\u0131lmaba\u015far taraf\u0131ndan taktim edildi.<\/p>\n<p>\u0130skele Belediyesi\u2019nin katk\u0131lar\u0131yla KKTC Ok\u00e7uluk Federasyonu\u2019nun himayelerinde d\u00fczenlenen Ok\u00e7uluk Yar\u0131\u015fmas\u0131nda dereceye girenlere \u00f6d\u00fclleri \u0130skele Belediyesi Meclis \u00dcyeleri Eray G\u00f6ksan, Seymen Y\u0131lmaz, Ahmet Havut\u00e7u\u2019nun ailesi ile KKTC Ok\u00e7uluk Federasyonu yetkilisi taraf\u0131ndan verildi.<\/p>\n<p>\u00a0<\/p>\n<div class=\"mariselle-image-container center\">\n                <img decoding=\"async\" width=\"1559\" height=\"587\" class=\"lazy-image\" alt=\"\" sizes=\"(max-width: 1559px) 100vw, 1559px\" src=\"https:\/\/brtk.net\/wp-content\/uploads\/2025\/07\/07\/3232323232.jpg?ver=a8b653e3bdbca246002b24e04b966070\" srcset=\"https:\/\/brtk.net\/wp-content\/uploads\/2025\/07\/07\/3232323232.jpg?ver=a8b653e3bdbca246002b24e04b966070 1559w, https:\/\/brtk.net\/wp-content\/uploads\/2025\/07\/07\/3232323232-300x113.jpg?ver=a8b653e3bdbca246002b24e04b966070 300w, https:\/\/brtk.net\/wp-content\/uploads\/2025\/07\/07\/3232323232-1024x386.jpg?ver=a8b653e3bdbca246002b24e04b966070 1024w, https:\/\/brtk.net\/wp-content\/uploads\/2025\/07\/07\/3232323232-768x289.jpg?ver=a8b653e3bdbca246002b24e04b966070 768w, https:\/\/brtk.net\/wp-content\/uploads\/2025\/07\/07\/3232323232-1536x578.jpg?ver=76df06396c3db64da7e9e7c3fc9992ab 1536w\"\/>                            <\/div>\n<p><strong>-86 satran\u00e7\u00e7\u0131 \u0130skele\u2019de bulu\u015ftu<\/strong><\/p>\n<p>Bu arada \u0130skele Belediyesi, Burak Demircio\u011flu an\u0131s\u0131na 21. Satran\u00e7 Turnuvas\u0131 d\u00fczenledi. Festival kapsam\u0131nda d\u00fczenlenen turnuvaya 86 satran\u00e7\u00e7\u0131 kat\u0131ld\u0131. \u0130skele Belediyesi Kapal\u0131 D\u00fc\u011f\u00fcn Salonu\u2019nda yap\u0131lan turnuvay\u0131 \u0130skele Belediyesi Satran\u00e7 Kul\u00fcb\u00fc\u2019n\u00fcn yeti\u015ftirdi\u011fi milli oyuncu Mustafa Kemal Ata Ayd\u0131n kazand\u0131.<\/p>\n<p>Dereceye giren satran\u00e7\u00e7\u0131lara kupa ve madalyalar\u0131n\u0131n yan\u0131 s\u0131ra t\u00fcm kat\u0131l\u0131mc\u0131lara kat\u0131l\u0131m belgeleri de taktim edildi.<\/p>\n<p>Dereceye girenlere de kupa ve madalyalar\u0131 \u0130skele Belediyesi Asba\u015fkan Vekili Sefa Kurukafa, \u0130skele Belediyesi Spor Komitesi\u2019nde g\u00f6revli Altun\u00e7 Orkun, Merhum Burak Demircio\u011flu\u2019nun babas\u0131 Mustafa Demirci, \u0130skele Belediyesi Satran\u00e7 Kul\u00fcb\u00fc Antren\u00f6r\u00fc Ahmet T\u00fcreller, Sarah Mente\u015fe ile \u015eah Mat Satran\u00e7 ve K\u00fclt\u00fcr Derne\u011fi Ba\u015fkan\u0131 Ay\u015fe Tolga taraf\u0131ndan verildi.<\/p>\n<\/p><\/div>\n<p><script async\n                    defer\n                    crossorigin=\"anonymous\"\n                    src=\"https:\/\/connect.facebook.net\/tr_TR\/sdk.js#xfbml=1&#038;version=v3.3\"\n            ><\/script><\/p>\n","protected":false},"excerpt":{"rendered":"<p>\u00a0 53. Geleneksel \u0130skele Festivali, d\u00fcn ak\u015fam S\u0131la konseriyle son buldu. S\u0131la\u2019n\u0131n verdi\u011fi halk konseri \u0130skele Ecevit Meydan\u0131\u2019nda yer ald\u0131. \u0130skele Festivali \u00e7er\u00e7evesinde merhum Resul Erol an\u0131s\u0131na Sokak Basketbol \u015e\u00f6leni, merhum Ahmet Havut\u00e7u an\u0131s\u0131na Ok\u00e7uluk Yar\u0131\u015fmas\u0131 ve Satran\u00e7 Turnuvas\u0131 d\u00fczenlendi. \u00a0 \u2013 Basketbol ve ok\u00e7uluk turnuvas\u0131 3-5 Temmuz tarihleri aras\u0131nda \u0130skele Belediyesi Spor Tesislerinde yap\u0131lan [&hellip;]<\/p>\n","protected":false},"author":1,"featured_media":28172,"comment_status":"open","ping_status":"open","sticky":false,"template":"","format":"standard","meta":{"jnews-multi-image_gallery":[],"jnews_single_post":[],"jnews_primary_category":[],"jnews_social_meta":[],"jnews_override_counter":[],"footnotes":""},"categories":[6],"tags":[],"class_list":["post-28171","post","type-post","status-publish","format-standard","has-post-thumbnail","hentry","category-yasam"],"yoast_head":"<!-- This site is optimized with the Yoast SEO plugin v27.5 - https:\/\/yoast.com\/product\/yoast-seo-wordpress\/ -->\n<title>\u0130skele Festivali, S\u0131la konseriyle son buldu - Haber Ver K\u0131br\u0131s<\/title>\n<meta name=\"robots\" content=\"index, follow, max-snippet:-1, max-image-preview:large, max-video-preview:-1\" \/>\n<link rel=\"canonical\" href=\"https:\/\/haberverkibris.com\/index.php\/2025\/07\/07\/iskele-festivali-sila-konseriyle-son-buldu\/\" \/>\n<meta property=\"og:locale\" content=\"tr_TR\" \/>\n<meta property=\"og:type\" content=\"article\" \/>\n<meta property=\"og:title\" content=\"\u0130skele Festivali, S\u0131la konseriyle son buldu - Haber Ver K\u0131br\u0131s\" \/>\n<meta property=\"og:description\" content=\"\u00a0 53. Geleneksel \u0130skele Festivali, d\u00fcn ak\u015fam S\u0131la konseriyle son buldu. S\u0131la\u2019n\u0131n verdi\u011fi halk konseri \u0130skele Ecevit Meydan\u0131\u2019nda yer ald\u0131. \u0130skele Festivali \u00e7er\u00e7evesinde merhum Resul Erol an\u0131s\u0131na Sokak Basketbol \u015e\u00f6leni, merhum Ahmet Havut\u00e7u an\u0131s\u0131na Ok\u00e7uluk Yar\u0131\u015fmas\u0131 ve Satran\u00e7 Turnuvas\u0131 d\u00fczenlendi. \u00a0 \u2013 Basketbol ve ok\u00e7uluk turnuvas\u0131 3-5 Temmuz tarihleri aras\u0131nda \u0130skele Belediyesi Spor Tesislerinde yap\u0131lan [&hellip;]\" \/>\n<meta property=\"og:url\" content=\"https:\/\/haberverkibris.com\/index.php\/2025\/07\/07\/iskele-festivali-sila-konseriyle-son-buldu\/\" \/>\n<meta property=\"og:site_name\" content=\"Haber Ver K\u0131br\u0131s\" \/>\n<meta property=\"article:publisher\" content=\"https:\/\/www.facebook.com\/kuzeyinsesii\" \/>\n<meta property=\"article:published_time\" content=\"2025-07-07T07:44:16+00:00\" \/>\n<meta property=\"og:image\" content=\"https:\/\/brtk.net\/wp-content\/uploads\/2025\/07\/07\/asldkjlajsda.jpeg?ver=61e9fb3e48eae95ac51493136d7fb2dd\" \/>\n<meta name=\"author\" content=\"Haberver K\u0131br\u0131s\" \/>\n<meta name=\"twitter:card\" content=\"summary_large_image\" \/>\n<meta name=\"twitter:creator\" content=\"@kuzeyinsesii\" \/>\n<meta name=\"twitter:site\" content=\"@kuzeyinsesii\" \/>\n<meta name=\"twitter:label1\" content=\"Yazan:\" \/>\n\t<meta name=\"twitter:data1\" content=\"Haberver K\u0131br\u0131s\" \/>\n\t<meta name=\"twitter:label2\" content=\"Tahmini okuma s\u00fcresi\" \/>\n\t<meta name=\"twitter:data2\" content=\"2 dakika\" \/>\n<script type=\"application\/ld+json\" class=\"yoast-schema-graph\">{\"@context\":\"https:\\\/\\\/schema.org\",\"@graph\":[{\"@type\":\"Article\",\"@id\":\"https:\\\/\\\/haberverkibris.com\\\/index.php\\\/2025\\\/07\\\/07\\\/iskele-festivali-sila-konseriyle-son-buldu\\\/#article\",\"isPartOf\":{\"@id\":\"https:\\\/\\\/haberverkibris.com\\\/index.php\\\/2025\\\/07\\\/07\\\/iskele-festivali-sila-konseriyle-son-buldu\\\/\"},\"author\":{\"name\":\"Haberver K\u0131br\u0131s\",\"@id\":\"https:\\\/\\\/haberverkibris.com\\\/#\\\/schema\\\/person\\\/29d65381ed43765483b5a185ded66a56\"},\"headline\":\"\u0130skele Festivali, S\u0131la konseriyle son buldu\",\"datePublished\":\"2025-07-07T07:44:16+00:00\",\"mainEntityOfPage\":{\"@id\":\"https:\\\/\\\/haberverkibris.com\\\/index.php\\\/2025\\\/07\\\/07\\\/iskele-festivali-sila-konseriyle-son-buldu\\\/\"},\"wordCount\":344,\"commentCount\":0,\"image\":{\"@id\":\"https:\\\/\\\/haberverkibris.com\\\/index.php\\\/2025\\\/07\\\/07\\\/iskele-festivali-sila-konseriyle-son-buldu\\\/#primaryimage\"},\"thumbnailUrl\":\"https:\\\/\\\/haberverkibris.com\\\/wp-content\\\/uploads\\\/2025\\\/07\\\/asldkjlajsda.jpeg\",\"articleSection\":[\"Ya\u015fam\"],\"inLanguage\":\"tr\",\"potentialAction\":[{\"@type\":\"CommentAction\",\"name\":\"Comment\",\"target\":[\"https:\\\/\\\/haberverkibris.com\\\/index.php\\\/2025\\\/07\\\/07\\\/iskele-festivali-sila-konseriyle-son-buldu\\\/#respond\"]}]},{\"@type\":\"WebPage\",\"@id\":\"https:\\\/\\\/haberverkibris.com\\\/index.php\\\/2025\\\/07\\\/07\\\/iskele-festivali-sila-konseriyle-son-buldu\\\/\",\"url\":\"https:\\\/\\\/haberverkibris.com\\\/index.php\\\/2025\\\/07\\\/07\\\/iskele-festivali-sila-konseriyle-son-buldu\\\/\",\"name\":\"\u0130skele Festivali, S\u0131la konseriyle son buldu - Haber Ver K\u0131br\u0131s\",\"isPartOf\":{\"@id\":\"https:\\\/\\\/haberverkibris.com\\\/#website\"},\"primaryImageOfPage\":{\"@id\":\"https:\\\/\\\/haberverkibris.com\\\/index.php\\\/2025\\\/07\\\/07\\\/iskele-festivali-sila-konseriyle-son-buldu\\\/#primaryimage\"},\"image\":{\"@id\":\"https:\\\/\\\/haberverkibris.com\\\/index.php\\\/2025\\\/07\\\/07\\\/iskele-festivali-sila-konseriyle-son-buldu\\\/#primaryimage\"},\"thumbnailUrl\":\"https:\\\/\\\/haberverkibris.com\\\/wp-content\\\/uploads\\\/2025\\\/07\\\/asldkjlajsda.jpeg\",\"datePublished\":\"2025-07-07T07:44:16+00:00\",\"author\":{\"@id\":\"https:\\\/\\\/haberverkibris.com\\\/#\\\/schema\\\/person\\\/29d65381ed43765483b5a185ded66a56\"},\"breadcrumb\":{\"@id\":\"https:\\\/\\\/haberverkibris.com\\\/index.php\\\/2025\\\/07\\\/07\\\/iskele-festivali-sila-konseriyle-son-buldu\\\/#breadcrumb\"},\"inLanguage\":\"tr\",\"potentialAction\":[{\"@type\":\"ReadAction\",\"target\":[\"https:\\\/\\\/haberverkibris.com\\\/index.php\\\/2025\\\/07\\\/07\\\/iskele-festivali-sila-konseriyle-son-buldu\\\/\"]}]},{\"@type\":\"ImageObject\",\"inLanguage\":\"tr\",\"@id\":\"https:\\\/\\\/haberverkibris.com\\\/index.php\\\/2025\\\/07\\\/07\\\/iskele-festivali-sila-konseriyle-son-buldu\\\/#primaryimage\",\"url\":\"https:\\\/\\\/haberverkibris.com\\\/wp-content\\\/uploads\\\/2025\\\/07\\\/asldkjlajsda.jpeg\",\"contentUrl\":\"https:\\\/\\\/haberverkibris.com\\\/wp-content\\\/uploads\\\/2025\\\/07\\\/asldkjlajsda.jpeg\",\"width\":1079,\"height\":612},{\"@type\":\"BreadcrumbList\",\"@id\":\"https:\\\/\\\/haberverkibris.com\\\/index.php\\\/2025\\\/07\\\/07\\\/iskele-festivali-sila-konseriyle-son-buldu\\\/#breadcrumb\",\"itemListElement\":[{\"@type\":\"ListItem\",\"position\":1,\"name\":\"Anasayfa\",\"item\":\"https:\\\/\\\/haberverkibris.com\\\/\"},{\"@type\":\"ListItem\",\"position\":2,\"name\":\"\u0130skele Festivali, S\u0131la konseriyle son buldu\"}]},{\"@type\":\"WebSite\",\"@id\":\"https:\\\/\\\/haberverkibris.com\\\/#website\",\"url\":\"https:\\\/\\\/haberverkibris.com\\\/\",\"name\":\"Kuzeyin Sesi\",\"description\":\"Do\u011fru Haberin Adresi\",\"potentialAction\":[{\"@type\":\"SearchAction\",\"target\":{\"@type\":\"EntryPoint\",\"urlTemplate\":\"https:\\\/\\\/haberverkibris.com\\\/?s={search_term_string}\"},\"query-input\":{\"@type\":\"PropertyValueSpecification\",\"valueRequired\":true,\"valueName\":\"search_term_string\"}}],\"inLanguage\":\"tr\"},{\"@type\":\"Person\",\"@id\":\"https:\\\/\\\/haberverkibris.com\\\/#\\\/schema\\\/person\\\/29d65381ed43765483b5a185ded66a56\",\"name\":\"Haberver K\u0131br\u0131s\",\"image\":{\"@type\":\"ImageObject\",\"inLanguage\":\"tr\",\"@id\":\"https:\\\/\\\/secure.gravatar.com\\\/avatar\\\/bab33852abfd8b282518d6ed81826833d77c3c882d9ab608add591ccace47a44?s=96&d=mm&r=g\",\"url\":\"https:\\\/\\\/secure.gravatar.com\\\/avatar\\\/bab33852abfd8b282518d6ed81826833d77c3c882d9ab608add591ccace47a44?s=96&d=mm&r=g\",\"contentUrl\":\"https:\\\/\\\/secure.gravatar.com\\\/avatar\\\/bab33852abfd8b282518d6ed81826833d77c3c882d9ab608add591ccace47a44?s=96&d=mm&r=g\",\"caption\":\"Haberver K\u0131br\u0131s\"},\"sameAs\":[\"https:\\\/\\\/haberverkibris.com\"],\"url\":\"https:\\\/\\\/haberverkibris.com\\\/index.php\\\/author\\\/guven\\\/\"}]}<\/script>\n<!-- \/ Yoast SEO plugin. -->","yoast_head_json":{"title":"\u0130skele Festivali, S\u0131la konseriyle son buldu - Haber Ver K\u0131br\u0131s","robots":{"index":"index","follow":"follow","max-snippet":"max-snippet:-1","max-image-preview":"max-image-preview:large","max-video-preview":"max-video-preview:-1"},"canonical":"https:\/\/haberverkibris.com\/index.php\/2025\/07\/07\/iskele-festivali-sila-konseriyle-son-buldu\/","og_locale":"tr_TR","og_type":"article","og_title":"\u0130skele Festivali, S\u0131la konseriyle son buldu - Haber Ver K\u0131br\u0131s","og_description":"\u00a0 53. Geleneksel \u0130skele Festivali, d\u00fcn ak\u015fam S\u0131la konseriyle son buldu. S\u0131la\u2019n\u0131n verdi\u011fi halk konseri \u0130skele Ecevit Meydan\u0131\u2019nda yer ald\u0131. \u0130skele Festivali \u00e7er\u00e7evesinde merhum Resul Erol an\u0131s\u0131na Sokak Basketbol \u015e\u00f6leni, merhum Ahmet Havut\u00e7u an\u0131s\u0131na Ok\u00e7uluk Yar\u0131\u015fmas\u0131 ve Satran\u00e7 Turnuvas\u0131 d\u00fczenlendi. \u00a0 \u2013 Basketbol ve ok\u00e7uluk turnuvas\u0131 3-5 Temmuz tarihleri aras\u0131nda \u0130skele Belediyesi Spor Tesislerinde yap\u0131lan [&hellip;]","og_url":"https:\/\/haberverkibris.com\/index.php\/2025\/07\/07\/iskele-festivali-sila-konseriyle-son-buldu\/","og_site_name":"Haber Ver K\u0131br\u0131s","article_publisher":"https:\/\/www.facebook.com\/kuzeyinsesii","article_published_time":"2025-07-07T07:44:16+00:00","og_image":[{"url":"https:\/\/brtk.net\/wp-content\/uploads\/2025\/07\/07\/asldkjlajsda.jpeg?ver=61e9fb3e48eae95ac51493136d7fb2dd","type":"","width":"","height":""}],"author":"Haberver K\u0131br\u0131s","twitter_card":"summary_large_image","twitter_creator":"@kuzeyinsesii","twitter_site":"@kuzeyinsesii","twitter_misc":{"Yazan:":"Haberver K\u0131br\u0131s","Tahmini okuma s\u00fcresi":"2 dakika"},"schema":{"@context":"https:\/\/schema.org","@graph":[{"@type":"Article","@id":"https:\/\/haberverkibris.com\/index.php\/2025\/07\/07\/iskele-festivali-sila-konseriyle-son-buldu\/#article","isPartOf":{"@id":"https:\/\/haberverkibris.com\/index.php\/2025\/07\/07\/iskele-festivali-sila-konseriyle-son-buldu\/"},"author":{"name":"Haberver K\u0131br\u0131s","@id":"https:\/\/haberverkibris.com\/#\/schema\/person\/29d65381ed43765483b5a185ded66a56"},"headline":"\u0130skele Festivali, S\u0131la konseriyle son buldu","datePublished":"2025-07-07T07:44:16+00:00","mainEntityOfPage":{"@id":"https:\/\/haberverkibris.com\/index.php\/2025\/07\/07\/iskele-festivali-sila-konseriyle-son-buldu\/"},"wordCount":344,"commentCount":0,"image":{"@id":"https:\/\/haberverkibris.com\/index.php\/2025\/07\/07\/iskele-festivali-sila-konseriyle-son-buldu\/#primaryimage"},"thumbnailUrl":"https:\/\/haberverkibris.com\/wp-content\/uploads\/2025\/07\/asldkjlajsda.jpeg","articleSection":["Ya\u015fam"],"inLanguage":"tr","potentialAction":[{"@type":"CommentAction","name":"Comment","target":["https:\/\/haberverkibris.com\/index.php\/2025\/07\/07\/iskele-festivali-sila-konseriyle-son-buldu\/#respond"]}]},{"@type":"WebPage","@id":"https:\/\/haberverkibris.com\/index.php\/2025\/07\/07\/iskele-festivali-sila-konseriyle-son-buldu\/","url":"https:\/\/haberverkibris.com\/index.php\/2025\/07\/07\/iskele-festivali-sila-konseriyle-son-buldu\/","name":"\u0130skele Festivali, S\u0131la konseriyle son buldu - Haber Ver K\u0131br\u0131s","isPartOf":{"@id":"https:\/\/haberverkibris.com\/#website"},"primaryImageOfPage":{"@id":"https:\/\/haberverkibris.com\/index.php\/2025\/07\/07\/iskele-festivali-sila-konseriyle-son-buldu\/#primaryimage"},"image":{"@id":"https:\/\/haberverkibris.com\/index.php\/2025\/07\/07\/iskele-festivali-sila-konseriyle-son-buldu\/#primaryimage"},"thumbnailUrl":"https:\/\/haberverkibris.com\/wp-content\/uploads\/2025\/07\/asldkjlajsda.jpeg","datePublished":"2025-07-07T07:44:16+00:00","author":{"@id":"https:\/\/haberverkibris.com\/#\/schema\/person\/29d65381ed43765483b5a185ded66a56"},"breadcrumb":{"@id":"https:\/\/haberverkibris.com\/index.php\/2025\/07\/07\/iskele-festivali-sila-konseriyle-son-buldu\/#breadcrumb"},"inLanguage":"tr","potentialAction":[{"@type":"ReadAction","target":["https:\/\/haberverkibris.com\/index.php\/2025\/07\/07\/iskele-festivali-sila-konseriyle-son-buldu\/"]}]},{"@type":"ImageObject","inLanguage":"tr","@id":"https:\/\/haberverkibris.com\/index.php\/2025\/07\/07\/iskele-festivali-sila-konseriyle-son-buldu\/#primaryimage","url":"https:\/\/haberverkibris.com\/wp-content\/uploads\/2025\/07\/asldkjlajsda.jpeg","contentUrl":"https:\/\/haberverkibris.com\/wp-content\/uploads\/2025\/07\/asldkjlajsda.jpeg","width":1079,"height":612},{"@type":"BreadcrumbList","@id":"https:\/\/haberverkibris.com\/index.php\/2025\/07\/07\/iskele-festivali-sila-konseriyle-son-buldu\/#breadcrumb","itemListElement":[{"@type":"ListItem","position":1,"name":"Anasayfa","item":"https:\/\/haberverkibris.com\/"},{"@type":"ListItem","position":2,"name":"\u0130skele Festivali, S\u0131la konseriyle son buldu"}]},{"@type":"WebSite","@id":"https:\/\/haberverkibris.com\/#website","url":"https:\/\/haberverkibris.com\/","name":"Kuzeyin Sesi","description":"Do\u011fru Haberin Adresi","potentialAction":[{"@type":"SearchAction","target":{"@type":"EntryPoint","urlTemplate":"https:\/\/haberverkibris.com\/?s={search_term_string}"},"query-input":{"@type":"PropertyValueSpecification","valueRequired":true,"valueName":"search_term_string"}}],"inLanguage":"tr"},{"@type":"Person","@id":"https:\/\/haberverkibris.com\/#\/schema\/person\/29d65381ed43765483b5a185ded66a56","name":"Haberver K\u0131br\u0131s","image":{"@type":"ImageObject","inLanguage":"tr","@id":"https:\/\/secure.gravatar.com\/avatar\/bab33852abfd8b282518d6ed81826833d77c3c882d9ab608add591ccace47a44?s=96&d=mm&r=g","url":"https:\/\/secure.gravatar.com\/avatar\/bab33852abfd8b282518d6ed81826833d77c3c882d9ab608add591ccace47a44?s=96&d=mm&r=g","contentUrl":"https:\/\/secure.gravatar.com\/avatar\/bab33852abfd8b282518d6ed81826833d77c3c882d9ab608add591ccace47a44?s=96&d=mm&r=g","caption":"Haberver K\u0131br\u0131s"},"sameAs":["https:\/\/haberverkibris.com"],"url":"https:\/\/haberverkibris.com\/index.php\/author\/guven\/"}]}},"_links":{"self":[{"href":"https:\/\/haberverkibris.com\/index.php\/wp-json\/wp\/v2\/posts\/28171","targetHints":{"allow":["GET"]}}],"collection":[{"href":"https:\/\/haberverkibris.com\/index.php\/wp-json\/wp\/v2\/posts"}],"about":[{"href":"https:\/\/haberverkibris.com\/index.php\/wp-json\/wp\/v2\/types\/post"}],"author":[{"embeddable":true,"href":"https:\/\/haberverkibris.com\/index.php\/wp-json\/wp\/v2\/users\/1"}],"replies":[{"embeddable":true,"href":"https:\/\/haberverkibris.com\/index.php\/wp-json\/wp\/v2\/comments?post=28171"}],"version-history":[{"count":0,"href":"https:\/\/haberverkibris.com\/index.php\/wp-json\/wp\/v2\/posts\/28171\/revisions"}],"wp:featuredmedia":[{"embeddable":true,"href":"https:\/\/haberverkibris.com\/index.php\/wp-json\/wp\/v2\/media\/28172"}],"wp:attachment":[{"href":"https:\/\/haberverkibris.com\/index.php\/wp-json\/wp\/v2\/media?parent=28171"}],"wp:term":[{"taxonomy":"category","embeddable":true,"href":"https:\/\/haberverkibris.com\/index.php\/wp-json\/wp\/v2\/categories?post=28171"},{"taxonomy":"post_tag","embeddable":true,"href":"https:\/\/haberverkibris.com\/index.php\/wp-json\/wp\/v2\/tags?post=28171"}],"curies":[{"name":"wp","href":"https:\/\/api.w.org\/{rel}","templated":true}]}}