{"id":26974,"date":"2025-06-17T14:57:40","date_gmt":"2025-06-17T11:57:40","guid":{"rendered":"https:\/\/haberverkibris.com\/index.php\/2025\/06\/17\/tc-cumhurbaskani-erdogan-israil-iran-gerilimi-icin-telefon-diplomasisini-surduruyor\/"},"modified":"2025-06-17T14:57:40","modified_gmt":"2025-06-17T11:57:40","slug":"tc-cumhurbaskani-erdogan-israil-iran-gerilimi-icin-telefon-diplomasisini-surduruyor","status":"publish","type":"post","link":"https:\/\/haberverkibris.com\/index.php\/2025\/06\/17\/tc-cumhurbaskani-erdogan-israil-iran-gerilimi-icin-telefon-diplomasisini-surduruyor\/","title":{"rendered":"TC Cumhurba\u015fkan\u0131 Erdo\u011fan, \u0130srail-\u0130ran gerilimi i\u00e7in telefon diplomasisini s\u00fcrd\u00fcr\u00fcyor"},"content":{"rendered":"<div>\n<div class=\"mariselle-image-container center\">\n                                            <\/div>\n<p>TC Cumhurba\u015fkan\u0131 Recep Tayyip Erdo\u011fan, Birle\u015fik Arap Emirlikleri (BAE) Devlet Ba\u015fkan\u0131 \u015eeyh Muhammed bin Zayid Al Nahyan ile telefonda g\u00f6r\u00fc\u015ft\u00fc.<\/p>\n<p>TC Cumhurba\u015fkanl\u0131\u011f\u0131 \u0130leti\u015fim Ba\u015fkanl\u0131\u011f\u0131n\u0131n sosyal medya hesab\u0131ndan yap\u0131lan a\u00e7\u0131klamaya g\u00f6re, g\u00f6r\u00fc\u015fmede, \u0130srail ile \u0130ran aras\u0131ndaki \u00e7at\u0131\u015fma, ikili ili\u015fkiler ve b\u00f6lgesel konular ele al\u0131nd\u0131.<\/p>\n<p>Erdo\u011fan, g\u00f6r\u00fc\u015fmede, \u0130srail\u2019in \u0130ran\u2019a y\u00f6nelik sald\u0131r\u0131lar\u0131yla ba\u015flayan \u015fiddet sarmal\u0131n\u0131n b\u00fct\u00fcn b\u00f6lgenin g\u00fcvenli\u011fini riske att\u0131\u011f\u0131n\u0131, b\u00f6lgenin yeni bir sava\u015fa tahamm\u00fcl edemeyece\u011fini, diplomatik temaslar yoluyla \u00e7at\u0131\u015fmalar\u0131n sona erdirilmesi i\u00e7in \u00e7al\u0131\u015ft\u0131klar\u0131n\u0131 belirtti.<\/p>\n<p>\u0130ran ile n\u00fckleer anla\u015fmazl\u0131\u011f\u0131n \u00e7\u00f6z\u00fcm\u00fcn\u00fcn m\u00fczakere masas\u0131na d\u00f6nmek oldu\u011funu kaydeden Erdo\u011fan, mevcut durumun Gazze\u2019yi g\u00f6lgede b\u0131rakmamas\u0131 gerekti\u011fini, aksi durumda Bat\u0131 \u015eeria ve Do\u011fu Kud\u00fcs\u2019\u00fcn de i\u015fgal tehdidi ile kar\u015f\u0131 kar\u015f\u0131ya kalabilece\u011fini vurgulad\u0131.<\/p>\n<\/p><\/div>\n<p><script async\n                    defer\n                    crossorigin=\"anonymous\"\n                    src=\"https:\/\/connect.facebook.net\/tr_TR\/sdk.js#xfbml=1&#038;version=v3.3\"\n            ><\/script><\/p>\n","protected":false},"excerpt":{"rendered":"<p>TC Cumhurba\u015fkan\u0131 Recep Tayyip Erdo\u011fan, Birle\u015fik Arap Emirlikleri (BAE) Devlet Ba\u015fkan\u0131 \u015eeyh Muhammed bin Zayid Al Nahyan ile telefonda g\u00f6r\u00fc\u015ft\u00fc. TC Cumhurba\u015fkanl\u0131\u011f\u0131 \u0130leti\u015fim Ba\u015fkanl\u0131\u011f\u0131n\u0131n sosyal medya hesab\u0131ndan yap\u0131lan a\u00e7\u0131klamaya g\u00f6re, g\u00f6r\u00fc\u015fmede, \u0130srail ile \u0130ran aras\u0131ndaki \u00e7at\u0131\u015fma, ikili ili\u015fkiler ve b\u00f6lgesel konular ele al\u0131nd\u0131. Erdo\u011fan, g\u00f6r\u00fc\u015fmede, \u0130srail\u2019in \u0130ran\u2019a y\u00f6nelik sald\u0131r\u0131lar\u0131yla ba\u015flayan \u015fiddet sarmal\u0131n\u0131n b\u00fct\u00fcn b\u00f6lgenin g\u00fcvenli\u011fini [&hellip;]<\/p>\n","protected":false},"author":1,"featured_media":26975,"comment_status":"open","ping_status":"open","sticky":false,"template":"","format":"standard","meta":{"jnews-multi-image_gallery":[],"jnews_single_post":[],"jnews_primary_category":[],"jnews_social_meta":[],"jnews_override_counter":[],"footnotes":""},"categories":[5],"tags":[],"class_list":["post-26974","post","type-post","status-publish","format-standard","has-post-thumbnail","hentry","category-turkiye"],"yoast_head":"<!-- This site is optimized with the Yoast SEO plugin v27.5 - https:\/\/yoast.com\/product\/yoast-seo-wordpress\/ -->\n<title>TC Cumhurba\u015fkan\u0131 Erdo\u011fan, \u0130srail-\u0130ran gerilimi i\u00e7in telefon diplomasisini s\u00fcrd\u00fcr\u00fcyor - Haber Ver K\u0131br\u0131s<\/title>\n<meta name=\"robots\" content=\"index, follow, max-snippet:-1, max-image-preview:large, max-video-preview:-1\" \/>\n<link rel=\"canonical\" href=\"https:\/\/haberverkibris.com\/index.php\/2025\/06\/17\/tc-cumhurbaskani-erdogan-israil-iran-gerilimi-icin-telefon-diplomasisini-surduruyor\/\" \/>\n<meta property=\"og:locale\" content=\"tr_TR\" \/>\n<meta property=\"og:type\" content=\"article\" \/>\n<meta property=\"og:title\" content=\"TC Cumhurba\u015fkan\u0131 Erdo\u011fan, \u0130srail-\u0130ran gerilimi i\u00e7in telefon diplomasisini s\u00fcrd\u00fcr\u00fcyor - Haber Ver K\u0131br\u0131s\" \/>\n<meta property=\"og:description\" content=\"TC Cumhurba\u015fkan\u0131 Recep Tayyip Erdo\u011fan, Birle\u015fik Arap Emirlikleri (BAE) Devlet Ba\u015fkan\u0131 \u015eeyh Muhammed bin Zayid Al Nahyan ile telefonda g\u00f6r\u00fc\u015ft\u00fc. TC Cumhurba\u015fkanl\u0131\u011f\u0131 \u0130leti\u015fim Ba\u015fkanl\u0131\u011f\u0131n\u0131n sosyal medya hesab\u0131ndan yap\u0131lan a\u00e7\u0131klamaya g\u00f6re, g\u00f6r\u00fc\u015fmede, \u0130srail ile \u0130ran aras\u0131ndaki \u00e7at\u0131\u015fma, ikili ili\u015fkiler ve b\u00f6lgesel konular ele al\u0131nd\u0131. Erdo\u011fan, g\u00f6r\u00fc\u015fmede, \u0130srail\u2019in \u0130ran\u2019a y\u00f6nelik sald\u0131r\u0131lar\u0131yla ba\u015flayan \u015fiddet sarmal\u0131n\u0131n b\u00fct\u00fcn b\u00f6lgenin g\u00fcvenli\u011fini [&hellip;]\" \/>\n<meta property=\"og:url\" content=\"https:\/\/haberverkibris.com\/index.php\/2025\/06\/17\/tc-cumhurbaskani-erdogan-israil-iran-gerilimi-icin-telefon-diplomasisini-surduruyor\/\" \/>\n<meta property=\"og:site_name\" content=\"Haber Ver K\u0131br\u0131s\" \/>\n<meta property=\"article:publisher\" content=\"https:\/\/www.facebook.com\/kuzeyinsesii\" \/>\n<meta property=\"article:published_time\" content=\"2025-06-17T11:57:40+00:00\" \/>\n<meta property=\"og:image\" content=\"https:\/\/brtk.net\/wp-content\/uploads\/2025\/06\/17\/erdogan.jpg?ver=7951db7558bb9d14eb019b2b7bed1d7b\" \/>\n<meta name=\"author\" content=\"Haberver K\u0131br\u0131s\" \/>\n<meta name=\"twitter:card\" content=\"summary_large_image\" \/>\n<meta name=\"twitter:creator\" content=\"@kuzeyinsesii\" \/>\n<meta name=\"twitter:site\" content=\"@kuzeyinsesii\" \/>\n<meta name=\"twitter:label1\" content=\"Yazan:\" \/>\n\t<meta name=\"twitter:data1\" content=\"Haberver K\u0131br\u0131s\" \/>\n\t<meta name=\"twitter:label2\" content=\"Tahmini okuma s\u00fcresi\" \/>\n\t<meta name=\"twitter:data2\" content=\"1 dakika\" \/>\n<script type=\"application\/ld+json\" class=\"yoast-schema-graph\">{\"@context\":\"https:\\\/\\\/schema.org\",\"@graph\":[{\"@type\":\"Article\",\"@id\":\"https:\\\/\\\/haberverkibris.com\\\/index.php\\\/2025\\\/06\\\/17\\\/tc-cumhurbaskani-erdogan-israil-iran-gerilimi-icin-telefon-diplomasisini-surduruyor\\\/#article\",\"isPartOf\":{\"@id\":\"https:\\\/\\\/haberverkibris.com\\\/index.php\\\/2025\\\/06\\\/17\\\/tc-cumhurbaskani-erdogan-israil-iran-gerilimi-icin-telefon-diplomasisini-surduruyor\\\/\"},\"author\":{\"name\":\"Haberver K\u0131br\u0131s\",\"@id\":\"https:\\\/\\\/haberverkibris.com\\\/#\\\/schema\\\/person\\\/29d65381ed43765483b5a185ded66a56\"},\"headline\":\"TC Cumhurba\u015fkan\u0131 Erdo\u011fan, \u0130srail-\u0130ran gerilimi i\u00e7in telefon diplomasisini s\u00fcrd\u00fcr\u00fcyor\",\"datePublished\":\"2025-06-17T11:57:40+00:00\",\"mainEntityOfPage\":{\"@id\":\"https:\\\/\\\/haberverkibris.com\\\/index.php\\\/2025\\\/06\\\/17\\\/tc-cumhurbaskani-erdogan-israil-iran-gerilimi-icin-telefon-diplomasisini-surduruyor\\\/\"},\"wordCount\":191,\"commentCount\":0,\"image\":{\"@id\":\"https:\\\/\\\/haberverkibris.com\\\/index.php\\\/2025\\\/06\\\/17\\\/tc-cumhurbaskani-erdogan-israil-iran-gerilimi-icin-telefon-diplomasisini-surduruyor\\\/#primaryimage\"},\"thumbnailUrl\":\"https:\\\/\\\/haberverkibris.com\\\/wp-content\\\/uploads\\\/2025\\\/06\\\/erdogan.jpg\",\"articleSection\":[\"T\u00fcrkiye\"],\"inLanguage\":\"tr\",\"potentialAction\":[{\"@type\":\"CommentAction\",\"name\":\"Comment\",\"target\":[\"https:\\\/\\\/haberverkibris.com\\\/index.php\\\/2025\\\/06\\\/17\\\/tc-cumhurbaskani-erdogan-israil-iran-gerilimi-icin-telefon-diplomasisini-surduruyor\\\/#respond\"]}]},{\"@type\":\"WebPage\",\"@id\":\"https:\\\/\\\/haberverkibris.com\\\/index.php\\\/2025\\\/06\\\/17\\\/tc-cumhurbaskani-erdogan-israil-iran-gerilimi-icin-telefon-diplomasisini-surduruyor\\\/\",\"url\":\"https:\\\/\\\/haberverkibris.com\\\/index.php\\\/2025\\\/06\\\/17\\\/tc-cumhurbaskani-erdogan-israil-iran-gerilimi-icin-telefon-diplomasisini-surduruyor\\\/\",\"name\":\"TC Cumhurba\u015fkan\u0131 Erdo\u011fan, \u0130srail-\u0130ran gerilimi i\u00e7in telefon diplomasisini s\u00fcrd\u00fcr\u00fcyor - Haber Ver K\u0131br\u0131s\",\"isPartOf\":{\"@id\":\"https:\\\/\\\/haberverkibris.com\\\/#website\"},\"primaryImageOfPage\":{\"@id\":\"https:\\\/\\\/haberverkibris.com\\\/index.php\\\/2025\\\/06\\\/17\\\/tc-cumhurbaskani-erdogan-israil-iran-gerilimi-icin-telefon-diplomasisini-surduruyor\\\/#primaryimage\"},\"image\":{\"@id\":\"https:\\\/\\\/haberverkibris.com\\\/index.php\\\/2025\\\/06\\\/17\\\/tc-cumhurbaskani-erdogan-israil-iran-gerilimi-icin-telefon-diplomasisini-surduruyor\\\/#primaryimage\"},\"thumbnailUrl\":\"https:\\\/\\\/haberverkibris.com\\\/wp-content\\\/uploads\\\/2025\\\/06\\\/erdogan.jpg\",\"datePublished\":\"2025-06-17T11:57:40+00:00\",\"author\":{\"@id\":\"https:\\\/\\\/haberverkibris.com\\\/#\\\/schema\\\/person\\\/29d65381ed43765483b5a185ded66a56\"},\"breadcrumb\":{\"@id\":\"https:\\\/\\\/haberverkibris.com\\\/index.php\\\/2025\\\/06\\\/17\\\/tc-cumhurbaskani-erdogan-israil-iran-gerilimi-icin-telefon-diplomasisini-surduruyor\\\/#breadcrumb\"},\"inLanguage\":\"tr\",\"potentialAction\":[{\"@type\":\"ReadAction\",\"target\":[\"https:\\\/\\\/haberverkibris.com\\\/index.php\\\/2025\\\/06\\\/17\\\/tc-cumhurbaskani-erdogan-israil-iran-gerilimi-icin-telefon-diplomasisini-surduruyor\\\/\"]}]},{\"@type\":\"ImageObject\",\"inLanguage\":\"tr\",\"@id\":\"https:\\\/\\\/haberverkibris.com\\\/index.php\\\/2025\\\/06\\\/17\\\/tc-cumhurbaskani-erdogan-israil-iran-gerilimi-icin-telefon-diplomasisini-surduruyor\\\/#primaryimage\",\"url\":\"https:\\\/\\\/haberverkibris.com\\\/wp-content\\\/uploads\\\/2025\\\/06\\\/erdogan.jpg\",\"contentUrl\":\"https:\\\/\\\/haberverkibris.com\\\/wp-content\\\/uploads\\\/2025\\\/06\\\/erdogan.jpg\",\"width\":864,\"height\":486},{\"@type\":\"BreadcrumbList\",\"@id\":\"https:\\\/\\\/haberverkibris.com\\\/index.php\\\/2025\\\/06\\\/17\\\/tc-cumhurbaskani-erdogan-israil-iran-gerilimi-icin-telefon-diplomasisini-surduruyor\\\/#breadcrumb\",\"itemListElement\":[{\"@type\":\"ListItem\",\"position\":1,\"name\":\"Anasayfa\",\"item\":\"https:\\\/\\\/haberverkibris.com\\\/\"},{\"@type\":\"ListItem\",\"position\":2,\"name\":\"TC Cumhurba\u015fkan\u0131 Erdo\u011fan, \u0130srail-\u0130ran gerilimi i\u00e7in telefon diplomasisini s\u00fcrd\u00fcr\u00fcyor\"}]},{\"@type\":\"WebSite\",\"@id\":\"https:\\\/\\\/haberverkibris.com\\\/#website\",\"url\":\"https:\\\/\\\/haberverkibris.com\\\/\",\"name\":\"Kuzeyin Sesi\",\"description\":\"Do\u011fru Haberin Adresi\",\"potentialAction\":[{\"@type\":\"SearchAction\",\"target\":{\"@type\":\"EntryPoint\",\"urlTemplate\":\"https:\\\/\\\/haberverkibris.com\\\/?s={search_term_string}\"},\"query-input\":{\"@type\":\"PropertyValueSpecification\",\"valueRequired\":true,\"valueName\":\"search_term_string\"}}],\"inLanguage\":\"tr\"},{\"@type\":\"Person\",\"@id\":\"https:\\\/\\\/haberverkibris.com\\\/#\\\/schema\\\/person\\\/29d65381ed43765483b5a185ded66a56\",\"name\":\"Haberver K\u0131br\u0131s\",\"image\":{\"@type\":\"ImageObject\",\"inLanguage\":\"tr\",\"@id\":\"https:\\\/\\\/secure.gravatar.com\\\/avatar\\\/bab33852abfd8b282518d6ed81826833d77c3c882d9ab608add591ccace47a44?s=96&d=mm&r=g\",\"url\":\"https:\\\/\\\/secure.gravatar.com\\\/avatar\\\/bab33852abfd8b282518d6ed81826833d77c3c882d9ab608add591ccace47a44?s=96&d=mm&r=g\",\"contentUrl\":\"https:\\\/\\\/secure.gravatar.com\\\/avatar\\\/bab33852abfd8b282518d6ed81826833d77c3c882d9ab608add591ccace47a44?s=96&d=mm&r=g\",\"caption\":\"Haberver K\u0131br\u0131s\"},\"sameAs\":[\"https:\\\/\\\/haberverkibris.com\"],\"url\":\"https:\\\/\\\/haberverkibris.com\\\/index.php\\\/author\\\/guven\\\/\"}]}<\/script>\n<!-- \/ Yoast SEO plugin. -->","yoast_head_json":{"title":"TC Cumhurba\u015fkan\u0131 Erdo\u011fan, \u0130srail-\u0130ran gerilimi i\u00e7in telefon diplomasisini s\u00fcrd\u00fcr\u00fcyor - Haber Ver K\u0131br\u0131s","robots":{"index":"index","follow":"follow","max-snippet":"max-snippet:-1","max-image-preview":"max-image-preview:large","max-video-preview":"max-video-preview:-1"},"canonical":"https:\/\/haberverkibris.com\/index.php\/2025\/06\/17\/tc-cumhurbaskani-erdogan-israil-iran-gerilimi-icin-telefon-diplomasisini-surduruyor\/","og_locale":"tr_TR","og_type":"article","og_title":"TC Cumhurba\u015fkan\u0131 Erdo\u011fan, \u0130srail-\u0130ran gerilimi i\u00e7in telefon diplomasisini s\u00fcrd\u00fcr\u00fcyor - Haber Ver K\u0131br\u0131s","og_description":"TC Cumhurba\u015fkan\u0131 Recep Tayyip Erdo\u011fan, Birle\u015fik Arap Emirlikleri (BAE) Devlet Ba\u015fkan\u0131 \u015eeyh Muhammed bin Zayid Al Nahyan ile telefonda g\u00f6r\u00fc\u015ft\u00fc. TC Cumhurba\u015fkanl\u0131\u011f\u0131 \u0130leti\u015fim Ba\u015fkanl\u0131\u011f\u0131n\u0131n sosyal medya hesab\u0131ndan yap\u0131lan a\u00e7\u0131klamaya g\u00f6re, g\u00f6r\u00fc\u015fmede, \u0130srail ile \u0130ran aras\u0131ndaki \u00e7at\u0131\u015fma, ikili ili\u015fkiler ve b\u00f6lgesel konular ele al\u0131nd\u0131. Erdo\u011fan, g\u00f6r\u00fc\u015fmede, \u0130srail\u2019in \u0130ran\u2019a y\u00f6nelik sald\u0131r\u0131lar\u0131yla ba\u015flayan \u015fiddet sarmal\u0131n\u0131n b\u00fct\u00fcn b\u00f6lgenin g\u00fcvenli\u011fini [&hellip;]","og_url":"https:\/\/haberverkibris.com\/index.php\/2025\/06\/17\/tc-cumhurbaskani-erdogan-israil-iran-gerilimi-icin-telefon-diplomasisini-surduruyor\/","og_site_name":"Haber Ver K\u0131br\u0131s","article_publisher":"https:\/\/www.facebook.com\/kuzeyinsesii","article_published_time":"2025-06-17T11:57:40+00:00","og_image":[{"url":"https:\/\/brtk.net\/wp-content\/uploads\/2025\/06\/17\/erdogan.jpg?ver=7951db7558bb9d14eb019b2b7bed1d7b","type":"","width":"","height":""}],"author":"Haberver K\u0131br\u0131s","twitter_card":"summary_large_image","twitter_creator":"@kuzeyinsesii","twitter_site":"@kuzeyinsesii","twitter_misc":{"Yazan:":"Haberver K\u0131br\u0131s","Tahmini okuma s\u00fcresi":"1 dakika"},"schema":{"@context":"https:\/\/schema.org","@graph":[{"@type":"Article","@id":"https:\/\/haberverkibris.com\/index.php\/2025\/06\/17\/tc-cumhurbaskani-erdogan-israil-iran-gerilimi-icin-telefon-diplomasisini-surduruyor\/#article","isPartOf":{"@id":"https:\/\/haberverkibris.com\/index.php\/2025\/06\/17\/tc-cumhurbaskani-erdogan-israil-iran-gerilimi-icin-telefon-diplomasisini-surduruyor\/"},"author":{"name":"Haberver K\u0131br\u0131s","@id":"https:\/\/haberverkibris.com\/#\/schema\/person\/29d65381ed43765483b5a185ded66a56"},"headline":"TC Cumhurba\u015fkan\u0131 Erdo\u011fan, \u0130srail-\u0130ran gerilimi i\u00e7in telefon diplomasisini s\u00fcrd\u00fcr\u00fcyor","datePublished":"2025-06-17T11:57:40+00:00","mainEntityOfPage":{"@id":"https:\/\/haberverkibris.com\/index.php\/2025\/06\/17\/tc-cumhurbaskani-erdogan-israil-iran-gerilimi-icin-telefon-diplomasisini-surduruyor\/"},"wordCount":191,"commentCount":0,"image":{"@id":"https:\/\/haberverkibris.com\/index.php\/2025\/06\/17\/tc-cumhurbaskani-erdogan-israil-iran-gerilimi-icin-telefon-diplomasisini-surduruyor\/#primaryimage"},"thumbnailUrl":"https:\/\/haberverkibris.com\/wp-content\/uploads\/2025\/06\/erdogan.jpg","articleSection":["T\u00fcrkiye"],"inLanguage":"tr","potentialAction":[{"@type":"CommentAction","name":"Comment","target":["https:\/\/haberverkibris.com\/index.php\/2025\/06\/17\/tc-cumhurbaskani-erdogan-israil-iran-gerilimi-icin-telefon-diplomasisini-surduruyor\/#respond"]}]},{"@type":"WebPage","@id":"https:\/\/haberverkibris.com\/index.php\/2025\/06\/17\/tc-cumhurbaskani-erdogan-israil-iran-gerilimi-icin-telefon-diplomasisini-surduruyor\/","url":"https:\/\/haberverkibris.com\/index.php\/2025\/06\/17\/tc-cumhurbaskani-erdogan-israil-iran-gerilimi-icin-telefon-diplomasisini-surduruyor\/","name":"TC Cumhurba\u015fkan\u0131 Erdo\u011fan, \u0130srail-\u0130ran gerilimi i\u00e7in telefon diplomasisini s\u00fcrd\u00fcr\u00fcyor - Haber Ver K\u0131br\u0131s","isPartOf":{"@id":"https:\/\/haberverkibris.com\/#website"},"primaryImageOfPage":{"@id":"https:\/\/haberverkibris.com\/index.php\/2025\/06\/17\/tc-cumhurbaskani-erdogan-israil-iran-gerilimi-icin-telefon-diplomasisini-surduruyor\/#primaryimage"},"image":{"@id":"https:\/\/haberverkibris.com\/index.php\/2025\/06\/17\/tc-cumhurbaskani-erdogan-israil-iran-gerilimi-icin-telefon-diplomasisini-surduruyor\/#primaryimage"},"thumbnailUrl":"https:\/\/haberverkibris.com\/wp-content\/uploads\/2025\/06\/erdogan.jpg","datePublished":"2025-06-17T11:57:40+00:00","author":{"@id":"https:\/\/haberverkibris.com\/#\/schema\/person\/29d65381ed43765483b5a185ded66a56"},"breadcrumb":{"@id":"https:\/\/haberverkibris.com\/index.php\/2025\/06\/17\/tc-cumhurbaskani-erdogan-israil-iran-gerilimi-icin-telefon-diplomasisini-surduruyor\/#breadcrumb"},"inLanguage":"tr","potentialAction":[{"@type":"ReadAction","target":["https:\/\/haberverkibris.com\/index.php\/2025\/06\/17\/tc-cumhurbaskani-erdogan-israil-iran-gerilimi-icin-telefon-diplomasisini-surduruyor\/"]}]},{"@type":"ImageObject","inLanguage":"tr","@id":"https:\/\/haberverkibris.com\/index.php\/2025\/06\/17\/tc-cumhurbaskani-erdogan-israil-iran-gerilimi-icin-telefon-diplomasisini-surduruyor\/#primaryimage","url":"https:\/\/haberverkibris.com\/wp-content\/uploads\/2025\/06\/erdogan.jpg","contentUrl":"https:\/\/haberverkibris.com\/wp-content\/uploads\/2025\/06\/erdogan.jpg","width":864,"height":486},{"@type":"BreadcrumbList","@id":"https:\/\/haberverkibris.com\/index.php\/2025\/06\/17\/tc-cumhurbaskani-erdogan-israil-iran-gerilimi-icin-telefon-diplomasisini-surduruyor\/#breadcrumb","itemListElement":[{"@type":"ListItem","position":1,"name":"Anasayfa","item":"https:\/\/haberverkibris.com\/"},{"@type":"ListItem","position":2,"name":"TC Cumhurba\u015fkan\u0131 Erdo\u011fan, \u0130srail-\u0130ran gerilimi i\u00e7in telefon diplomasisini s\u00fcrd\u00fcr\u00fcyor"}]},{"@type":"WebSite","@id":"https:\/\/haberverkibris.com\/#website","url":"https:\/\/haberverkibris.com\/","name":"Kuzeyin Sesi","description":"Do\u011fru Haberin Adresi","potentialAction":[{"@type":"SearchAction","target":{"@type":"EntryPoint","urlTemplate":"https:\/\/haberverkibris.com\/?s={search_term_string}"},"query-input":{"@type":"PropertyValueSpecification","valueRequired":true,"valueName":"search_term_string"}}],"inLanguage":"tr"},{"@type":"Person","@id":"https:\/\/haberverkibris.com\/#\/schema\/person\/29d65381ed43765483b5a185ded66a56","name":"Haberver K\u0131br\u0131s","image":{"@type":"ImageObject","inLanguage":"tr","@id":"https:\/\/secure.gravatar.com\/avatar\/bab33852abfd8b282518d6ed81826833d77c3c882d9ab608add591ccace47a44?s=96&d=mm&r=g","url":"https:\/\/secure.gravatar.com\/avatar\/bab33852abfd8b282518d6ed81826833d77c3c882d9ab608add591ccace47a44?s=96&d=mm&r=g","contentUrl":"https:\/\/secure.gravatar.com\/avatar\/bab33852abfd8b282518d6ed81826833d77c3c882d9ab608add591ccace47a44?s=96&d=mm&r=g","caption":"Haberver K\u0131br\u0131s"},"sameAs":["https:\/\/haberverkibris.com"],"url":"https:\/\/haberverkibris.com\/index.php\/author\/guven\/"}]}},"_links":{"self":[{"href":"https:\/\/haberverkibris.com\/index.php\/wp-json\/wp\/v2\/posts\/26974","targetHints":{"allow":["GET"]}}],"collection":[{"href":"https:\/\/haberverkibris.com\/index.php\/wp-json\/wp\/v2\/posts"}],"about":[{"href":"https:\/\/haberverkibris.com\/index.php\/wp-json\/wp\/v2\/types\/post"}],"author":[{"embeddable":true,"href":"https:\/\/haberverkibris.com\/index.php\/wp-json\/wp\/v2\/users\/1"}],"replies":[{"embeddable":true,"href":"https:\/\/haberverkibris.com\/index.php\/wp-json\/wp\/v2\/comments?post=26974"}],"version-history":[{"count":0,"href":"https:\/\/haberverkibris.com\/index.php\/wp-json\/wp\/v2\/posts\/26974\/revisions"}],"wp:featuredmedia":[{"embeddable":true,"href":"https:\/\/haberverkibris.com\/index.php\/wp-json\/wp\/v2\/media\/26975"}],"wp:attachment":[{"href":"https:\/\/haberverkibris.com\/index.php\/wp-json\/wp\/v2\/media?parent=26974"}],"wp:term":[{"taxonomy":"category","embeddable":true,"href":"https:\/\/haberverkibris.com\/index.php\/wp-json\/wp\/v2\/categories?post=26974"},{"taxonomy":"post_tag","embeddable":true,"href":"https:\/\/haberverkibris.com\/index.php\/wp-json\/wp\/v2\/tags?post=26974"}],"curies":[{"name":"wp","href":"https:\/\/api.w.org\/{rel}","templated":true}]}}