{"id":26202,"date":"2025-06-03T10:03:33","date_gmt":"2025-06-03T07:03:33","guid":{"rendered":"https:\/\/haberverkibris.com\/index.php\/2025\/06\/03\/tbmmde-baskanlik-secimi-yapilacak\/"},"modified":"2025-06-03T10:03:33","modified_gmt":"2025-06-03T07:03:33","slug":"tbmmde-baskanlik-secimi-yapilacak","status":"publish","type":"post","link":"https:\/\/haberverkibris.com\/index.php\/2025\/06\/03\/tbmmde-baskanlik-secimi-yapilacak\/","title":{"rendered":"TBMM\u2019de ba\u015fkanl\u0131k se\u00e7imi yap\u0131lacak"},"content":{"rendered":"<div>\n<p>\u00a0<\/p>\n<div class=\"mariselle-image-container center\">\n                                            <\/div>\n<p>\u00a0<\/p>\n<p>\u00a0<\/p>\n<p style=\"font-weight: 300;\"><span style=\"font-weight: 300 !important;\">TBMM Genel Kurulunda, 28. Yasama D\u00f6nemi \u0130kinci Devre Meclis Ba\u015fkan\u0131 se\u00e7imi yap\u0131lacak.<\/span><\/p>\n<p style=\"font-weight: 300;\"><span style=\"font-weight: 300 !important;\">AK Parti, TBMM Ba\u015fkan\u0131 ve \u0130stanbul Milletvekili Numan Kurtulmu\u015f\u2019u aday g\u00f6sterdi.\u00a0<\/span><span style=\"font-weight: 300 !important;\">CHP, Artvin Milletvekili U\u011fur Bayraktutan\u2019\u0131n; DEM Parti, Diyarbak\u0131r Milletvekili Osman Cengiz \u00c7andar\u2019\u0131n; \u0130Y\u0130 Parti, \u0130stanbul Milletvekili Mustafa Cihan Pa\u00e7ac\u0131\u2019n\u0131n; Yeni Yol Partisi ise Samsun Milletvekili Mehmet Karaman\u2019\u0131n ismini meclis ba\u015fkan\u0131 aday\u0131 olarak TBMM\u2019ye sundu.<\/span><\/p>\n<p style=\"font-weight: 300;\"><strong>-\u00dc\u00e7te iki \u00e7o\u011funluk aranacak<\/strong><\/p>\n<p style=\"font-weight: 300;\">\u0130lk iki oylamada \u00fcye tam say\u0131s\u0131n\u0131n \u00fc\u00e7te ikisi ve \u00fc\u00e7\u00fcnc\u00fc oylamada \u00fcye tam say\u0131s\u0131n\u0131n salt \u00e7o\u011funlu\u011fu aranacak.<\/p>\n<p style=\"font-weight: 300;\">\u00dc\u00e7\u00fcnc\u00fc oylamada salt \u00e7o\u011funluk sa\u011flanamazsa, bu oylamada en \u00e7ok oy alan iki aday i\u00e7in d\u00f6rd\u00fcnc\u00fc oylama yap\u0131lacak. D\u00f6rd\u00fcnc\u00fc oylamada en fazla oy alan \u00fcye, TBMM Ba\u015fkan\u0131 se\u00e7ilecek.<\/p>\n<p style=\"font-weight: 300;\"><strong>-Meclis Ba\u015fkanlar\u0131<\/strong><\/p>\n<p style=\"font-weight: 300;\">TBMM Ba\u015fkanl\u0131\u011f\u0131n\u0131 bug\u00fcne kadar 30 milletvekili \u00fcstlendi. 28. D\u00f6nem ikinci devre i\u00e7in Numan Kurtulmu\u015f\u2019un d\u0131\u015f\u0131nda birinin se\u00e7ilmesi halinde, bu ki\u015fi 31. TBMM Ba\u015fkan\u0131 olacak.<\/p>\n<p style=\"font-weight: 300;\">\u0130lk TBMM Ba\u015fkan\u0131 ve Cumhuriyet\u2019in kurucusu Gazi Mustafa Kemal Atat\u00fcrk\u2019ten bu yana g\u00f6rev yapan ba\u015fkanlar aras\u0131nda en uzun s\u00fcre g\u00f6revde kalan Mustafa Abd\u00fclhalik Renda oldu. \u0130lk kez 1935\u2019te ba\u015fkan se\u00e7ilen Renda, 1946\u2019ya kadar kesintisiz yeniden se\u00e7ilerek 11 y\u0131l g\u00f6rev yapt\u0131.<\/p>\n<p style=\"font-weight: 300;\">En k\u0131sa s\u00fcre g\u00f6rev yapan TBMM Ba\u015fkan\u0131 ise 2 ay 1 haftal\u0131k g\u00f6reviyle \u0130smet Sezgin oldu.<\/p>\n<p style=\"font-weight: 300;\">En fazla TBMM Ba\u015fkan\u0131 \u00e7\u0131karan il \u0130stanbul oldu. Se\u00e7im \u00e7evresi \u0130stanbul olan Ali Fethi Okyar, Kaz\u0131m Karabekir, Ferruh Bozbeyli, \u0130smail Kahraman ve Numan Kurtulmu\u015f TBMM Ba\u015fkanl\u0131\u011f\u0131 g\u00f6revini \u00fcstlendi.<\/p>\n<\/p><\/div>\n<p><script async\n                    defer\n                    crossorigin=\"anonymous\"\n                    src=\"https:\/\/connect.facebook.net\/tr_TR\/sdk.js#xfbml=1&#038;version=v3.3\"\n            ><\/script><\/p>\n","protected":false},"excerpt":{"rendered":"<p>\u00a0 \u00a0 \u00a0 TBMM Genel Kurulunda, 28. Yasama D\u00f6nemi \u0130kinci Devre Meclis Ba\u015fkan\u0131 se\u00e7imi yap\u0131lacak. AK Parti, TBMM Ba\u015fkan\u0131 ve \u0130stanbul Milletvekili Numan Kurtulmu\u015f\u2019u aday g\u00f6sterdi.\u00a0CHP, Artvin Milletvekili U\u011fur Bayraktutan\u2019\u0131n; DEM Parti, Diyarbak\u0131r Milletvekili Osman Cengiz \u00c7andar\u2019\u0131n; \u0130Y\u0130 Parti, \u0130stanbul Milletvekili Mustafa Cihan Pa\u00e7ac\u0131\u2019n\u0131n; Yeni Yol Partisi ise Samsun Milletvekili Mehmet Karaman\u2019\u0131n ismini meclis ba\u015fkan\u0131 [&hellip;]<\/p>\n","protected":false},"author":1,"featured_media":26203,"comment_status":"open","ping_status":"open","sticky":false,"template":"","format":"standard","meta":{"jnews-multi-image_gallery":[],"jnews_single_post":[],"jnews_primary_category":[],"jnews_social_meta":[],"jnews_override_counter":[],"footnotes":""},"categories":[5],"tags":[],"class_list":["post-26202","post","type-post","status-publish","format-standard","has-post-thumbnail","hentry","category-turkiye"],"yoast_head":"<!-- This site is optimized with the Yoast SEO plugin v27.5 - https:\/\/yoast.com\/product\/yoast-seo-wordpress\/ -->\n<title>TBMM\u2019de ba\u015fkanl\u0131k se\u00e7imi yap\u0131lacak - Haber Ver K\u0131br\u0131s<\/title>\n<meta name=\"robots\" content=\"index, follow, max-snippet:-1, max-image-preview:large, max-video-preview:-1\" \/>\n<link rel=\"canonical\" href=\"https:\/\/haberverkibris.com\/index.php\/2025\/06\/03\/tbmmde-baskanlik-secimi-yapilacak\/\" \/>\n<meta property=\"og:locale\" content=\"tr_TR\" \/>\n<meta property=\"og:type\" content=\"article\" \/>\n<meta property=\"og:title\" content=\"TBMM\u2019de ba\u015fkanl\u0131k se\u00e7imi yap\u0131lacak - Haber Ver K\u0131br\u0131s\" \/>\n<meta property=\"og:description\" content=\"\u00a0 \u00a0 \u00a0 TBMM Genel Kurulunda, 28. Yasama D\u00f6nemi \u0130kinci Devre Meclis Ba\u015fkan\u0131 se\u00e7imi yap\u0131lacak. AK Parti, TBMM Ba\u015fkan\u0131 ve \u0130stanbul Milletvekili Numan Kurtulmu\u015f\u2019u aday g\u00f6sterdi.\u00a0CHP, Artvin Milletvekili U\u011fur Bayraktutan\u2019\u0131n; DEM Parti, Diyarbak\u0131r Milletvekili Osman Cengiz \u00c7andar\u2019\u0131n; \u0130Y\u0130 Parti, \u0130stanbul Milletvekili Mustafa Cihan Pa\u00e7ac\u0131\u2019n\u0131n; Yeni Yol Partisi ise Samsun Milletvekili Mehmet Karaman\u2019\u0131n ismini meclis ba\u015fkan\u0131 [&hellip;]\" \/>\n<meta property=\"og:url\" content=\"https:\/\/haberverkibris.com\/index.php\/2025\/06\/03\/tbmmde-baskanlik-secimi-yapilacak\/\" \/>\n<meta property=\"og:site_name\" content=\"Haber Ver K\u0131br\u0131s\" \/>\n<meta property=\"article:publisher\" content=\"https:\/\/www.facebook.com\/kuzeyinsesii\" \/>\n<meta property=\"article:published_time\" content=\"2025-06-03T07:03:33+00:00\" \/>\n<meta property=\"og:image\" content=\"https:\/\/brtk.net\/wp-content\/uploads\/2025\/06\/03\/gjgjhg.jpg?ver=8e76f4278e5a60440267aa0c9b4d81c5\" \/>\n<meta name=\"author\" content=\"Haberver K\u0131br\u0131s\" \/>\n<meta name=\"twitter:card\" content=\"summary_large_image\" \/>\n<meta name=\"twitter:creator\" content=\"@kuzeyinsesii\" \/>\n<meta name=\"twitter:site\" content=\"@kuzeyinsesii\" \/>\n<meta name=\"twitter:label1\" content=\"Yazan:\" \/>\n\t<meta name=\"twitter:data1\" content=\"Haberver K\u0131br\u0131s\" \/>\n\t<meta name=\"twitter:label2\" content=\"Tahmini okuma s\u00fcresi\" \/>\n\t<meta name=\"twitter:data2\" content=\"1 dakika\" \/>\n<script type=\"application\/ld+json\" class=\"yoast-schema-graph\">{\"@context\":\"https:\\\/\\\/schema.org\",\"@graph\":[{\"@type\":\"Article\",\"@id\":\"https:\\\/\\\/haberverkibris.com\\\/index.php\\\/2025\\\/06\\\/03\\\/tbmmde-baskanlik-secimi-yapilacak\\\/#article\",\"isPartOf\":{\"@id\":\"https:\\\/\\\/haberverkibris.com\\\/index.php\\\/2025\\\/06\\\/03\\\/tbmmde-baskanlik-secimi-yapilacak\\\/\"},\"author\":{\"name\":\"Haberver K\u0131br\u0131s\",\"@id\":\"https:\\\/\\\/haberverkibris.com\\\/#\\\/schema\\\/person\\\/29d65381ed43765483b5a185ded66a56\"},\"headline\":\"TBMM\u2019de ba\u015fkanl\u0131k se\u00e7imi yap\u0131lacak\",\"datePublished\":\"2025-06-03T07:03:33+00:00\",\"mainEntityOfPage\":{\"@id\":\"https:\\\/\\\/haberverkibris.com\\\/index.php\\\/2025\\\/06\\\/03\\\/tbmmde-baskanlik-secimi-yapilacak\\\/\"},\"wordCount\":291,\"commentCount\":0,\"image\":{\"@id\":\"https:\\\/\\\/haberverkibris.com\\\/index.php\\\/2025\\\/06\\\/03\\\/tbmmde-baskanlik-secimi-yapilacak\\\/#primaryimage\"},\"thumbnailUrl\":\"https:\\\/\\\/haberverkibris.com\\\/wp-content\\\/uploads\\\/2025\\\/06\\\/gjgjhg.jpg\",\"articleSection\":[\"T\u00fcrkiye\"],\"inLanguage\":\"tr\",\"potentialAction\":[{\"@type\":\"CommentAction\",\"name\":\"Comment\",\"target\":[\"https:\\\/\\\/haberverkibris.com\\\/index.php\\\/2025\\\/06\\\/03\\\/tbmmde-baskanlik-secimi-yapilacak\\\/#respond\"]}]},{\"@type\":\"WebPage\",\"@id\":\"https:\\\/\\\/haberverkibris.com\\\/index.php\\\/2025\\\/06\\\/03\\\/tbmmde-baskanlik-secimi-yapilacak\\\/\",\"url\":\"https:\\\/\\\/haberverkibris.com\\\/index.php\\\/2025\\\/06\\\/03\\\/tbmmde-baskanlik-secimi-yapilacak\\\/\",\"name\":\"TBMM\u2019de ba\u015fkanl\u0131k se\u00e7imi yap\u0131lacak - Haber Ver K\u0131br\u0131s\",\"isPartOf\":{\"@id\":\"https:\\\/\\\/haberverkibris.com\\\/#website\"},\"primaryImageOfPage\":{\"@id\":\"https:\\\/\\\/haberverkibris.com\\\/index.php\\\/2025\\\/06\\\/03\\\/tbmmde-baskanlik-secimi-yapilacak\\\/#primaryimage\"},\"image\":{\"@id\":\"https:\\\/\\\/haberverkibris.com\\\/index.php\\\/2025\\\/06\\\/03\\\/tbmmde-baskanlik-secimi-yapilacak\\\/#primaryimage\"},\"thumbnailUrl\":\"https:\\\/\\\/haberverkibris.com\\\/wp-content\\\/uploads\\\/2025\\\/06\\\/gjgjhg.jpg\",\"datePublished\":\"2025-06-03T07:03:33+00:00\",\"author\":{\"@id\":\"https:\\\/\\\/haberverkibris.com\\\/#\\\/schema\\\/person\\\/29d65381ed43765483b5a185ded66a56\"},\"breadcrumb\":{\"@id\":\"https:\\\/\\\/haberverkibris.com\\\/index.php\\\/2025\\\/06\\\/03\\\/tbmmde-baskanlik-secimi-yapilacak\\\/#breadcrumb\"},\"inLanguage\":\"tr\",\"potentialAction\":[{\"@type\":\"ReadAction\",\"target\":[\"https:\\\/\\\/haberverkibris.com\\\/index.php\\\/2025\\\/06\\\/03\\\/tbmmde-baskanlik-secimi-yapilacak\\\/\"]}]},{\"@type\":\"ImageObject\",\"inLanguage\":\"tr\",\"@id\":\"https:\\\/\\\/haberverkibris.com\\\/index.php\\\/2025\\\/06\\\/03\\\/tbmmde-baskanlik-secimi-yapilacak\\\/#primaryimage\",\"url\":\"https:\\\/\\\/haberverkibris.com\\\/wp-content\\\/uploads\\\/2025\\\/06\\\/gjgjhg.jpg\",\"contentUrl\":\"https:\\\/\\\/haberverkibris.com\\\/wp-content\\\/uploads\\\/2025\\\/06\\\/gjgjhg.jpg\",\"width\":1280,\"height\":720},{\"@type\":\"BreadcrumbList\",\"@id\":\"https:\\\/\\\/haberverkibris.com\\\/index.php\\\/2025\\\/06\\\/03\\\/tbmmde-baskanlik-secimi-yapilacak\\\/#breadcrumb\",\"itemListElement\":[{\"@type\":\"ListItem\",\"position\":1,\"name\":\"Anasayfa\",\"item\":\"https:\\\/\\\/haberverkibris.com\\\/\"},{\"@type\":\"ListItem\",\"position\":2,\"name\":\"TBMM\u2019de ba\u015fkanl\u0131k se\u00e7imi yap\u0131lacak\"}]},{\"@type\":\"WebSite\",\"@id\":\"https:\\\/\\\/haberverkibris.com\\\/#website\",\"url\":\"https:\\\/\\\/haberverkibris.com\\\/\",\"name\":\"Kuzeyin Sesi\",\"description\":\"Do\u011fru Haberin Adresi\",\"potentialAction\":[{\"@type\":\"SearchAction\",\"target\":{\"@type\":\"EntryPoint\",\"urlTemplate\":\"https:\\\/\\\/haberverkibris.com\\\/?s={search_term_string}\"},\"query-input\":{\"@type\":\"PropertyValueSpecification\",\"valueRequired\":true,\"valueName\":\"search_term_string\"}}],\"inLanguage\":\"tr\"},{\"@type\":\"Person\",\"@id\":\"https:\\\/\\\/haberverkibris.com\\\/#\\\/schema\\\/person\\\/29d65381ed43765483b5a185ded66a56\",\"name\":\"Haberver K\u0131br\u0131s\",\"image\":{\"@type\":\"ImageObject\",\"inLanguage\":\"tr\",\"@id\":\"https:\\\/\\\/secure.gravatar.com\\\/avatar\\\/bab33852abfd8b282518d6ed81826833d77c3c882d9ab608add591ccace47a44?s=96&d=mm&r=g\",\"url\":\"https:\\\/\\\/secure.gravatar.com\\\/avatar\\\/bab33852abfd8b282518d6ed81826833d77c3c882d9ab608add591ccace47a44?s=96&d=mm&r=g\",\"contentUrl\":\"https:\\\/\\\/secure.gravatar.com\\\/avatar\\\/bab33852abfd8b282518d6ed81826833d77c3c882d9ab608add591ccace47a44?s=96&d=mm&r=g\",\"caption\":\"Haberver K\u0131br\u0131s\"},\"sameAs\":[\"https:\\\/\\\/haberverkibris.com\"],\"url\":\"https:\\\/\\\/haberverkibris.com\\\/index.php\\\/author\\\/guven\\\/\"}]}<\/script>\n<!-- \/ Yoast SEO plugin. -->","yoast_head_json":{"title":"TBMM\u2019de ba\u015fkanl\u0131k se\u00e7imi yap\u0131lacak - Haber Ver K\u0131br\u0131s","robots":{"index":"index","follow":"follow","max-snippet":"max-snippet:-1","max-image-preview":"max-image-preview:large","max-video-preview":"max-video-preview:-1"},"canonical":"https:\/\/haberverkibris.com\/index.php\/2025\/06\/03\/tbmmde-baskanlik-secimi-yapilacak\/","og_locale":"tr_TR","og_type":"article","og_title":"TBMM\u2019de ba\u015fkanl\u0131k se\u00e7imi yap\u0131lacak - Haber Ver K\u0131br\u0131s","og_description":"\u00a0 \u00a0 \u00a0 TBMM Genel Kurulunda, 28. Yasama D\u00f6nemi \u0130kinci Devre Meclis Ba\u015fkan\u0131 se\u00e7imi yap\u0131lacak. AK Parti, TBMM Ba\u015fkan\u0131 ve \u0130stanbul Milletvekili Numan Kurtulmu\u015f\u2019u aday g\u00f6sterdi.\u00a0CHP, Artvin Milletvekili U\u011fur Bayraktutan\u2019\u0131n; DEM Parti, Diyarbak\u0131r Milletvekili Osman Cengiz \u00c7andar\u2019\u0131n; \u0130Y\u0130 Parti, \u0130stanbul Milletvekili Mustafa Cihan Pa\u00e7ac\u0131\u2019n\u0131n; Yeni Yol Partisi ise Samsun Milletvekili Mehmet Karaman\u2019\u0131n ismini meclis ba\u015fkan\u0131 [&hellip;]","og_url":"https:\/\/haberverkibris.com\/index.php\/2025\/06\/03\/tbmmde-baskanlik-secimi-yapilacak\/","og_site_name":"Haber Ver K\u0131br\u0131s","article_publisher":"https:\/\/www.facebook.com\/kuzeyinsesii","article_published_time":"2025-06-03T07:03:33+00:00","og_image":[{"url":"https:\/\/brtk.net\/wp-content\/uploads\/2025\/06\/03\/gjgjhg.jpg?ver=8e76f4278e5a60440267aa0c9b4d81c5","type":"","width":"","height":""}],"author":"Haberver K\u0131br\u0131s","twitter_card":"summary_large_image","twitter_creator":"@kuzeyinsesii","twitter_site":"@kuzeyinsesii","twitter_misc":{"Yazan:":"Haberver K\u0131br\u0131s","Tahmini okuma s\u00fcresi":"1 dakika"},"schema":{"@context":"https:\/\/schema.org","@graph":[{"@type":"Article","@id":"https:\/\/haberverkibris.com\/index.php\/2025\/06\/03\/tbmmde-baskanlik-secimi-yapilacak\/#article","isPartOf":{"@id":"https:\/\/haberverkibris.com\/index.php\/2025\/06\/03\/tbmmde-baskanlik-secimi-yapilacak\/"},"author":{"name":"Haberver K\u0131br\u0131s","@id":"https:\/\/haberverkibris.com\/#\/schema\/person\/29d65381ed43765483b5a185ded66a56"},"headline":"TBMM\u2019de ba\u015fkanl\u0131k se\u00e7imi yap\u0131lacak","datePublished":"2025-06-03T07:03:33+00:00","mainEntityOfPage":{"@id":"https:\/\/haberverkibris.com\/index.php\/2025\/06\/03\/tbmmde-baskanlik-secimi-yapilacak\/"},"wordCount":291,"commentCount":0,"image":{"@id":"https:\/\/haberverkibris.com\/index.php\/2025\/06\/03\/tbmmde-baskanlik-secimi-yapilacak\/#primaryimage"},"thumbnailUrl":"https:\/\/haberverkibris.com\/wp-content\/uploads\/2025\/06\/gjgjhg.jpg","articleSection":["T\u00fcrkiye"],"inLanguage":"tr","potentialAction":[{"@type":"CommentAction","name":"Comment","target":["https:\/\/haberverkibris.com\/index.php\/2025\/06\/03\/tbmmde-baskanlik-secimi-yapilacak\/#respond"]}]},{"@type":"WebPage","@id":"https:\/\/haberverkibris.com\/index.php\/2025\/06\/03\/tbmmde-baskanlik-secimi-yapilacak\/","url":"https:\/\/haberverkibris.com\/index.php\/2025\/06\/03\/tbmmde-baskanlik-secimi-yapilacak\/","name":"TBMM\u2019de ba\u015fkanl\u0131k se\u00e7imi yap\u0131lacak - Haber Ver K\u0131br\u0131s","isPartOf":{"@id":"https:\/\/haberverkibris.com\/#website"},"primaryImageOfPage":{"@id":"https:\/\/haberverkibris.com\/index.php\/2025\/06\/03\/tbmmde-baskanlik-secimi-yapilacak\/#primaryimage"},"image":{"@id":"https:\/\/haberverkibris.com\/index.php\/2025\/06\/03\/tbmmde-baskanlik-secimi-yapilacak\/#primaryimage"},"thumbnailUrl":"https:\/\/haberverkibris.com\/wp-content\/uploads\/2025\/06\/gjgjhg.jpg","datePublished":"2025-06-03T07:03:33+00:00","author":{"@id":"https:\/\/haberverkibris.com\/#\/schema\/person\/29d65381ed43765483b5a185ded66a56"},"breadcrumb":{"@id":"https:\/\/haberverkibris.com\/index.php\/2025\/06\/03\/tbmmde-baskanlik-secimi-yapilacak\/#breadcrumb"},"inLanguage":"tr","potentialAction":[{"@type":"ReadAction","target":["https:\/\/haberverkibris.com\/index.php\/2025\/06\/03\/tbmmde-baskanlik-secimi-yapilacak\/"]}]},{"@type":"ImageObject","inLanguage":"tr","@id":"https:\/\/haberverkibris.com\/index.php\/2025\/06\/03\/tbmmde-baskanlik-secimi-yapilacak\/#primaryimage","url":"https:\/\/haberverkibris.com\/wp-content\/uploads\/2025\/06\/gjgjhg.jpg","contentUrl":"https:\/\/haberverkibris.com\/wp-content\/uploads\/2025\/06\/gjgjhg.jpg","width":1280,"height":720},{"@type":"BreadcrumbList","@id":"https:\/\/haberverkibris.com\/index.php\/2025\/06\/03\/tbmmde-baskanlik-secimi-yapilacak\/#breadcrumb","itemListElement":[{"@type":"ListItem","position":1,"name":"Anasayfa","item":"https:\/\/haberverkibris.com\/"},{"@type":"ListItem","position":2,"name":"TBMM\u2019de ba\u015fkanl\u0131k se\u00e7imi yap\u0131lacak"}]},{"@type":"WebSite","@id":"https:\/\/haberverkibris.com\/#website","url":"https:\/\/haberverkibris.com\/","name":"Kuzeyin Sesi","description":"Do\u011fru Haberin Adresi","potentialAction":[{"@type":"SearchAction","target":{"@type":"EntryPoint","urlTemplate":"https:\/\/haberverkibris.com\/?s={search_term_string}"},"query-input":{"@type":"PropertyValueSpecification","valueRequired":true,"valueName":"search_term_string"}}],"inLanguage":"tr"},{"@type":"Person","@id":"https:\/\/haberverkibris.com\/#\/schema\/person\/29d65381ed43765483b5a185ded66a56","name":"Haberver K\u0131br\u0131s","image":{"@type":"ImageObject","inLanguage":"tr","@id":"https:\/\/secure.gravatar.com\/avatar\/bab33852abfd8b282518d6ed81826833d77c3c882d9ab608add591ccace47a44?s=96&d=mm&r=g","url":"https:\/\/secure.gravatar.com\/avatar\/bab33852abfd8b282518d6ed81826833d77c3c882d9ab608add591ccace47a44?s=96&d=mm&r=g","contentUrl":"https:\/\/secure.gravatar.com\/avatar\/bab33852abfd8b282518d6ed81826833d77c3c882d9ab608add591ccace47a44?s=96&d=mm&r=g","caption":"Haberver K\u0131br\u0131s"},"sameAs":["https:\/\/haberverkibris.com"],"url":"https:\/\/haberverkibris.com\/index.php\/author\/guven\/"}]}},"_links":{"self":[{"href":"https:\/\/haberverkibris.com\/index.php\/wp-json\/wp\/v2\/posts\/26202","targetHints":{"allow":["GET"]}}],"collection":[{"href":"https:\/\/haberverkibris.com\/index.php\/wp-json\/wp\/v2\/posts"}],"about":[{"href":"https:\/\/haberverkibris.com\/index.php\/wp-json\/wp\/v2\/types\/post"}],"author":[{"embeddable":true,"href":"https:\/\/haberverkibris.com\/index.php\/wp-json\/wp\/v2\/users\/1"}],"replies":[{"embeddable":true,"href":"https:\/\/haberverkibris.com\/index.php\/wp-json\/wp\/v2\/comments?post=26202"}],"version-history":[{"count":0,"href":"https:\/\/haberverkibris.com\/index.php\/wp-json\/wp\/v2\/posts\/26202\/revisions"}],"wp:featuredmedia":[{"embeddable":true,"href":"https:\/\/haberverkibris.com\/index.php\/wp-json\/wp\/v2\/media\/26203"}],"wp:attachment":[{"href":"https:\/\/haberverkibris.com\/index.php\/wp-json\/wp\/v2\/media?parent=26202"}],"wp:term":[{"taxonomy":"category","embeddable":true,"href":"https:\/\/haberverkibris.com\/index.php\/wp-json\/wp\/v2\/categories?post=26202"},{"taxonomy":"post_tag","embeddable":true,"href":"https:\/\/haberverkibris.com\/index.php\/wp-json\/wp\/v2\/tags?post=26202"}],"curies":[{"name":"wp","href":"https:\/\/api.w.org\/{rel}","templated":true}]}}