{"id":24231,"date":"2025-05-06T12:01:33","date_gmt":"2025-05-06T09:01:33","guid":{"rendered":"https:\/\/haberverkibris.com\/index.php\/2025\/05\/06\/kktc-istanbul-baskonsolosu-turk-dunyasi-kultur-festivalinde-konustu-yillardir-yakilmayi-bekleyen-kardeslik-mesalesi-artik-yandi\/"},"modified":"2025-05-06T12:01:33","modified_gmt":"2025-05-06T09:01:33","slug":"kktc-istanbul-baskonsolosu-turk-dunyasi-kultur-festivalinde-konustu-yillardir-yakilmayi-bekleyen-kardeslik-mesalesi-artik-yandi","status":"publish","type":"post","link":"https:\/\/haberverkibris.com\/index.php\/2025\/05\/06\/kktc-istanbul-baskonsolosu-turk-dunyasi-kultur-festivalinde-konustu-yillardir-yakilmayi-bekleyen-kardeslik-mesalesi-artik-yandi\/","title":{"rendered":"KKTC \u0130stanbul Ba\u015fkonsolosu T\u00fcrk D\u00fcnyas\u0131 K\u00fclt\u00fcr Festivali\u2019nde konu\u015ftu: \u201cY\u0131llard\u0131r yak\u0131lmay\u0131 bekleyen karde\u015flik me\u015falesi art\u0131k yand\u0131\u201d"},"content":{"rendered":"<div>\n<div class=\"mariselle-image-container center\">\n                                            <\/div>\n<p>\u0130stanbul Medipol \u00dcniversitesinin Uluslararas\u0131 \u0130li\u015fkiler ve D\u0131\u015f Politikalar Kul\u00fcb\u00fc ile haz\u0131rlad\u0131\u011f\u0131 \u201cT\u00fcrk D\u00fcnyas\u0131 K\u00fclt\u00fcr Festivali\u201d, \u0130stanbul Medipol \u00dcniversitesi Kavac\u0131k Yerle\u015fkesi\u2019nde yap\u0131ld\u0131.<\/p>\n<p>T\u00fcrk d\u00fcnyas\u0131n\u0131n zengin k\u00fclt\u00fcrel miras\u0131n\u0131 tan\u0131tmak, \u00f6\u011frenciler aras\u0131nda k\u00fclt\u00fcrel fark\u0131ndal\u0131k olu\u015fturmak ve T\u00fcrk d\u00fcnyas\u0131na ait k\u00fclt\u00fcrel de\u011ferleri ya\u015fatarak gelecek ku\u015faklara aktarmak amac\u0131yla d\u00fczenlenen festivalde sekiz farkl\u0131 \u00fclkeden temsilciler yer ald\u0131.<\/p>\n<p>Festivalde, T\u00fcrk devletlerinden \u00f6\u011frencilerin kendi \u00fclkelerini temsil etti\u011fi alanlar\u0131n yan\u0131 s\u0131ra geleneksel ok\u00e7uluk, y\u00f6resel lezzetler, halk danslar\u0131, dombra ve enstr\u00fcmantal dinletileri, geleneksel k\u0131yafet sergileri, co\u011frafi mutfak tan\u0131t\u0131mlar\u0131, el sanatlar\u0131 at\u00f6lyeleri, ebru ve \u00e7ini uygulamalar\u0131, \u00fc\u00e7 ta\u015f ve mas g\u00fcre\u015fi gibi geleneksel oyunlar kat\u0131l\u0131mc\u0131lara sunuldu.<\/p>\n<p>A\u00e7\u0131l\u0131\u015fta konu\u015fan \u00d6zbekistan Cumhuriyeti \u0130stanbul Ba\u015fkonsolosu Sherzod Abdunazarov, festivalde olmaktan b\u00fcy\u00fck onur duydu\u011funu belirterek, \u201cBug\u00fcn burada \u00d6zbekistan\u2019\u0131 temsilen bulunuyor, vatan\u0131ma selamlar yolluyorum. Bu anlaml\u0131 festival, zengin ortak k\u00fclt\u00fcrel miras\u0131m\u0131z\u0131 birlikte kutlamam\u0131za ve aram\u0131zdaki karde\u015flik ba\u011flar\u0131n\u0131 daha da g\u00fc\u00e7lendirmemize vesile oluyor. G\u00fc\u00e7l\u00fc T\u00fcrk d\u00fcnyas\u0131 birli\u011fi i\u00e7in k\u00fclt\u00fcrel ve diplomatik alanlarda i\u015fbirli\u011fi yapman\u0131n ne kadar elzem oldu\u011funu hepimiz g\u00f6r\u00fcyoruz.\u201d dedi.<\/p>\n<p><em>\u2013 \u201cYa\u015fas\u0131n T\u00fcrk d\u00fcnyas\u0131n\u0131n karde\u015fli\u011fi\u201d<\/em><\/p>\n<p>Abdunazarov, ba\u011f\u0131ms\u0131zl\u0131klar\u0131ndan bu yana T\u00fcrk cumhuriyetleri aras\u0131nda siyasal ve k\u00fclt\u00fcrel yak\u0131nla\u015fman\u0131n h\u0131zla geli\u015fti\u011fini belirterek, \u015fu bilgileri verdi:<\/p>\n<p>\u201cBug\u00fcn T\u00fcrkiye, \u00d6zbekistan, Kazakistan, K\u0131rg\u0131zistan, Azerbaycan ve ba\u015fka karde\u015f devletler, T\u00fcrk Devletleri Te\u015fkilat\u0131 dairesinde birle\u015fti. Uluslararas\u0131 T\u00fcrk K\u00fclt\u00fcr\u00fc Te\u015fkilat\u0131 (T\u00dcRKSOY) gibi olu\u015fumlar ortak sanat ve edebiyat\u0131m\u0131z\u0131 birlikte d\u00fcnyaya tan\u0131t\u0131yor ve T\u00fcrk d\u00fcnyas\u0131n\u0131n birle\u015ftirici g\u00fcc\u00fc olmaya devam ediyor. Ekonomiden e\u011fitime, sanattan bilime kadar her alandaki ortak giri\u015fimlerimiz, ortak gelece\u011fi birlikte in\u015fa etme yolunda bizlere g\u00fc\u00e7 veriyor.\u201d<\/p>\n<p>Gen\u00e7lerin atalardan miras k\u00f6klere sahip, ulu T\u00fcrk \u00e7\u0131nar\u0131n\u0131n ye\u015feren yapraklar\u0131 oldu\u011funu s\u00f6yleyen Abdunazarov, \u201cT\u00fcrk d\u00fcnyas\u0131n\u0131n ortak k\u00fclt\u00fcr temelini en g\u00fczel \u00f6zetleyen d\u00fcstur, \u0130smail Gasp\u0131ral\u0131\u2019n\u0131n \u2018Dilde, fikirde, i\u015fte birlik\u2019 s\u00f6z\u00fcd\u00fcr. Biz Orta Asya\u2019dan Balkanlar\u2019a uzanan, geni\u015f co\u011frafyada ya\u015fayan, yakla\u015f\u0131k 300 milyonluk b\u00fcy\u00fck ailenin \u00fcyeleriyiz. Beraber hareket edersek gelecekte d\u00fcnyada y\u0131ld\u0131z gibi parlayaca\u011f\u0131z. Unutmayal\u0131m, birlikten kuvvet do\u011far. Ya\u015fas\u0131n T\u00fcrk d\u00fcnyas\u0131n\u0131n karde\u015fli\u011fi. T\u00fcrk d\u00fcnyas\u0131 halklar\u0131 aras\u0131ndaki dostluk daim olsun.\u201d de\u011ferlendirmesinde bulundu.<\/p>\n<p><em>\u2013 \u201cKKTC olarak bizlere umut veriyor\u201d<\/em><\/p>\n<p>Kuzey K\u0131br\u0131s T\u00fcrk Cumhuriyeti (KKTC) \u0130stanbul Ba\u015fkonsolosu \u00dclk\u00fc Alemdar da karde\u015flik ba\u011flar\u0131n\u0131 g\u00fc\u00e7lendiren festivalde ortak k\u00fclt\u00fcr\u00fcn kutland\u0131\u011f\u0131n\u0131 aktard\u0131.<\/p>\n<p>Alemdar, festival kapsam\u0131nda gelece\u011fi \u015fekillendirme yolunda bir tu\u011fla da gen\u00e7lerin koydu\u011funu s\u00f6yleyerek, \u201cAvrasya\u2019n\u0131n, yani g\u00f6n\u00fcl co\u011frafyam\u0131z\u0131n d\u00f6rt bir yan\u0131ndan T\u00fcrkiye\u2019ye e\u011fitim g\u00f6rmeye gelen gen\u00e7leri burada g\u00f6rmek, Kuzey K\u0131br\u0131s T\u00fcrk Cumhuriyeti olarak bizlere de umut ve gurur veriyor. Bu etkinlik sadece festival de\u011fil, ayn\u0131 zamanda g\u00f6n\u00fcl birli\u011fiyle g\u00fc\u00e7lenen karde\u015flik ba\u011flar\u0131m\u0131z\u0131n ve ortak gelecek kurma arzumuzun tezah\u00fcrlerinden biridir.\u201d ifadelerini kulland\u0131.<\/p>\n<p>Bu t\u00fcr etkinliklerde kurulan dostluklar\u0131n mezuniyet sonras\u0131 i\u015fbirli\u011fine d\u00f6n\u00fc\u015ferek T\u00fcrk d\u00fcnyas\u0131n\u0131n birlik ruhunu peki\u015ftirece\u011fine inand\u0131\u011f\u0131n\u0131 kaydeden Alemdar, \u201c\u00dcniversite gen\u00e7li\u011finin dinamizm ve enerjisi, inanc\u0131 ve ortak k\u00fclt\u00fcrel ba\u011flar\u0131m\u0131za yo\u011frulan bu ve benzeri etkinliklerin yarataca\u011f\u0131 sinerjiyle birlikte yazaca\u011f\u0131m\u0131z b\u00fcy\u00fck hikayenin altyap\u0131s\u0131n\u0131 ve ilk sat\u0131rlar\u0131n\u0131 te\u015fkil etmektedir.\u201d diye konu\u015ftu.<\/p>\n<p><em>\u2013 \u201cY\u0131llard\u0131r yak\u0131lmay\u0131 bekleyen karde\u015flik me\u015falesi art\u0131k yand\u0131\u201d<\/em><\/p>\n<p>\u00dclk\u00fc Alemdar, T\u00fcrk d\u00fcnyas\u0131n\u0131n tarih boyunca k\u00fclt\u00fcr\u00fc, dayan\u0131\u015fmas\u0131, azmi ve T\u00fcrk ruhuyla var oldu\u011funu vurgulayarak, \u015f\u00f6yle devam etti:<\/p>\n<p>\u201c(T\u00fcrk d\u00fcnyas\u0131) Kendilerine kar\u015f\u0131 olu\u015fan meydan okumalardan hi\u00e7 korkmad\u0131, onlar\u0131 cesaret ve kararl\u0131l\u0131\u011f\u0131yla a\u015ft\u0131. Bug\u00fcn de ayn\u0131 ruhla burada bulunuyoruz. Biliyoruz ki kal\u0131c\u0131 dostluklar ve i\u015fbirlikleri sadece resmi anla\u015fmalarla de\u011fil, g\u00f6n\u00fclden kurulan ba\u011flarla da in\u015fa edilir. D\u0131\u015f politikada ulusal \u00e7\u0131karlar \u00f6nemli belirleyicidir ancak ulusal \u00e7\u0131karlar\u0131m\u0131z i\u00e7in omuz omuza y\u00fcr\u00fcyerek ilerlersek, d\u00fcnyaya kar\u015f\u0131 tek ses, tek y\u00fcrek olabilirsek b\u00f6yle bir ailede bulunmak hepimizin hayali ve hedefi olur.\u201d<\/p>\n<p>Y\u0131llard\u0131r yak\u0131lmay\u0131 bekleyen karde\u015flik me\u015falesinin art\u0131k yand\u0131\u011f\u0131n\u0131 aktaran Alemdar, \u201cS\u0131ra, o me\u015falenin T\u00fcrk Devletleri Te\u015fkilat\u0131 \u00e7at\u0131s\u0131 alt\u0131nda \u0131\u015f\u0131k sa\u00e7maya ba\u015flamas\u0131 a\u015famas\u0131na gelmi\u015ftir. Bu me\u015fale art\u0131k siz gen\u00e7lerin ellerinde. Onu g\u00f6n\u00fcl co\u011frafyam\u0131zda \u0131\u015f\u0131k sa\u00e7ar hale getirecek, ileri ta\u015f\u0131yacak ve bu co\u011frafyay\u0131 parlatacak olan sizlersiniz. \u0130nan\u0131yorum ki sizlerin \u00e7abalar\u0131yla bir g\u00fcn T\u00fcrk Devletleri Te\u015fkilat\u0131 \u00fclkeleri, milli bayramlar\u0131na T\u00fcrk g\u00fcn\u00fcn\u00fc de ekleyecek ve her 3 May\u0131s, t\u00fcm karde\u015f \u00fclkelerde e\u015f zamanl\u0131 milli bayram olarak kutlanacak.\u201d dedi.<\/p>\n<p><em>\u2013 \u201cBundan sonra \u00e7ok daha s\u0131k g\u00f6r\u00fc\u015fece\u011fiz\u201d<\/em><\/p>\n<p>\u0130stanbul Medipol \u00dcniversitesi Genel Sekreteri Do\u00e7. Dr. Semih Korkut da yakla\u015f\u0131k 50 bin \u00f6\u011frenciye e\u011fitim verdiklerini belirterek, \u015funlar\u0131 kaydetti:<\/p>\n<p>\u201cD\u00f6nem d\u00f6nem de\u011fi\u015fmekle birlikle \u00f6\u011frencilerimizin y\u00fczde 20\u2019si uluslararas\u0131 \u00f6\u011frenci. Mutluluk ve gururla s\u00f6yl\u00fcyorum ki bu konuda T\u00fcrkiye\u2019de bir numaray\u0131z, en iyiyiz. Bu \u00f6\u011frencilerimizin de b\u00fcy\u00fck k\u0131sm\u0131 T\u00fcrki cumhuriyetlerden gelen misafirlerimiz. Bu alan\u0131 gezdi\u011fimizde bir kez daha g\u00f6r\u00fcyorum ki yemeklerimiz, k\u00fclt\u00fcr\u00fcm\u00fcz, dilimiz ayn\u0131. \u0130\u015fbirli\u011fimizi biraz daha art\u0131rmam\u0131z gerekiyor. O \u00fclkeleri g\u00f6rmek, daha s\u0131k g\u00f6r\u00fc\u015fmek gerekiyor. Ortak k\u00fclt\u00fcr\u00fcm\u00fcz, yap\u0131m\u0131z var. \u0130n\u015fallah bundan sonra \u00e7ok daha s\u0131k g\u00f6r\u00fc\u015fecek, birlikte olaca\u011f\u0131z.\u201d<\/p>\n<p><em>\u2013 \u201cBiz T\u00fcrkmenistanl\u0131lar g\u00f6steri\u015fi ve \u015fatafat\u0131 \u00e7ok severiz\u201d<\/em><\/p>\n<p>T\u00fcrkmenistan stand\u0131nda bulunan Aziza Shukurova ise \u00e7ok heyecanl\u0131 olduklar\u0131n\u0131 dile getirerek, \u201c\u00c7\u00fcnk\u00fc yabanc\u0131 bir \u00fclkede kendi \u00fclkemizi temsil etmek gurur verici. Bunun yan\u0131 s\u0131ra kendi k\u00fclt\u00fcr\u00fcm\u00fcz\u00fc, yemeklerimizi arkada\u015flar\u0131m\u0131za tan\u0131tmak bizim i\u00e7in ger\u00e7ekten gururdur. Cumhurba\u015fkan\u0131m\u0131z ve bizi destekleyen ailemiz sayesinde yurt d\u0131\u015f\u0131nda e\u011fitim alma hakk\u0131 kazand\u0131k ve gitti\u011fimiz her yerde \u00fclkemizi, T\u00fcrkmenistan\u2019\u0131 en iyi \u015fekilde temsil etmek i\u00e7in b\u00fct\u00fcn gen\u00e7lerimiz bir araday\u0131z.\u201d dedi.<\/p>\n<p>Gelin ve damat k\u0131yafetinin de stantlar\u0131nda g\u00f6r\u00fclebilece\u011finin alt\u0131n\u0131 \u00e7izen Shukurova, \u015funlar\u0131 s\u00f6yledi:<\/p>\n<p>\u201cAtalar\u0131m\u0131z\u0131n d\u00fc\u011f\u00fcnlerde giydi\u011fi gelin e\u015fiklerimiz var. Biz T\u00fcrkmenistanl\u0131lar g\u00f6steri\u015fi ve \u015fatafat\u0131 \u00e7ok severiz ve hepimiz k\u0131zlar\u0131m\u0131z\u0131, gelirlerimizi s\u00fcsleyen \u2018\u015fay\u2019lar\u0131m\u0131z\u0131 takt\u0131k. \u00dczerimizde g\u00f6rd\u00fc\u011f\u00fcn\u00fcz tak\u0131lara \u015fay denir. Hepsi y\u00f6resel motiflerle i\u015flenmi\u015ftir. Bir de damad\u0131m\u0131z var. Yi\u011fitli\u011fi temsil eden k\u0131yafetlerini \u00fczerinde ta\u015f\u0131maktad\u0131r. El yap\u0131m\u0131 hal\u0131lar\u0131m\u0131zdan yap\u0131lm\u0131\u015f \u00e7antalar, c\u00fczdanlar\u0131 ve eski \u00f6rf, adetlerimize g\u00f6re yap\u0131lm\u0131\u015f \u00e7ay\u0131m\u0131z var. \u00d6zel demleme y\u00f6ntemiyle yap\u0131l\u0131r ve \u00e7ay\u0131m\u0131z\u0131n \u00e7ok \u015fifal\u0131 oldu\u011funu s\u00f6ylerler. \u00dclkemize ait getirebildi\u011fimiz kadar motiflerimizi, el i\u015flerimizi getirdik. Bu organizasyonu yapan herkese \u00e7ok te\u015fekk\u00fcr ediyoruz.\u201d<\/p>\n<p>Sahne performanslar\u0131, konserler ve dans g\u00f6sterilerinin de kat\u0131l\u0131mc\u0131lara sunuldu\u011fu festivalde, D\u00fcnya \u00d6zbekistan Gen\u00e7leri Cemiyeti T\u00fcrkiye Ba\u015fkan\u0131 Dr. Ergash Jumaev ile \u00d6zbekistan K\u00fclt\u00fcr Dayan\u0131\u015fma ve \u0130\u015f Birli\u011fi Derne\u011fi Ba\u015fkan\u0131 \u00c7okay Ko\u00e7ar da izleyiciler aras\u0131nda yer ald\u0131.<\/p>\n<\/p><\/div>\n<p><script async\n                    defer\n                    crossorigin=\"anonymous\"\n                    src=\"https:\/\/connect.facebook.net\/tr_TR\/sdk.js#xfbml=1&#038;version=v3.3\"\n            ><\/script><\/p>\n","protected":false},"excerpt":{"rendered":"<p>\u0130stanbul Medipol \u00dcniversitesinin Uluslararas\u0131 \u0130li\u015fkiler ve D\u0131\u015f Politikalar Kul\u00fcb\u00fc ile haz\u0131rlad\u0131\u011f\u0131 \u201cT\u00fcrk D\u00fcnyas\u0131 K\u00fclt\u00fcr Festivali\u201d, \u0130stanbul Medipol \u00dcniversitesi Kavac\u0131k Yerle\u015fkesi\u2019nde yap\u0131ld\u0131. T\u00fcrk d\u00fcnyas\u0131n\u0131n zengin k\u00fclt\u00fcrel miras\u0131n\u0131 tan\u0131tmak, \u00f6\u011frenciler aras\u0131nda k\u00fclt\u00fcrel fark\u0131ndal\u0131k olu\u015fturmak ve T\u00fcrk d\u00fcnyas\u0131na ait k\u00fclt\u00fcrel de\u011ferleri ya\u015fatarak gelecek ku\u015faklara aktarmak amac\u0131yla d\u00fczenlenen festivalde sekiz farkl\u0131 \u00fclkeden temsilciler yer ald\u0131. Festivalde, T\u00fcrk devletlerinden \u00f6\u011frencilerin [&hellip;]<\/p>\n","protected":false},"author":1,"featured_media":24232,"comment_status":"open","ping_status":"open","sticky":false,"template":"","format":"standard","meta":{"jnews-multi-image_gallery":[],"jnews_single_post":[],"jnews_primary_category":[],"jnews_social_meta":[],"jnews_override_counter":[],"footnotes":""},"categories":[6],"tags":[],"class_list":["post-24231","post","type-post","status-publish","format-standard","has-post-thumbnail","hentry","category-yasam"],"yoast_head":"<!-- This site is optimized with the Yoast SEO plugin v27.5 - https:\/\/yoast.com\/product\/yoast-seo-wordpress\/ -->\n<title>KKTC \u0130stanbul Ba\u015fkonsolosu T\u00fcrk D\u00fcnyas\u0131 K\u00fclt\u00fcr Festivali\u2019nde konu\u015ftu: \u201cY\u0131llard\u0131r yak\u0131lmay\u0131 bekleyen karde\u015flik me\u015falesi art\u0131k yand\u0131\u201d - Haber Ver K\u0131br\u0131s<\/title>\n<meta name=\"robots\" content=\"index, follow, max-snippet:-1, max-image-preview:large, max-video-preview:-1\" \/>\n<link rel=\"canonical\" href=\"https:\/\/haberverkibris.com\/index.php\/2025\/05\/06\/kktc-istanbul-baskonsolosu-turk-dunyasi-kultur-festivalinde-konustu-yillardir-yakilmayi-bekleyen-kardeslik-mesalesi-artik-yandi\/\" \/>\n<meta property=\"og:locale\" content=\"tr_TR\" \/>\n<meta property=\"og:type\" content=\"article\" \/>\n<meta property=\"og:title\" content=\"KKTC \u0130stanbul Ba\u015fkonsolosu T\u00fcrk D\u00fcnyas\u0131 K\u00fclt\u00fcr Festivali\u2019nde konu\u015ftu: \u201cY\u0131llard\u0131r yak\u0131lmay\u0131 bekleyen karde\u015flik me\u015falesi art\u0131k yand\u0131\u201d - Haber Ver K\u0131br\u0131s\" \/>\n<meta property=\"og:description\" content=\"\u0130stanbul Medipol \u00dcniversitesinin Uluslararas\u0131 \u0130li\u015fkiler ve D\u0131\u015f Politikalar Kul\u00fcb\u00fc ile haz\u0131rlad\u0131\u011f\u0131 \u201cT\u00fcrk D\u00fcnyas\u0131 K\u00fclt\u00fcr Festivali\u201d, \u0130stanbul Medipol \u00dcniversitesi Kavac\u0131k Yerle\u015fkesi\u2019nde yap\u0131ld\u0131. T\u00fcrk d\u00fcnyas\u0131n\u0131n zengin k\u00fclt\u00fcrel miras\u0131n\u0131 tan\u0131tmak, \u00f6\u011frenciler aras\u0131nda k\u00fclt\u00fcrel fark\u0131ndal\u0131k olu\u015fturmak ve T\u00fcrk d\u00fcnyas\u0131na ait k\u00fclt\u00fcrel de\u011ferleri ya\u015fatarak gelecek ku\u015faklara aktarmak amac\u0131yla d\u00fczenlenen festivalde sekiz farkl\u0131 \u00fclkeden temsilciler yer ald\u0131. Festivalde, T\u00fcrk devletlerinden \u00f6\u011frencilerin [&hellip;]\" \/>\n<meta property=\"og:url\" content=\"https:\/\/haberverkibris.com\/index.php\/2025\/05\/06\/kktc-istanbul-baskonsolosu-turk-dunyasi-kultur-festivalinde-konustu-yillardir-yakilmayi-bekleyen-kardeslik-mesalesi-artik-yandi\/\" \/>\n<meta property=\"og:site_name\" content=\"Haber Ver K\u0131br\u0131s\" \/>\n<meta property=\"article:publisher\" content=\"https:\/\/www.facebook.com\/kuzeyinsesii\" \/>\n<meta property=\"article:published_time\" content=\"2025-05-06T09:01:33+00:00\" \/>\n<meta property=\"og:image\" content=\"https:\/\/brtk.net\/wp-content\/uploads\/2025\/05\/06\/1746519872399AA-20250506-37857503-37857490-TURK_DEVLETLERINDEN_OGRENCILER_TURK_DUNYASI_KULTUR_FESTIVALINDE_BULUSTU.jpg?ver=d907a1d30a90c536b714a7fb00939b72\" \/>\n<meta name=\"author\" content=\"Haberver K\u0131br\u0131s\" \/>\n<meta name=\"twitter:card\" content=\"summary_large_image\" \/>\n<meta name=\"twitter:creator\" content=\"@kuzeyinsesii\" \/>\n<meta name=\"twitter:site\" content=\"@kuzeyinsesii\" \/>\n<meta name=\"twitter:label1\" content=\"Yazan:\" \/>\n\t<meta name=\"twitter:data1\" content=\"Haberver K\u0131br\u0131s\" \/>\n\t<meta name=\"twitter:label2\" content=\"Tahmini okuma s\u00fcresi\" \/>\n\t<meta name=\"twitter:data2\" content=\"7 dakika\" \/>\n<script type=\"application\/ld+json\" class=\"yoast-schema-graph\">{\"@context\":\"https:\\\/\\\/schema.org\",\"@graph\":[{\"@type\":\"Article\",\"@id\":\"https:\\\/\\\/haberverkibris.com\\\/index.php\\\/2025\\\/05\\\/06\\\/kktc-istanbul-baskonsolosu-turk-dunyasi-kultur-festivalinde-konustu-yillardir-yakilmayi-bekleyen-kardeslik-mesalesi-artik-yandi\\\/#article\",\"isPartOf\":{\"@id\":\"https:\\\/\\\/haberverkibris.com\\\/index.php\\\/2025\\\/05\\\/06\\\/kktc-istanbul-baskonsolosu-turk-dunyasi-kultur-festivalinde-konustu-yillardir-yakilmayi-bekleyen-kardeslik-mesalesi-artik-yandi\\\/\"},\"author\":{\"name\":\"Haberver K\u0131br\u0131s\",\"@id\":\"https:\\\/\\\/haberverkibris.com\\\/#\\\/schema\\\/person\\\/29d65381ed43765483b5a185ded66a56\"},\"headline\":\"KKTC \u0130stanbul Ba\u015fkonsolosu T\u00fcrk D\u00fcnyas\u0131 K\u00fclt\u00fcr Festivali\u2019nde konu\u015ftu: \u201cY\u0131llard\u0131r yak\u0131lmay\u0131 bekleyen karde\u015flik me\u015falesi art\u0131k yand\u0131\u201d\",\"datePublished\":\"2025-05-06T09:01:33+00:00\",\"mainEntityOfPage\":{\"@id\":\"https:\\\/\\\/haberverkibris.com\\\/index.php\\\/2025\\\/05\\\/06\\\/kktc-istanbul-baskonsolosu-turk-dunyasi-kultur-festivalinde-konustu-yillardir-yakilmayi-bekleyen-kardeslik-mesalesi-artik-yandi\\\/\"},\"wordCount\":1389,\"commentCount\":0,\"image\":{\"@id\":\"https:\\\/\\\/haberverkibris.com\\\/index.php\\\/2025\\\/05\\\/06\\\/kktc-istanbul-baskonsolosu-turk-dunyasi-kultur-festivalinde-konustu-yillardir-yakilmayi-bekleyen-kardeslik-mesalesi-artik-yandi\\\/#primaryimage\"},\"thumbnailUrl\":\"https:\\\/\\\/haberverkibris.com\\\/wp-content\\\/uploads\\\/2025\\\/05\\\/1746519872399AA-20250506-37857503-37857490-TURK_DEVLETLERINDEN_OGRENCILER_TURK_DUNYASI_KULTUR_FESTIV.jpeg\",\"articleSection\":[\"Ya\u015fam\"],\"inLanguage\":\"tr\",\"potentialAction\":[{\"@type\":\"CommentAction\",\"name\":\"Comment\",\"target\":[\"https:\\\/\\\/haberverkibris.com\\\/index.php\\\/2025\\\/05\\\/06\\\/kktc-istanbul-baskonsolosu-turk-dunyasi-kultur-festivalinde-konustu-yillardir-yakilmayi-bekleyen-kardeslik-mesalesi-artik-yandi\\\/#respond\"]}]},{\"@type\":\"WebPage\",\"@id\":\"https:\\\/\\\/haberverkibris.com\\\/index.php\\\/2025\\\/05\\\/06\\\/kktc-istanbul-baskonsolosu-turk-dunyasi-kultur-festivalinde-konustu-yillardir-yakilmayi-bekleyen-kardeslik-mesalesi-artik-yandi\\\/\",\"url\":\"https:\\\/\\\/haberverkibris.com\\\/index.php\\\/2025\\\/05\\\/06\\\/kktc-istanbul-baskonsolosu-turk-dunyasi-kultur-festivalinde-konustu-yillardir-yakilmayi-bekleyen-kardeslik-mesalesi-artik-yandi\\\/\",\"name\":\"KKTC \u0130stanbul Ba\u015fkonsolosu T\u00fcrk D\u00fcnyas\u0131 K\u00fclt\u00fcr Festivali\u2019nde konu\u015ftu: \u201cY\u0131llard\u0131r yak\u0131lmay\u0131 bekleyen karde\u015flik me\u015falesi art\u0131k yand\u0131\u201d - Haber Ver K\u0131br\u0131s\",\"isPartOf\":{\"@id\":\"https:\\\/\\\/haberverkibris.com\\\/#website\"},\"primaryImageOfPage\":{\"@id\":\"https:\\\/\\\/haberverkibris.com\\\/index.php\\\/2025\\\/05\\\/06\\\/kktc-istanbul-baskonsolosu-turk-dunyasi-kultur-festivalinde-konustu-yillardir-yakilmayi-bekleyen-kardeslik-mesalesi-artik-yandi\\\/#primaryimage\"},\"image\":{\"@id\":\"https:\\\/\\\/haberverkibris.com\\\/index.php\\\/2025\\\/05\\\/06\\\/kktc-istanbul-baskonsolosu-turk-dunyasi-kultur-festivalinde-konustu-yillardir-yakilmayi-bekleyen-kardeslik-mesalesi-artik-yandi\\\/#primaryimage\"},\"thumbnailUrl\":\"https:\\\/\\\/haberverkibris.com\\\/wp-content\\\/uploads\\\/2025\\\/05\\\/1746519872399AA-20250506-37857503-37857490-TURK_DEVLETLERINDEN_OGRENCILER_TURK_DUNYASI_KULTUR_FESTIV.jpeg\",\"datePublished\":\"2025-05-06T09:01:33+00:00\",\"author\":{\"@id\":\"https:\\\/\\\/haberverkibris.com\\\/#\\\/schema\\\/person\\\/29d65381ed43765483b5a185ded66a56\"},\"breadcrumb\":{\"@id\":\"https:\\\/\\\/haberverkibris.com\\\/index.php\\\/2025\\\/05\\\/06\\\/kktc-istanbul-baskonsolosu-turk-dunyasi-kultur-festivalinde-konustu-yillardir-yakilmayi-bekleyen-kardeslik-mesalesi-artik-yandi\\\/#breadcrumb\"},\"inLanguage\":\"tr\",\"potentialAction\":[{\"@type\":\"ReadAction\",\"target\":[\"https:\\\/\\\/haberverkibris.com\\\/index.php\\\/2025\\\/05\\\/06\\\/kktc-istanbul-baskonsolosu-turk-dunyasi-kultur-festivalinde-konustu-yillardir-yakilmayi-bekleyen-kardeslik-mesalesi-artik-yandi\\\/\"]}]},{\"@type\":\"ImageObject\",\"inLanguage\":\"tr\",\"@id\":\"https:\\\/\\\/haberverkibris.com\\\/index.php\\\/2025\\\/05\\\/06\\\/kktc-istanbul-baskonsolosu-turk-dunyasi-kultur-festivalinde-konustu-yillardir-yakilmayi-bekleyen-kardeslik-mesalesi-artik-yandi\\\/#primaryimage\",\"url\":\"https:\\\/\\\/haberverkibris.com\\\/wp-content\\\/uploads\\\/2025\\\/05\\\/1746519872399AA-20250506-37857503-37857490-TURK_DEVLETLERINDEN_OGRENCILER_TURK_DUNYASI_KULTUR_FESTIV.jpeg\",\"contentUrl\":\"https:\\\/\\\/haberverkibris.com\\\/wp-content\\\/uploads\\\/2025\\\/05\\\/1746519872399AA-20250506-37857503-37857490-TURK_DEVLETLERINDEN_OGRENCILER_TURK_DUNYASI_KULTUR_FESTIV.jpeg\",\"width\":768,\"height\":432},{\"@type\":\"BreadcrumbList\",\"@id\":\"https:\\\/\\\/haberverkibris.com\\\/index.php\\\/2025\\\/05\\\/06\\\/kktc-istanbul-baskonsolosu-turk-dunyasi-kultur-festivalinde-konustu-yillardir-yakilmayi-bekleyen-kardeslik-mesalesi-artik-yandi\\\/#breadcrumb\",\"itemListElement\":[{\"@type\":\"ListItem\",\"position\":1,\"name\":\"Anasayfa\",\"item\":\"https:\\\/\\\/haberverkibris.com\\\/\"},{\"@type\":\"ListItem\",\"position\":2,\"name\":\"KKTC \u0130stanbul Ba\u015fkonsolosu T\u00fcrk D\u00fcnyas\u0131 K\u00fclt\u00fcr Festivali\u2019nde konu\u015ftu: \u201cY\u0131llard\u0131r yak\u0131lmay\u0131 bekleyen karde\u015flik me\u015falesi art\u0131k yand\u0131\u201d\"}]},{\"@type\":\"WebSite\",\"@id\":\"https:\\\/\\\/haberverkibris.com\\\/#website\",\"url\":\"https:\\\/\\\/haberverkibris.com\\\/\",\"name\":\"Kuzeyin Sesi\",\"description\":\"Do\u011fru Haberin Adresi\",\"potentialAction\":[{\"@type\":\"SearchAction\",\"target\":{\"@type\":\"EntryPoint\",\"urlTemplate\":\"https:\\\/\\\/haberverkibris.com\\\/?s={search_term_string}\"},\"query-input\":{\"@type\":\"PropertyValueSpecification\",\"valueRequired\":true,\"valueName\":\"search_term_string\"}}],\"inLanguage\":\"tr\"},{\"@type\":\"Person\",\"@id\":\"https:\\\/\\\/haberverkibris.com\\\/#\\\/schema\\\/person\\\/29d65381ed43765483b5a185ded66a56\",\"name\":\"Haberver K\u0131br\u0131s\",\"image\":{\"@type\":\"ImageObject\",\"inLanguage\":\"tr\",\"@id\":\"https:\\\/\\\/secure.gravatar.com\\\/avatar\\\/bab33852abfd8b282518d6ed81826833d77c3c882d9ab608add591ccace47a44?s=96&d=mm&r=g\",\"url\":\"https:\\\/\\\/secure.gravatar.com\\\/avatar\\\/bab33852abfd8b282518d6ed81826833d77c3c882d9ab608add591ccace47a44?s=96&d=mm&r=g\",\"contentUrl\":\"https:\\\/\\\/secure.gravatar.com\\\/avatar\\\/bab33852abfd8b282518d6ed81826833d77c3c882d9ab608add591ccace47a44?s=96&d=mm&r=g\",\"caption\":\"Haberver K\u0131br\u0131s\"},\"sameAs\":[\"https:\\\/\\\/haberverkibris.com\"],\"url\":\"https:\\\/\\\/haberverkibris.com\\\/index.php\\\/author\\\/guven\\\/\"}]}<\/script>\n<!-- \/ Yoast SEO plugin. -->","yoast_head_json":{"title":"KKTC \u0130stanbul Ba\u015fkonsolosu T\u00fcrk D\u00fcnyas\u0131 K\u00fclt\u00fcr Festivali\u2019nde konu\u015ftu: \u201cY\u0131llard\u0131r yak\u0131lmay\u0131 bekleyen karde\u015flik me\u015falesi art\u0131k yand\u0131\u201d - Haber Ver K\u0131br\u0131s","robots":{"index":"index","follow":"follow","max-snippet":"max-snippet:-1","max-image-preview":"max-image-preview:large","max-video-preview":"max-video-preview:-1"},"canonical":"https:\/\/haberverkibris.com\/index.php\/2025\/05\/06\/kktc-istanbul-baskonsolosu-turk-dunyasi-kultur-festivalinde-konustu-yillardir-yakilmayi-bekleyen-kardeslik-mesalesi-artik-yandi\/","og_locale":"tr_TR","og_type":"article","og_title":"KKTC \u0130stanbul Ba\u015fkonsolosu T\u00fcrk D\u00fcnyas\u0131 K\u00fclt\u00fcr Festivali\u2019nde konu\u015ftu: \u201cY\u0131llard\u0131r yak\u0131lmay\u0131 bekleyen karde\u015flik me\u015falesi art\u0131k yand\u0131\u201d - Haber Ver K\u0131br\u0131s","og_description":"\u0130stanbul Medipol \u00dcniversitesinin Uluslararas\u0131 \u0130li\u015fkiler ve D\u0131\u015f Politikalar Kul\u00fcb\u00fc ile haz\u0131rlad\u0131\u011f\u0131 \u201cT\u00fcrk D\u00fcnyas\u0131 K\u00fclt\u00fcr Festivali\u201d, \u0130stanbul Medipol \u00dcniversitesi Kavac\u0131k Yerle\u015fkesi\u2019nde yap\u0131ld\u0131. T\u00fcrk d\u00fcnyas\u0131n\u0131n zengin k\u00fclt\u00fcrel miras\u0131n\u0131 tan\u0131tmak, \u00f6\u011frenciler aras\u0131nda k\u00fclt\u00fcrel fark\u0131ndal\u0131k olu\u015fturmak ve T\u00fcrk d\u00fcnyas\u0131na ait k\u00fclt\u00fcrel de\u011ferleri ya\u015fatarak gelecek ku\u015faklara aktarmak amac\u0131yla d\u00fczenlenen festivalde sekiz farkl\u0131 \u00fclkeden temsilciler yer ald\u0131. Festivalde, T\u00fcrk devletlerinden \u00f6\u011frencilerin [&hellip;]","og_url":"https:\/\/haberverkibris.com\/index.php\/2025\/05\/06\/kktc-istanbul-baskonsolosu-turk-dunyasi-kultur-festivalinde-konustu-yillardir-yakilmayi-bekleyen-kardeslik-mesalesi-artik-yandi\/","og_site_name":"Haber Ver K\u0131br\u0131s","article_publisher":"https:\/\/www.facebook.com\/kuzeyinsesii","article_published_time":"2025-05-06T09:01:33+00:00","og_image":[{"url":"https:\/\/brtk.net\/wp-content\/uploads\/2025\/05\/06\/1746519872399AA-20250506-37857503-37857490-TURK_DEVLETLERINDEN_OGRENCILER_TURK_DUNYASI_KULTUR_FESTIVALINDE_BULUSTU.jpg?ver=d907a1d30a90c536b714a7fb00939b72","type":"","width":"","height":""}],"author":"Haberver K\u0131br\u0131s","twitter_card":"summary_large_image","twitter_creator":"@kuzeyinsesii","twitter_site":"@kuzeyinsesii","twitter_misc":{"Yazan:":"Haberver K\u0131br\u0131s","Tahmini okuma s\u00fcresi":"7 dakika"},"schema":{"@context":"https:\/\/schema.org","@graph":[{"@type":"Article","@id":"https:\/\/haberverkibris.com\/index.php\/2025\/05\/06\/kktc-istanbul-baskonsolosu-turk-dunyasi-kultur-festivalinde-konustu-yillardir-yakilmayi-bekleyen-kardeslik-mesalesi-artik-yandi\/#article","isPartOf":{"@id":"https:\/\/haberverkibris.com\/index.php\/2025\/05\/06\/kktc-istanbul-baskonsolosu-turk-dunyasi-kultur-festivalinde-konustu-yillardir-yakilmayi-bekleyen-kardeslik-mesalesi-artik-yandi\/"},"author":{"name":"Haberver K\u0131br\u0131s","@id":"https:\/\/haberverkibris.com\/#\/schema\/person\/29d65381ed43765483b5a185ded66a56"},"headline":"KKTC \u0130stanbul Ba\u015fkonsolosu T\u00fcrk D\u00fcnyas\u0131 K\u00fclt\u00fcr Festivali\u2019nde konu\u015ftu: \u201cY\u0131llard\u0131r yak\u0131lmay\u0131 bekleyen karde\u015flik me\u015falesi art\u0131k yand\u0131\u201d","datePublished":"2025-05-06T09:01:33+00:00","mainEntityOfPage":{"@id":"https:\/\/haberverkibris.com\/index.php\/2025\/05\/06\/kktc-istanbul-baskonsolosu-turk-dunyasi-kultur-festivalinde-konustu-yillardir-yakilmayi-bekleyen-kardeslik-mesalesi-artik-yandi\/"},"wordCount":1389,"commentCount":0,"image":{"@id":"https:\/\/haberverkibris.com\/index.php\/2025\/05\/06\/kktc-istanbul-baskonsolosu-turk-dunyasi-kultur-festivalinde-konustu-yillardir-yakilmayi-bekleyen-kardeslik-mesalesi-artik-yandi\/#primaryimage"},"thumbnailUrl":"https:\/\/haberverkibris.com\/wp-content\/uploads\/2025\/05\/1746519872399AA-20250506-37857503-37857490-TURK_DEVLETLERINDEN_OGRENCILER_TURK_DUNYASI_KULTUR_FESTIV.jpeg","articleSection":["Ya\u015fam"],"inLanguage":"tr","potentialAction":[{"@type":"CommentAction","name":"Comment","target":["https:\/\/haberverkibris.com\/index.php\/2025\/05\/06\/kktc-istanbul-baskonsolosu-turk-dunyasi-kultur-festivalinde-konustu-yillardir-yakilmayi-bekleyen-kardeslik-mesalesi-artik-yandi\/#respond"]}]},{"@type":"WebPage","@id":"https:\/\/haberverkibris.com\/index.php\/2025\/05\/06\/kktc-istanbul-baskonsolosu-turk-dunyasi-kultur-festivalinde-konustu-yillardir-yakilmayi-bekleyen-kardeslik-mesalesi-artik-yandi\/","url":"https:\/\/haberverkibris.com\/index.php\/2025\/05\/06\/kktc-istanbul-baskonsolosu-turk-dunyasi-kultur-festivalinde-konustu-yillardir-yakilmayi-bekleyen-kardeslik-mesalesi-artik-yandi\/","name":"KKTC \u0130stanbul Ba\u015fkonsolosu T\u00fcrk D\u00fcnyas\u0131 K\u00fclt\u00fcr Festivali\u2019nde konu\u015ftu: \u201cY\u0131llard\u0131r yak\u0131lmay\u0131 bekleyen karde\u015flik me\u015falesi art\u0131k yand\u0131\u201d - Haber Ver K\u0131br\u0131s","isPartOf":{"@id":"https:\/\/haberverkibris.com\/#website"},"primaryImageOfPage":{"@id":"https:\/\/haberverkibris.com\/index.php\/2025\/05\/06\/kktc-istanbul-baskonsolosu-turk-dunyasi-kultur-festivalinde-konustu-yillardir-yakilmayi-bekleyen-kardeslik-mesalesi-artik-yandi\/#primaryimage"},"image":{"@id":"https:\/\/haberverkibris.com\/index.php\/2025\/05\/06\/kktc-istanbul-baskonsolosu-turk-dunyasi-kultur-festivalinde-konustu-yillardir-yakilmayi-bekleyen-kardeslik-mesalesi-artik-yandi\/#primaryimage"},"thumbnailUrl":"https:\/\/haberverkibris.com\/wp-content\/uploads\/2025\/05\/1746519872399AA-20250506-37857503-37857490-TURK_DEVLETLERINDEN_OGRENCILER_TURK_DUNYASI_KULTUR_FESTIV.jpeg","datePublished":"2025-05-06T09:01:33+00:00","author":{"@id":"https:\/\/haberverkibris.com\/#\/schema\/person\/29d65381ed43765483b5a185ded66a56"},"breadcrumb":{"@id":"https:\/\/haberverkibris.com\/index.php\/2025\/05\/06\/kktc-istanbul-baskonsolosu-turk-dunyasi-kultur-festivalinde-konustu-yillardir-yakilmayi-bekleyen-kardeslik-mesalesi-artik-yandi\/#breadcrumb"},"inLanguage":"tr","potentialAction":[{"@type":"ReadAction","target":["https:\/\/haberverkibris.com\/index.php\/2025\/05\/06\/kktc-istanbul-baskonsolosu-turk-dunyasi-kultur-festivalinde-konustu-yillardir-yakilmayi-bekleyen-kardeslik-mesalesi-artik-yandi\/"]}]},{"@type":"ImageObject","inLanguage":"tr","@id":"https:\/\/haberverkibris.com\/index.php\/2025\/05\/06\/kktc-istanbul-baskonsolosu-turk-dunyasi-kultur-festivalinde-konustu-yillardir-yakilmayi-bekleyen-kardeslik-mesalesi-artik-yandi\/#primaryimage","url":"https:\/\/haberverkibris.com\/wp-content\/uploads\/2025\/05\/1746519872399AA-20250506-37857503-37857490-TURK_DEVLETLERINDEN_OGRENCILER_TURK_DUNYASI_KULTUR_FESTIV.jpeg","contentUrl":"https:\/\/haberverkibris.com\/wp-content\/uploads\/2025\/05\/1746519872399AA-20250506-37857503-37857490-TURK_DEVLETLERINDEN_OGRENCILER_TURK_DUNYASI_KULTUR_FESTIV.jpeg","width":768,"height":432},{"@type":"BreadcrumbList","@id":"https:\/\/haberverkibris.com\/index.php\/2025\/05\/06\/kktc-istanbul-baskonsolosu-turk-dunyasi-kultur-festivalinde-konustu-yillardir-yakilmayi-bekleyen-kardeslik-mesalesi-artik-yandi\/#breadcrumb","itemListElement":[{"@type":"ListItem","position":1,"name":"Anasayfa","item":"https:\/\/haberverkibris.com\/"},{"@type":"ListItem","position":2,"name":"KKTC \u0130stanbul Ba\u015fkonsolosu T\u00fcrk D\u00fcnyas\u0131 K\u00fclt\u00fcr Festivali\u2019nde konu\u015ftu: \u201cY\u0131llard\u0131r yak\u0131lmay\u0131 bekleyen karde\u015flik me\u015falesi art\u0131k yand\u0131\u201d"}]},{"@type":"WebSite","@id":"https:\/\/haberverkibris.com\/#website","url":"https:\/\/haberverkibris.com\/","name":"Kuzeyin Sesi","description":"Do\u011fru Haberin Adresi","potentialAction":[{"@type":"SearchAction","target":{"@type":"EntryPoint","urlTemplate":"https:\/\/haberverkibris.com\/?s={search_term_string}"},"query-input":{"@type":"PropertyValueSpecification","valueRequired":true,"valueName":"search_term_string"}}],"inLanguage":"tr"},{"@type":"Person","@id":"https:\/\/haberverkibris.com\/#\/schema\/person\/29d65381ed43765483b5a185ded66a56","name":"Haberver K\u0131br\u0131s","image":{"@type":"ImageObject","inLanguage":"tr","@id":"https:\/\/secure.gravatar.com\/avatar\/bab33852abfd8b282518d6ed81826833d77c3c882d9ab608add591ccace47a44?s=96&d=mm&r=g","url":"https:\/\/secure.gravatar.com\/avatar\/bab33852abfd8b282518d6ed81826833d77c3c882d9ab608add591ccace47a44?s=96&d=mm&r=g","contentUrl":"https:\/\/secure.gravatar.com\/avatar\/bab33852abfd8b282518d6ed81826833d77c3c882d9ab608add591ccace47a44?s=96&d=mm&r=g","caption":"Haberver K\u0131br\u0131s"},"sameAs":["https:\/\/haberverkibris.com"],"url":"https:\/\/haberverkibris.com\/index.php\/author\/guven\/"}]}},"_links":{"self":[{"href":"https:\/\/haberverkibris.com\/index.php\/wp-json\/wp\/v2\/posts\/24231","targetHints":{"allow":["GET"]}}],"collection":[{"href":"https:\/\/haberverkibris.com\/index.php\/wp-json\/wp\/v2\/posts"}],"about":[{"href":"https:\/\/haberverkibris.com\/index.php\/wp-json\/wp\/v2\/types\/post"}],"author":[{"embeddable":true,"href":"https:\/\/haberverkibris.com\/index.php\/wp-json\/wp\/v2\/users\/1"}],"replies":[{"embeddable":true,"href":"https:\/\/haberverkibris.com\/index.php\/wp-json\/wp\/v2\/comments?post=24231"}],"version-history":[{"count":0,"href":"https:\/\/haberverkibris.com\/index.php\/wp-json\/wp\/v2\/posts\/24231\/revisions"}],"wp:featuredmedia":[{"embeddable":true,"href":"https:\/\/haberverkibris.com\/index.php\/wp-json\/wp\/v2\/media\/24232"}],"wp:attachment":[{"href":"https:\/\/haberverkibris.com\/index.php\/wp-json\/wp\/v2\/media?parent=24231"}],"wp:term":[{"taxonomy":"category","embeddable":true,"href":"https:\/\/haberverkibris.com\/index.php\/wp-json\/wp\/v2\/categories?post=24231"},{"taxonomy":"post_tag","embeddable":true,"href":"https:\/\/haberverkibris.com\/index.php\/wp-json\/wp\/v2\/tags?post=24231"}],"curies":[{"name":"wp","href":"https:\/\/api.w.org\/{rel}","templated":true}]}}