{"id":2412,"date":"2024-05-14T10:23:57","date_gmt":"2024-05-14T07:23:57","guid":{"rendered":"https:\/\/kuzeyinsesi.com\/index.php\/2024\/05\/14\/arikli-kamu-projelerinde-odalarla-isbirligi-saglanmali\/"},"modified":"2024-05-14T10:23:57","modified_gmt":"2024-05-14T07:23:57","slug":"arikli-kamu-projelerinde-odalarla-isbirligi-saglanmali","status":"publish","type":"post","link":"https:\/\/haberverkibris.com\/index.php\/2024\/05\/14\/arikli-kamu-projelerinde-odalarla-isbirligi-saglanmali\/","title":{"rendered":"Ar\u0131kl\u0131: Kamu projelerinde odalarla i\u015fbirli\u011fi sa\u011flanmal\u0131"},"content":{"rendered":"<div>\n<div class=\"mariselle-image-container center\">\n                                            <\/div>\n<p>Bay\u0131nd\u0131rl\u0131k ve Ula\u015ft\u0131rma Bakan\u0131 Erhan Ar\u0131kl\u0131, d\u0131\u015f kaynakl\u0131 kamu projelerinde, ilgili oda ve birliklerle i\u015fbirli\u011fi ortam\u0131n\u0131n sa\u011flanmas\u0131 i\u00e7in gerekli \u00e7al\u0131\u015fmalar\u0131n ba\u015flat\u0131laca\u011f\u0131n\u0131 s\u00f6yledi. <\/p>\n<p>Bay\u0131nd\u0131rl\u0131k ve Ula\u015ft\u0131rma Bakan\u0131 Erhan Ar\u0131kl\u0131, Elektrik M\u00fchendisleri Odas\u0131 Ba\u015fkan\u0131 Mehmet Toycan ve Oda Sayman\u0131 Bu\u011fra Gazio\u011flu\u2019nu kabul ederek Oda\u2019n\u0131n \u00e7al\u0131\u015fmalar\u0131 ile ilgili bilgi ald\u0131 ve \u00f6nerileri dinledi. <\/p>\n<p>Elektrik M\u00fchendisleri Odas\u0131\u2019n\u0131n ge\u00e7ti\u011fimiz Nisan ay\u0131nda yap\u0131lan genel kurulu sonras\u0131nda g\u00f6reve gelen Mehmet Toycan ve ekibini tebrik ederek ba\u015far\u0131lar dileyen Ar\u0131kl\u0131, sivil toplum ve meslek \u00f6rg\u00fctlerinin \u00fclkelerin geli\u015fmesinde olduk\u00e7a \u00f6nemli rol oynad\u0131\u011f\u0131n\u0131 s\u00f6yledi. <\/p>\n<p>Kuzey K\u0131br\u0131s T\u00fcrk Cumhuriyeti\u2019nin altyap\u0131 eksikliklerinin giderilmesinde Anavatan T\u00fcrkiye Cumhuriyeti\u2019nin b\u00fcy\u00fck pay\u0131 oldu\u011funu, T\u00fcrkiye taraf\u0131ndan uygulanan projelerde s\u0131k\u0131nt\u0131 ya\u015fanmamas\u0131 i\u00e7in ilgili meslek odalar\u0131n\u0131n da s\u00fcrece dahil edilmesi gerekti\u011fini belirtti. <\/p>\n<p>Bakan Ar\u0131kl\u0131, \u201c100 g\u00fcnde tamamlanan Pandemi Hastanesi ile ilgili ya\u015fanan s\u0131k\u0131nt\u0131lar\u0131n giderilmesi ve benzer s\u0131k\u0131nt\u0131lar\u0131n tekrarlanmamas\u0131 ad\u0131na Elektrik M\u00fchendisleri Odas\u0131 ve di\u011fer ilgili odalarla i\u015fbirli\u011fi yap\u0131labilir. Bu konuyu h\u00fck\u00fcmet ortaklar\u0131m\u0131n dikkatine getirece\u011fim\u201d dedi.<\/p>\n<\/p><\/div>\n<p><script async\n                    defer\n                    crossorigin=\"anonymous\"\n                    src=\"https:\/\/connect.facebook.net\/tr_TR\/sdk.js#xfbml=1&#038;version=v3.3\"\n            ><\/script><\/p>\n","protected":false},"excerpt":{"rendered":"<p>Bay\u0131nd\u0131rl\u0131k ve Ula\u015ft\u0131rma Bakan\u0131 Erhan Ar\u0131kl\u0131, d\u0131\u015f kaynakl\u0131 kamu projelerinde, ilgili oda ve birliklerle i\u015fbirli\u011fi ortam\u0131n\u0131n sa\u011flanmas\u0131 i\u00e7in gerekli \u00e7al\u0131\u015fmalar\u0131n ba\u015flat\u0131laca\u011f\u0131n\u0131 s\u00f6yledi. Bay\u0131nd\u0131rl\u0131k ve Ula\u015ft\u0131rma Bakan\u0131 Erhan Ar\u0131kl\u0131, Elektrik M\u00fchendisleri Odas\u0131 Ba\u015fkan\u0131 Mehmet Toycan ve Oda Sayman\u0131 Bu\u011fra Gazio\u011flu\u2019nu kabul ederek Oda\u2019n\u0131n \u00e7al\u0131\u015fmalar\u0131 ile ilgili bilgi ald\u0131 ve \u00f6nerileri dinledi. Elektrik M\u00fchendisleri Odas\u0131\u2019n\u0131n ge\u00e7ti\u011fimiz Nisan [&hellip;]<\/p>\n","protected":false},"author":1,"featured_media":2413,"comment_status":"open","ping_status":"open","sticky":false,"template":"","format":"standard","meta":{"jnews-multi-image_gallery":[],"jnews_single_post":[],"jnews_primary_category":[],"jnews_social_meta":[],"jnews_override_counter":[],"footnotes":""},"categories":[1],"tags":[],"class_list":["post-2412","post","type-post","status-publish","format-standard","has-post-thumbnail","hentry","category-kibris"],"yoast_head":"<!-- This site is optimized with the Yoast SEO plugin v27.5 - https:\/\/yoast.com\/product\/yoast-seo-wordpress\/ -->\n<title>Ar\u0131kl\u0131: Kamu projelerinde odalarla i\u015fbirli\u011fi sa\u011flanmal\u0131 - Haber Ver K\u0131br\u0131s<\/title>\n<meta name=\"robots\" content=\"index, follow, max-snippet:-1, max-image-preview:large, max-video-preview:-1\" \/>\n<link rel=\"canonical\" href=\"https:\/\/haberverkibris.com\/index.php\/2024\/05\/14\/arikli-kamu-projelerinde-odalarla-isbirligi-saglanmali\/\" \/>\n<meta property=\"og:locale\" content=\"tr_TR\" \/>\n<meta property=\"og:type\" content=\"article\" \/>\n<meta property=\"og:title\" content=\"Ar\u0131kl\u0131: Kamu projelerinde odalarla i\u015fbirli\u011fi sa\u011flanmal\u0131 - Haber Ver K\u0131br\u0131s\" \/>\n<meta property=\"og:description\" content=\"Bay\u0131nd\u0131rl\u0131k ve Ula\u015ft\u0131rma Bakan\u0131 Erhan Ar\u0131kl\u0131, d\u0131\u015f kaynakl\u0131 kamu projelerinde, ilgili oda ve birliklerle i\u015fbirli\u011fi ortam\u0131n\u0131n sa\u011flanmas\u0131 i\u00e7in gerekli \u00e7al\u0131\u015fmalar\u0131n ba\u015flat\u0131laca\u011f\u0131n\u0131 s\u00f6yledi. Bay\u0131nd\u0131rl\u0131k ve Ula\u015ft\u0131rma Bakan\u0131 Erhan Ar\u0131kl\u0131, Elektrik M\u00fchendisleri Odas\u0131 Ba\u015fkan\u0131 Mehmet Toycan ve Oda Sayman\u0131 Bu\u011fra Gazio\u011flu\u2019nu kabul ederek Oda\u2019n\u0131n \u00e7al\u0131\u015fmalar\u0131 ile ilgili bilgi ald\u0131 ve \u00f6nerileri dinledi. Elektrik M\u00fchendisleri Odas\u0131\u2019n\u0131n ge\u00e7ti\u011fimiz Nisan [&hellip;]\" \/>\n<meta property=\"og:url\" content=\"https:\/\/haberverkibris.com\/index.php\/2024\/05\/14\/arikli-kamu-projelerinde-odalarla-isbirligi-saglanmali\/\" \/>\n<meta property=\"og:site_name\" content=\"Haber Ver K\u0131br\u0131s\" \/>\n<meta property=\"article:publisher\" content=\"https:\/\/www.facebook.com\/kuzeyinsesii\" \/>\n<meta property=\"article:published_time\" content=\"2024-05-14T07:23:57+00:00\" \/>\n<meta property=\"og:image\" content=\"https:\/\/haberverkibris.com\/wp-content\/uploads\/2024\/05\/afa.jpg\" \/>\n\t<meta property=\"og:image:width\" content=\"1528\" \/>\n\t<meta property=\"og:image:height\" content=\"582\" \/>\n\t<meta property=\"og:image:type\" content=\"image\/jpeg\" \/>\n<meta name=\"author\" content=\"Haberver K\u0131br\u0131s\" \/>\n<meta name=\"twitter:card\" content=\"summary_large_image\" \/>\n<meta name=\"twitter:creator\" content=\"@kuzeyinsesii\" \/>\n<meta name=\"twitter:site\" content=\"@kuzeyinsesii\" \/>\n<meta name=\"twitter:label1\" content=\"Yazan:\" \/>\n\t<meta name=\"twitter:data1\" content=\"Haberver K\u0131br\u0131s\" \/>\n\t<meta name=\"twitter:label2\" content=\"Tahmini okuma s\u00fcresi\" \/>\n\t<meta name=\"twitter:data2\" content=\"1 dakika\" \/>\n<script type=\"application\/ld+json\" class=\"yoast-schema-graph\">{\"@context\":\"https:\\\/\\\/schema.org\",\"@graph\":[{\"@type\":\"Article\",\"@id\":\"https:\\\/\\\/haberverkibris.com\\\/index.php\\\/2024\\\/05\\\/14\\\/arikli-kamu-projelerinde-odalarla-isbirligi-saglanmali\\\/#article\",\"isPartOf\":{\"@id\":\"https:\\\/\\\/haberverkibris.com\\\/index.php\\\/2024\\\/05\\\/14\\\/arikli-kamu-projelerinde-odalarla-isbirligi-saglanmali\\\/\"},\"author\":{\"name\":\"Haberver K\u0131br\u0131s\",\"@id\":\"https:\\\/\\\/haberverkibris.com\\\/#\\\/schema\\\/person\\\/29d65381ed43765483b5a185ded66a56\"},\"headline\":\"Ar\u0131kl\u0131: Kamu projelerinde odalarla i\u015fbirli\u011fi sa\u011flanmal\u0131\",\"datePublished\":\"2024-05-14T07:23:57+00:00\",\"mainEntityOfPage\":{\"@id\":\"https:\\\/\\\/haberverkibris.com\\\/index.php\\\/2024\\\/05\\\/14\\\/arikli-kamu-projelerinde-odalarla-isbirligi-saglanmali\\\/\"},\"wordCount\":244,\"commentCount\":0,\"image\":{\"@id\":\"https:\\\/\\\/haberverkibris.com\\\/index.php\\\/2024\\\/05\\\/14\\\/arikli-kamu-projelerinde-odalarla-isbirligi-saglanmali\\\/#primaryimage\"},\"thumbnailUrl\":\"https:\\\/\\\/haberverkibris.com\\\/wp-content\\\/uploads\\\/2024\\\/05\\\/afa.jpg\",\"articleSection\":[\"K\u0131br\u0131s\"],\"inLanguage\":\"tr\",\"potentialAction\":[{\"@type\":\"CommentAction\",\"name\":\"Comment\",\"target\":[\"https:\\\/\\\/haberverkibris.com\\\/index.php\\\/2024\\\/05\\\/14\\\/arikli-kamu-projelerinde-odalarla-isbirligi-saglanmali\\\/#respond\"]}]},{\"@type\":\"WebPage\",\"@id\":\"https:\\\/\\\/haberverkibris.com\\\/index.php\\\/2024\\\/05\\\/14\\\/arikli-kamu-projelerinde-odalarla-isbirligi-saglanmali\\\/\",\"url\":\"https:\\\/\\\/haberverkibris.com\\\/index.php\\\/2024\\\/05\\\/14\\\/arikli-kamu-projelerinde-odalarla-isbirligi-saglanmali\\\/\",\"name\":\"Ar\u0131kl\u0131: Kamu projelerinde odalarla i\u015fbirli\u011fi sa\u011flanmal\u0131 - Haber Ver K\u0131br\u0131s\",\"isPartOf\":{\"@id\":\"https:\\\/\\\/haberverkibris.com\\\/#website\"},\"primaryImageOfPage\":{\"@id\":\"https:\\\/\\\/haberverkibris.com\\\/index.php\\\/2024\\\/05\\\/14\\\/arikli-kamu-projelerinde-odalarla-isbirligi-saglanmali\\\/#primaryimage\"},\"image\":{\"@id\":\"https:\\\/\\\/haberverkibris.com\\\/index.php\\\/2024\\\/05\\\/14\\\/arikli-kamu-projelerinde-odalarla-isbirligi-saglanmali\\\/#primaryimage\"},\"thumbnailUrl\":\"https:\\\/\\\/haberverkibris.com\\\/wp-content\\\/uploads\\\/2024\\\/05\\\/afa.jpg\",\"datePublished\":\"2024-05-14T07:23:57+00:00\",\"author\":{\"@id\":\"https:\\\/\\\/haberverkibris.com\\\/#\\\/schema\\\/person\\\/29d65381ed43765483b5a185ded66a56\"},\"breadcrumb\":{\"@id\":\"https:\\\/\\\/haberverkibris.com\\\/index.php\\\/2024\\\/05\\\/14\\\/arikli-kamu-projelerinde-odalarla-isbirligi-saglanmali\\\/#breadcrumb\"},\"inLanguage\":\"tr\",\"potentialAction\":[{\"@type\":\"ReadAction\",\"target\":[\"https:\\\/\\\/haberverkibris.com\\\/index.php\\\/2024\\\/05\\\/14\\\/arikli-kamu-projelerinde-odalarla-isbirligi-saglanmali\\\/\"]}]},{\"@type\":\"ImageObject\",\"inLanguage\":\"tr\",\"@id\":\"https:\\\/\\\/haberverkibris.com\\\/index.php\\\/2024\\\/05\\\/14\\\/arikli-kamu-projelerinde-odalarla-isbirligi-saglanmali\\\/#primaryimage\",\"url\":\"https:\\\/\\\/haberverkibris.com\\\/wp-content\\\/uploads\\\/2024\\\/05\\\/afa.jpg\",\"contentUrl\":\"https:\\\/\\\/haberverkibris.com\\\/wp-content\\\/uploads\\\/2024\\\/05\\\/afa.jpg\",\"width\":1528,\"height\":582},{\"@type\":\"BreadcrumbList\",\"@id\":\"https:\\\/\\\/haberverkibris.com\\\/index.php\\\/2024\\\/05\\\/14\\\/arikli-kamu-projelerinde-odalarla-isbirligi-saglanmali\\\/#breadcrumb\",\"itemListElement\":[{\"@type\":\"ListItem\",\"position\":1,\"name\":\"Anasayfa\",\"item\":\"https:\\\/\\\/haberverkibris.com\\\/\"},{\"@type\":\"ListItem\",\"position\":2,\"name\":\"Ar\u0131kl\u0131: Kamu projelerinde odalarla i\u015fbirli\u011fi sa\u011flanmal\u0131\"}]},{\"@type\":\"WebSite\",\"@id\":\"https:\\\/\\\/haberverkibris.com\\\/#website\",\"url\":\"https:\\\/\\\/haberverkibris.com\\\/\",\"name\":\"Kuzeyin Sesi\",\"description\":\"Do\u011fru Haberin Adresi\",\"potentialAction\":[{\"@type\":\"SearchAction\",\"target\":{\"@type\":\"EntryPoint\",\"urlTemplate\":\"https:\\\/\\\/haberverkibris.com\\\/?s={search_term_string}\"},\"query-input\":{\"@type\":\"PropertyValueSpecification\",\"valueRequired\":true,\"valueName\":\"search_term_string\"}}],\"inLanguage\":\"tr\"},{\"@type\":\"Person\",\"@id\":\"https:\\\/\\\/haberverkibris.com\\\/#\\\/schema\\\/person\\\/29d65381ed43765483b5a185ded66a56\",\"name\":\"Haberver K\u0131br\u0131s\",\"image\":{\"@type\":\"ImageObject\",\"inLanguage\":\"tr\",\"@id\":\"https:\\\/\\\/secure.gravatar.com\\\/avatar\\\/bab33852abfd8b282518d6ed81826833d77c3c882d9ab608add591ccace47a44?s=96&d=mm&r=g\",\"url\":\"https:\\\/\\\/secure.gravatar.com\\\/avatar\\\/bab33852abfd8b282518d6ed81826833d77c3c882d9ab608add591ccace47a44?s=96&d=mm&r=g\",\"contentUrl\":\"https:\\\/\\\/secure.gravatar.com\\\/avatar\\\/bab33852abfd8b282518d6ed81826833d77c3c882d9ab608add591ccace47a44?s=96&d=mm&r=g\",\"caption\":\"Haberver K\u0131br\u0131s\"},\"sameAs\":[\"https:\\\/\\\/haberverkibris.com\"],\"url\":\"https:\\\/\\\/haberverkibris.com\\\/index.php\\\/author\\\/guven\\\/\"}]}<\/script>\n<!-- \/ Yoast SEO plugin. -->","yoast_head_json":{"title":"Ar\u0131kl\u0131: Kamu projelerinde odalarla i\u015fbirli\u011fi sa\u011flanmal\u0131 - Haber Ver K\u0131br\u0131s","robots":{"index":"index","follow":"follow","max-snippet":"max-snippet:-1","max-image-preview":"max-image-preview:large","max-video-preview":"max-video-preview:-1"},"canonical":"https:\/\/haberverkibris.com\/index.php\/2024\/05\/14\/arikli-kamu-projelerinde-odalarla-isbirligi-saglanmali\/","og_locale":"tr_TR","og_type":"article","og_title":"Ar\u0131kl\u0131: Kamu projelerinde odalarla i\u015fbirli\u011fi sa\u011flanmal\u0131 - Haber Ver K\u0131br\u0131s","og_description":"Bay\u0131nd\u0131rl\u0131k ve Ula\u015ft\u0131rma Bakan\u0131 Erhan Ar\u0131kl\u0131, d\u0131\u015f kaynakl\u0131 kamu projelerinde, ilgili oda ve birliklerle i\u015fbirli\u011fi ortam\u0131n\u0131n sa\u011flanmas\u0131 i\u00e7in gerekli \u00e7al\u0131\u015fmalar\u0131n ba\u015flat\u0131laca\u011f\u0131n\u0131 s\u00f6yledi. Bay\u0131nd\u0131rl\u0131k ve Ula\u015ft\u0131rma Bakan\u0131 Erhan Ar\u0131kl\u0131, Elektrik M\u00fchendisleri Odas\u0131 Ba\u015fkan\u0131 Mehmet Toycan ve Oda Sayman\u0131 Bu\u011fra Gazio\u011flu\u2019nu kabul ederek Oda\u2019n\u0131n \u00e7al\u0131\u015fmalar\u0131 ile ilgili bilgi ald\u0131 ve \u00f6nerileri dinledi. Elektrik M\u00fchendisleri Odas\u0131\u2019n\u0131n ge\u00e7ti\u011fimiz Nisan [&hellip;]","og_url":"https:\/\/haberverkibris.com\/index.php\/2024\/05\/14\/arikli-kamu-projelerinde-odalarla-isbirligi-saglanmali\/","og_site_name":"Haber Ver K\u0131br\u0131s","article_publisher":"https:\/\/www.facebook.com\/kuzeyinsesii","article_published_time":"2024-05-14T07:23:57+00:00","og_image":[{"width":1528,"height":582,"url":"https:\/\/haberverkibris.com\/wp-content\/uploads\/2024\/05\/afa.jpg","type":"image\/jpeg"}],"author":"Haberver K\u0131br\u0131s","twitter_card":"summary_large_image","twitter_creator":"@kuzeyinsesii","twitter_site":"@kuzeyinsesii","twitter_misc":{"Yazan:":"Haberver K\u0131br\u0131s","Tahmini okuma s\u00fcresi":"1 dakika"},"schema":{"@context":"https:\/\/schema.org","@graph":[{"@type":"Article","@id":"https:\/\/haberverkibris.com\/index.php\/2024\/05\/14\/arikli-kamu-projelerinde-odalarla-isbirligi-saglanmali\/#article","isPartOf":{"@id":"https:\/\/haberverkibris.com\/index.php\/2024\/05\/14\/arikli-kamu-projelerinde-odalarla-isbirligi-saglanmali\/"},"author":{"name":"Haberver K\u0131br\u0131s","@id":"https:\/\/haberverkibris.com\/#\/schema\/person\/29d65381ed43765483b5a185ded66a56"},"headline":"Ar\u0131kl\u0131: Kamu projelerinde odalarla i\u015fbirli\u011fi sa\u011flanmal\u0131","datePublished":"2024-05-14T07:23:57+00:00","mainEntityOfPage":{"@id":"https:\/\/haberverkibris.com\/index.php\/2024\/05\/14\/arikli-kamu-projelerinde-odalarla-isbirligi-saglanmali\/"},"wordCount":244,"commentCount":0,"image":{"@id":"https:\/\/haberverkibris.com\/index.php\/2024\/05\/14\/arikli-kamu-projelerinde-odalarla-isbirligi-saglanmali\/#primaryimage"},"thumbnailUrl":"https:\/\/haberverkibris.com\/wp-content\/uploads\/2024\/05\/afa.jpg","articleSection":["K\u0131br\u0131s"],"inLanguage":"tr","potentialAction":[{"@type":"CommentAction","name":"Comment","target":["https:\/\/haberverkibris.com\/index.php\/2024\/05\/14\/arikli-kamu-projelerinde-odalarla-isbirligi-saglanmali\/#respond"]}]},{"@type":"WebPage","@id":"https:\/\/haberverkibris.com\/index.php\/2024\/05\/14\/arikli-kamu-projelerinde-odalarla-isbirligi-saglanmali\/","url":"https:\/\/haberverkibris.com\/index.php\/2024\/05\/14\/arikli-kamu-projelerinde-odalarla-isbirligi-saglanmali\/","name":"Ar\u0131kl\u0131: Kamu projelerinde odalarla i\u015fbirli\u011fi sa\u011flanmal\u0131 - Haber Ver K\u0131br\u0131s","isPartOf":{"@id":"https:\/\/haberverkibris.com\/#website"},"primaryImageOfPage":{"@id":"https:\/\/haberverkibris.com\/index.php\/2024\/05\/14\/arikli-kamu-projelerinde-odalarla-isbirligi-saglanmali\/#primaryimage"},"image":{"@id":"https:\/\/haberverkibris.com\/index.php\/2024\/05\/14\/arikli-kamu-projelerinde-odalarla-isbirligi-saglanmali\/#primaryimage"},"thumbnailUrl":"https:\/\/haberverkibris.com\/wp-content\/uploads\/2024\/05\/afa.jpg","datePublished":"2024-05-14T07:23:57+00:00","author":{"@id":"https:\/\/haberverkibris.com\/#\/schema\/person\/29d65381ed43765483b5a185ded66a56"},"breadcrumb":{"@id":"https:\/\/haberverkibris.com\/index.php\/2024\/05\/14\/arikli-kamu-projelerinde-odalarla-isbirligi-saglanmali\/#breadcrumb"},"inLanguage":"tr","potentialAction":[{"@type":"ReadAction","target":["https:\/\/haberverkibris.com\/index.php\/2024\/05\/14\/arikli-kamu-projelerinde-odalarla-isbirligi-saglanmali\/"]}]},{"@type":"ImageObject","inLanguage":"tr","@id":"https:\/\/haberverkibris.com\/index.php\/2024\/05\/14\/arikli-kamu-projelerinde-odalarla-isbirligi-saglanmali\/#primaryimage","url":"https:\/\/haberverkibris.com\/wp-content\/uploads\/2024\/05\/afa.jpg","contentUrl":"https:\/\/haberverkibris.com\/wp-content\/uploads\/2024\/05\/afa.jpg","width":1528,"height":582},{"@type":"BreadcrumbList","@id":"https:\/\/haberverkibris.com\/index.php\/2024\/05\/14\/arikli-kamu-projelerinde-odalarla-isbirligi-saglanmali\/#breadcrumb","itemListElement":[{"@type":"ListItem","position":1,"name":"Anasayfa","item":"https:\/\/haberverkibris.com\/"},{"@type":"ListItem","position":2,"name":"Ar\u0131kl\u0131: Kamu projelerinde odalarla i\u015fbirli\u011fi sa\u011flanmal\u0131"}]},{"@type":"WebSite","@id":"https:\/\/haberverkibris.com\/#website","url":"https:\/\/haberverkibris.com\/","name":"Kuzeyin Sesi","description":"Do\u011fru Haberin Adresi","potentialAction":[{"@type":"SearchAction","target":{"@type":"EntryPoint","urlTemplate":"https:\/\/haberverkibris.com\/?s={search_term_string}"},"query-input":{"@type":"PropertyValueSpecification","valueRequired":true,"valueName":"search_term_string"}}],"inLanguage":"tr"},{"@type":"Person","@id":"https:\/\/haberverkibris.com\/#\/schema\/person\/29d65381ed43765483b5a185ded66a56","name":"Haberver K\u0131br\u0131s","image":{"@type":"ImageObject","inLanguage":"tr","@id":"https:\/\/secure.gravatar.com\/avatar\/bab33852abfd8b282518d6ed81826833d77c3c882d9ab608add591ccace47a44?s=96&d=mm&r=g","url":"https:\/\/secure.gravatar.com\/avatar\/bab33852abfd8b282518d6ed81826833d77c3c882d9ab608add591ccace47a44?s=96&d=mm&r=g","contentUrl":"https:\/\/secure.gravatar.com\/avatar\/bab33852abfd8b282518d6ed81826833d77c3c882d9ab608add591ccace47a44?s=96&d=mm&r=g","caption":"Haberver K\u0131br\u0131s"},"sameAs":["https:\/\/haberverkibris.com"],"url":"https:\/\/haberverkibris.com\/index.php\/author\/guven\/"}]}},"_links":{"self":[{"href":"https:\/\/haberverkibris.com\/index.php\/wp-json\/wp\/v2\/posts\/2412","targetHints":{"allow":["GET"]}}],"collection":[{"href":"https:\/\/haberverkibris.com\/index.php\/wp-json\/wp\/v2\/posts"}],"about":[{"href":"https:\/\/haberverkibris.com\/index.php\/wp-json\/wp\/v2\/types\/post"}],"author":[{"embeddable":true,"href":"https:\/\/haberverkibris.com\/index.php\/wp-json\/wp\/v2\/users\/1"}],"replies":[{"embeddable":true,"href":"https:\/\/haberverkibris.com\/index.php\/wp-json\/wp\/v2\/comments?post=2412"}],"version-history":[{"count":0,"href":"https:\/\/haberverkibris.com\/index.php\/wp-json\/wp\/v2\/posts\/2412\/revisions"}],"wp:featuredmedia":[{"embeddable":true,"href":"https:\/\/haberverkibris.com\/index.php\/wp-json\/wp\/v2\/media\/2413"}],"wp:attachment":[{"href":"https:\/\/haberverkibris.com\/index.php\/wp-json\/wp\/v2\/media?parent=2412"}],"wp:term":[{"taxonomy":"category","embeddable":true,"href":"https:\/\/haberverkibris.com\/index.php\/wp-json\/wp\/v2\/categories?post=2412"},{"taxonomy":"post_tag","embeddable":true,"href":"https:\/\/haberverkibris.com\/index.php\/wp-json\/wp\/v2\/tags?post=2412"}],"curies":[{"name":"wp","href":"https:\/\/api.w.org\/{rel}","templated":true}]}}