{"id":2214,"date":"2024-05-12T19:28:38","date_gmt":"2024-05-12T16:28:38","guid":{"rendered":"https:\/\/kuzeyinsesi.com\/index.php\/2024\/05\/12\/misir-guney-afrikanin-uadde-israile-karsi-actigi-soykirim-davasina-mudahil-olacak\/"},"modified":"2024-05-12T19:28:38","modified_gmt":"2024-05-12T16:28:38","slug":"misir-guney-afrikanin-uadde-israile-karsi-actigi-soykirim-davasina-mudahil-olacak","status":"publish","type":"post","link":"https:\/\/haberverkibris.com\/index.php\/2024\/05\/12\/misir-guney-afrikanin-uadde-israile-karsi-actigi-soykirim-davasina-mudahil-olacak\/","title":{"rendered":"M\u0131s\u0131r, G\u00fcney Afrika&#039;n\u0131n UAD&#039;de \u0130srail&#039;e kar\u015f\u0131 a\u00e7t\u0131\u011f\u0131 soyk\u0131r\u0131m davas\u0131na m\u00fcdahil olacak"},"content":{"rendered":"<p><\/p>\n<div>\n<p>&#13;<br \/>\n\t<a href=\"https:\/\/www.trthaber.com\/etiket\/misir\/\" target=\"_blank\" rel=\"noopener\">M\u0131s\u0131r<\/a> D\u0131\u015fi\u015fleri Bakanl\u0131\u011f\u0131n\u0131n <a href=\"https:\/\/www.trthaber.com\/etiket\/facebook\/\" target=\"_blank\" rel=\"noopener\">Facebook<\/a> sayfas\u0131ndan yap\u0131lan a\u00e7\u0131klamada, G\u00fcney Afrika&#8217;n\u0131n, <a href=\"https:\/\/www.trthaber.com\/etiket\/soykirim\/\" target=\"_blank\" rel=\"noopener\">Soyk\u0131r\u0131m<\/a> S\u00f6zle\u015fmesi&#8217;nin ihlali gerek\u00e7esiyle \u0130srail&#8217;e kar\u015f\u0131 a\u00e7t\u0131\u011f\u0131 davaya destek olmak amac\u0131yla resmi olarak m\u00fcdahil olma niyeti duyuruldu.<\/p>\n<p>&#13;<br \/>\n\tS\u00f6z konusu davaya m\u00fcdahil olma karar\u0131n\u0131n, \u0130srail&#8217;in, <a href=\"https:\/\/www.trthaber.com\/etiket\/gazze\/\" target=\"_blank\" rel=\"noopener\">Gazze<\/a> \u015eeridi&#8217;ndeki Filistinli sivillere y\u00f6nelik sald\u0131r\u0131lar\u0131n\u0131n ciddiyetinin ve kapsam\u0131n\u0131n artmas\u0131, Filistin halk\u0131na kar\u015f\u0131 do\u011frudan sald\u0131r\u0131lar da dahil olmak \u00fczere sistematik uygulamalar\u0131n s\u00fcrd\u00fcr\u00fclmesi, altyap\u0131n\u0131n tahrip edilmesi, Filistinlilerin kendi topraklar\u0131 d\u0131\u015f\u0131na s\u00fcr\u00fclmesi ve Gazze \u015eeridi&#8217;ni ya\u015fan\u0131lmaz hale getiren benzeri g\u00f6r\u00fclmemi\u015f bir insani krize yol a\u00e7\u0131lmas\u0131 neticesinde al\u0131nd\u0131\u011f\u0131 aktar\u0131ld\u0131.<\/p>\n<p>&#13;<br \/>\n\tA\u00e7\u0131klamaya g\u00f6re, M\u0131s\u0131r, \u0130srail&#8217;i, i\u015fgalci g\u00fc\u00e7 olarak y\u00fck\u00fcml\u00fcl\u00fcklerini yerine getirmeye, UAD&#8217;nin ald\u0131\u011f\u0131 ge\u00e7ici tedbirleri uygulamaya ve Soyk\u0131r\u0131m Su\u00e7unun \u00d6nlenmesi ve Cezaland\u0131r\u0131lmas\u0131 S\u00f6zle\u015fmesi uyar\u0131nca korunan bir halk olan Filistin halk\u0131na kar\u015f\u0131 herhangi bir ihlalde bulunmamaya \u00e7a\u011f\u0131rd\u0131.<\/p>\n<p>&#13;<br \/>\n\tA\u00e7\u0131klamada ayr\u0131ca, Gazze&#8217;de ate\u015fkes sa\u011flanmas\u0131, Refah&#8217;taki askeri operasyonlar\u0131n durdurulmas\u0131 ve Filistinli sivillere gerekli koruman\u0131n sa\u011flanmas\u0131 i\u00e7in Birlemi\u015f Milletler G\u00fcvenlik Konseyi&#8217;ne ve uluslararas\u0131 taraflara derhal harekete ge\u00e7me \u00e7a\u011fr\u0131s\u0131 yap\u0131ld\u0131.<\/p>\n<p>&#13;<br \/>\n\tDaha \u00f6nce Nikaragua, <a href=\"https:\/\/www.trthaber.com\/etiket\/kolombiya\/\" target=\"_blank\" rel=\"noopener\">Kolombiya<\/a> ve Libya&#8217;n\u0131n, Divan \u015eart\u0131&#8217;n\u0131n 62. ve 63. maddeleri uyar\u0131nca m\u00fcdahillik talebinde bulundu\u011fu a\u00e7\u0131klanm\u0131\u015ft\u0131.<\/p>\n<p>&#13;<br \/>\n\tDivan, \u0130\u00e7 T\u00fcz\u00fc\u011f\u00fc&#8217;n\u00fcn 83. maddesi uyar\u0131nca <a href=\"https:\/\/www.trthaber.com\/etiket\/guney-afrika\/\" target=\"_blank\" rel=\"noopener\">G\u00fcney Afrika<\/a> ve \u0130srail&#8217;i, Kolombiya&#8217;n\u0131n m\u00fcdahale beyan\u0131na ili\u015fkin yaz\u0131l\u0131 g\u00f6r\u00fc\u015flerini sunmaya davet etmi\u015fti.<\/p>\n<h2>&#13;<br \/>\n\t<strong>\u0130srail aleyhine a\u00e7\u0131lan soyk\u0131r\u0131m davas\u0131<\/strong><\/h2>\n<p>&#13;<br \/>\n\tG\u00fcney <a href=\"https:\/\/www.trthaber.com\/etiket\/afrika\/\" target=\"_blank\" rel=\"noopener\">Afrika<\/a> Cumhuriyeti, 29 Aral\u0131k 2023\u2019te 1948 tarihli <a href=\"https:\/\/www.trthaber.com\/etiket\/birlesmis-milletler\/\" target=\"_blank\" rel=\"noopener\">Birle\u015fmi\u015f Milletler<\/a> (BM) Soyk\u0131r\u0131m\u0131n \u00d6nlenmesi ve Cezaland\u0131r\u0131lmas\u0131 S\u00f6zle\u015fmesi&#8217;ni ihlal etti\u011fi gerek\u00e7esiyle <a href=\"https:\/\/www.trthaber.com\/etiket\/israil\/\" target=\"_blank\" rel=\"noopener\">\u0130srail<\/a> aleyhine UAD&#8217;de dava a\u00e7t\u0131.<\/p>\n<p>&#13;<br \/>\n\tG\u00fcney Afrika, Gazze&#8217;deki durumun aciliyet te\u015fkil etmesi sebebiyle UAD&#8217;den ihtiyati tedbirlere h\u00fckmetmesini istedi ve tedbir talebine ili\u015fkin duru\u015fmalar 11-12 Ocak&#8217;ta Lahey&#8217;deki Bar\u0131\u015f Saray\u0131\u2019nda yap\u0131ld\u0131.<\/p>\n<p>&#13;<br \/>\n\tDivan, 26 Ocak\u2019ta a\u00e7\u0131klad\u0131\u011f\u0131 tedbir kararlar\u0131nda, \u0130srail\u2019in Soyk\u0131r\u0131m S\u00f6zle\u015fmesi&#8217;nin 2. maddesinde tan\u0131mlanan fiillerin i\u015flenmemesi i\u00e7in elinden gelen t\u00fcm \u00f6nlemleri almas\u0131na, \u0130srail ordusunun Soyk\u0131r\u0131m S\u00f6zle\u015fmesi&#8217;nin 2. maddesindeki fiilleri i\u015flemesini engelleyecek \u00f6nlemleri ivedilikle almas\u0131na, Gazze\u2019deki Filistinlilere y\u00f6nelik soyk\u0131r\u0131m \u00e7a\u011fr\u0131s\u0131 yapanlar\u0131 \u00f6nlemek, engellemek ve cezaland\u0131rmak i\u00e7in gereken t\u00fcm ad\u0131mlar\u0131 atmas\u0131na, Gazze\u2019deki Filistinlilerin kar\u015f\u0131la\u015ft\u0131\u011f\u0131 olumsuz ya\u015fam ko\u015fullar\u0131n\u0131 ortadan kald\u0131rmak i\u00e7in ihtiya\u00e7 duyulan temel hizmetlere ve insani yard\u0131m\u0131n sa\u011flanmas\u0131n\u0131 m\u00fcmk\u00fcn k\u0131lan acil ve etkili \u00f6nlemleri almas\u0131na, Gazze\u2019deki Filistinlilere kar\u015f\u0131 Soyk\u0131r\u0131m S\u00f6zle\u015fmesi&#8217;nin ihlalini g\u00f6steren delillerin yok edilmesini \u00f6nlemek ve korunmas\u0131n\u0131 sa\u011flamak i\u00e7in etkili tedbirler almas\u0131na, karar\u0131n y\u00fcr\u00fcrl\u00fc\u011fe girmesinden itibaren 1 ayda al\u0131nan t\u00fcm tedbirler hakk\u0131nda mahkemeye bir rapor sunmas\u0131na h\u00fckmetti.<\/p>\n<p>&#13;<br \/>\n\tDivan, G\u00fcney Afrika\u2019n\u0131n 6 Mart\u2019ta yapt\u0131\u011f\u0131 ek tedbir talebi \u00fczerine 28 Martta, \u0130srail\u2019den Gazze\u2019ye acilen ihtiya\u00e7 duyulan insani yard\u0131mlar\u0131n ula\u015ft\u0131r\u0131lmas\u0131n\u0131 sa\u011flamas\u0131n\u0131, Filistinlilerin haklar\u0131n\u0131 ihlal etmemesi gerekti\u011fini ve ek tedbirlere ili\u015fkin ald\u0131\u011f\u0131 \u00f6nlemleri 1 ay i\u00e7erisinde mahkemeye bir raporla sunmas\u0131na karar verdi.<\/p>\n<\/p><\/div>\n","protected":false},"excerpt":{"rendered":"<p>&#13; M\u0131s\u0131r D\u0131\u015fi\u015fleri Bakanl\u0131\u011f\u0131n\u0131n Facebook sayfas\u0131ndan yap\u0131lan a\u00e7\u0131klamada, G\u00fcney Afrika&#8217;n\u0131n, Soyk\u0131r\u0131m S\u00f6zle\u015fmesi&#8217;nin ihlali gerek\u00e7esiyle \u0130srail&#8217;e kar\u015f\u0131 a\u00e7t\u0131\u011f\u0131 davaya destek olmak amac\u0131yla resmi olarak m\u00fcdahil olma niyeti duyuruldu. &#13; S\u00f6z konusu davaya m\u00fcdahil olma karar\u0131n\u0131n, \u0130srail&#8217;in, Gazze \u015eeridi&#8217;ndeki Filistinli sivillere y\u00f6nelik sald\u0131r\u0131lar\u0131n\u0131n ciddiyetinin ve kapsam\u0131n\u0131n artmas\u0131, Filistin halk\u0131na kar\u015f\u0131 do\u011frudan sald\u0131r\u0131lar da dahil olmak \u00fczere sistematik [&hellip;]<\/p>\n","protected":false},"author":1,"featured_media":2215,"comment_status":"open","ping_status":"open","sticky":false,"template":"","format":"standard","meta":{"jnews-multi-image_gallery":[],"jnews_single_post":[],"jnews_primary_category":[],"jnews_social_meta":[],"jnews_override_counter":[],"footnotes":""},"categories":[2],"tags":[],"class_list":["post-2214","post","type-post","status-publish","format-standard","has-post-thumbnail","hentry","category-dunya"],"yoast_head":"<!-- This site is optimized with the Yoast SEO plugin v27.5 - https:\/\/yoast.com\/product\/yoast-seo-wordpress\/ -->\n<title>M\u0131s\u0131r, G\u00fcney Afrika&#039;n\u0131n UAD&#039;de \u0130srail&#039;e kar\u015f\u0131 a\u00e7t\u0131\u011f\u0131 soyk\u0131r\u0131m davas\u0131na m\u00fcdahil olacak - Haber Ver K\u0131br\u0131s<\/title>\n<meta name=\"robots\" content=\"index, follow, max-snippet:-1, max-image-preview:large, max-video-preview:-1\" \/>\n<link rel=\"canonical\" href=\"https:\/\/haberverkibris.com\/index.php\/2024\/05\/12\/misir-guney-afrikanin-uadde-israile-karsi-actigi-soykirim-davasina-mudahil-olacak\/\" \/>\n<meta property=\"og:locale\" content=\"tr_TR\" \/>\n<meta property=\"og:type\" content=\"article\" \/>\n<meta property=\"og:title\" content=\"M\u0131s\u0131r, G\u00fcney Afrika&#039;n\u0131n UAD&#039;de \u0130srail&#039;e kar\u015f\u0131 a\u00e7t\u0131\u011f\u0131 soyk\u0131r\u0131m davas\u0131na m\u00fcdahil olacak - Haber Ver K\u0131br\u0131s\" \/>\n<meta property=\"og:description\" content=\"&#013; M\u0131s\u0131r D\u0131\u015fi\u015fleri Bakanl\u0131\u011f\u0131n\u0131n Facebook sayfas\u0131ndan yap\u0131lan a\u00e7\u0131klamada, G\u00fcney Afrika&#8217;n\u0131n, Soyk\u0131r\u0131m S\u00f6zle\u015fmesi&#8217;nin ihlali gerek\u00e7esiyle \u0130srail&#8217;e kar\u015f\u0131 a\u00e7t\u0131\u011f\u0131 davaya destek olmak amac\u0131yla resmi olarak m\u00fcdahil olma niyeti duyuruldu. &#013; S\u00f6z konusu davaya m\u00fcdahil olma karar\u0131n\u0131n, \u0130srail&#8217;in, Gazze \u015eeridi&#8217;ndeki Filistinli sivillere y\u00f6nelik sald\u0131r\u0131lar\u0131n\u0131n ciddiyetinin ve kapsam\u0131n\u0131n artmas\u0131, Filistin halk\u0131na kar\u015f\u0131 do\u011frudan sald\u0131r\u0131lar da dahil olmak \u00fczere sistematik [&hellip;]\" \/>\n<meta property=\"og:url\" content=\"https:\/\/haberverkibris.com\/index.php\/2024\/05\/12\/misir-guney-afrikanin-uadde-israile-karsi-actigi-soykirim-davasina-mudahil-olacak\/\" \/>\n<meta property=\"og:site_name\" content=\"Haber Ver K\u0131br\u0131s\" \/>\n<meta property=\"article:publisher\" content=\"https:\/\/www.facebook.com\/kuzeyinsesii\" \/>\n<meta property=\"article:published_time\" content=\"2024-05-12T16:28:38+00:00\" \/>\n<meta property=\"og:image\" content=\"https:\/\/haberverkibris.com\/wp-content\/uploads\/2024\/05\/misir-1537934.jpg\" \/>\n\t<meta property=\"og:image:width\" content=\"1280\" \/>\n\t<meta property=\"og:image:height\" content=\"720\" \/>\n\t<meta property=\"og:image:type\" content=\"image\/jpeg\" \/>\n<meta name=\"author\" content=\"Haberver K\u0131br\u0131s\" \/>\n<meta name=\"twitter:card\" content=\"summary_large_image\" \/>\n<meta name=\"twitter:creator\" content=\"@kuzeyinsesii\" \/>\n<meta name=\"twitter:site\" content=\"@kuzeyinsesii\" \/>\n<meta name=\"twitter:label1\" content=\"Yazan:\" \/>\n\t<meta name=\"twitter:data1\" content=\"Haberver K\u0131br\u0131s\" \/>\n\t<meta name=\"twitter:label2\" content=\"Tahmini okuma s\u00fcresi\" \/>\n\t<meta name=\"twitter:data2\" content=\"3 dakika\" \/>\n<script type=\"application\/ld+json\" class=\"yoast-schema-graph\">{\"@context\":\"https:\\\/\\\/schema.org\",\"@graph\":[{\"@type\":\"Article\",\"@id\":\"https:\\\/\\\/haberverkibris.com\\\/index.php\\\/2024\\\/05\\\/12\\\/misir-guney-afrikanin-uadde-israile-karsi-actigi-soykirim-davasina-mudahil-olacak\\\/#article\",\"isPartOf\":{\"@id\":\"https:\\\/\\\/haberverkibris.com\\\/index.php\\\/2024\\\/05\\\/12\\\/misir-guney-afrikanin-uadde-israile-karsi-actigi-soykirim-davasina-mudahil-olacak\\\/\"},\"author\":{\"name\":\"Haberver K\u0131br\u0131s\",\"@id\":\"https:\\\/\\\/haberverkibris.com\\\/#\\\/schema\\\/person\\\/29d65381ed43765483b5a185ded66a56\"},\"headline\":\"M\u0131s\u0131r, G\u00fcney Afrika&#039;n\u0131n UAD&#039;de \u0130srail&#039;e kar\u015f\u0131 a\u00e7t\u0131\u011f\u0131 soyk\u0131r\u0131m davas\u0131na m\u00fcdahil olacak\",\"datePublished\":\"2024-05-12T16:28:38+00:00\",\"mainEntityOfPage\":{\"@id\":\"https:\\\/\\\/haberverkibris.com\\\/index.php\\\/2024\\\/05\\\/12\\\/misir-guney-afrikanin-uadde-israile-karsi-actigi-soykirim-davasina-mudahil-olacak\\\/\"},\"wordCount\":620,\"commentCount\":0,\"image\":{\"@id\":\"https:\\\/\\\/haberverkibris.com\\\/index.php\\\/2024\\\/05\\\/12\\\/misir-guney-afrikanin-uadde-israile-karsi-actigi-soykirim-davasina-mudahil-olacak\\\/#primaryimage\"},\"thumbnailUrl\":\"https:\\\/\\\/haberverkibris.com\\\/wp-content\\\/uploads\\\/2024\\\/05\\\/misir-1537934.jpg\",\"articleSection\":[\"D\u00fcnya\"],\"inLanguage\":\"tr\",\"potentialAction\":[{\"@type\":\"CommentAction\",\"name\":\"Comment\",\"target\":[\"https:\\\/\\\/haberverkibris.com\\\/index.php\\\/2024\\\/05\\\/12\\\/misir-guney-afrikanin-uadde-israile-karsi-actigi-soykirim-davasina-mudahil-olacak\\\/#respond\"]}]},{\"@type\":\"WebPage\",\"@id\":\"https:\\\/\\\/haberverkibris.com\\\/index.php\\\/2024\\\/05\\\/12\\\/misir-guney-afrikanin-uadde-israile-karsi-actigi-soykirim-davasina-mudahil-olacak\\\/\",\"url\":\"https:\\\/\\\/haberverkibris.com\\\/index.php\\\/2024\\\/05\\\/12\\\/misir-guney-afrikanin-uadde-israile-karsi-actigi-soykirim-davasina-mudahil-olacak\\\/\",\"name\":\"M\u0131s\u0131r, G\u00fcney Afrika&#039;n\u0131n UAD&#039;de \u0130srail&#039;e kar\u015f\u0131 a\u00e7t\u0131\u011f\u0131 soyk\u0131r\u0131m davas\u0131na m\u00fcdahil olacak - Haber Ver K\u0131br\u0131s\",\"isPartOf\":{\"@id\":\"https:\\\/\\\/haberverkibris.com\\\/#website\"},\"primaryImageOfPage\":{\"@id\":\"https:\\\/\\\/haberverkibris.com\\\/index.php\\\/2024\\\/05\\\/12\\\/misir-guney-afrikanin-uadde-israile-karsi-actigi-soykirim-davasina-mudahil-olacak\\\/#primaryimage\"},\"image\":{\"@id\":\"https:\\\/\\\/haberverkibris.com\\\/index.php\\\/2024\\\/05\\\/12\\\/misir-guney-afrikanin-uadde-israile-karsi-actigi-soykirim-davasina-mudahil-olacak\\\/#primaryimage\"},\"thumbnailUrl\":\"https:\\\/\\\/haberverkibris.com\\\/wp-content\\\/uploads\\\/2024\\\/05\\\/misir-1537934.jpg\",\"datePublished\":\"2024-05-12T16:28:38+00:00\",\"author\":{\"@id\":\"https:\\\/\\\/haberverkibris.com\\\/#\\\/schema\\\/person\\\/29d65381ed43765483b5a185ded66a56\"},\"breadcrumb\":{\"@id\":\"https:\\\/\\\/haberverkibris.com\\\/index.php\\\/2024\\\/05\\\/12\\\/misir-guney-afrikanin-uadde-israile-karsi-actigi-soykirim-davasina-mudahil-olacak\\\/#breadcrumb\"},\"inLanguage\":\"tr\",\"potentialAction\":[{\"@type\":\"ReadAction\",\"target\":[\"https:\\\/\\\/haberverkibris.com\\\/index.php\\\/2024\\\/05\\\/12\\\/misir-guney-afrikanin-uadde-israile-karsi-actigi-soykirim-davasina-mudahil-olacak\\\/\"]}]},{\"@type\":\"ImageObject\",\"inLanguage\":\"tr\",\"@id\":\"https:\\\/\\\/haberverkibris.com\\\/index.php\\\/2024\\\/05\\\/12\\\/misir-guney-afrikanin-uadde-israile-karsi-actigi-soykirim-davasina-mudahil-olacak\\\/#primaryimage\",\"url\":\"https:\\\/\\\/haberverkibris.com\\\/wp-content\\\/uploads\\\/2024\\\/05\\\/misir-1537934.jpg\",\"contentUrl\":\"https:\\\/\\\/haberverkibris.com\\\/wp-content\\\/uploads\\\/2024\\\/05\\\/misir-1537934.jpg\",\"width\":1280,\"height\":720},{\"@type\":\"BreadcrumbList\",\"@id\":\"https:\\\/\\\/haberverkibris.com\\\/index.php\\\/2024\\\/05\\\/12\\\/misir-guney-afrikanin-uadde-israile-karsi-actigi-soykirim-davasina-mudahil-olacak\\\/#breadcrumb\",\"itemListElement\":[{\"@type\":\"ListItem\",\"position\":1,\"name\":\"Anasayfa\",\"item\":\"https:\\\/\\\/haberverkibris.com\\\/\"},{\"@type\":\"ListItem\",\"position\":2,\"name\":\"M\u0131s\u0131r, G\u00fcney Afrika&#039;n\u0131n UAD&#039;de \u0130srail&#039;e kar\u015f\u0131 a\u00e7t\u0131\u011f\u0131 soyk\u0131r\u0131m davas\u0131na m\u00fcdahil olacak\"}]},{\"@type\":\"WebSite\",\"@id\":\"https:\\\/\\\/haberverkibris.com\\\/#website\",\"url\":\"https:\\\/\\\/haberverkibris.com\\\/\",\"name\":\"Kuzeyin Sesi\",\"description\":\"Do\u011fru Haberin Adresi\",\"potentialAction\":[{\"@type\":\"SearchAction\",\"target\":{\"@type\":\"EntryPoint\",\"urlTemplate\":\"https:\\\/\\\/haberverkibris.com\\\/?s={search_term_string}\"},\"query-input\":{\"@type\":\"PropertyValueSpecification\",\"valueRequired\":true,\"valueName\":\"search_term_string\"}}],\"inLanguage\":\"tr\"},{\"@type\":\"Person\",\"@id\":\"https:\\\/\\\/haberverkibris.com\\\/#\\\/schema\\\/person\\\/29d65381ed43765483b5a185ded66a56\",\"name\":\"Haberver K\u0131br\u0131s\",\"image\":{\"@type\":\"ImageObject\",\"inLanguage\":\"tr\",\"@id\":\"https:\\\/\\\/secure.gravatar.com\\\/avatar\\\/bab33852abfd8b282518d6ed81826833d77c3c882d9ab608add591ccace47a44?s=96&d=mm&r=g\",\"url\":\"https:\\\/\\\/secure.gravatar.com\\\/avatar\\\/bab33852abfd8b282518d6ed81826833d77c3c882d9ab608add591ccace47a44?s=96&d=mm&r=g\",\"contentUrl\":\"https:\\\/\\\/secure.gravatar.com\\\/avatar\\\/bab33852abfd8b282518d6ed81826833d77c3c882d9ab608add591ccace47a44?s=96&d=mm&r=g\",\"caption\":\"Haberver K\u0131br\u0131s\"},\"sameAs\":[\"https:\\\/\\\/haberverkibris.com\"],\"url\":\"https:\\\/\\\/haberverkibris.com\\\/index.php\\\/author\\\/guven\\\/\"}]}<\/script>\n<!-- \/ Yoast SEO plugin. -->","yoast_head_json":{"title":"M\u0131s\u0131r, G\u00fcney Afrika&#039;n\u0131n UAD&#039;de \u0130srail&#039;e kar\u015f\u0131 a\u00e7t\u0131\u011f\u0131 soyk\u0131r\u0131m davas\u0131na m\u00fcdahil olacak - Haber Ver K\u0131br\u0131s","robots":{"index":"index","follow":"follow","max-snippet":"max-snippet:-1","max-image-preview":"max-image-preview:large","max-video-preview":"max-video-preview:-1"},"canonical":"https:\/\/haberverkibris.com\/index.php\/2024\/05\/12\/misir-guney-afrikanin-uadde-israile-karsi-actigi-soykirim-davasina-mudahil-olacak\/","og_locale":"tr_TR","og_type":"article","og_title":"M\u0131s\u0131r, G\u00fcney Afrika&#039;n\u0131n UAD&#039;de \u0130srail&#039;e kar\u015f\u0131 a\u00e7t\u0131\u011f\u0131 soyk\u0131r\u0131m davas\u0131na m\u00fcdahil olacak - Haber Ver K\u0131br\u0131s","og_description":"&#13; M\u0131s\u0131r D\u0131\u015fi\u015fleri Bakanl\u0131\u011f\u0131n\u0131n Facebook sayfas\u0131ndan yap\u0131lan a\u00e7\u0131klamada, G\u00fcney Afrika&#8217;n\u0131n, Soyk\u0131r\u0131m S\u00f6zle\u015fmesi&#8217;nin ihlali gerek\u00e7esiyle \u0130srail&#8217;e kar\u015f\u0131 a\u00e7t\u0131\u011f\u0131 davaya destek olmak amac\u0131yla resmi olarak m\u00fcdahil olma niyeti duyuruldu. &#13; S\u00f6z konusu davaya m\u00fcdahil olma karar\u0131n\u0131n, \u0130srail&#8217;in, Gazze \u015eeridi&#8217;ndeki Filistinli sivillere y\u00f6nelik sald\u0131r\u0131lar\u0131n\u0131n ciddiyetinin ve kapsam\u0131n\u0131n artmas\u0131, Filistin halk\u0131na kar\u015f\u0131 do\u011frudan sald\u0131r\u0131lar da dahil olmak \u00fczere sistematik [&hellip;]","og_url":"https:\/\/haberverkibris.com\/index.php\/2024\/05\/12\/misir-guney-afrikanin-uadde-israile-karsi-actigi-soykirim-davasina-mudahil-olacak\/","og_site_name":"Haber Ver K\u0131br\u0131s","article_publisher":"https:\/\/www.facebook.com\/kuzeyinsesii","article_published_time":"2024-05-12T16:28:38+00:00","og_image":[{"width":1280,"height":720,"url":"https:\/\/haberverkibris.com\/wp-content\/uploads\/2024\/05\/misir-1537934.jpg","type":"image\/jpeg"}],"author":"Haberver K\u0131br\u0131s","twitter_card":"summary_large_image","twitter_creator":"@kuzeyinsesii","twitter_site":"@kuzeyinsesii","twitter_misc":{"Yazan:":"Haberver K\u0131br\u0131s","Tahmini okuma s\u00fcresi":"3 dakika"},"schema":{"@context":"https:\/\/schema.org","@graph":[{"@type":"Article","@id":"https:\/\/haberverkibris.com\/index.php\/2024\/05\/12\/misir-guney-afrikanin-uadde-israile-karsi-actigi-soykirim-davasina-mudahil-olacak\/#article","isPartOf":{"@id":"https:\/\/haberverkibris.com\/index.php\/2024\/05\/12\/misir-guney-afrikanin-uadde-israile-karsi-actigi-soykirim-davasina-mudahil-olacak\/"},"author":{"name":"Haberver K\u0131br\u0131s","@id":"https:\/\/haberverkibris.com\/#\/schema\/person\/29d65381ed43765483b5a185ded66a56"},"headline":"M\u0131s\u0131r, G\u00fcney Afrika&#039;n\u0131n UAD&#039;de \u0130srail&#039;e kar\u015f\u0131 a\u00e7t\u0131\u011f\u0131 soyk\u0131r\u0131m davas\u0131na m\u00fcdahil olacak","datePublished":"2024-05-12T16:28:38+00:00","mainEntityOfPage":{"@id":"https:\/\/haberverkibris.com\/index.php\/2024\/05\/12\/misir-guney-afrikanin-uadde-israile-karsi-actigi-soykirim-davasina-mudahil-olacak\/"},"wordCount":620,"commentCount":0,"image":{"@id":"https:\/\/haberverkibris.com\/index.php\/2024\/05\/12\/misir-guney-afrikanin-uadde-israile-karsi-actigi-soykirim-davasina-mudahil-olacak\/#primaryimage"},"thumbnailUrl":"https:\/\/haberverkibris.com\/wp-content\/uploads\/2024\/05\/misir-1537934.jpg","articleSection":["D\u00fcnya"],"inLanguage":"tr","potentialAction":[{"@type":"CommentAction","name":"Comment","target":["https:\/\/haberverkibris.com\/index.php\/2024\/05\/12\/misir-guney-afrikanin-uadde-israile-karsi-actigi-soykirim-davasina-mudahil-olacak\/#respond"]}]},{"@type":"WebPage","@id":"https:\/\/haberverkibris.com\/index.php\/2024\/05\/12\/misir-guney-afrikanin-uadde-israile-karsi-actigi-soykirim-davasina-mudahil-olacak\/","url":"https:\/\/haberverkibris.com\/index.php\/2024\/05\/12\/misir-guney-afrikanin-uadde-israile-karsi-actigi-soykirim-davasina-mudahil-olacak\/","name":"M\u0131s\u0131r, G\u00fcney Afrika&#039;n\u0131n UAD&#039;de \u0130srail&#039;e kar\u015f\u0131 a\u00e7t\u0131\u011f\u0131 soyk\u0131r\u0131m davas\u0131na m\u00fcdahil olacak - Haber Ver K\u0131br\u0131s","isPartOf":{"@id":"https:\/\/haberverkibris.com\/#website"},"primaryImageOfPage":{"@id":"https:\/\/haberverkibris.com\/index.php\/2024\/05\/12\/misir-guney-afrikanin-uadde-israile-karsi-actigi-soykirim-davasina-mudahil-olacak\/#primaryimage"},"image":{"@id":"https:\/\/haberverkibris.com\/index.php\/2024\/05\/12\/misir-guney-afrikanin-uadde-israile-karsi-actigi-soykirim-davasina-mudahil-olacak\/#primaryimage"},"thumbnailUrl":"https:\/\/haberverkibris.com\/wp-content\/uploads\/2024\/05\/misir-1537934.jpg","datePublished":"2024-05-12T16:28:38+00:00","author":{"@id":"https:\/\/haberverkibris.com\/#\/schema\/person\/29d65381ed43765483b5a185ded66a56"},"breadcrumb":{"@id":"https:\/\/haberverkibris.com\/index.php\/2024\/05\/12\/misir-guney-afrikanin-uadde-israile-karsi-actigi-soykirim-davasina-mudahil-olacak\/#breadcrumb"},"inLanguage":"tr","potentialAction":[{"@type":"ReadAction","target":["https:\/\/haberverkibris.com\/index.php\/2024\/05\/12\/misir-guney-afrikanin-uadde-israile-karsi-actigi-soykirim-davasina-mudahil-olacak\/"]}]},{"@type":"ImageObject","inLanguage":"tr","@id":"https:\/\/haberverkibris.com\/index.php\/2024\/05\/12\/misir-guney-afrikanin-uadde-israile-karsi-actigi-soykirim-davasina-mudahil-olacak\/#primaryimage","url":"https:\/\/haberverkibris.com\/wp-content\/uploads\/2024\/05\/misir-1537934.jpg","contentUrl":"https:\/\/haberverkibris.com\/wp-content\/uploads\/2024\/05\/misir-1537934.jpg","width":1280,"height":720},{"@type":"BreadcrumbList","@id":"https:\/\/haberverkibris.com\/index.php\/2024\/05\/12\/misir-guney-afrikanin-uadde-israile-karsi-actigi-soykirim-davasina-mudahil-olacak\/#breadcrumb","itemListElement":[{"@type":"ListItem","position":1,"name":"Anasayfa","item":"https:\/\/haberverkibris.com\/"},{"@type":"ListItem","position":2,"name":"M\u0131s\u0131r, G\u00fcney Afrika&#039;n\u0131n UAD&#039;de \u0130srail&#039;e kar\u015f\u0131 a\u00e7t\u0131\u011f\u0131 soyk\u0131r\u0131m davas\u0131na m\u00fcdahil olacak"}]},{"@type":"WebSite","@id":"https:\/\/haberverkibris.com\/#website","url":"https:\/\/haberverkibris.com\/","name":"Kuzeyin Sesi","description":"Do\u011fru Haberin Adresi","potentialAction":[{"@type":"SearchAction","target":{"@type":"EntryPoint","urlTemplate":"https:\/\/haberverkibris.com\/?s={search_term_string}"},"query-input":{"@type":"PropertyValueSpecification","valueRequired":true,"valueName":"search_term_string"}}],"inLanguage":"tr"},{"@type":"Person","@id":"https:\/\/haberverkibris.com\/#\/schema\/person\/29d65381ed43765483b5a185ded66a56","name":"Haberver K\u0131br\u0131s","image":{"@type":"ImageObject","inLanguage":"tr","@id":"https:\/\/secure.gravatar.com\/avatar\/bab33852abfd8b282518d6ed81826833d77c3c882d9ab608add591ccace47a44?s=96&d=mm&r=g","url":"https:\/\/secure.gravatar.com\/avatar\/bab33852abfd8b282518d6ed81826833d77c3c882d9ab608add591ccace47a44?s=96&d=mm&r=g","contentUrl":"https:\/\/secure.gravatar.com\/avatar\/bab33852abfd8b282518d6ed81826833d77c3c882d9ab608add591ccace47a44?s=96&d=mm&r=g","caption":"Haberver K\u0131br\u0131s"},"sameAs":["https:\/\/haberverkibris.com"],"url":"https:\/\/haberverkibris.com\/index.php\/author\/guven\/"}]}},"_links":{"self":[{"href":"https:\/\/haberverkibris.com\/index.php\/wp-json\/wp\/v2\/posts\/2214","targetHints":{"allow":["GET"]}}],"collection":[{"href":"https:\/\/haberverkibris.com\/index.php\/wp-json\/wp\/v2\/posts"}],"about":[{"href":"https:\/\/haberverkibris.com\/index.php\/wp-json\/wp\/v2\/types\/post"}],"author":[{"embeddable":true,"href":"https:\/\/haberverkibris.com\/index.php\/wp-json\/wp\/v2\/users\/1"}],"replies":[{"embeddable":true,"href":"https:\/\/haberverkibris.com\/index.php\/wp-json\/wp\/v2\/comments?post=2214"}],"version-history":[{"count":0,"href":"https:\/\/haberverkibris.com\/index.php\/wp-json\/wp\/v2\/posts\/2214\/revisions"}],"wp:featuredmedia":[{"embeddable":true,"href":"https:\/\/haberverkibris.com\/index.php\/wp-json\/wp\/v2\/media\/2215"}],"wp:attachment":[{"href":"https:\/\/haberverkibris.com\/index.php\/wp-json\/wp\/v2\/media?parent=2214"}],"wp:term":[{"taxonomy":"category","embeddable":true,"href":"https:\/\/haberverkibris.com\/index.php\/wp-json\/wp\/v2\/categories?post=2214"},{"taxonomy":"post_tag","embeddable":true,"href":"https:\/\/haberverkibris.com\/index.php\/wp-json\/wp\/v2\/tags?post=2214"}],"curies":[{"name":"wp","href":"https:\/\/api.w.org\/{rel}","templated":true}]}}