{"id":2024,"date":"2024-05-10T22:38:06","date_gmt":"2024-05-10T19:38:06","guid":{"rendered":"https:\/\/kuzeyinsesi.com\/index.php\/2024\/05\/10\/oxfordun-okul-kaynaklarini-gazzeli-ogrenci-ve-akademisyenlere-acmasi-istendi\/"},"modified":"2024-05-10T22:38:06","modified_gmt":"2024-05-10T19:38:06","slug":"oxfordun-okul-kaynaklarini-gazzeli-ogrenci-ve-akademisyenlere-acmasi-istendi","status":"publish","type":"post","link":"https:\/\/haberverkibris.com\/index.php\/2024\/05\/10\/oxfordun-okul-kaynaklarini-gazzeli-ogrenci-ve-akademisyenlere-acmasi-istendi\/","title":{"rendered":"Oxford&#039;un okul kaynaklar\u0131n\u0131 Gazzeli \u00f6\u011frenci ve akademisyenlere a\u00e7mas\u0131 istendi"},"content":{"rendered":"<p><\/p>\n<div>\n<p>&#13;<br \/>\n\tOxford \u00dcniversitesi&#8217;nin farkl\u0131 birimlerinde g\u00f6rev alan <a href=\"https:\/\/www.trthaber.com\/etiket\/akademisyen\/\" target=\"_blank\" rel=\"noopener\">akademisyen<\/a> ve ara\u015ft\u0131rmac\u0131lar\u0131n imza att\u0131klar\u0131 mektupta, Oxford&#8217;un \u0130srail&#8217;le i\u015fbirliklerine son vermesi talebiyle kurulan \u00f6\u011frenci kamp\u0131n\u0131 destekledikleri ifade edildi.<\/p>\n<p>&#13;<br \/>\n\tOxford \u00f6\u011frencilerinin okullar\u0131ndan ate\u015fkes \u00e7a\u011fr\u0131s\u0131 yapma ve \u0130srail&#8217;i k\u0131nama talebinde bulundu\u011fu hat\u0131rlat\u0131lan mektupta, Gazze&#8217;deki \u00f6\u011frenci ve akademisyenlerle dayan\u0131\u015fma g\u00f6sterme talebi de vurguland\u0131.<\/p>\n<p>&#13;<br \/>\n\tGazze&#8217;deki durumun felaket seviyesinde oldu\u011funun alt\u0131 \u00e7izilen mektupta \u015fu ifadelere yer verildi:<\/p>\n<p>&#13;<br \/>\n\t<em>&#8220;Oxford \u00dcniversitesi&#8217;nin e\u011fitimde k\u00fcresel liderli\u011fe ve uluslararas\u0131 d\u00fczeyde <a href=\"https:\/\/www.trthaber.com\/etiket\/egitim\/\" target=\"_blank\" rel=\"noopener\">e\u011fitim<\/a> f\u0131rsatlar\u0131n\u0131 geli\u015ftirmeye olan ba\u011fl\u0131l\u0131\u011f\u0131 g\u00f6z \u00f6n\u00fcne al\u0131nd\u0131\u011f\u0131nda, \u00f6\u011frencilerimizin taleplerini tamamen makul buluyoruz. \u00dcniversite, esirlerin serbest b\u0131rak\u0131lmas\u0131 ve Gazze&#8217;de devam eden \u015fiddete son verilmesi \u00e7a\u011fr\u0131s\u0131nda bulunmu\u015ftu. Buna ilaveten \u00e7o\u011fu \u00e7ocuk olmak \u00fczere <a href=\"https:\/\/www.trthaber.com\/etiket\/israil\/\" target=\"_blank\" rel=\"noopener\">\u0130srail<\/a> hapishanelerinde idari g\u00f6zetim alt\u0131nda tutulan Filistinli mahkumlar\u0131n serbest b\u0131rak\u0131lmas\u0131 \u00e7a\u011fr\u0131s\u0131nda bulunuyoruz. Ayr\u0131ca \u00fcniversitenin bir dizi ba\u015fka acil \u00f6nlem almas\u0131n\u0131 da talep ediyoruz.&#8221;<\/em><\/p>\n<h2>&#13;<br \/>\n\t\u00dcniversite y\u00f6netiminden her t\u00fcrl\u00fc yat\u0131r\u0131m\u0131 ayr\u0131nt\u0131l\u0131 olarak a\u00e7\u0131klamas\u0131 istendi<\/h2>\n<p>&#13;<br \/>\n\t\u00dcniversitnin do\u011frudan silah firmalar\u0131na yat\u0131r\u0131m yapmama politikas\u0131na i\u015faret edilen mektupta, \u00fcniversite y\u00f6netiminden her t\u00fcrl\u00fc yat\u0131r\u0131m\u0131 ayr\u0131nt\u0131l\u0131 olarak a\u00e7\u0131klamas\u0131 da istendi.<\/p>\n<p>&#13;<br \/>\n\t&#8220;Rekt\u00f6r yard\u0131mc\u0131s\u0131ndan y\u00fczden fazla \u00fcniversite profes\u00f6r\u00fcn\u00fcn \u00f6ld\u00fcr\u00fclmesini ve \u0130srail&#8217;in Gazze&#8217;deki e\u011fitim kurumlar\u0131n\u0131 ve ar\u015fivleri yok etmesini kesin olarak k\u0131namas\u0131n\u0131 istiyoruz&#8221; ifadeleri kullan\u0131lan mektupta, Gazzeli akademisyen ve \u00f6\u011frencilere destek verilmesi talebi de yer ald\u0131.<\/p>\n<p><\/p>\n<p>&#13;<br \/>\n\tBu kapsamda \u00f6\u011frencilere ve akademisyenlere \u00e7al\u0131\u015fmalar\u0131na devam edebilmesi i\u00e7in Oxford&#8217;un <a href=\"https:\/\/www.trthaber.com\/etiket\/kutuphane\/\" target=\"_blank\" rel=\"noopener\">k\u00fct\u00fcphane<\/a> kaynaklar\u0131na ve \u00e7evrim i\u00e7i e\u011fitimlerine <a href=\"https:\/\/www.trthaber.com\/etiket\/ulasim\/\" target=\"_blank\" rel=\"noopener\">ula\u015f\u0131m<\/a> f\u0131rsat\u0131 verilmesi talebinde bulunuldu.<\/p>\n<p>&#13;<br \/>\n\tGazze&#8217;deki \u00fcniversitelerin yeniden in\u015fas\u0131na destek verilmesi talebi de payla\u015f\u0131lan mektupta, &#8220;Gazze&#8217;yle dayan\u0131\u015fma kamp\u0131n\u0131 kamuya y\u00f6nelik k\u00fcresel bir e\u011fitim projesi olarak g\u00f6r\u00fcyoruz. \u00dcniversite y\u00f6netiminin bunu diyalog f\u0131rsat\u0131 olarak de\u011ferlendirece\u011fini umuyoruz.&#8221; g\u00f6r\u00fc\u015f\u00fc payla\u015f\u0131ld\u0131.<\/p>\n<p>&#13;<br \/>\n\tMektuba imza atanlar aras\u0131nda 63&#8217;\u00fc profes\u00f6r, 49&#8217;u do\u00e7ent olmak \u00fczere 500&#8217;e yak\u0131n akademisyen ve ara\u015ft\u0131rmac\u0131 yer ald\u0131.<\/p>\n<\/p><\/div>\n","protected":false},"excerpt":{"rendered":"<p>&#13; Oxford \u00dcniversitesi&#8217;nin farkl\u0131 birimlerinde g\u00f6rev alan akademisyen ve ara\u015ft\u0131rmac\u0131lar\u0131n imza att\u0131klar\u0131 mektupta, Oxford&#8217;un \u0130srail&#8217;le i\u015fbirliklerine son vermesi talebiyle kurulan \u00f6\u011frenci kamp\u0131n\u0131 destekledikleri ifade edildi. &#13; Oxford \u00f6\u011frencilerinin okullar\u0131ndan ate\u015fkes \u00e7a\u011fr\u0131s\u0131 yapma ve \u0130srail&#8217;i k\u0131nama talebinde bulundu\u011fu hat\u0131rlat\u0131lan mektupta, Gazze&#8217;deki \u00f6\u011frenci ve akademisyenlerle dayan\u0131\u015fma g\u00f6sterme talebi de vurguland\u0131. &#13; Gazze&#8217;deki durumun felaket seviyesinde oldu\u011funun alt\u0131 [&hellip;]<\/p>\n","protected":false},"author":1,"featured_media":2025,"comment_status":"open","ping_status":"open","sticky":false,"template":"","format":"standard","meta":{"jnews-multi-image_gallery":[],"jnews_single_post":[],"jnews_primary_category":[],"jnews_social_meta":[],"jnews_override_counter":[],"footnotes":""},"categories":[2],"tags":[],"class_list":["post-2024","post","type-post","status-publish","format-standard","has-post-thumbnail","hentry","category-dunya"],"yoast_head":"<!-- This site is optimized with the Yoast SEO plugin v27.5 - https:\/\/yoast.com\/product\/yoast-seo-wordpress\/ -->\n<title>Oxford&#039;un okul kaynaklar\u0131n\u0131 Gazzeli \u00f6\u011frenci ve akademisyenlere a\u00e7mas\u0131 istendi - Haber Ver K\u0131br\u0131s<\/title>\n<meta name=\"robots\" content=\"index, follow, max-snippet:-1, max-image-preview:large, max-video-preview:-1\" \/>\n<link rel=\"canonical\" href=\"https:\/\/haberverkibris.com\/index.php\/2024\/05\/10\/oxfordun-okul-kaynaklarini-gazzeli-ogrenci-ve-akademisyenlere-acmasi-istendi\/\" \/>\n<meta property=\"og:locale\" content=\"tr_TR\" \/>\n<meta property=\"og:type\" content=\"article\" \/>\n<meta property=\"og:title\" content=\"Oxford&#039;un okul kaynaklar\u0131n\u0131 Gazzeli \u00f6\u011frenci ve akademisyenlere a\u00e7mas\u0131 istendi - Haber Ver K\u0131br\u0131s\" \/>\n<meta property=\"og:description\" content=\"&#013; Oxford \u00dcniversitesi&#8217;nin farkl\u0131 birimlerinde g\u00f6rev alan akademisyen ve ara\u015ft\u0131rmac\u0131lar\u0131n imza att\u0131klar\u0131 mektupta, Oxford&#8217;un \u0130srail&#8217;le i\u015fbirliklerine son vermesi talebiyle kurulan \u00f6\u011frenci kamp\u0131n\u0131 destekledikleri ifade edildi. &#013; Oxford \u00f6\u011frencilerinin okullar\u0131ndan ate\u015fkes \u00e7a\u011fr\u0131s\u0131 yapma ve \u0130srail&#8217;i k\u0131nama talebinde bulundu\u011fu hat\u0131rlat\u0131lan mektupta, Gazze&#8217;deki \u00f6\u011frenci ve akademisyenlerle dayan\u0131\u015fma g\u00f6sterme talebi de vurguland\u0131. &#013; Gazze&#8217;deki durumun felaket seviyesinde oldu\u011funun alt\u0131 [&hellip;]\" \/>\n<meta property=\"og:url\" content=\"https:\/\/haberverkibris.com\/index.php\/2024\/05\/10\/oxfordun-okul-kaynaklarini-gazzeli-ogrenci-ve-akademisyenlere-acmasi-istendi\/\" \/>\n<meta property=\"og:site_name\" content=\"Haber Ver K\u0131br\u0131s\" \/>\n<meta property=\"article:publisher\" content=\"https:\/\/www.facebook.com\/kuzeyinsesii\" \/>\n<meta property=\"article:published_time\" content=\"2024-05-10T19:38:06+00:00\" \/>\n<meta property=\"og:image\" content=\"https:\/\/haberverkibris.com\/wp-content\/uploads\/2024\/05\/oxford-university-afp-2227537.jpg\" \/>\n\t<meta property=\"og:image:width\" content=\"1280\" \/>\n\t<meta property=\"og:image:height\" content=\"720\" \/>\n\t<meta property=\"og:image:type\" content=\"image\/jpeg\" \/>\n<meta name=\"author\" content=\"Haberver K\u0131br\u0131s\" \/>\n<meta name=\"twitter:card\" content=\"summary_large_image\" \/>\n<meta name=\"twitter:creator\" content=\"@kuzeyinsesii\" \/>\n<meta name=\"twitter:site\" content=\"@kuzeyinsesii\" \/>\n<meta name=\"twitter:label1\" content=\"Yazan:\" \/>\n\t<meta name=\"twitter:data1\" content=\"Haberver K\u0131br\u0131s\" \/>\n\t<meta name=\"twitter:label2\" content=\"Tahmini okuma s\u00fcresi\" \/>\n\t<meta name=\"twitter:data2\" content=\"2 dakika\" \/>\n<script type=\"application\/ld+json\" class=\"yoast-schema-graph\">{\"@context\":\"https:\\\/\\\/schema.org\",\"@graph\":[{\"@type\":\"Article\",\"@id\":\"https:\\\/\\\/haberverkibris.com\\\/index.php\\\/2024\\\/05\\\/10\\\/oxfordun-okul-kaynaklarini-gazzeli-ogrenci-ve-akademisyenlere-acmasi-istendi\\\/#article\",\"isPartOf\":{\"@id\":\"https:\\\/\\\/haberverkibris.com\\\/index.php\\\/2024\\\/05\\\/10\\\/oxfordun-okul-kaynaklarini-gazzeli-ogrenci-ve-akademisyenlere-acmasi-istendi\\\/\"},\"author\":{\"name\":\"Haberver K\u0131br\u0131s\",\"@id\":\"https:\\\/\\\/haberverkibris.com\\\/#\\\/schema\\\/person\\\/29d65381ed43765483b5a185ded66a56\"},\"headline\":\"Oxford&#039;un okul kaynaklar\u0131n\u0131 Gazzeli \u00f6\u011frenci ve akademisyenlere a\u00e7mas\u0131 istendi\",\"datePublished\":\"2024-05-10T19:38:06+00:00\",\"mainEntityOfPage\":{\"@id\":\"https:\\\/\\\/haberverkibris.com\\\/index.php\\\/2024\\\/05\\\/10\\\/oxfordun-okul-kaynaklarini-gazzeli-ogrenci-ve-akademisyenlere-acmasi-istendi\\\/\"},\"wordCount\":395,\"commentCount\":0,\"image\":{\"@id\":\"https:\\\/\\\/haberverkibris.com\\\/index.php\\\/2024\\\/05\\\/10\\\/oxfordun-okul-kaynaklarini-gazzeli-ogrenci-ve-akademisyenlere-acmasi-istendi\\\/#primaryimage\"},\"thumbnailUrl\":\"https:\\\/\\\/haberverkibris.com\\\/wp-content\\\/uploads\\\/2024\\\/05\\\/oxford-university-afp-2227537.jpg\",\"articleSection\":[\"D\u00fcnya\"],\"inLanguage\":\"tr\",\"potentialAction\":[{\"@type\":\"CommentAction\",\"name\":\"Comment\",\"target\":[\"https:\\\/\\\/haberverkibris.com\\\/index.php\\\/2024\\\/05\\\/10\\\/oxfordun-okul-kaynaklarini-gazzeli-ogrenci-ve-akademisyenlere-acmasi-istendi\\\/#respond\"]}]},{\"@type\":\"WebPage\",\"@id\":\"https:\\\/\\\/haberverkibris.com\\\/index.php\\\/2024\\\/05\\\/10\\\/oxfordun-okul-kaynaklarini-gazzeli-ogrenci-ve-akademisyenlere-acmasi-istendi\\\/\",\"url\":\"https:\\\/\\\/haberverkibris.com\\\/index.php\\\/2024\\\/05\\\/10\\\/oxfordun-okul-kaynaklarini-gazzeli-ogrenci-ve-akademisyenlere-acmasi-istendi\\\/\",\"name\":\"Oxford&#039;un okul kaynaklar\u0131n\u0131 Gazzeli \u00f6\u011frenci ve akademisyenlere a\u00e7mas\u0131 istendi - Haber Ver K\u0131br\u0131s\",\"isPartOf\":{\"@id\":\"https:\\\/\\\/haberverkibris.com\\\/#website\"},\"primaryImageOfPage\":{\"@id\":\"https:\\\/\\\/haberverkibris.com\\\/index.php\\\/2024\\\/05\\\/10\\\/oxfordun-okul-kaynaklarini-gazzeli-ogrenci-ve-akademisyenlere-acmasi-istendi\\\/#primaryimage\"},\"image\":{\"@id\":\"https:\\\/\\\/haberverkibris.com\\\/index.php\\\/2024\\\/05\\\/10\\\/oxfordun-okul-kaynaklarini-gazzeli-ogrenci-ve-akademisyenlere-acmasi-istendi\\\/#primaryimage\"},\"thumbnailUrl\":\"https:\\\/\\\/haberverkibris.com\\\/wp-content\\\/uploads\\\/2024\\\/05\\\/oxford-university-afp-2227537.jpg\",\"datePublished\":\"2024-05-10T19:38:06+00:00\",\"author\":{\"@id\":\"https:\\\/\\\/haberverkibris.com\\\/#\\\/schema\\\/person\\\/29d65381ed43765483b5a185ded66a56\"},\"breadcrumb\":{\"@id\":\"https:\\\/\\\/haberverkibris.com\\\/index.php\\\/2024\\\/05\\\/10\\\/oxfordun-okul-kaynaklarini-gazzeli-ogrenci-ve-akademisyenlere-acmasi-istendi\\\/#breadcrumb\"},\"inLanguage\":\"tr\",\"potentialAction\":[{\"@type\":\"ReadAction\",\"target\":[\"https:\\\/\\\/haberverkibris.com\\\/index.php\\\/2024\\\/05\\\/10\\\/oxfordun-okul-kaynaklarini-gazzeli-ogrenci-ve-akademisyenlere-acmasi-istendi\\\/\"]}]},{\"@type\":\"ImageObject\",\"inLanguage\":\"tr\",\"@id\":\"https:\\\/\\\/haberverkibris.com\\\/index.php\\\/2024\\\/05\\\/10\\\/oxfordun-okul-kaynaklarini-gazzeli-ogrenci-ve-akademisyenlere-acmasi-istendi\\\/#primaryimage\",\"url\":\"https:\\\/\\\/haberverkibris.com\\\/wp-content\\\/uploads\\\/2024\\\/05\\\/oxford-university-afp-2227537.jpg\",\"contentUrl\":\"https:\\\/\\\/haberverkibris.com\\\/wp-content\\\/uploads\\\/2024\\\/05\\\/oxford-university-afp-2227537.jpg\",\"width\":1280,\"height\":720},{\"@type\":\"BreadcrumbList\",\"@id\":\"https:\\\/\\\/haberverkibris.com\\\/index.php\\\/2024\\\/05\\\/10\\\/oxfordun-okul-kaynaklarini-gazzeli-ogrenci-ve-akademisyenlere-acmasi-istendi\\\/#breadcrumb\",\"itemListElement\":[{\"@type\":\"ListItem\",\"position\":1,\"name\":\"Anasayfa\",\"item\":\"https:\\\/\\\/haberverkibris.com\\\/\"},{\"@type\":\"ListItem\",\"position\":2,\"name\":\"Oxford&#039;un okul kaynaklar\u0131n\u0131 Gazzeli \u00f6\u011frenci ve akademisyenlere a\u00e7mas\u0131 istendi\"}]},{\"@type\":\"WebSite\",\"@id\":\"https:\\\/\\\/haberverkibris.com\\\/#website\",\"url\":\"https:\\\/\\\/haberverkibris.com\\\/\",\"name\":\"Kuzeyin Sesi\",\"description\":\"Do\u011fru Haberin Adresi\",\"potentialAction\":[{\"@type\":\"SearchAction\",\"target\":{\"@type\":\"EntryPoint\",\"urlTemplate\":\"https:\\\/\\\/haberverkibris.com\\\/?s={search_term_string}\"},\"query-input\":{\"@type\":\"PropertyValueSpecification\",\"valueRequired\":true,\"valueName\":\"search_term_string\"}}],\"inLanguage\":\"tr\"},{\"@type\":\"Person\",\"@id\":\"https:\\\/\\\/haberverkibris.com\\\/#\\\/schema\\\/person\\\/29d65381ed43765483b5a185ded66a56\",\"name\":\"Haberver K\u0131br\u0131s\",\"image\":{\"@type\":\"ImageObject\",\"inLanguage\":\"tr\",\"@id\":\"https:\\\/\\\/secure.gravatar.com\\\/avatar\\\/bab33852abfd8b282518d6ed81826833d77c3c882d9ab608add591ccace47a44?s=96&d=mm&r=g\",\"url\":\"https:\\\/\\\/secure.gravatar.com\\\/avatar\\\/bab33852abfd8b282518d6ed81826833d77c3c882d9ab608add591ccace47a44?s=96&d=mm&r=g\",\"contentUrl\":\"https:\\\/\\\/secure.gravatar.com\\\/avatar\\\/bab33852abfd8b282518d6ed81826833d77c3c882d9ab608add591ccace47a44?s=96&d=mm&r=g\",\"caption\":\"Haberver K\u0131br\u0131s\"},\"sameAs\":[\"https:\\\/\\\/haberverkibris.com\"],\"url\":\"https:\\\/\\\/haberverkibris.com\\\/index.php\\\/author\\\/guven\\\/\"}]}<\/script>\n<!-- \/ Yoast SEO plugin. -->","yoast_head_json":{"title":"Oxford&#039;un okul kaynaklar\u0131n\u0131 Gazzeli \u00f6\u011frenci ve akademisyenlere a\u00e7mas\u0131 istendi - Haber Ver K\u0131br\u0131s","robots":{"index":"index","follow":"follow","max-snippet":"max-snippet:-1","max-image-preview":"max-image-preview:large","max-video-preview":"max-video-preview:-1"},"canonical":"https:\/\/haberverkibris.com\/index.php\/2024\/05\/10\/oxfordun-okul-kaynaklarini-gazzeli-ogrenci-ve-akademisyenlere-acmasi-istendi\/","og_locale":"tr_TR","og_type":"article","og_title":"Oxford&#039;un okul kaynaklar\u0131n\u0131 Gazzeli \u00f6\u011frenci ve akademisyenlere a\u00e7mas\u0131 istendi - Haber Ver K\u0131br\u0131s","og_description":"&#13; Oxford \u00dcniversitesi&#8217;nin farkl\u0131 birimlerinde g\u00f6rev alan akademisyen ve ara\u015ft\u0131rmac\u0131lar\u0131n imza att\u0131klar\u0131 mektupta, Oxford&#8217;un \u0130srail&#8217;le i\u015fbirliklerine son vermesi talebiyle kurulan \u00f6\u011frenci kamp\u0131n\u0131 destekledikleri ifade edildi. &#13; Oxford \u00f6\u011frencilerinin okullar\u0131ndan ate\u015fkes \u00e7a\u011fr\u0131s\u0131 yapma ve \u0130srail&#8217;i k\u0131nama talebinde bulundu\u011fu hat\u0131rlat\u0131lan mektupta, Gazze&#8217;deki \u00f6\u011frenci ve akademisyenlerle dayan\u0131\u015fma g\u00f6sterme talebi de vurguland\u0131. &#13; Gazze&#8217;deki durumun felaket seviyesinde oldu\u011funun alt\u0131 [&hellip;]","og_url":"https:\/\/haberverkibris.com\/index.php\/2024\/05\/10\/oxfordun-okul-kaynaklarini-gazzeli-ogrenci-ve-akademisyenlere-acmasi-istendi\/","og_site_name":"Haber Ver K\u0131br\u0131s","article_publisher":"https:\/\/www.facebook.com\/kuzeyinsesii","article_published_time":"2024-05-10T19:38:06+00:00","og_image":[{"width":1280,"height":720,"url":"https:\/\/haberverkibris.com\/wp-content\/uploads\/2024\/05\/oxford-university-afp-2227537.jpg","type":"image\/jpeg"}],"author":"Haberver K\u0131br\u0131s","twitter_card":"summary_large_image","twitter_creator":"@kuzeyinsesii","twitter_site":"@kuzeyinsesii","twitter_misc":{"Yazan:":"Haberver K\u0131br\u0131s","Tahmini okuma s\u00fcresi":"2 dakika"},"schema":{"@context":"https:\/\/schema.org","@graph":[{"@type":"Article","@id":"https:\/\/haberverkibris.com\/index.php\/2024\/05\/10\/oxfordun-okul-kaynaklarini-gazzeli-ogrenci-ve-akademisyenlere-acmasi-istendi\/#article","isPartOf":{"@id":"https:\/\/haberverkibris.com\/index.php\/2024\/05\/10\/oxfordun-okul-kaynaklarini-gazzeli-ogrenci-ve-akademisyenlere-acmasi-istendi\/"},"author":{"name":"Haberver K\u0131br\u0131s","@id":"https:\/\/haberverkibris.com\/#\/schema\/person\/29d65381ed43765483b5a185ded66a56"},"headline":"Oxford&#039;un okul kaynaklar\u0131n\u0131 Gazzeli \u00f6\u011frenci ve akademisyenlere a\u00e7mas\u0131 istendi","datePublished":"2024-05-10T19:38:06+00:00","mainEntityOfPage":{"@id":"https:\/\/haberverkibris.com\/index.php\/2024\/05\/10\/oxfordun-okul-kaynaklarini-gazzeli-ogrenci-ve-akademisyenlere-acmasi-istendi\/"},"wordCount":395,"commentCount":0,"image":{"@id":"https:\/\/haberverkibris.com\/index.php\/2024\/05\/10\/oxfordun-okul-kaynaklarini-gazzeli-ogrenci-ve-akademisyenlere-acmasi-istendi\/#primaryimage"},"thumbnailUrl":"https:\/\/haberverkibris.com\/wp-content\/uploads\/2024\/05\/oxford-university-afp-2227537.jpg","articleSection":["D\u00fcnya"],"inLanguage":"tr","potentialAction":[{"@type":"CommentAction","name":"Comment","target":["https:\/\/haberverkibris.com\/index.php\/2024\/05\/10\/oxfordun-okul-kaynaklarini-gazzeli-ogrenci-ve-akademisyenlere-acmasi-istendi\/#respond"]}]},{"@type":"WebPage","@id":"https:\/\/haberverkibris.com\/index.php\/2024\/05\/10\/oxfordun-okul-kaynaklarini-gazzeli-ogrenci-ve-akademisyenlere-acmasi-istendi\/","url":"https:\/\/haberverkibris.com\/index.php\/2024\/05\/10\/oxfordun-okul-kaynaklarini-gazzeli-ogrenci-ve-akademisyenlere-acmasi-istendi\/","name":"Oxford&#039;un okul kaynaklar\u0131n\u0131 Gazzeli \u00f6\u011frenci ve akademisyenlere a\u00e7mas\u0131 istendi - Haber Ver K\u0131br\u0131s","isPartOf":{"@id":"https:\/\/haberverkibris.com\/#website"},"primaryImageOfPage":{"@id":"https:\/\/haberverkibris.com\/index.php\/2024\/05\/10\/oxfordun-okul-kaynaklarini-gazzeli-ogrenci-ve-akademisyenlere-acmasi-istendi\/#primaryimage"},"image":{"@id":"https:\/\/haberverkibris.com\/index.php\/2024\/05\/10\/oxfordun-okul-kaynaklarini-gazzeli-ogrenci-ve-akademisyenlere-acmasi-istendi\/#primaryimage"},"thumbnailUrl":"https:\/\/haberverkibris.com\/wp-content\/uploads\/2024\/05\/oxford-university-afp-2227537.jpg","datePublished":"2024-05-10T19:38:06+00:00","author":{"@id":"https:\/\/haberverkibris.com\/#\/schema\/person\/29d65381ed43765483b5a185ded66a56"},"breadcrumb":{"@id":"https:\/\/haberverkibris.com\/index.php\/2024\/05\/10\/oxfordun-okul-kaynaklarini-gazzeli-ogrenci-ve-akademisyenlere-acmasi-istendi\/#breadcrumb"},"inLanguage":"tr","potentialAction":[{"@type":"ReadAction","target":["https:\/\/haberverkibris.com\/index.php\/2024\/05\/10\/oxfordun-okul-kaynaklarini-gazzeli-ogrenci-ve-akademisyenlere-acmasi-istendi\/"]}]},{"@type":"ImageObject","inLanguage":"tr","@id":"https:\/\/haberverkibris.com\/index.php\/2024\/05\/10\/oxfordun-okul-kaynaklarini-gazzeli-ogrenci-ve-akademisyenlere-acmasi-istendi\/#primaryimage","url":"https:\/\/haberverkibris.com\/wp-content\/uploads\/2024\/05\/oxford-university-afp-2227537.jpg","contentUrl":"https:\/\/haberverkibris.com\/wp-content\/uploads\/2024\/05\/oxford-university-afp-2227537.jpg","width":1280,"height":720},{"@type":"BreadcrumbList","@id":"https:\/\/haberverkibris.com\/index.php\/2024\/05\/10\/oxfordun-okul-kaynaklarini-gazzeli-ogrenci-ve-akademisyenlere-acmasi-istendi\/#breadcrumb","itemListElement":[{"@type":"ListItem","position":1,"name":"Anasayfa","item":"https:\/\/haberverkibris.com\/"},{"@type":"ListItem","position":2,"name":"Oxford&#039;un okul kaynaklar\u0131n\u0131 Gazzeli \u00f6\u011frenci ve akademisyenlere a\u00e7mas\u0131 istendi"}]},{"@type":"WebSite","@id":"https:\/\/haberverkibris.com\/#website","url":"https:\/\/haberverkibris.com\/","name":"Kuzeyin Sesi","description":"Do\u011fru Haberin Adresi","potentialAction":[{"@type":"SearchAction","target":{"@type":"EntryPoint","urlTemplate":"https:\/\/haberverkibris.com\/?s={search_term_string}"},"query-input":{"@type":"PropertyValueSpecification","valueRequired":true,"valueName":"search_term_string"}}],"inLanguage":"tr"},{"@type":"Person","@id":"https:\/\/haberverkibris.com\/#\/schema\/person\/29d65381ed43765483b5a185ded66a56","name":"Haberver K\u0131br\u0131s","image":{"@type":"ImageObject","inLanguage":"tr","@id":"https:\/\/secure.gravatar.com\/avatar\/bab33852abfd8b282518d6ed81826833d77c3c882d9ab608add591ccace47a44?s=96&d=mm&r=g","url":"https:\/\/secure.gravatar.com\/avatar\/bab33852abfd8b282518d6ed81826833d77c3c882d9ab608add591ccace47a44?s=96&d=mm&r=g","contentUrl":"https:\/\/secure.gravatar.com\/avatar\/bab33852abfd8b282518d6ed81826833d77c3c882d9ab608add591ccace47a44?s=96&d=mm&r=g","caption":"Haberver K\u0131br\u0131s"},"sameAs":["https:\/\/haberverkibris.com"],"url":"https:\/\/haberverkibris.com\/index.php\/author\/guven\/"}]}},"_links":{"self":[{"href":"https:\/\/haberverkibris.com\/index.php\/wp-json\/wp\/v2\/posts\/2024","targetHints":{"allow":["GET"]}}],"collection":[{"href":"https:\/\/haberverkibris.com\/index.php\/wp-json\/wp\/v2\/posts"}],"about":[{"href":"https:\/\/haberverkibris.com\/index.php\/wp-json\/wp\/v2\/types\/post"}],"author":[{"embeddable":true,"href":"https:\/\/haberverkibris.com\/index.php\/wp-json\/wp\/v2\/users\/1"}],"replies":[{"embeddable":true,"href":"https:\/\/haberverkibris.com\/index.php\/wp-json\/wp\/v2\/comments?post=2024"}],"version-history":[{"count":0,"href":"https:\/\/haberverkibris.com\/index.php\/wp-json\/wp\/v2\/posts\/2024\/revisions"}],"wp:featuredmedia":[{"embeddable":true,"href":"https:\/\/haberverkibris.com\/index.php\/wp-json\/wp\/v2\/media\/2025"}],"wp:attachment":[{"href":"https:\/\/haberverkibris.com\/index.php\/wp-json\/wp\/v2\/media?parent=2024"}],"wp:term":[{"taxonomy":"category","embeddable":true,"href":"https:\/\/haberverkibris.com\/index.php\/wp-json\/wp\/v2\/categories?post=2024"},{"taxonomy":"post_tag","embeddable":true,"href":"https:\/\/haberverkibris.com\/index.php\/wp-json\/wp\/v2\/tags?post=2024"}],"curies":[{"name":"wp","href":"https:\/\/api.w.org\/{rel}","templated":true}]}}