{"id":1954,"date":"2024-05-10T13:28:57","date_gmt":"2024-05-10T10:28:57","guid":{"rendered":"https:\/\/kuzeyinsesi.com\/index.php\/2024\/05\/10\/alman-hukumeti-israile-silah-sevkiyatini-durdurma-konusunu-istisare-ediyor\/"},"modified":"2024-05-10T13:28:57","modified_gmt":"2024-05-10T10:28:57","slug":"alman-hukumeti-israile-silah-sevkiyatini-durdurma-konusunu-istisare-ediyor","status":"publish","type":"post","link":"https:\/\/haberverkibris.com\/index.php\/2024\/05\/10\/alman-hukumeti-israile-silah-sevkiyatini-durdurma-konusunu-istisare-ediyor\/","title":{"rendered":"Alman h\u00fck\u00fcmeti, \u0130srail&#039;e silah sevkiyat\u0131n\u0131 durdurma konusunu isti\u015fare ediyor"},"content":{"rendered":"<p><\/p>\n<div>\n<p>&#13;<br \/>\n\tBir ziyaret kapsam\u0131nda ABD&#8217;de bulunan Pistorius, Alman kamu yay\u0131nc\u0131s\u0131 ZDF&#8217;de kat\u0131ld\u0131\u011f\u0131 bir programda, &#8220;ABD Ba\u015fkan\u0131 Joe Biden, Refah&#8217;\u0131n i\u015fgal edilmesini yanl\u0131\u015f buldu\u011fu i\u00e7in \u0130srail&#8217;e m\u00fchimmat sa\u011flamak istemiyor. Almanya&#8217;dan da benzer ad\u0131mlar olacak m\u0131?&#8221; \u015feklindeki soruyu yan\u0131tlad\u0131.<\/p>\n<p>&#13;<br \/>\n\t&#8220;Bu, \u015fu anda isti\u015fare ediliyor. Buna hen\u00fcz cevap veremem.&#8221; ifadesini kullanan Pistorius, bu konudaki sorumlulu\u011fun \u00f6ncelikle Almanya&#8217;n\u0131n ba\u015fbakanl\u0131\u011f\u0131 ve d\u0131\u015fi\u015fleri bakanl\u0131\u011f\u0131nda oldu\u011funu belirtti.<\/p>\n<p>&#13;<br \/>\n\tPistorius, &#8220;Kapal\u0131 kap\u0131lar ard\u0131nda elbette g\u00f6r\u00fc\u015f al\u0131\u015fveri\u015finde bulunduk. Ancak kararlar\u0131 duyurmak benim rol\u00fcm de\u011fil.&#8221; \u015feklinde konu\u015ftu.<\/p>\n<p>&#13;<br \/>\n\t&#8220;Amerikal\u0131lar\u0131n ad\u0131m\u0131n\u0131 anl\u0131yor musunuz?&#8221; sorusuna da Pistorius, &#8220;Evet, anlayabiliyorum.&#8221; cevab\u0131n\u0131 verdi.<\/p>\n<p>&#13;<br \/>\n\t<a href=\"https:\/\/www.trthaber.com\/etiket\/abd\/\" target=\"_blank\" rel=\"noopener\">ABD<\/a> Ba\u015fkan\u0131 Biden, CNN&#8217;e verdi\u011fi r\u00f6portajda, \u0130srail&#8217;in Refah&#8217;a geni\u015f \u00e7apl\u0131 sald\u0131r\u0131yla girmesi durumunda bu \u00fclkeye silah g\u00f6ndermeyi durduraca\u011f\u0131n\u0131 s\u00f6ylemi\u015fti.<\/p>\n<p>&#13;<br \/>\n\tBiden, &#8220;E\u011fer Refah&#8217;a girerlerse, hen\u00fcz (kapsaml\u0131 bir sald\u0131r\u0131yla) girmediler, e\u011fer girerlerse o zaman Refah&#8217;ta ve di\u011fer \u015fehirlerde kullan\u0131lan silahlar\u0131 g\u00f6ndermeyece\u011fimi a\u00e7\u0131k\u00e7a belirttim.&#8221; diye konu\u015fmu\u015ftu.<\/p>\n<p>&#13;<br \/>\n\t\u0130srail&#8217;in <a href=\"https:\/\/www.trthaber.com\/etiket\/birlesmis-milletler\/\" target=\"_blank\" rel=\"noopener\">Birle\u015fmi\u015f Milletler<\/a> (BM) Daimi Temsilcisi Gilad Erdan, <a href=\"https:\/\/www.trthaber.com\/etiket\/israil\/\" target=\"_blank\" rel=\"noopener\">\u0130srail<\/a> haber kanal\u0131 Channel 12&#8217;ye yapt\u0131\u011f\u0131 a\u00e7\u0131klamada, Biden&#8217;\u0131n a\u00e7\u0131klamas\u0131n\u0131n &#8220;sinir bozucu oldu\u011funu ve hayal k\u0131r\u0131kl\u0131\u011f\u0131 yaratt\u0131\u011f\u0131n\u0131&#8221; ifade etmi\u015fti.<\/p>\n<\/p><\/div>\n","protected":false},"excerpt":{"rendered":"<p>&#13; Bir ziyaret kapsam\u0131nda ABD&#8217;de bulunan Pistorius, Alman kamu yay\u0131nc\u0131s\u0131 ZDF&#8217;de kat\u0131ld\u0131\u011f\u0131 bir programda, &#8220;ABD Ba\u015fkan\u0131 Joe Biden, Refah&#8217;\u0131n i\u015fgal edilmesini yanl\u0131\u015f buldu\u011fu i\u00e7in \u0130srail&#8217;e m\u00fchimmat sa\u011flamak istemiyor. Almanya&#8217;dan da benzer ad\u0131mlar olacak m\u0131?&#8221; \u015feklindeki soruyu yan\u0131tlad\u0131. &#13; &#8220;Bu, \u015fu anda isti\u015fare ediliyor. Buna hen\u00fcz cevap veremem.&#8221; ifadesini kullanan Pistorius, bu konudaki sorumlulu\u011fun \u00f6ncelikle Almanya&#8217;n\u0131n [&hellip;]<\/p>\n","protected":false},"author":1,"featured_media":1955,"comment_status":"open","ping_status":"open","sticky":false,"template":"","format":"standard","meta":{"jnews-multi-image_gallery":[],"jnews_single_post":[],"jnews_primary_category":[],"jnews_social_meta":[],"jnews_override_counter":[],"footnotes":""},"categories":[2],"tags":[],"class_list":["post-1954","post","type-post","status-publish","format-standard","has-post-thumbnail","hentry","category-dunya"],"yoast_head":"<!-- This site is optimized with the Yoast SEO plugin v27.5 - https:\/\/yoast.com\/product\/yoast-seo-wordpress\/ -->\n<title>Alman h\u00fck\u00fcmeti, \u0130srail&#039;e silah sevkiyat\u0131n\u0131 durdurma konusunu isti\u015fare ediyor - Haber Ver K\u0131br\u0131s<\/title>\n<meta name=\"robots\" content=\"index, follow, max-snippet:-1, max-image-preview:large, max-video-preview:-1\" \/>\n<link rel=\"canonical\" href=\"https:\/\/haberverkibris.com\/index.php\/2024\/05\/10\/alman-hukumeti-israile-silah-sevkiyatini-durdurma-konusunu-istisare-ediyor\/\" \/>\n<meta property=\"og:locale\" content=\"tr_TR\" \/>\n<meta property=\"og:type\" content=\"article\" \/>\n<meta property=\"og:title\" content=\"Alman h\u00fck\u00fcmeti, \u0130srail&#039;e silah sevkiyat\u0131n\u0131 durdurma konusunu isti\u015fare ediyor - Haber Ver K\u0131br\u0131s\" \/>\n<meta property=\"og:description\" content=\"&#013; Bir ziyaret kapsam\u0131nda ABD&#8217;de bulunan Pistorius, Alman kamu yay\u0131nc\u0131s\u0131 ZDF&#8217;de kat\u0131ld\u0131\u011f\u0131 bir programda, &#8220;ABD Ba\u015fkan\u0131 Joe Biden, Refah&#8217;\u0131n i\u015fgal edilmesini yanl\u0131\u015f buldu\u011fu i\u00e7in \u0130srail&#8217;e m\u00fchimmat sa\u011flamak istemiyor. Almanya&#8217;dan da benzer ad\u0131mlar olacak m\u0131?&#8221; \u015feklindeki soruyu yan\u0131tlad\u0131. &#013; &#8220;Bu, \u015fu anda isti\u015fare ediliyor. Buna hen\u00fcz cevap veremem.&#8221; ifadesini kullanan Pistorius, bu konudaki sorumlulu\u011fun \u00f6ncelikle Almanya&#8217;n\u0131n [&hellip;]\" \/>\n<meta property=\"og:url\" content=\"https:\/\/haberverkibris.com\/index.php\/2024\/05\/10\/alman-hukumeti-israile-silah-sevkiyatini-durdurma-konusunu-istisare-ediyor\/\" \/>\n<meta property=\"og:site_name\" content=\"Haber Ver K\u0131br\u0131s\" \/>\n<meta property=\"article:publisher\" content=\"https:\/\/www.facebook.com\/kuzeyinsesii\" \/>\n<meta property=\"article:published_time\" content=\"2024-05-10T10:28:57+00:00\" \/>\n<meta property=\"og:image\" content=\"https:\/\/haberverkibris.com\/wp-content\/uploads\/2024\/05\/israil-almanya-reuters-2160777.jpg\" \/>\n\t<meta property=\"og:image:width\" content=\"1280\" \/>\n\t<meta property=\"og:image:height\" content=\"720\" \/>\n\t<meta property=\"og:image:type\" content=\"image\/jpeg\" \/>\n<meta name=\"author\" content=\"Haberver K\u0131br\u0131s\" \/>\n<meta name=\"twitter:card\" content=\"summary_large_image\" \/>\n<meta name=\"twitter:creator\" content=\"@kuzeyinsesii\" \/>\n<meta name=\"twitter:site\" content=\"@kuzeyinsesii\" \/>\n<meta name=\"twitter:label1\" content=\"Yazan:\" \/>\n\t<meta name=\"twitter:data1\" content=\"Haberver K\u0131br\u0131s\" \/>\n\t<meta name=\"twitter:label2\" content=\"Tahmini okuma s\u00fcresi\" \/>\n\t<meta name=\"twitter:data2\" content=\"1 dakika\" \/>\n<script type=\"application\/ld+json\" class=\"yoast-schema-graph\">{\"@context\":\"https:\\\/\\\/schema.org\",\"@graph\":[{\"@type\":\"Article\",\"@id\":\"https:\\\/\\\/haberverkibris.com\\\/index.php\\\/2024\\\/05\\\/10\\\/alman-hukumeti-israile-silah-sevkiyatini-durdurma-konusunu-istisare-ediyor\\\/#article\",\"isPartOf\":{\"@id\":\"https:\\\/\\\/haberverkibris.com\\\/index.php\\\/2024\\\/05\\\/10\\\/alman-hukumeti-israile-silah-sevkiyatini-durdurma-konusunu-istisare-ediyor\\\/\"},\"author\":{\"name\":\"Haberver K\u0131br\u0131s\",\"@id\":\"https:\\\/\\\/haberverkibris.com\\\/#\\\/schema\\\/person\\\/29d65381ed43765483b5a185ded66a56\"},\"headline\":\"Alman h\u00fck\u00fcmeti, \u0130srail&#039;e silah sevkiyat\u0131n\u0131 durdurma konusunu isti\u015fare ediyor\",\"datePublished\":\"2024-05-10T10:28:57+00:00\",\"mainEntityOfPage\":{\"@id\":\"https:\\\/\\\/haberverkibris.com\\\/index.php\\\/2024\\\/05\\\/10\\\/alman-hukumeti-israile-silah-sevkiyatini-durdurma-konusunu-istisare-ediyor\\\/\"},\"wordCount\":249,\"commentCount\":0,\"image\":{\"@id\":\"https:\\\/\\\/haberverkibris.com\\\/index.php\\\/2024\\\/05\\\/10\\\/alman-hukumeti-israile-silah-sevkiyatini-durdurma-konusunu-istisare-ediyor\\\/#primaryimage\"},\"thumbnailUrl\":\"https:\\\/\\\/haberverkibris.com\\\/wp-content\\\/uploads\\\/2024\\\/05\\\/israil-almanya-reuters-2160777.jpg\",\"articleSection\":[\"D\u00fcnya\"],\"inLanguage\":\"tr\",\"potentialAction\":[{\"@type\":\"CommentAction\",\"name\":\"Comment\",\"target\":[\"https:\\\/\\\/haberverkibris.com\\\/index.php\\\/2024\\\/05\\\/10\\\/alman-hukumeti-israile-silah-sevkiyatini-durdurma-konusunu-istisare-ediyor\\\/#respond\"]}]},{\"@type\":\"WebPage\",\"@id\":\"https:\\\/\\\/haberverkibris.com\\\/index.php\\\/2024\\\/05\\\/10\\\/alman-hukumeti-israile-silah-sevkiyatini-durdurma-konusunu-istisare-ediyor\\\/\",\"url\":\"https:\\\/\\\/haberverkibris.com\\\/index.php\\\/2024\\\/05\\\/10\\\/alman-hukumeti-israile-silah-sevkiyatini-durdurma-konusunu-istisare-ediyor\\\/\",\"name\":\"Alman h\u00fck\u00fcmeti, \u0130srail&#039;e silah sevkiyat\u0131n\u0131 durdurma konusunu isti\u015fare ediyor - Haber Ver K\u0131br\u0131s\",\"isPartOf\":{\"@id\":\"https:\\\/\\\/haberverkibris.com\\\/#website\"},\"primaryImageOfPage\":{\"@id\":\"https:\\\/\\\/haberverkibris.com\\\/index.php\\\/2024\\\/05\\\/10\\\/alman-hukumeti-israile-silah-sevkiyatini-durdurma-konusunu-istisare-ediyor\\\/#primaryimage\"},\"image\":{\"@id\":\"https:\\\/\\\/haberverkibris.com\\\/index.php\\\/2024\\\/05\\\/10\\\/alman-hukumeti-israile-silah-sevkiyatini-durdurma-konusunu-istisare-ediyor\\\/#primaryimage\"},\"thumbnailUrl\":\"https:\\\/\\\/haberverkibris.com\\\/wp-content\\\/uploads\\\/2024\\\/05\\\/israil-almanya-reuters-2160777.jpg\",\"datePublished\":\"2024-05-10T10:28:57+00:00\",\"author\":{\"@id\":\"https:\\\/\\\/haberverkibris.com\\\/#\\\/schema\\\/person\\\/29d65381ed43765483b5a185ded66a56\"},\"breadcrumb\":{\"@id\":\"https:\\\/\\\/haberverkibris.com\\\/index.php\\\/2024\\\/05\\\/10\\\/alman-hukumeti-israile-silah-sevkiyatini-durdurma-konusunu-istisare-ediyor\\\/#breadcrumb\"},\"inLanguage\":\"tr\",\"potentialAction\":[{\"@type\":\"ReadAction\",\"target\":[\"https:\\\/\\\/haberverkibris.com\\\/index.php\\\/2024\\\/05\\\/10\\\/alman-hukumeti-israile-silah-sevkiyatini-durdurma-konusunu-istisare-ediyor\\\/\"]}]},{\"@type\":\"ImageObject\",\"inLanguage\":\"tr\",\"@id\":\"https:\\\/\\\/haberverkibris.com\\\/index.php\\\/2024\\\/05\\\/10\\\/alman-hukumeti-israile-silah-sevkiyatini-durdurma-konusunu-istisare-ediyor\\\/#primaryimage\",\"url\":\"https:\\\/\\\/haberverkibris.com\\\/wp-content\\\/uploads\\\/2024\\\/05\\\/israil-almanya-reuters-2160777.jpg\",\"contentUrl\":\"https:\\\/\\\/haberverkibris.com\\\/wp-content\\\/uploads\\\/2024\\\/05\\\/israil-almanya-reuters-2160777.jpg\",\"width\":1280,\"height\":720},{\"@type\":\"BreadcrumbList\",\"@id\":\"https:\\\/\\\/haberverkibris.com\\\/index.php\\\/2024\\\/05\\\/10\\\/alman-hukumeti-israile-silah-sevkiyatini-durdurma-konusunu-istisare-ediyor\\\/#breadcrumb\",\"itemListElement\":[{\"@type\":\"ListItem\",\"position\":1,\"name\":\"Anasayfa\",\"item\":\"https:\\\/\\\/haberverkibris.com\\\/\"},{\"@type\":\"ListItem\",\"position\":2,\"name\":\"Alman h\u00fck\u00fcmeti, \u0130srail&#039;e silah sevkiyat\u0131n\u0131 durdurma konusunu isti\u015fare ediyor\"}]},{\"@type\":\"WebSite\",\"@id\":\"https:\\\/\\\/haberverkibris.com\\\/#website\",\"url\":\"https:\\\/\\\/haberverkibris.com\\\/\",\"name\":\"Kuzeyin Sesi\",\"description\":\"Do\u011fru Haberin Adresi\",\"potentialAction\":[{\"@type\":\"SearchAction\",\"target\":{\"@type\":\"EntryPoint\",\"urlTemplate\":\"https:\\\/\\\/haberverkibris.com\\\/?s={search_term_string}\"},\"query-input\":{\"@type\":\"PropertyValueSpecification\",\"valueRequired\":true,\"valueName\":\"search_term_string\"}}],\"inLanguage\":\"tr\"},{\"@type\":\"Person\",\"@id\":\"https:\\\/\\\/haberverkibris.com\\\/#\\\/schema\\\/person\\\/29d65381ed43765483b5a185ded66a56\",\"name\":\"Haberver K\u0131br\u0131s\",\"image\":{\"@type\":\"ImageObject\",\"inLanguage\":\"tr\",\"@id\":\"https:\\\/\\\/secure.gravatar.com\\\/avatar\\\/bab33852abfd8b282518d6ed81826833d77c3c882d9ab608add591ccace47a44?s=96&d=mm&r=g\",\"url\":\"https:\\\/\\\/secure.gravatar.com\\\/avatar\\\/bab33852abfd8b282518d6ed81826833d77c3c882d9ab608add591ccace47a44?s=96&d=mm&r=g\",\"contentUrl\":\"https:\\\/\\\/secure.gravatar.com\\\/avatar\\\/bab33852abfd8b282518d6ed81826833d77c3c882d9ab608add591ccace47a44?s=96&d=mm&r=g\",\"caption\":\"Haberver K\u0131br\u0131s\"},\"sameAs\":[\"https:\\\/\\\/haberverkibris.com\"],\"url\":\"https:\\\/\\\/haberverkibris.com\\\/index.php\\\/author\\\/guven\\\/\"}]}<\/script>\n<!-- \/ Yoast SEO plugin. -->","yoast_head_json":{"title":"Alman h\u00fck\u00fcmeti, \u0130srail&#039;e silah sevkiyat\u0131n\u0131 durdurma konusunu isti\u015fare ediyor - Haber Ver K\u0131br\u0131s","robots":{"index":"index","follow":"follow","max-snippet":"max-snippet:-1","max-image-preview":"max-image-preview:large","max-video-preview":"max-video-preview:-1"},"canonical":"https:\/\/haberverkibris.com\/index.php\/2024\/05\/10\/alman-hukumeti-israile-silah-sevkiyatini-durdurma-konusunu-istisare-ediyor\/","og_locale":"tr_TR","og_type":"article","og_title":"Alman h\u00fck\u00fcmeti, \u0130srail&#039;e silah sevkiyat\u0131n\u0131 durdurma konusunu isti\u015fare ediyor - Haber Ver K\u0131br\u0131s","og_description":"&#13; Bir ziyaret kapsam\u0131nda ABD&#8217;de bulunan Pistorius, Alman kamu yay\u0131nc\u0131s\u0131 ZDF&#8217;de kat\u0131ld\u0131\u011f\u0131 bir programda, &#8220;ABD Ba\u015fkan\u0131 Joe Biden, Refah&#8217;\u0131n i\u015fgal edilmesini yanl\u0131\u015f buldu\u011fu i\u00e7in \u0130srail&#8217;e m\u00fchimmat sa\u011flamak istemiyor. Almanya&#8217;dan da benzer ad\u0131mlar olacak m\u0131?&#8221; \u015feklindeki soruyu yan\u0131tlad\u0131. &#13; &#8220;Bu, \u015fu anda isti\u015fare ediliyor. Buna hen\u00fcz cevap veremem.&#8221; ifadesini kullanan Pistorius, bu konudaki sorumlulu\u011fun \u00f6ncelikle Almanya&#8217;n\u0131n [&hellip;]","og_url":"https:\/\/haberverkibris.com\/index.php\/2024\/05\/10\/alman-hukumeti-israile-silah-sevkiyatini-durdurma-konusunu-istisare-ediyor\/","og_site_name":"Haber Ver K\u0131br\u0131s","article_publisher":"https:\/\/www.facebook.com\/kuzeyinsesii","article_published_time":"2024-05-10T10:28:57+00:00","og_image":[{"width":1280,"height":720,"url":"https:\/\/haberverkibris.com\/wp-content\/uploads\/2024\/05\/israil-almanya-reuters-2160777.jpg","type":"image\/jpeg"}],"author":"Haberver K\u0131br\u0131s","twitter_card":"summary_large_image","twitter_creator":"@kuzeyinsesii","twitter_site":"@kuzeyinsesii","twitter_misc":{"Yazan:":"Haberver K\u0131br\u0131s","Tahmini okuma s\u00fcresi":"1 dakika"},"schema":{"@context":"https:\/\/schema.org","@graph":[{"@type":"Article","@id":"https:\/\/haberverkibris.com\/index.php\/2024\/05\/10\/alman-hukumeti-israile-silah-sevkiyatini-durdurma-konusunu-istisare-ediyor\/#article","isPartOf":{"@id":"https:\/\/haberverkibris.com\/index.php\/2024\/05\/10\/alman-hukumeti-israile-silah-sevkiyatini-durdurma-konusunu-istisare-ediyor\/"},"author":{"name":"Haberver K\u0131br\u0131s","@id":"https:\/\/haberverkibris.com\/#\/schema\/person\/29d65381ed43765483b5a185ded66a56"},"headline":"Alman h\u00fck\u00fcmeti, \u0130srail&#039;e silah sevkiyat\u0131n\u0131 durdurma konusunu isti\u015fare ediyor","datePublished":"2024-05-10T10:28:57+00:00","mainEntityOfPage":{"@id":"https:\/\/haberverkibris.com\/index.php\/2024\/05\/10\/alman-hukumeti-israile-silah-sevkiyatini-durdurma-konusunu-istisare-ediyor\/"},"wordCount":249,"commentCount":0,"image":{"@id":"https:\/\/haberverkibris.com\/index.php\/2024\/05\/10\/alman-hukumeti-israile-silah-sevkiyatini-durdurma-konusunu-istisare-ediyor\/#primaryimage"},"thumbnailUrl":"https:\/\/haberverkibris.com\/wp-content\/uploads\/2024\/05\/israil-almanya-reuters-2160777.jpg","articleSection":["D\u00fcnya"],"inLanguage":"tr","potentialAction":[{"@type":"CommentAction","name":"Comment","target":["https:\/\/haberverkibris.com\/index.php\/2024\/05\/10\/alman-hukumeti-israile-silah-sevkiyatini-durdurma-konusunu-istisare-ediyor\/#respond"]}]},{"@type":"WebPage","@id":"https:\/\/haberverkibris.com\/index.php\/2024\/05\/10\/alman-hukumeti-israile-silah-sevkiyatini-durdurma-konusunu-istisare-ediyor\/","url":"https:\/\/haberverkibris.com\/index.php\/2024\/05\/10\/alman-hukumeti-israile-silah-sevkiyatini-durdurma-konusunu-istisare-ediyor\/","name":"Alman h\u00fck\u00fcmeti, \u0130srail&#039;e silah sevkiyat\u0131n\u0131 durdurma konusunu isti\u015fare ediyor - Haber Ver K\u0131br\u0131s","isPartOf":{"@id":"https:\/\/haberverkibris.com\/#website"},"primaryImageOfPage":{"@id":"https:\/\/haberverkibris.com\/index.php\/2024\/05\/10\/alman-hukumeti-israile-silah-sevkiyatini-durdurma-konusunu-istisare-ediyor\/#primaryimage"},"image":{"@id":"https:\/\/haberverkibris.com\/index.php\/2024\/05\/10\/alman-hukumeti-israile-silah-sevkiyatini-durdurma-konusunu-istisare-ediyor\/#primaryimage"},"thumbnailUrl":"https:\/\/haberverkibris.com\/wp-content\/uploads\/2024\/05\/israil-almanya-reuters-2160777.jpg","datePublished":"2024-05-10T10:28:57+00:00","author":{"@id":"https:\/\/haberverkibris.com\/#\/schema\/person\/29d65381ed43765483b5a185ded66a56"},"breadcrumb":{"@id":"https:\/\/haberverkibris.com\/index.php\/2024\/05\/10\/alman-hukumeti-israile-silah-sevkiyatini-durdurma-konusunu-istisare-ediyor\/#breadcrumb"},"inLanguage":"tr","potentialAction":[{"@type":"ReadAction","target":["https:\/\/haberverkibris.com\/index.php\/2024\/05\/10\/alman-hukumeti-israile-silah-sevkiyatini-durdurma-konusunu-istisare-ediyor\/"]}]},{"@type":"ImageObject","inLanguage":"tr","@id":"https:\/\/haberverkibris.com\/index.php\/2024\/05\/10\/alman-hukumeti-israile-silah-sevkiyatini-durdurma-konusunu-istisare-ediyor\/#primaryimage","url":"https:\/\/haberverkibris.com\/wp-content\/uploads\/2024\/05\/israil-almanya-reuters-2160777.jpg","contentUrl":"https:\/\/haberverkibris.com\/wp-content\/uploads\/2024\/05\/israil-almanya-reuters-2160777.jpg","width":1280,"height":720},{"@type":"BreadcrumbList","@id":"https:\/\/haberverkibris.com\/index.php\/2024\/05\/10\/alman-hukumeti-israile-silah-sevkiyatini-durdurma-konusunu-istisare-ediyor\/#breadcrumb","itemListElement":[{"@type":"ListItem","position":1,"name":"Anasayfa","item":"https:\/\/haberverkibris.com\/"},{"@type":"ListItem","position":2,"name":"Alman h\u00fck\u00fcmeti, \u0130srail&#039;e silah sevkiyat\u0131n\u0131 durdurma konusunu isti\u015fare ediyor"}]},{"@type":"WebSite","@id":"https:\/\/haberverkibris.com\/#website","url":"https:\/\/haberverkibris.com\/","name":"Kuzeyin Sesi","description":"Do\u011fru Haberin Adresi","potentialAction":[{"@type":"SearchAction","target":{"@type":"EntryPoint","urlTemplate":"https:\/\/haberverkibris.com\/?s={search_term_string}"},"query-input":{"@type":"PropertyValueSpecification","valueRequired":true,"valueName":"search_term_string"}}],"inLanguage":"tr"},{"@type":"Person","@id":"https:\/\/haberverkibris.com\/#\/schema\/person\/29d65381ed43765483b5a185ded66a56","name":"Haberver K\u0131br\u0131s","image":{"@type":"ImageObject","inLanguage":"tr","@id":"https:\/\/secure.gravatar.com\/avatar\/bab33852abfd8b282518d6ed81826833d77c3c882d9ab608add591ccace47a44?s=96&d=mm&r=g","url":"https:\/\/secure.gravatar.com\/avatar\/bab33852abfd8b282518d6ed81826833d77c3c882d9ab608add591ccace47a44?s=96&d=mm&r=g","contentUrl":"https:\/\/secure.gravatar.com\/avatar\/bab33852abfd8b282518d6ed81826833d77c3c882d9ab608add591ccace47a44?s=96&d=mm&r=g","caption":"Haberver K\u0131br\u0131s"},"sameAs":["https:\/\/haberverkibris.com"],"url":"https:\/\/haberverkibris.com\/index.php\/author\/guven\/"}]}},"_links":{"self":[{"href":"https:\/\/haberverkibris.com\/index.php\/wp-json\/wp\/v2\/posts\/1954","targetHints":{"allow":["GET"]}}],"collection":[{"href":"https:\/\/haberverkibris.com\/index.php\/wp-json\/wp\/v2\/posts"}],"about":[{"href":"https:\/\/haberverkibris.com\/index.php\/wp-json\/wp\/v2\/types\/post"}],"author":[{"embeddable":true,"href":"https:\/\/haberverkibris.com\/index.php\/wp-json\/wp\/v2\/users\/1"}],"replies":[{"embeddable":true,"href":"https:\/\/haberverkibris.com\/index.php\/wp-json\/wp\/v2\/comments?post=1954"}],"version-history":[{"count":0,"href":"https:\/\/haberverkibris.com\/index.php\/wp-json\/wp\/v2\/posts\/1954\/revisions"}],"wp:featuredmedia":[{"embeddable":true,"href":"https:\/\/haberverkibris.com\/index.php\/wp-json\/wp\/v2\/media\/1955"}],"wp:attachment":[{"href":"https:\/\/haberverkibris.com\/index.php\/wp-json\/wp\/v2\/media?parent=1954"}],"wp:term":[{"taxonomy":"category","embeddable":true,"href":"https:\/\/haberverkibris.com\/index.php\/wp-json\/wp\/v2\/categories?post=1954"},{"taxonomy":"post_tag","embeddable":true,"href":"https:\/\/haberverkibris.com\/index.php\/wp-json\/wp\/v2\/tags?post=1954"}],"curies":[{"name":"wp","href":"https:\/\/api.w.org\/{rel}","templated":true}]}}