{"id":1940,"date":"2024-05-10T11:16:57","date_gmt":"2024-05-10T08:16:57","guid":{"rendered":"https:\/\/kuzeyinsesi.com\/index.php\/2024\/05\/10\/suruculer-dikkat-sht-ecvet-yusuf-caddesinde-13-mayis-pazartesi-gununden-itibaren-elektrik-kazi-calismasi-baslatilacak\/"},"modified":"2024-05-10T11:16:57","modified_gmt":"2024-05-10T08:16:57","slug":"suruculer-dikkat-sht-ecvet-yusuf-caddesinde-13-mayis-pazartesi-gununden-itibaren-elektrik-kazi-calismasi-baslatilacak","status":"publish","type":"post","link":"https:\/\/haberverkibris.com\/index.php\/2024\/05\/10\/suruculer-dikkat-sht-ecvet-yusuf-caddesinde-13-mayis-pazartesi-gununden-itibaren-elektrik-kazi-calismasi-baslatilacak\/","title":{"rendered":"S\u00fcr\u00fcc\u00fcler dikkat! \u015eht. Ecvet Yusuf Caddesi\u2019nde, 13 May\u0131s Pazartesi g\u00fcn\u00fcnden itibaren elektrik kaz\u0131 \u00e7al\u0131\u015fmas\u0131 ba\u015flat\u0131lacak"},"content":{"rendered":"<div>\n<div class=\"mariselle-image-container center\">\n                                            <\/div>\n<p>Lefko\u015fa T\u00fcrk Belediyesi\u2019nden (LTB) yap\u0131lan duyuruya g\u00f6re, \u015eht. Ecvet Yusuf Caddesi\u2019nde, 13 May\u0131s Pazartesi g\u00fcn\u00fcnden itibaren elektrik kaz\u0131s\u0131 \u00e7al\u0131\u015fmas\u0131n\u0131n ba\u015flat\u0131laca\u011f\u0131 a\u00e7\u0131kland\u0131.<\/p>\n<p>Belediyeden yap\u0131lan a\u00e7\u0131klama \u015f\u00f6yle:<\/p>\n<p>\u201cK\u0131br\u0131s T\u00fcrk Elektrik Kurumu (KIB-TEK) taraf\u0131ndan \u015eht. Ecvet Yusuf Caddesi \u00fczerinde Elektrik Kaz\u0131s\u0131 (1.Etap) \u00e7al\u0131\u015fmas\u0131 ger\u00e7ekle\u015fecektir. Lefko\u015fa T\u00fcrk Belediyesi g\u00f6zetiminde yap\u0131lacak \u00e7al\u0131\u015fmalar Yeni\u015fehir\u2019de bulunan Askeri Kantin kar\u015f\u0131s\u0131ndaki KIB-TEK Trafo Merkezi\u2019nden ba\u015flayarak Bar\u0131\u015f ve \u00d6zg\u00fcrl\u00fck An\u0131t\u0131\u2019na do\u011fru ilerleyecektir.<\/p>\n<p>13 May\u0131s Pazartesi ba\u015flayacak ve yakla\u015f\u0131k bir ay s\u00fcresince g\u00fcn boyu s\u00fcrmesi planlanan \u00e7al\u0131\u015fmalar tamamlanana kadar s\u00fcr\u00fcc\u00fclerin g\u00fczergah \u00fczerindeki trafik i\u015faret ve i\u015faret\u00e7ilere uymalar\u0131 \u00f6nemle rica olunur.\u201d<\/p>\n<\/p><\/div>\n<p><script async\n                    defer\n                    crossorigin=\"anonymous\"\n                    src=\"https:\/\/connect.facebook.net\/tr_TR\/sdk.js#xfbml=1&#038;version=v3.3\"\n            ><\/script><\/p>\n","protected":false},"excerpt":{"rendered":"<p>Lefko\u015fa T\u00fcrk Belediyesi\u2019nden (LTB) yap\u0131lan duyuruya g\u00f6re, \u015eht. Ecvet Yusuf Caddesi\u2019nde, 13 May\u0131s Pazartesi g\u00fcn\u00fcnden itibaren elektrik kaz\u0131s\u0131 \u00e7al\u0131\u015fmas\u0131n\u0131n ba\u015flat\u0131laca\u011f\u0131 a\u00e7\u0131kland\u0131. Belediyeden yap\u0131lan a\u00e7\u0131klama \u015f\u00f6yle: \u201cK\u0131br\u0131s T\u00fcrk Elektrik Kurumu (KIB-TEK) taraf\u0131ndan \u015eht. Ecvet Yusuf Caddesi \u00fczerinde Elektrik Kaz\u0131s\u0131 (1.Etap) \u00e7al\u0131\u015fmas\u0131 ger\u00e7ekle\u015fecektir. Lefko\u015fa T\u00fcrk Belediyesi g\u00f6zetiminde yap\u0131lacak \u00e7al\u0131\u015fmalar Yeni\u015fehir\u2019de bulunan Askeri Kantin kar\u015f\u0131s\u0131ndaki KIB-TEK Trafo Merkezi\u2019nden [&hellip;]<\/p>\n","protected":false},"author":1,"featured_media":1941,"comment_status":"open","ping_status":"open","sticky":false,"template":"","format":"standard","meta":{"jnews-multi-image_gallery":[],"jnews_single_post":[],"jnews_primary_category":[],"jnews_social_meta":[],"jnews_override_counter":[],"footnotes":""},"categories":[1],"tags":[],"class_list":["post-1940","post","type-post","status-publish","format-standard","has-post-thumbnail","hentry","category-kibris"],"yoast_head":"<!-- This site is optimized with the Yoast SEO plugin v27.5 - https:\/\/yoast.com\/product\/yoast-seo-wordpress\/ -->\n<title>S\u00fcr\u00fcc\u00fcler dikkat! \u015eht. Ecvet Yusuf Caddesi\u2019nde, 13 May\u0131s Pazartesi g\u00fcn\u00fcnden itibaren elektrik kaz\u0131 \u00e7al\u0131\u015fmas\u0131 ba\u015flat\u0131lacak - Haber Ver K\u0131br\u0131s<\/title>\n<meta name=\"robots\" content=\"index, follow, max-snippet:-1, max-image-preview:large, max-video-preview:-1\" \/>\n<link rel=\"canonical\" href=\"https:\/\/haberverkibris.com\/index.php\/2024\/05\/10\/suruculer-dikkat-sht-ecvet-yusuf-caddesinde-13-mayis-pazartesi-gununden-itibaren-elektrik-kazi-calismasi-baslatilacak\/\" \/>\n<meta property=\"og:locale\" content=\"tr_TR\" \/>\n<meta property=\"og:type\" content=\"article\" \/>\n<meta property=\"og:title\" content=\"S\u00fcr\u00fcc\u00fcler dikkat! \u015eht. Ecvet Yusuf Caddesi\u2019nde, 13 May\u0131s Pazartesi g\u00fcn\u00fcnden itibaren elektrik kaz\u0131 \u00e7al\u0131\u015fmas\u0131 ba\u015flat\u0131lacak - Haber Ver K\u0131br\u0131s\" \/>\n<meta property=\"og:description\" content=\"Lefko\u015fa T\u00fcrk Belediyesi\u2019nden (LTB) yap\u0131lan duyuruya g\u00f6re, \u015eht. Ecvet Yusuf Caddesi\u2019nde, 13 May\u0131s Pazartesi g\u00fcn\u00fcnden itibaren elektrik kaz\u0131s\u0131 \u00e7al\u0131\u015fmas\u0131n\u0131n ba\u015flat\u0131laca\u011f\u0131 a\u00e7\u0131kland\u0131. Belediyeden yap\u0131lan a\u00e7\u0131klama \u015f\u00f6yle: \u201cK\u0131br\u0131s T\u00fcrk Elektrik Kurumu (KIB-TEK) taraf\u0131ndan \u015eht. Ecvet Yusuf Caddesi \u00fczerinde Elektrik Kaz\u0131s\u0131 (1.Etap) \u00e7al\u0131\u015fmas\u0131 ger\u00e7ekle\u015fecektir. Lefko\u015fa T\u00fcrk Belediyesi g\u00f6zetiminde yap\u0131lacak \u00e7al\u0131\u015fmalar Yeni\u015fehir\u2019de bulunan Askeri Kantin kar\u015f\u0131s\u0131ndaki KIB-TEK Trafo Merkezi\u2019nden [&hellip;]\" \/>\n<meta property=\"og:url\" content=\"https:\/\/haberverkibris.com\/index.php\/2024\/05\/10\/suruculer-dikkat-sht-ecvet-yusuf-caddesinde-13-mayis-pazartesi-gununden-itibaren-elektrik-kazi-calismasi-baslatilacak\/\" \/>\n<meta property=\"og:site_name\" content=\"Haber Ver K\u0131br\u0131s\" \/>\n<meta property=\"article:publisher\" content=\"https:\/\/www.facebook.com\/kuzeyinsesii\" \/>\n<meta property=\"article:published_time\" content=\"2024-05-10T08:16:57+00:00\" \/>\n<meta property=\"og:image\" content=\"https:\/\/haberverkibris.com\/wp-content\/uploads\/2024\/05\/duyuru.png\" \/>\n\t<meta property=\"og:image:width\" content=\"820\" \/>\n\t<meta property=\"og:image:height\" content=\"428\" \/>\n\t<meta property=\"og:image:type\" content=\"image\/png\" \/>\n<meta name=\"author\" content=\"Haberver K\u0131br\u0131s\" \/>\n<meta name=\"twitter:card\" content=\"summary_large_image\" \/>\n<meta name=\"twitter:creator\" content=\"@kuzeyinsesii\" \/>\n<meta name=\"twitter:site\" content=\"@kuzeyinsesii\" \/>\n<meta name=\"twitter:label1\" content=\"Yazan:\" \/>\n\t<meta name=\"twitter:data1\" content=\"Haberver K\u0131br\u0131s\" \/>\n\t<meta name=\"twitter:label2\" content=\"Tahmini okuma s\u00fcresi\" \/>\n\t<meta name=\"twitter:data2\" content=\"1 dakika\" \/>\n<script type=\"application\/ld+json\" class=\"yoast-schema-graph\">{\"@context\":\"https:\\\/\\\/schema.org\",\"@graph\":[{\"@type\":\"Article\",\"@id\":\"https:\\\/\\\/haberverkibris.com\\\/index.php\\\/2024\\\/05\\\/10\\\/suruculer-dikkat-sht-ecvet-yusuf-caddesinde-13-mayis-pazartesi-gununden-itibaren-elektrik-kazi-calismasi-baslatilacak\\\/#article\",\"isPartOf\":{\"@id\":\"https:\\\/\\\/haberverkibris.com\\\/index.php\\\/2024\\\/05\\\/10\\\/suruculer-dikkat-sht-ecvet-yusuf-caddesinde-13-mayis-pazartesi-gununden-itibaren-elektrik-kazi-calismasi-baslatilacak\\\/\"},\"author\":{\"name\":\"Haberver K\u0131br\u0131s\",\"@id\":\"https:\\\/\\\/haberverkibris.com\\\/#\\\/schema\\\/person\\\/29d65381ed43765483b5a185ded66a56\"},\"headline\":\"S\u00fcr\u00fcc\u00fcler dikkat! \u015eht. Ecvet Yusuf Caddesi\u2019nde, 13 May\u0131s Pazartesi g\u00fcn\u00fcnden itibaren elektrik kaz\u0131 \u00e7al\u0131\u015fmas\u0131 ba\u015flat\u0131lacak\",\"datePublished\":\"2024-05-10T08:16:57+00:00\",\"mainEntityOfPage\":{\"@id\":\"https:\\\/\\\/haberverkibris.com\\\/index.php\\\/2024\\\/05\\\/10\\\/suruculer-dikkat-sht-ecvet-yusuf-caddesinde-13-mayis-pazartesi-gununden-itibaren-elektrik-kazi-calismasi-baslatilacak\\\/\"},\"wordCount\":167,\"commentCount\":0,\"image\":{\"@id\":\"https:\\\/\\\/haberverkibris.com\\\/index.php\\\/2024\\\/05\\\/10\\\/suruculer-dikkat-sht-ecvet-yusuf-caddesinde-13-mayis-pazartesi-gununden-itibaren-elektrik-kazi-calismasi-baslatilacak\\\/#primaryimage\"},\"thumbnailUrl\":\"https:\\\/\\\/haberverkibris.com\\\/wp-content\\\/uploads\\\/2024\\\/05\\\/duyuru.png\",\"articleSection\":[\"K\u0131br\u0131s\"],\"inLanguage\":\"tr\",\"potentialAction\":[{\"@type\":\"CommentAction\",\"name\":\"Comment\",\"target\":[\"https:\\\/\\\/haberverkibris.com\\\/index.php\\\/2024\\\/05\\\/10\\\/suruculer-dikkat-sht-ecvet-yusuf-caddesinde-13-mayis-pazartesi-gununden-itibaren-elektrik-kazi-calismasi-baslatilacak\\\/#respond\"]}]},{\"@type\":\"WebPage\",\"@id\":\"https:\\\/\\\/haberverkibris.com\\\/index.php\\\/2024\\\/05\\\/10\\\/suruculer-dikkat-sht-ecvet-yusuf-caddesinde-13-mayis-pazartesi-gununden-itibaren-elektrik-kazi-calismasi-baslatilacak\\\/\",\"url\":\"https:\\\/\\\/haberverkibris.com\\\/index.php\\\/2024\\\/05\\\/10\\\/suruculer-dikkat-sht-ecvet-yusuf-caddesinde-13-mayis-pazartesi-gununden-itibaren-elektrik-kazi-calismasi-baslatilacak\\\/\",\"name\":\"S\u00fcr\u00fcc\u00fcler dikkat! \u015eht. Ecvet Yusuf Caddesi\u2019nde, 13 May\u0131s Pazartesi g\u00fcn\u00fcnden itibaren elektrik kaz\u0131 \u00e7al\u0131\u015fmas\u0131 ba\u015flat\u0131lacak - Haber Ver K\u0131br\u0131s\",\"isPartOf\":{\"@id\":\"https:\\\/\\\/haberverkibris.com\\\/#website\"},\"primaryImageOfPage\":{\"@id\":\"https:\\\/\\\/haberverkibris.com\\\/index.php\\\/2024\\\/05\\\/10\\\/suruculer-dikkat-sht-ecvet-yusuf-caddesinde-13-mayis-pazartesi-gununden-itibaren-elektrik-kazi-calismasi-baslatilacak\\\/#primaryimage\"},\"image\":{\"@id\":\"https:\\\/\\\/haberverkibris.com\\\/index.php\\\/2024\\\/05\\\/10\\\/suruculer-dikkat-sht-ecvet-yusuf-caddesinde-13-mayis-pazartesi-gununden-itibaren-elektrik-kazi-calismasi-baslatilacak\\\/#primaryimage\"},\"thumbnailUrl\":\"https:\\\/\\\/haberverkibris.com\\\/wp-content\\\/uploads\\\/2024\\\/05\\\/duyuru.png\",\"datePublished\":\"2024-05-10T08:16:57+00:00\",\"author\":{\"@id\":\"https:\\\/\\\/haberverkibris.com\\\/#\\\/schema\\\/person\\\/29d65381ed43765483b5a185ded66a56\"},\"breadcrumb\":{\"@id\":\"https:\\\/\\\/haberverkibris.com\\\/index.php\\\/2024\\\/05\\\/10\\\/suruculer-dikkat-sht-ecvet-yusuf-caddesinde-13-mayis-pazartesi-gununden-itibaren-elektrik-kazi-calismasi-baslatilacak\\\/#breadcrumb\"},\"inLanguage\":\"tr\",\"potentialAction\":[{\"@type\":\"ReadAction\",\"target\":[\"https:\\\/\\\/haberverkibris.com\\\/index.php\\\/2024\\\/05\\\/10\\\/suruculer-dikkat-sht-ecvet-yusuf-caddesinde-13-mayis-pazartesi-gununden-itibaren-elektrik-kazi-calismasi-baslatilacak\\\/\"]}]},{\"@type\":\"ImageObject\",\"inLanguage\":\"tr\",\"@id\":\"https:\\\/\\\/haberverkibris.com\\\/index.php\\\/2024\\\/05\\\/10\\\/suruculer-dikkat-sht-ecvet-yusuf-caddesinde-13-mayis-pazartesi-gununden-itibaren-elektrik-kazi-calismasi-baslatilacak\\\/#primaryimage\",\"url\":\"https:\\\/\\\/haberverkibris.com\\\/wp-content\\\/uploads\\\/2024\\\/05\\\/duyuru.png\",\"contentUrl\":\"https:\\\/\\\/haberverkibris.com\\\/wp-content\\\/uploads\\\/2024\\\/05\\\/duyuru.png\",\"width\":820,\"height\":428},{\"@type\":\"BreadcrumbList\",\"@id\":\"https:\\\/\\\/haberverkibris.com\\\/index.php\\\/2024\\\/05\\\/10\\\/suruculer-dikkat-sht-ecvet-yusuf-caddesinde-13-mayis-pazartesi-gununden-itibaren-elektrik-kazi-calismasi-baslatilacak\\\/#breadcrumb\",\"itemListElement\":[{\"@type\":\"ListItem\",\"position\":1,\"name\":\"Anasayfa\",\"item\":\"https:\\\/\\\/haberverkibris.com\\\/\"},{\"@type\":\"ListItem\",\"position\":2,\"name\":\"S\u00fcr\u00fcc\u00fcler dikkat! \u015eht. Ecvet Yusuf Caddesi\u2019nde, 13 May\u0131s Pazartesi g\u00fcn\u00fcnden itibaren elektrik kaz\u0131 \u00e7al\u0131\u015fmas\u0131 ba\u015flat\u0131lacak\"}]},{\"@type\":\"WebSite\",\"@id\":\"https:\\\/\\\/haberverkibris.com\\\/#website\",\"url\":\"https:\\\/\\\/haberverkibris.com\\\/\",\"name\":\"Kuzeyin Sesi\",\"description\":\"Do\u011fru Haberin Adresi\",\"potentialAction\":[{\"@type\":\"SearchAction\",\"target\":{\"@type\":\"EntryPoint\",\"urlTemplate\":\"https:\\\/\\\/haberverkibris.com\\\/?s={search_term_string}\"},\"query-input\":{\"@type\":\"PropertyValueSpecification\",\"valueRequired\":true,\"valueName\":\"search_term_string\"}}],\"inLanguage\":\"tr\"},{\"@type\":\"Person\",\"@id\":\"https:\\\/\\\/haberverkibris.com\\\/#\\\/schema\\\/person\\\/29d65381ed43765483b5a185ded66a56\",\"name\":\"Haberver K\u0131br\u0131s\",\"image\":{\"@type\":\"ImageObject\",\"inLanguage\":\"tr\",\"@id\":\"https:\\\/\\\/secure.gravatar.com\\\/avatar\\\/bab33852abfd8b282518d6ed81826833d77c3c882d9ab608add591ccace47a44?s=96&d=mm&r=g\",\"url\":\"https:\\\/\\\/secure.gravatar.com\\\/avatar\\\/bab33852abfd8b282518d6ed81826833d77c3c882d9ab608add591ccace47a44?s=96&d=mm&r=g\",\"contentUrl\":\"https:\\\/\\\/secure.gravatar.com\\\/avatar\\\/bab33852abfd8b282518d6ed81826833d77c3c882d9ab608add591ccace47a44?s=96&d=mm&r=g\",\"caption\":\"Haberver K\u0131br\u0131s\"},\"sameAs\":[\"https:\\\/\\\/haberverkibris.com\"],\"url\":\"https:\\\/\\\/haberverkibris.com\\\/index.php\\\/author\\\/guven\\\/\"}]}<\/script>\n<!-- \/ Yoast SEO plugin. -->","yoast_head_json":{"title":"S\u00fcr\u00fcc\u00fcler dikkat! \u015eht. Ecvet Yusuf Caddesi\u2019nde, 13 May\u0131s Pazartesi g\u00fcn\u00fcnden itibaren elektrik kaz\u0131 \u00e7al\u0131\u015fmas\u0131 ba\u015flat\u0131lacak - Haber Ver K\u0131br\u0131s","robots":{"index":"index","follow":"follow","max-snippet":"max-snippet:-1","max-image-preview":"max-image-preview:large","max-video-preview":"max-video-preview:-1"},"canonical":"https:\/\/haberverkibris.com\/index.php\/2024\/05\/10\/suruculer-dikkat-sht-ecvet-yusuf-caddesinde-13-mayis-pazartesi-gununden-itibaren-elektrik-kazi-calismasi-baslatilacak\/","og_locale":"tr_TR","og_type":"article","og_title":"S\u00fcr\u00fcc\u00fcler dikkat! \u015eht. Ecvet Yusuf Caddesi\u2019nde, 13 May\u0131s Pazartesi g\u00fcn\u00fcnden itibaren elektrik kaz\u0131 \u00e7al\u0131\u015fmas\u0131 ba\u015flat\u0131lacak - Haber Ver K\u0131br\u0131s","og_description":"Lefko\u015fa T\u00fcrk Belediyesi\u2019nden (LTB) yap\u0131lan duyuruya g\u00f6re, \u015eht. Ecvet Yusuf Caddesi\u2019nde, 13 May\u0131s Pazartesi g\u00fcn\u00fcnden itibaren elektrik kaz\u0131s\u0131 \u00e7al\u0131\u015fmas\u0131n\u0131n ba\u015flat\u0131laca\u011f\u0131 a\u00e7\u0131kland\u0131. Belediyeden yap\u0131lan a\u00e7\u0131klama \u015f\u00f6yle: \u201cK\u0131br\u0131s T\u00fcrk Elektrik Kurumu (KIB-TEK) taraf\u0131ndan \u015eht. Ecvet Yusuf Caddesi \u00fczerinde Elektrik Kaz\u0131s\u0131 (1.Etap) \u00e7al\u0131\u015fmas\u0131 ger\u00e7ekle\u015fecektir. Lefko\u015fa T\u00fcrk Belediyesi g\u00f6zetiminde yap\u0131lacak \u00e7al\u0131\u015fmalar Yeni\u015fehir\u2019de bulunan Askeri Kantin kar\u015f\u0131s\u0131ndaki KIB-TEK Trafo Merkezi\u2019nden [&hellip;]","og_url":"https:\/\/haberverkibris.com\/index.php\/2024\/05\/10\/suruculer-dikkat-sht-ecvet-yusuf-caddesinde-13-mayis-pazartesi-gununden-itibaren-elektrik-kazi-calismasi-baslatilacak\/","og_site_name":"Haber Ver K\u0131br\u0131s","article_publisher":"https:\/\/www.facebook.com\/kuzeyinsesii","article_published_time":"2024-05-10T08:16:57+00:00","og_image":[{"width":820,"height":428,"url":"https:\/\/haberverkibris.com\/wp-content\/uploads\/2024\/05\/duyuru.png","type":"image\/png"}],"author":"Haberver K\u0131br\u0131s","twitter_card":"summary_large_image","twitter_creator":"@kuzeyinsesii","twitter_site":"@kuzeyinsesii","twitter_misc":{"Yazan:":"Haberver K\u0131br\u0131s","Tahmini okuma s\u00fcresi":"1 dakika"},"schema":{"@context":"https:\/\/schema.org","@graph":[{"@type":"Article","@id":"https:\/\/haberverkibris.com\/index.php\/2024\/05\/10\/suruculer-dikkat-sht-ecvet-yusuf-caddesinde-13-mayis-pazartesi-gununden-itibaren-elektrik-kazi-calismasi-baslatilacak\/#article","isPartOf":{"@id":"https:\/\/haberverkibris.com\/index.php\/2024\/05\/10\/suruculer-dikkat-sht-ecvet-yusuf-caddesinde-13-mayis-pazartesi-gununden-itibaren-elektrik-kazi-calismasi-baslatilacak\/"},"author":{"name":"Haberver K\u0131br\u0131s","@id":"https:\/\/haberverkibris.com\/#\/schema\/person\/29d65381ed43765483b5a185ded66a56"},"headline":"S\u00fcr\u00fcc\u00fcler dikkat! \u015eht. Ecvet Yusuf Caddesi\u2019nde, 13 May\u0131s Pazartesi g\u00fcn\u00fcnden itibaren elektrik kaz\u0131 \u00e7al\u0131\u015fmas\u0131 ba\u015flat\u0131lacak","datePublished":"2024-05-10T08:16:57+00:00","mainEntityOfPage":{"@id":"https:\/\/haberverkibris.com\/index.php\/2024\/05\/10\/suruculer-dikkat-sht-ecvet-yusuf-caddesinde-13-mayis-pazartesi-gununden-itibaren-elektrik-kazi-calismasi-baslatilacak\/"},"wordCount":167,"commentCount":0,"image":{"@id":"https:\/\/haberverkibris.com\/index.php\/2024\/05\/10\/suruculer-dikkat-sht-ecvet-yusuf-caddesinde-13-mayis-pazartesi-gununden-itibaren-elektrik-kazi-calismasi-baslatilacak\/#primaryimage"},"thumbnailUrl":"https:\/\/haberverkibris.com\/wp-content\/uploads\/2024\/05\/duyuru.png","articleSection":["K\u0131br\u0131s"],"inLanguage":"tr","potentialAction":[{"@type":"CommentAction","name":"Comment","target":["https:\/\/haberverkibris.com\/index.php\/2024\/05\/10\/suruculer-dikkat-sht-ecvet-yusuf-caddesinde-13-mayis-pazartesi-gununden-itibaren-elektrik-kazi-calismasi-baslatilacak\/#respond"]}]},{"@type":"WebPage","@id":"https:\/\/haberverkibris.com\/index.php\/2024\/05\/10\/suruculer-dikkat-sht-ecvet-yusuf-caddesinde-13-mayis-pazartesi-gununden-itibaren-elektrik-kazi-calismasi-baslatilacak\/","url":"https:\/\/haberverkibris.com\/index.php\/2024\/05\/10\/suruculer-dikkat-sht-ecvet-yusuf-caddesinde-13-mayis-pazartesi-gununden-itibaren-elektrik-kazi-calismasi-baslatilacak\/","name":"S\u00fcr\u00fcc\u00fcler dikkat! \u015eht. Ecvet Yusuf Caddesi\u2019nde, 13 May\u0131s Pazartesi g\u00fcn\u00fcnden itibaren elektrik kaz\u0131 \u00e7al\u0131\u015fmas\u0131 ba\u015flat\u0131lacak - Haber Ver K\u0131br\u0131s","isPartOf":{"@id":"https:\/\/haberverkibris.com\/#website"},"primaryImageOfPage":{"@id":"https:\/\/haberverkibris.com\/index.php\/2024\/05\/10\/suruculer-dikkat-sht-ecvet-yusuf-caddesinde-13-mayis-pazartesi-gununden-itibaren-elektrik-kazi-calismasi-baslatilacak\/#primaryimage"},"image":{"@id":"https:\/\/haberverkibris.com\/index.php\/2024\/05\/10\/suruculer-dikkat-sht-ecvet-yusuf-caddesinde-13-mayis-pazartesi-gununden-itibaren-elektrik-kazi-calismasi-baslatilacak\/#primaryimage"},"thumbnailUrl":"https:\/\/haberverkibris.com\/wp-content\/uploads\/2024\/05\/duyuru.png","datePublished":"2024-05-10T08:16:57+00:00","author":{"@id":"https:\/\/haberverkibris.com\/#\/schema\/person\/29d65381ed43765483b5a185ded66a56"},"breadcrumb":{"@id":"https:\/\/haberverkibris.com\/index.php\/2024\/05\/10\/suruculer-dikkat-sht-ecvet-yusuf-caddesinde-13-mayis-pazartesi-gununden-itibaren-elektrik-kazi-calismasi-baslatilacak\/#breadcrumb"},"inLanguage":"tr","potentialAction":[{"@type":"ReadAction","target":["https:\/\/haberverkibris.com\/index.php\/2024\/05\/10\/suruculer-dikkat-sht-ecvet-yusuf-caddesinde-13-mayis-pazartesi-gununden-itibaren-elektrik-kazi-calismasi-baslatilacak\/"]}]},{"@type":"ImageObject","inLanguage":"tr","@id":"https:\/\/haberverkibris.com\/index.php\/2024\/05\/10\/suruculer-dikkat-sht-ecvet-yusuf-caddesinde-13-mayis-pazartesi-gununden-itibaren-elektrik-kazi-calismasi-baslatilacak\/#primaryimage","url":"https:\/\/haberverkibris.com\/wp-content\/uploads\/2024\/05\/duyuru.png","contentUrl":"https:\/\/haberverkibris.com\/wp-content\/uploads\/2024\/05\/duyuru.png","width":820,"height":428},{"@type":"BreadcrumbList","@id":"https:\/\/haberverkibris.com\/index.php\/2024\/05\/10\/suruculer-dikkat-sht-ecvet-yusuf-caddesinde-13-mayis-pazartesi-gununden-itibaren-elektrik-kazi-calismasi-baslatilacak\/#breadcrumb","itemListElement":[{"@type":"ListItem","position":1,"name":"Anasayfa","item":"https:\/\/haberverkibris.com\/"},{"@type":"ListItem","position":2,"name":"S\u00fcr\u00fcc\u00fcler dikkat! \u015eht. Ecvet Yusuf Caddesi\u2019nde, 13 May\u0131s Pazartesi g\u00fcn\u00fcnden itibaren elektrik kaz\u0131 \u00e7al\u0131\u015fmas\u0131 ba\u015flat\u0131lacak"}]},{"@type":"WebSite","@id":"https:\/\/haberverkibris.com\/#website","url":"https:\/\/haberverkibris.com\/","name":"Kuzeyin Sesi","description":"Do\u011fru Haberin Adresi","potentialAction":[{"@type":"SearchAction","target":{"@type":"EntryPoint","urlTemplate":"https:\/\/haberverkibris.com\/?s={search_term_string}"},"query-input":{"@type":"PropertyValueSpecification","valueRequired":true,"valueName":"search_term_string"}}],"inLanguage":"tr"},{"@type":"Person","@id":"https:\/\/haberverkibris.com\/#\/schema\/person\/29d65381ed43765483b5a185ded66a56","name":"Haberver K\u0131br\u0131s","image":{"@type":"ImageObject","inLanguage":"tr","@id":"https:\/\/secure.gravatar.com\/avatar\/bab33852abfd8b282518d6ed81826833d77c3c882d9ab608add591ccace47a44?s=96&d=mm&r=g","url":"https:\/\/secure.gravatar.com\/avatar\/bab33852abfd8b282518d6ed81826833d77c3c882d9ab608add591ccace47a44?s=96&d=mm&r=g","contentUrl":"https:\/\/secure.gravatar.com\/avatar\/bab33852abfd8b282518d6ed81826833d77c3c882d9ab608add591ccace47a44?s=96&d=mm&r=g","caption":"Haberver K\u0131br\u0131s"},"sameAs":["https:\/\/haberverkibris.com"],"url":"https:\/\/haberverkibris.com\/index.php\/author\/guven\/"}]}},"_links":{"self":[{"href":"https:\/\/haberverkibris.com\/index.php\/wp-json\/wp\/v2\/posts\/1940","targetHints":{"allow":["GET"]}}],"collection":[{"href":"https:\/\/haberverkibris.com\/index.php\/wp-json\/wp\/v2\/posts"}],"about":[{"href":"https:\/\/haberverkibris.com\/index.php\/wp-json\/wp\/v2\/types\/post"}],"author":[{"embeddable":true,"href":"https:\/\/haberverkibris.com\/index.php\/wp-json\/wp\/v2\/users\/1"}],"replies":[{"embeddable":true,"href":"https:\/\/haberverkibris.com\/index.php\/wp-json\/wp\/v2\/comments?post=1940"}],"version-history":[{"count":0,"href":"https:\/\/haberverkibris.com\/index.php\/wp-json\/wp\/v2\/posts\/1940\/revisions"}],"wp:featuredmedia":[{"embeddable":true,"href":"https:\/\/haberverkibris.com\/index.php\/wp-json\/wp\/v2\/media\/1941"}],"wp:attachment":[{"href":"https:\/\/haberverkibris.com\/index.php\/wp-json\/wp\/v2\/media?parent=1940"}],"wp:term":[{"taxonomy":"category","embeddable":true,"href":"https:\/\/haberverkibris.com\/index.php\/wp-json\/wp\/v2\/categories?post=1940"},{"taxonomy":"post_tag","embeddable":true,"href":"https:\/\/haberverkibris.com\/index.php\/wp-json\/wp\/v2\/tags?post=1940"}],"curies":[{"name":"wp","href":"https:\/\/api.w.org\/{rel}","templated":true}]}}