{"id":1914,"date":"2024-05-10T06:21:51","date_gmt":"2024-05-10T03:21:51","guid":{"rendered":"https:\/\/kuzeyinsesi.com\/index.php\/2024\/05\/10\/cadin-yeni-cumhurbaskani-muhammed-idris-debi-itno-oldu\/"},"modified":"2024-05-10T06:21:51","modified_gmt":"2024-05-10T03:21:51","slug":"cadin-yeni-cumhurbaskani-muhammed-idris-debi-itno-oldu","status":"publish","type":"post","link":"https:\/\/haberverkibris.com\/index.php\/2024\/05\/10\/cadin-yeni-cumhurbaskani-muhammed-idris-debi-itno-oldu\/","title":{"rendered":"\u00c7ad&#039;\u0131n yeni cumhurba\u015fkan\u0131 Muhammed \u0130dris Debi \u0130tno oldu"},"content":{"rendered":"<p><\/p>\n<div>\n<p>&#13;<br \/>\n\tUlusal <a href=\"https:\/\/www.trthaber.com\/etiket\/secim\/\" target=\"_blank\" rel=\"noopener\">Se\u00e7im<\/a> Kurulundan (ANGE) yap\u0131lan a\u00e7\u0131klamada, Ge\u00e7i\u015f D\u00f6nemi Cumhurba\u015fkan\u0131 Muhammed \u0130dris Debi \u0130tno&#8217;nun oylar\u0131n y\u00fczde 61,3&#8217;\u00fcn\u00fc ald\u0131\u011f\u0131 ve \u00c7ad\u2019\u0131n yeni cumhurba\u015fkan\u0131 oldu\u011fu belirtildi.<\/p>\n<p>&#13;<br \/>\n\tA\u00e7\u0131klamada, di\u011fer adaylardan Succes Masra&#8217;n\u0131n oylar\u0131n y\u00fczde 18,53\u2019n\u00fc alarak ikinci, Pahimi Padacke Albert&#8217;in ise oylar\u0131n y\u00fczde 16,91\u2019ini alarak \u00fc\u00e7\u00fcnc\u00fc oldu\u011fu aktar\u0131ld\u0131.<\/p>\n<p>&#13;<br \/>\n\tMasra, sosyal <a href=\"https:\/\/www.trthaber.com\/etiket\/medya\/\" target=\"_blank\" rel=\"noopener\">medya<\/a> hesab\u0131ndan yapt\u0131\u011f\u0131 a\u00e7\u0131klamada, se\u00e7iminin galibinin kendisi oldu\u011funu a\u00e7\u0131klam\u0131\u015ft\u0131.<\/p>\n<p>&#13;<br \/>\n\tA\u00e7\u0131klamada, se\u00e7ime kat\u0131l\u0131m oran\u0131n\u0131n y\u00fczde 65 oldu\u011fu kaydedildi.<\/p>\n<h2>&#13;<br \/>\n\t\u00c7ad&#8217;daki ge\u00e7i\u015f d\u00f6nemi<\/h2>\n<p>&#13;<br \/>\n\tEski <a href=\"https:\/\/www.trthaber.com\/etiket\/cad\/\" target=\"_blank\" rel=\"noopener\">\u00c7ad<\/a> Cumhurba\u015fkan\u0131 \u0130dris Debi \u0130tno&#8217;nun cephede 19 Nisan 2021&#8217;de \u00f6ld\u00fcr\u00fclmesinin ard\u0131ndan o\u011flu Muhammed \u0130dris Debi \u0130tno, 20 Nisan 2021&#8217;de 15 generalden olu\u015fan Askeri Ge\u00e7i\u015f Konseyinin ba\u015f\u0131na getirilmi\u015fti.<\/p>\n<p>&#13;<br \/>\n\tGe\u00e7i\u015f D\u00f6nemi Cumhurba\u015fkan\u0131 olarak g\u00f6revine ba\u015flayan \u0130tno, 1 Ocak&#8217;ta s\u00fcrg\u00fcnden d\u00f6nen eski muhalif siyaset\u00e7i Succes Masra&#8217;y\u0131 ge\u00e7ici h\u00fck\u00fcmetin ba\u015fbakanl\u0131\u011f\u0131na getirmi\u015fti.<\/p>\n<\/p><\/div>\n","protected":false},"excerpt":{"rendered":"<p>&#13; Ulusal Se\u00e7im Kurulundan (ANGE) yap\u0131lan a\u00e7\u0131klamada, Ge\u00e7i\u015f D\u00f6nemi Cumhurba\u015fkan\u0131 Muhammed \u0130dris Debi \u0130tno&#8217;nun oylar\u0131n y\u00fczde 61,3&#8217;\u00fcn\u00fc ald\u0131\u011f\u0131 ve \u00c7ad\u2019\u0131n yeni cumhurba\u015fkan\u0131 oldu\u011fu belirtildi. &#13; A\u00e7\u0131klamada, di\u011fer adaylardan Succes Masra&#8217;n\u0131n oylar\u0131n y\u00fczde 18,53\u2019n\u00fc alarak ikinci, Pahimi Padacke Albert&#8217;in ise oylar\u0131n y\u00fczde 16,91\u2019ini alarak \u00fc\u00e7\u00fcnc\u00fc oldu\u011fu aktar\u0131ld\u0131. &#13; Masra, sosyal medya hesab\u0131ndan yapt\u0131\u011f\u0131 a\u00e7\u0131klamada, se\u00e7iminin galibinin [&hellip;]<\/p>\n","protected":false},"author":1,"featured_media":1915,"comment_status":"open","ping_status":"open","sticky":false,"template":"","format":"standard","meta":{"jnews-multi-image_gallery":[],"jnews_single_post":[],"jnews_primary_category":[],"jnews_social_meta":[],"jnews_override_counter":[],"footnotes":""},"categories":[2],"tags":[],"class_list":["post-1914","post","type-post","status-publish","format-standard","has-post-thumbnail","hentry","category-dunya"],"yoast_head":"<!-- This site is optimized with the Yoast SEO plugin v27.5 - https:\/\/yoast.com\/product\/yoast-seo-wordpress\/ -->\n<title>\u00c7ad&#039;\u0131n yeni cumhurba\u015fkan\u0131 Muhammed \u0130dris Debi \u0130tno oldu - Haber Ver K\u0131br\u0131s<\/title>\n<meta name=\"robots\" content=\"index, follow, max-snippet:-1, max-image-preview:large, max-video-preview:-1\" \/>\n<link rel=\"canonical\" href=\"https:\/\/haberverkibris.com\/index.php\/2024\/05\/10\/cadin-yeni-cumhurbaskani-muhammed-idris-debi-itno-oldu\/\" \/>\n<meta property=\"og:locale\" content=\"tr_TR\" \/>\n<meta property=\"og:type\" content=\"article\" \/>\n<meta property=\"og:title\" content=\"\u00c7ad&#039;\u0131n yeni cumhurba\u015fkan\u0131 Muhammed \u0130dris Debi \u0130tno oldu - Haber Ver K\u0131br\u0131s\" \/>\n<meta property=\"og:description\" content=\"&#013; Ulusal Se\u00e7im Kurulundan (ANGE) yap\u0131lan a\u00e7\u0131klamada, Ge\u00e7i\u015f D\u00f6nemi Cumhurba\u015fkan\u0131 Muhammed \u0130dris Debi \u0130tno&#8217;nun oylar\u0131n y\u00fczde 61,3&#8217;\u00fcn\u00fc ald\u0131\u011f\u0131 ve \u00c7ad\u2019\u0131n yeni cumhurba\u015fkan\u0131 oldu\u011fu belirtildi. &#013; A\u00e7\u0131klamada, di\u011fer adaylardan Succes Masra&#8217;n\u0131n oylar\u0131n y\u00fczde 18,53\u2019n\u00fc alarak ikinci, Pahimi Padacke Albert&#8217;in ise oylar\u0131n y\u00fczde 16,91\u2019ini alarak \u00fc\u00e7\u00fcnc\u00fc oldu\u011fu aktar\u0131ld\u0131. &#013; Masra, sosyal medya hesab\u0131ndan yapt\u0131\u011f\u0131 a\u00e7\u0131klamada, se\u00e7iminin galibinin [&hellip;]\" \/>\n<meta property=\"og:url\" content=\"https:\/\/haberverkibris.com\/index.php\/2024\/05\/10\/cadin-yeni-cumhurbaskani-muhammed-idris-debi-itno-oldu\/\" \/>\n<meta property=\"og:site_name\" content=\"Haber Ver K\u0131br\u0131s\" \/>\n<meta property=\"article:publisher\" content=\"https:\/\/www.facebook.com\/kuzeyinsesii\" \/>\n<meta property=\"article:published_time\" content=\"2024-05-10T03:21:51+00:00\" \/>\n<meta property=\"og:image\" content=\"https:\/\/haberverkibris.com\/wp-content\/uploads\/2024\/05\/cad-1475680.jpg\" \/>\n\t<meta property=\"og:image:width\" content=\"1280\" \/>\n\t<meta property=\"og:image:height\" content=\"720\" \/>\n\t<meta property=\"og:image:type\" content=\"image\/jpeg\" \/>\n<meta name=\"author\" content=\"Haberver K\u0131br\u0131s\" \/>\n<meta name=\"twitter:card\" content=\"summary_large_image\" \/>\n<meta name=\"twitter:creator\" content=\"@kuzeyinsesii\" \/>\n<meta name=\"twitter:site\" content=\"@kuzeyinsesii\" \/>\n<meta name=\"twitter:label1\" content=\"Yazan:\" \/>\n\t<meta name=\"twitter:data1\" content=\"Haberver K\u0131br\u0131s\" \/>\n\t<meta name=\"twitter:label2\" content=\"Tahmini okuma s\u00fcresi\" \/>\n\t<meta name=\"twitter:data2\" content=\"1 dakika\" \/>\n<script type=\"application\/ld+json\" class=\"yoast-schema-graph\">{\"@context\":\"https:\\\/\\\/schema.org\",\"@graph\":[{\"@type\":\"Article\",\"@id\":\"https:\\\/\\\/haberverkibris.com\\\/index.php\\\/2024\\\/05\\\/10\\\/cadin-yeni-cumhurbaskani-muhammed-idris-debi-itno-oldu\\\/#article\",\"isPartOf\":{\"@id\":\"https:\\\/\\\/haberverkibris.com\\\/index.php\\\/2024\\\/05\\\/10\\\/cadin-yeni-cumhurbaskani-muhammed-idris-debi-itno-oldu\\\/\"},\"author\":{\"name\":\"Haberver K\u0131br\u0131s\",\"@id\":\"https:\\\/\\\/haberverkibris.com\\\/#\\\/schema\\\/person\\\/29d65381ed43765483b5a185ded66a56\"},\"headline\":\"\u00c7ad&#039;\u0131n yeni cumhurba\u015fkan\u0131 Muhammed \u0130dris Debi \u0130tno oldu\",\"datePublished\":\"2024-05-10T03:21:51+00:00\",\"mainEntityOfPage\":{\"@id\":\"https:\\\/\\\/haberverkibris.com\\\/index.php\\\/2024\\\/05\\\/10\\\/cadin-yeni-cumhurbaskani-muhammed-idris-debi-itno-oldu\\\/\"},\"wordCount\":186,\"commentCount\":0,\"image\":{\"@id\":\"https:\\\/\\\/haberverkibris.com\\\/index.php\\\/2024\\\/05\\\/10\\\/cadin-yeni-cumhurbaskani-muhammed-idris-debi-itno-oldu\\\/#primaryimage\"},\"thumbnailUrl\":\"https:\\\/\\\/haberverkibris.com\\\/wp-content\\\/uploads\\\/2024\\\/05\\\/cad-1475680.jpg\",\"articleSection\":[\"D\u00fcnya\"],\"inLanguage\":\"tr\",\"potentialAction\":[{\"@type\":\"CommentAction\",\"name\":\"Comment\",\"target\":[\"https:\\\/\\\/haberverkibris.com\\\/index.php\\\/2024\\\/05\\\/10\\\/cadin-yeni-cumhurbaskani-muhammed-idris-debi-itno-oldu\\\/#respond\"]}]},{\"@type\":\"WebPage\",\"@id\":\"https:\\\/\\\/haberverkibris.com\\\/index.php\\\/2024\\\/05\\\/10\\\/cadin-yeni-cumhurbaskani-muhammed-idris-debi-itno-oldu\\\/\",\"url\":\"https:\\\/\\\/haberverkibris.com\\\/index.php\\\/2024\\\/05\\\/10\\\/cadin-yeni-cumhurbaskani-muhammed-idris-debi-itno-oldu\\\/\",\"name\":\"\u00c7ad&#039;\u0131n yeni cumhurba\u015fkan\u0131 Muhammed \u0130dris Debi \u0130tno oldu - Haber Ver K\u0131br\u0131s\",\"isPartOf\":{\"@id\":\"https:\\\/\\\/haberverkibris.com\\\/#website\"},\"primaryImageOfPage\":{\"@id\":\"https:\\\/\\\/haberverkibris.com\\\/index.php\\\/2024\\\/05\\\/10\\\/cadin-yeni-cumhurbaskani-muhammed-idris-debi-itno-oldu\\\/#primaryimage\"},\"image\":{\"@id\":\"https:\\\/\\\/haberverkibris.com\\\/index.php\\\/2024\\\/05\\\/10\\\/cadin-yeni-cumhurbaskani-muhammed-idris-debi-itno-oldu\\\/#primaryimage\"},\"thumbnailUrl\":\"https:\\\/\\\/haberverkibris.com\\\/wp-content\\\/uploads\\\/2024\\\/05\\\/cad-1475680.jpg\",\"datePublished\":\"2024-05-10T03:21:51+00:00\",\"author\":{\"@id\":\"https:\\\/\\\/haberverkibris.com\\\/#\\\/schema\\\/person\\\/29d65381ed43765483b5a185ded66a56\"},\"breadcrumb\":{\"@id\":\"https:\\\/\\\/haberverkibris.com\\\/index.php\\\/2024\\\/05\\\/10\\\/cadin-yeni-cumhurbaskani-muhammed-idris-debi-itno-oldu\\\/#breadcrumb\"},\"inLanguage\":\"tr\",\"potentialAction\":[{\"@type\":\"ReadAction\",\"target\":[\"https:\\\/\\\/haberverkibris.com\\\/index.php\\\/2024\\\/05\\\/10\\\/cadin-yeni-cumhurbaskani-muhammed-idris-debi-itno-oldu\\\/\"]}]},{\"@type\":\"ImageObject\",\"inLanguage\":\"tr\",\"@id\":\"https:\\\/\\\/haberverkibris.com\\\/index.php\\\/2024\\\/05\\\/10\\\/cadin-yeni-cumhurbaskani-muhammed-idris-debi-itno-oldu\\\/#primaryimage\",\"url\":\"https:\\\/\\\/haberverkibris.com\\\/wp-content\\\/uploads\\\/2024\\\/05\\\/cad-1475680.jpg\",\"contentUrl\":\"https:\\\/\\\/haberverkibris.com\\\/wp-content\\\/uploads\\\/2024\\\/05\\\/cad-1475680.jpg\",\"width\":1280,\"height\":720},{\"@type\":\"BreadcrumbList\",\"@id\":\"https:\\\/\\\/haberverkibris.com\\\/index.php\\\/2024\\\/05\\\/10\\\/cadin-yeni-cumhurbaskani-muhammed-idris-debi-itno-oldu\\\/#breadcrumb\",\"itemListElement\":[{\"@type\":\"ListItem\",\"position\":1,\"name\":\"Anasayfa\",\"item\":\"https:\\\/\\\/haberverkibris.com\\\/\"},{\"@type\":\"ListItem\",\"position\":2,\"name\":\"\u00c7ad&#039;\u0131n yeni cumhurba\u015fkan\u0131 Muhammed \u0130dris Debi \u0130tno oldu\"}]},{\"@type\":\"WebSite\",\"@id\":\"https:\\\/\\\/haberverkibris.com\\\/#website\",\"url\":\"https:\\\/\\\/haberverkibris.com\\\/\",\"name\":\"Kuzeyin Sesi\",\"description\":\"Do\u011fru Haberin Adresi\",\"potentialAction\":[{\"@type\":\"SearchAction\",\"target\":{\"@type\":\"EntryPoint\",\"urlTemplate\":\"https:\\\/\\\/haberverkibris.com\\\/?s={search_term_string}\"},\"query-input\":{\"@type\":\"PropertyValueSpecification\",\"valueRequired\":true,\"valueName\":\"search_term_string\"}}],\"inLanguage\":\"tr\"},{\"@type\":\"Person\",\"@id\":\"https:\\\/\\\/haberverkibris.com\\\/#\\\/schema\\\/person\\\/29d65381ed43765483b5a185ded66a56\",\"name\":\"Haberver K\u0131br\u0131s\",\"image\":{\"@type\":\"ImageObject\",\"inLanguage\":\"tr\",\"@id\":\"https:\\\/\\\/secure.gravatar.com\\\/avatar\\\/bab33852abfd8b282518d6ed81826833d77c3c882d9ab608add591ccace47a44?s=96&d=mm&r=g\",\"url\":\"https:\\\/\\\/secure.gravatar.com\\\/avatar\\\/bab33852abfd8b282518d6ed81826833d77c3c882d9ab608add591ccace47a44?s=96&d=mm&r=g\",\"contentUrl\":\"https:\\\/\\\/secure.gravatar.com\\\/avatar\\\/bab33852abfd8b282518d6ed81826833d77c3c882d9ab608add591ccace47a44?s=96&d=mm&r=g\",\"caption\":\"Haberver K\u0131br\u0131s\"},\"sameAs\":[\"https:\\\/\\\/haberverkibris.com\"],\"url\":\"https:\\\/\\\/haberverkibris.com\\\/index.php\\\/author\\\/guven\\\/\"}]}<\/script>\n<!-- \/ Yoast SEO plugin. -->","yoast_head_json":{"title":"\u00c7ad&#039;\u0131n yeni cumhurba\u015fkan\u0131 Muhammed \u0130dris Debi \u0130tno oldu - Haber Ver K\u0131br\u0131s","robots":{"index":"index","follow":"follow","max-snippet":"max-snippet:-1","max-image-preview":"max-image-preview:large","max-video-preview":"max-video-preview:-1"},"canonical":"https:\/\/haberverkibris.com\/index.php\/2024\/05\/10\/cadin-yeni-cumhurbaskani-muhammed-idris-debi-itno-oldu\/","og_locale":"tr_TR","og_type":"article","og_title":"\u00c7ad&#039;\u0131n yeni cumhurba\u015fkan\u0131 Muhammed \u0130dris Debi \u0130tno oldu - Haber Ver K\u0131br\u0131s","og_description":"&#13; Ulusal Se\u00e7im Kurulundan (ANGE) yap\u0131lan a\u00e7\u0131klamada, Ge\u00e7i\u015f D\u00f6nemi Cumhurba\u015fkan\u0131 Muhammed \u0130dris Debi \u0130tno&#8217;nun oylar\u0131n y\u00fczde 61,3&#8217;\u00fcn\u00fc ald\u0131\u011f\u0131 ve \u00c7ad\u2019\u0131n yeni cumhurba\u015fkan\u0131 oldu\u011fu belirtildi. &#13; A\u00e7\u0131klamada, di\u011fer adaylardan Succes Masra&#8217;n\u0131n oylar\u0131n y\u00fczde 18,53\u2019n\u00fc alarak ikinci, Pahimi Padacke Albert&#8217;in ise oylar\u0131n y\u00fczde 16,91\u2019ini alarak \u00fc\u00e7\u00fcnc\u00fc oldu\u011fu aktar\u0131ld\u0131. &#13; Masra, sosyal medya hesab\u0131ndan yapt\u0131\u011f\u0131 a\u00e7\u0131klamada, se\u00e7iminin galibinin [&hellip;]","og_url":"https:\/\/haberverkibris.com\/index.php\/2024\/05\/10\/cadin-yeni-cumhurbaskani-muhammed-idris-debi-itno-oldu\/","og_site_name":"Haber Ver K\u0131br\u0131s","article_publisher":"https:\/\/www.facebook.com\/kuzeyinsesii","article_published_time":"2024-05-10T03:21:51+00:00","og_image":[{"width":1280,"height":720,"url":"https:\/\/haberverkibris.com\/wp-content\/uploads\/2024\/05\/cad-1475680.jpg","type":"image\/jpeg"}],"author":"Haberver K\u0131br\u0131s","twitter_card":"summary_large_image","twitter_creator":"@kuzeyinsesii","twitter_site":"@kuzeyinsesii","twitter_misc":{"Yazan:":"Haberver K\u0131br\u0131s","Tahmini okuma s\u00fcresi":"1 dakika"},"schema":{"@context":"https:\/\/schema.org","@graph":[{"@type":"Article","@id":"https:\/\/haberverkibris.com\/index.php\/2024\/05\/10\/cadin-yeni-cumhurbaskani-muhammed-idris-debi-itno-oldu\/#article","isPartOf":{"@id":"https:\/\/haberverkibris.com\/index.php\/2024\/05\/10\/cadin-yeni-cumhurbaskani-muhammed-idris-debi-itno-oldu\/"},"author":{"name":"Haberver K\u0131br\u0131s","@id":"https:\/\/haberverkibris.com\/#\/schema\/person\/29d65381ed43765483b5a185ded66a56"},"headline":"\u00c7ad&#039;\u0131n yeni cumhurba\u015fkan\u0131 Muhammed \u0130dris Debi \u0130tno oldu","datePublished":"2024-05-10T03:21:51+00:00","mainEntityOfPage":{"@id":"https:\/\/haberverkibris.com\/index.php\/2024\/05\/10\/cadin-yeni-cumhurbaskani-muhammed-idris-debi-itno-oldu\/"},"wordCount":186,"commentCount":0,"image":{"@id":"https:\/\/haberverkibris.com\/index.php\/2024\/05\/10\/cadin-yeni-cumhurbaskani-muhammed-idris-debi-itno-oldu\/#primaryimage"},"thumbnailUrl":"https:\/\/haberverkibris.com\/wp-content\/uploads\/2024\/05\/cad-1475680.jpg","articleSection":["D\u00fcnya"],"inLanguage":"tr","potentialAction":[{"@type":"CommentAction","name":"Comment","target":["https:\/\/haberverkibris.com\/index.php\/2024\/05\/10\/cadin-yeni-cumhurbaskani-muhammed-idris-debi-itno-oldu\/#respond"]}]},{"@type":"WebPage","@id":"https:\/\/haberverkibris.com\/index.php\/2024\/05\/10\/cadin-yeni-cumhurbaskani-muhammed-idris-debi-itno-oldu\/","url":"https:\/\/haberverkibris.com\/index.php\/2024\/05\/10\/cadin-yeni-cumhurbaskani-muhammed-idris-debi-itno-oldu\/","name":"\u00c7ad&#039;\u0131n yeni cumhurba\u015fkan\u0131 Muhammed \u0130dris Debi \u0130tno oldu - Haber Ver K\u0131br\u0131s","isPartOf":{"@id":"https:\/\/haberverkibris.com\/#website"},"primaryImageOfPage":{"@id":"https:\/\/haberverkibris.com\/index.php\/2024\/05\/10\/cadin-yeni-cumhurbaskani-muhammed-idris-debi-itno-oldu\/#primaryimage"},"image":{"@id":"https:\/\/haberverkibris.com\/index.php\/2024\/05\/10\/cadin-yeni-cumhurbaskani-muhammed-idris-debi-itno-oldu\/#primaryimage"},"thumbnailUrl":"https:\/\/haberverkibris.com\/wp-content\/uploads\/2024\/05\/cad-1475680.jpg","datePublished":"2024-05-10T03:21:51+00:00","author":{"@id":"https:\/\/haberverkibris.com\/#\/schema\/person\/29d65381ed43765483b5a185ded66a56"},"breadcrumb":{"@id":"https:\/\/haberverkibris.com\/index.php\/2024\/05\/10\/cadin-yeni-cumhurbaskani-muhammed-idris-debi-itno-oldu\/#breadcrumb"},"inLanguage":"tr","potentialAction":[{"@type":"ReadAction","target":["https:\/\/haberverkibris.com\/index.php\/2024\/05\/10\/cadin-yeni-cumhurbaskani-muhammed-idris-debi-itno-oldu\/"]}]},{"@type":"ImageObject","inLanguage":"tr","@id":"https:\/\/haberverkibris.com\/index.php\/2024\/05\/10\/cadin-yeni-cumhurbaskani-muhammed-idris-debi-itno-oldu\/#primaryimage","url":"https:\/\/haberverkibris.com\/wp-content\/uploads\/2024\/05\/cad-1475680.jpg","contentUrl":"https:\/\/haberverkibris.com\/wp-content\/uploads\/2024\/05\/cad-1475680.jpg","width":1280,"height":720},{"@type":"BreadcrumbList","@id":"https:\/\/haberverkibris.com\/index.php\/2024\/05\/10\/cadin-yeni-cumhurbaskani-muhammed-idris-debi-itno-oldu\/#breadcrumb","itemListElement":[{"@type":"ListItem","position":1,"name":"Anasayfa","item":"https:\/\/haberverkibris.com\/"},{"@type":"ListItem","position":2,"name":"\u00c7ad&#039;\u0131n yeni cumhurba\u015fkan\u0131 Muhammed \u0130dris Debi \u0130tno oldu"}]},{"@type":"WebSite","@id":"https:\/\/haberverkibris.com\/#website","url":"https:\/\/haberverkibris.com\/","name":"Kuzeyin Sesi","description":"Do\u011fru Haberin Adresi","potentialAction":[{"@type":"SearchAction","target":{"@type":"EntryPoint","urlTemplate":"https:\/\/haberverkibris.com\/?s={search_term_string}"},"query-input":{"@type":"PropertyValueSpecification","valueRequired":true,"valueName":"search_term_string"}}],"inLanguage":"tr"},{"@type":"Person","@id":"https:\/\/haberverkibris.com\/#\/schema\/person\/29d65381ed43765483b5a185ded66a56","name":"Haberver K\u0131br\u0131s","image":{"@type":"ImageObject","inLanguage":"tr","@id":"https:\/\/secure.gravatar.com\/avatar\/bab33852abfd8b282518d6ed81826833d77c3c882d9ab608add591ccace47a44?s=96&d=mm&r=g","url":"https:\/\/secure.gravatar.com\/avatar\/bab33852abfd8b282518d6ed81826833d77c3c882d9ab608add591ccace47a44?s=96&d=mm&r=g","contentUrl":"https:\/\/secure.gravatar.com\/avatar\/bab33852abfd8b282518d6ed81826833d77c3c882d9ab608add591ccace47a44?s=96&d=mm&r=g","caption":"Haberver K\u0131br\u0131s"},"sameAs":["https:\/\/haberverkibris.com"],"url":"https:\/\/haberverkibris.com\/index.php\/author\/guven\/"}]}},"_links":{"self":[{"href":"https:\/\/haberverkibris.com\/index.php\/wp-json\/wp\/v2\/posts\/1914","targetHints":{"allow":["GET"]}}],"collection":[{"href":"https:\/\/haberverkibris.com\/index.php\/wp-json\/wp\/v2\/posts"}],"about":[{"href":"https:\/\/haberverkibris.com\/index.php\/wp-json\/wp\/v2\/types\/post"}],"author":[{"embeddable":true,"href":"https:\/\/haberverkibris.com\/index.php\/wp-json\/wp\/v2\/users\/1"}],"replies":[{"embeddable":true,"href":"https:\/\/haberverkibris.com\/index.php\/wp-json\/wp\/v2\/comments?post=1914"}],"version-history":[{"count":0,"href":"https:\/\/haberverkibris.com\/index.php\/wp-json\/wp\/v2\/posts\/1914\/revisions"}],"wp:featuredmedia":[{"embeddable":true,"href":"https:\/\/haberverkibris.com\/index.php\/wp-json\/wp\/v2\/media\/1915"}],"wp:attachment":[{"href":"https:\/\/haberverkibris.com\/index.php\/wp-json\/wp\/v2\/media?parent=1914"}],"wp:term":[{"taxonomy":"category","embeddable":true,"href":"https:\/\/haberverkibris.com\/index.php\/wp-json\/wp\/v2\/categories?post=1914"},{"taxonomy":"post_tag","embeddable":true,"href":"https:\/\/haberverkibris.com\/index.php\/wp-json\/wp\/v2\/tags?post=1914"}],"curies":[{"name":"wp","href":"https:\/\/api.w.org\/{rel}","templated":true}]}}