{"id":1866,"date":"2024-05-09T17:09:05","date_gmt":"2024-05-09T14:09:05","guid":{"rendered":"https:\/\/kuzeyinsesi.com\/index.php\/2024\/05\/09\/israilden-abdye-dolayli-yanit-israil-devletine-boyun-egdirilemeyecek\/"},"modified":"2024-05-09T17:09:05","modified_gmt":"2024-05-09T14:09:05","slug":"israilden-abdye-dolayli-yanit-israil-devletine-boyun-egdirilemeyecek","status":"publish","type":"post","link":"https:\/\/haberverkibris.com\/index.php\/2024\/05\/09\/israilden-abdye-dolayli-yanit-israil-devletine-boyun-egdirilemeyecek\/","title":{"rendered":"\u0130srail&#039;den ABD&#039;ye dolayl\u0131 yan\u0131t: \u0130srail devletine boyun e\u011fdirilemeyecek"},"content":{"rendered":"<p><\/p>\n<div>\n<p>&#13;<br \/>\n\t<a href=\"https:\/\/www.trthaber.com\/etiket\/israil\/\" target=\"_blank\" rel=\"noopener\">\u0130srail<\/a> Savunma Bakan\u0131 Yoav Gallant, \u0130srail Savunma Bakanl\u0131\u011f\u0131 mensuplar\u0131n\u0131n aileleri i\u00e7in d\u00fczenlenen t\u00f6rende konu\u015fma yapt\u0131.<\/p>\n<p>&#13;<br \/>\n\t<a href=\"https:\/\/www.trthaber.com\/etiket\/hamas\/\" target=\"_blank\" rel=\"noopener\">Hamas<\/a> ve Hizbullah&#8217;\u0131 vuracaklar\u0131n\u0131 ve g\u00fcvenli\u011fi sa\u011flayacaklar\u0131n\u0131 savunan Gallant, &#8220;En iyi dostlar\u0131m\u0131za oldu\u011fu kadar \u0130srail&#8217;in d\u00fc\u015fmanlar\u0131na da sesleniyorum ve \u015funu s\u00f6yl\u00fcyorum: Ne \u0130srail Devleti, ne ordu, ne savunma te\u015fkilat\u0131na boyun e\u011fdirilemez. G\u00fc\u00e7l\u00fc duraca\u011f\u0131z, hedefimize ula\u015faca\u011f\u0131z.&#8221; ifadelerini kulland\u0131.<\/p>\n<p>&#13;<br \/>\n\tAyr\u0131ca, \u00fclkesinin kuzey ve g\u00fcney b\u00f6lgelerinde hedeflerine ula\u015faca\u011f\u0131n\u0131 iddia eden Gallant, Gazze&#8217;deki \u0130srailli esirleri eve getirmek i\u00e7in ellerinden geleni yapacaklar\u0131n\u0131 kaydetti.<\/p>\n<h2>&#13;<br \/>\n\t<a href=\"https:\/\/www.trthaber.com\/etiket\/abd\/\" target=\"_blank\" rel=\"noopener\">ABD<\/a> Savunma Bakan\u0131 Austin sevkiyat\u0131n durduruldu\u011funu do\u011frulad\u0131<\/h2>\n<p>&#13;<br \/>\n\tAmerikan medyas\u0131nda yer alan, ad\u0131 a\u00e7\u0131klanmayan baz\u0131 ABD&#8217;li yetkililere dayand\u0131r\u0131lan haberlerde, ABD&#8217;nin \u0130srail&#8217;e baz\u0131 silahlar\u0131n sevkiyat\u0131n\u0131 ge\u00e7ici olarak durdurdu\u011fu ve s\u00fcrecin Refah&#8217;taki geli\u015fmeler kapsam\u0131nda de\u011ferlendirildi\u011fi belirtilmi\u015fti.<\/p>\n<p>&#13;<br \/>\n\tABD Savunma Bakan\u0131 Lloyd Austin, d\u00fcn \u0130srail&#8217;in Refah&#8217;a y\u00f6nelik kapsaml\u0131 bir kara sald\u0131r\u0131s\u0131 ba\u011flam\u0131nda bu \u00fclkeye yak\u0131nda g\u00f6nderilecek silahlarla ilgili bir de\u011ferlendirme s\u00fcrecinde olduklar\u0131n\u0131 ve bu s\u00fcre\u00e7 devam ederken baz\u0131 silahlar\u0131n sevkiyat\u0131n\u0131 ask\u0131ya ald\u0131klar\u0131n\u0131 do\u011frulam\u0131\u015ft\u0131.<\/p>\n<p>&#13;<br \/>\n\tAustin, \u0130srail&#8217;in Refah&#8217;a y\u00f6nelik kapsaml\u0131 bir kara sald\u0131r\u0131s\u0131 d\u00fczenlemesini istemediklerini, bu konudaki net mesajlar\u0131n\u0131 Tel Aviv&#8217;deki muhataplar\u0131na aktard\u0131klar\u0131n\u0131 ve Biden y\u00f6netimi olarak b\u00f6lgedeki geli\u015fmeleri yak\u0131ndan izlediklerini s\u00f6ylemi\u015fti.<\/p>\n<p>&#13;<br \/>\n\tAustin, &#8220;\u0130srail&#8217;in kendini savunma ara\u00e7lar\u0131na sahip oldu\u011fundan emin olmaya devam edece\u011fiz. Ancak \u015fu anda Refah&#8217;taki geli\u015fmelerin seyri ba\u011flam\u0131nda yak\u0131n zamanda (\u0130srail&#8217;e) g\u00f6nderilecek g\u00fcvenlik deste\u011fi sevkiyatlar\u0131n\u0131 de\u011ferlendiriyoruz. Mevcut durumu de\u011ferlendirirken i\u00e7inde y\u00fcksek miktarda m\u00fchimmat bar\u0131nd\u0131ran bir sevkiyat\u0131 durdurduk.&#8221; demi\u015fti.<\/p>\n<h2>&#13;<br \/>\n\tBiden y\u00f6netimi kapsaml\u0131 Refah sald\u0131r\u0131s\u0131na kar\u015f\u0131<\/h2>\n<p>&#13;<br \/>\n\tBiden y\u00f6netimi, \u0130srail&#8217;in Refah&#8217;ta sivilleri korumaya y\u00f6nelik ger\u00e7ek\u00e7i bir plan i\u00e7ermeyen herhangi bir kapsaml\u0131 kara sald\u0131r\u0131s\u0131na kar\u015f\u0131 \u00e7\u0131k\u0131yor.<\/p>\n<p>&#13;<br \/>\n\tBiden ve Bat\u0131l\u0131 yetkililerin, Refah&#8217;a y\u00f6nelik olas\u0131 kara sald\u0131r\u0131s\u0131n\u0131n daha \u00e7ok sivil \u00f6l\u00fcm\u00fcne ve insani krizin b\u00fcy\u00fcmesine neden olaca\u011f\u0131 uyar\u0131lar\u0131na ra\u011fmen Netanyahu, yakla\u015f\u0131k 1,5 milyon yerinden edilmi\u015f Filistinlinin s\u0131\u011f\u0131nd\u0131\u011f\u0131 Gazze&#8217;nin g\u00fcneyindeki Refah kentine sald\u0131r\u0131n\u0131n yap\u0131laca\u011f\u0131n\u0131 duyurmu\u015ftu.<\/p>\n<p>&#13;<br \/>\n\t\u0130srail ordusu, yakla\u015f\u0131k 1,5 milyon yerinden edilmi\u015f Filistinlinin s\u0131\u011f\u0131nd\u0131\u011f\u0131 Refah b\u00f6lgesine \u00f6nceki g\u00fcn kara sald\u0131r\u0131s\u0131 ba\u015flatarak Gazze&#8217;nin M\u0131s\u0131r&#8217;a a\u00e7\u0131lan s\u0131n\u0131r kap\u0131s\u0131n\u0131n Filistin taraf\u0131n\u0131 ele ge\u00e7irdi\u011fini duyurmu\u015ftu. Refah&#8217;\u0131n do\u011fusundaki kara sald\u0131r\u0131lar\u0131 devam ederken \u0130srail ordusu s\u0131k s\u0131k b\u00f6lgeye hava sald\u0131r\u0131lar\u0131 d\u00fczenliyor.<\/p>\n<p>&#13;<br \/>\n\t\u00d6te yandan, ABD Kongresi&#8217;nde Demokrat Partili 88 \u00fcye, \u0130srail&#8217;in Filistinli sivillere y\u00f6nelik insani yard\u0131mlar\u0131 kasten engelledi\u011fine dair inand\u0131r\u0131c\u0131 iddialar bulundu\u011funu belirterek, Biden&#8217;a ABD yasalar\u0131na g\u00f6re \u0130srail&#8217;e yap\u0131lan yard\u0131mlar\u0131 yeniden g\u00f6zden ge\u00e7irme \u00e7a\u011fr\u0131s\u0131nda bulunmu\u015ftu.<\/p>\n<\/p><\/div>\n","protected":false},"excerpt":{"rendered":"<p>&#13; \u0130srail Savunma Bakan\u0131 Yoav Gallant, \u0130srail Savunma Bakanl\u0131\u011f\u0131 mensuplar\u0131n\u0131n aileleri i\u00e7in d\u00fczenlenen t\u00f6rende konu\u015fma yapt\u0131. &#13; Hamas ve Hizbullah&#8217;\u0131 vuracaklar\u0131n\u0131 ve g\u00fcvenli\u011fi sa\u011flayacaklar\u0131n\u0131 savunan Gallant, &#8220;En iyi dostlar\u0131m\u0131za oldu\u011fu kadar \u0130srail&#8217;in d\u00fc\u015fmanlar\u0131na da sesleniyorum ve \u015funu s\u00f6yl\u00fcyorum: Ne \u0130srail Devleti, ne ordu, ne savunma te\u015fkilat\u0131na boyun e\u011fdirilemez. G\u00fc\u00e7l\u00fc duraca\u011f\u0131z, hedefimize ula\u015faca\u011f\u0131z.&#8221; ifadelerini kulland\u0131. &#13; [&hellip;]<\/p>\n","protected":false},"author":1,"featured_media":1867,"comment_status":"open","ping_status":"open","sticky":false,"template":"","format":"standard","meta":{"jnews-multi-image_gallery":[],"jnews_single_post":[],"jnews_primary_category":[],"jnews_social_meta":[],"jnews_override_counter":[],"footnotes":""},"categories":[2],"tags":[],"class_list":["post-1866","post","type-post","status-publish","format-standard","has-post-thumbnail","hentry","category-dunya"],"yoast_head":"<!-- This site is optimized with the Yoast SEO plugin v27.5 - https:\/\/yoast.com\/product\/yoast-seo-wordpress\/ -->\n<title>\u0130srail&#039;den ABD&#039;ye dolayl\u0131 yan\u0131t: \u0130srail devletine boyun e\u011fdirilemeyecek - Haber Ver K\u0131br\u0131s<\/title>\n<meta name=\"robots\" content=\"index, follow, max-snippet:-1, max-image-preview:large, max-video-preview:-1\" \/>\n<link rel=\"canonical\" href=\"https:\/\/haberverkibris.com\/index.php\/2024\/05\/09\/israilden-abdye-dolayli-yanit-israil-devletine-boyun-egdirilemeyecek\/\" \/>\n<meta property=\"og:locale\" content=\"tr_TR\" \/>\n<meta property=\"og:type\" content=\"article\" \/>\n<meta property=\"og:title\" content=\"\u0130srail&#039;den ABD&#039;ye dolayl\u0131 yan\u0131t: \u0130srail devletine boyun e\u011fdirilemeyecek - Haber Ver K\u0131br\u0131s\" \/>\n<meta property=\"og:description\" content=\"&#013; \u0130srail Savunma Bakan\u0131 Yoav Gallant, \u0130srail Savunma Bakanl\u0131\u011f\u0131 mensuplar\u0131n\u0131n aileleri i\u00e7in d\u00fczenlenen t\u00f6rende konu\u015fma yapt\u0131. &#013; Hamas ve Hizbullah&#8217;\u0131 vuracaklar\u0131n\u0131 ve g\u00fcvenli\u011fi sa\u011flayacaklar\u0131n\u0131 savunan Gallant, &#8220;En iyi dostlar\u0131m\u0131za oldu\u011fu kadar \u0130srail&#8217;in d\u00fc\u015fmanlar\u0131na da sesleniyorum ve \u015funu s\u00f6yl\u00fcyorum: Ne \u0130srail Devleti, ne ordu, ne savunma te\u015fkilat\u0131na boyun e\u011fdirilemez. G\u00fc\u00e7l\u00fc duraca\u011f\u0131z, hedefimize ula\u015faca\u011f\u0131z.&#8221; ifadelerini kulland\u0131. &#013; [&hellip;]\" \/>\n<meta property=\"og:url\" content=\"https:\/\/haberverkibris.com\/index.php\/2024\/05\/09\/israilden-abdye-dolayli-yanit-israil-devletine-boyun-egdirilemeyecek\/\" \/>\n<meta property=\"og:site_name\" content=\"Haber Ver K\u0131br\u0131s\" \/>\n<meta property=\"article:publisher\" content=\"https:\/\/www.facebook.com\/kuzeyinsesii\" \/>\n<meta property=\"article:published_time\" content=\"2024-05-09T14:09:05+00:00\" \/>\n<meta property=\"og:image\" content=\"https:\/\/haberverkibris.com\/wp-content\/uploads\/2024\/05\/israil-abd-reu-1551270.jpg\" \/>\n\t<meta property=\"og:image:width\" content=\"1280\" \/>\n\t<meta property=\"og:image:height\" content=\"720\" \/>\n\t<meta property=\"og:image:type\" content=\"image\/jpeg\" \/>\n<meta name=\"author\" content=\"Haberver K\u0131br\u0131s\" \/>\n<meta name=\"twitter:card\" content=\"summary_large_image\" \/>\n<meta name=\"twitter:creator\" content=\"@kuzeyinsesii\" \/>\n<meta name=\"twitter:site\" content=\"@kuzeyinsesii\" \/>\n<meta name=\"twitter:label1\" content=\"Yazan:\" \/>\n\t<meta name=\"twitter:data1\" content=\"Haberver K\u0131br\u0131s\" \/>\n\t<meta name=\"twitter:label2\" content=\"Tahmini okuma s\u00fcresi\" \/>\n\t<meta name=\"twitter:data2\" content=\"3 dakika\" \/>\n<script type=\"application\/ld+json\" class=\"yoast-schema-graph\">{\"@context\":\"https:\\\/\\\/schema.org\",\"@graph\":[{\"@type\":\"Article\",\"@id\":\"https:\\\/\\\/haberverkibris.com\\\/index.php\\\/2024\\\/05\\\/09\\\/israilden-abdye-dolayli-yanit-israil-devletine-boyun-egdirilemeyecek\\\/#article\",\"isPartOf\":{\"@id\":\"https:\\\/\\\/haberverkibris.com\\\/index.php\\\/2024\\\/05\\\/09\\\/israilden-abdye-dolayli-yanit-israil-devletine-boyun-egdirilemeyecek\\\/\"},\"author\":{\"name\":\"Haberver K\u0131br\u0131s\",\"@id\":\"https:\\\/\\\/haberverkibris.com\\\/#\\\/schema\\\/person\\\/29d65381ed43765483b5a185ded66a56\"},\"headline\":\"\u0130srail&#039;den ABD&#039;ye dolayl\u0131 yan\u0131t: \u0130srail devletine boyun e\u011fdirilemeyecek\",\"datePublished\":\"2024-05-09T14:09:05+00:00\",\"mainEntityOfPage\":{\"@id\":\"https:\\\/\\\/haberverkibris.com\\\/index.php\\\/2024\\\/05\\\/09\\\/israilden-abdye-dolayli-yanit-israil-devletine-boyun-egdirilemeyecek\\\/\"},\"wordCount\":554,\"commentCount\":0,\"image\":{\"@id\":\"https:\\\/\\\/haberverkibris.com\\\/index.php\\\/2024\\\/05\\\/09\\\/israilden-abdye-dolayli-yanit-israil-devletine-boyun-egdirilemeyecek\\\/#primaryimage\"},\"thumbnailUrl\":\"https:\\\/\\\/haberverkibris.com\\\/wp-content\\\/uploads\\\/2024\\\/05\\\/israil-abd-reu-1551270.jpg\",\"articleSection\":[\"D\u00fcnya\"],\"inLanguage\":\"tr\",\"potentialAction\":[{\"@type\":\"CommentAction\",\"name\":\"Comment\",\"target\":[\"https:\\\/\\\/haberverkibris.com\\\/index.php\\\/2024\\\/05\\\/09\\\/israilden-abdye-dolayli-yanit-israil-devletine-boyun-egdirilemeyecek\\\/#respond\"]}]},{\"@type\":\"WebPage\",\"@id\":\"https:\\\/\\\/haberverkibris.com\\\/index.php\\\/2024\\\/05\\\/09\\\/israilden-abdye-dolayli-yanit-israil-devletine-boyun-egdirilemeyecek\\\/\",\"url\":\"https:\\\/\\\/haberverkibris.com\\\/index.php\\\/2024\\\/05\\\/09\\\/israilden-abdye-dolayli-yanit-israil-devletine-boyun-egdirilemeyecek\\\/\",\"name\":\"\u0130srail&#039;den ABD&#039;ye dolayl\u0131 yan\u0131t: \u0130srail devletine boyun e\u011fdirilemeyecek - Haber Ver K\u0131br\u0131s\",\"isPartOf\":{\"@id\":\"https:\\\/\\\/haberverkibris.com\\\/#website\"},\"primaryImageOfPage\":{\"@id\":\"https:\\\/\\\/haberverkibris.com\\\/index.php\\\/2024\\\/05\\\/09\\\/israilden-abdye-dolayli-yanit-israil-devletine-boyun-egdirilemeyecek\\\/#primaryimage\"},\"image\":{\"@id\":\"https:\\\/\\\/haberverkibris.com\\\/index.php\\\/2024\\\/05\\\/09\\\/israilden-abdye-dolayli-yanit-israil-devletine-boyun-egdirilemeyecek\\\/#primaryimage\"},\"thumbnailUrl\":\"https:\\\/\\\/haberverkibris.com\\\/wp-content\\\/uploads\\\/2024\\\/05\\\/israil-abd-reu-1551270.jpg\",\"datePublished\":\"2024-05-09T14:09:05+00:00\",\"author\":{\"@id\":\"https:\\\/\\\/haberverkibris.com\\\/#\\\/schema\\\/person\\\/29d65381ed43765483b5a185ded66a56\"},\"breadcrumb\":{\"@id\":\"https:\\\/\\\/haberverkibris.com\\\/index.php\\\/2024\\\/05\\\/09\\\/israilden-abdye-dolayli-yanit-israil-devletine-boyun-egdirilemeyecek\\\/#breadcrumb\"},\"inLanguage\":\"tr\",\"potentialAction\":[{\"@type\":\"ReadAction\",\"target\":[\"https:\\\/\\\/haberverkibris.com\\\/index.php\\\/2024\\\/05\\\/09\\\/israilden-abdye-dolayli-yanit-israil-devletine-boyun-egdirilemeyecek\\\/\"]}]},{\"@type\":\"ImageObject\",\"inLanguage\":\"tr\",\"@id\":\"https:\\\/\\\/haberverkibris.com\\\/index.php\\\/2024\\\/05\\\/09\\\/israilden-abdye-dolayli-yanit-israil-devletine-boyun-egdirilemeyecek\\\/#primaryimage\",\"url\":\"https:\\\/\\\/haberverkibris.com\\\/wp-content\\\/uploads\\\/2024\\\/05\\\/israil-abd-reu-1551270.jpg\",\"contentUrl\":\"https:\\\/\\\/haberverkibris.com\\\/wp-content\\\/uploads\\\/2024\\\/05\\\/israil-abd-reu-1551270.jpg\",\"width\":1280,\"height\":720},{\"@type\":\"BreadcrumbList\",\"@id\":\"https:\\\/\\\/haberverkibris.com\\\/index.php\\\/2024\\\/05\\\/09\\\/israilden-abdye-dolayli-yanit-israil-devletine-boyun-egdirilemeyecek\\\/#breadcrumb\",\"itemListElement\":[{\"@type\":\"ListItem\",\"position\":1,\"name\":\"Anasayfa\",\"item\":\"https:\\\/\\\/haberverkibris.com\\\/\"},{\"@type\":\"ListItem\",\"position\":2,\"name\":\"\u0130srail&#039;den ABD&#039;ye dolayl\u0131 yan\u0131t: \u0130srail devletine boyun e\u011fdirilemeyecek\"}]},{\"@type\":\"WebSite\",\"@id\":\"https:\\\/\\\/haberverkibris.com\\\/#website\",\"url\":\"https:\\\/\\\/haberverkibris.com\\\/\",\"name\":\"Kuzeyin Sesi\",\"description\":\"Do\u011fru Haberin Adresi\",\"potentialAction\":[{\"@type\":\"SearchAction\",\"target\":{\"@type\":\"EntryPoint\",\"urlTemplate\":\"https:\\\/\\\/haberverkibris.com\\\/?s={search_term_string}\"},\"query-input\":{\"@type\":\"PropertyValueSpecification\",\"valueRequired\":true,\"valueName\":\"search_term_string\"}}],\"inLanguage\":\"tr\"},{\"@type\":\"Person\",\"@id\":\"https:\\\/\\\/haberverkibris.com\\\/#\\\/schema\\\/person\\\/29d65381ed43765483b5a185ded66a56\",\"name\":\"Haberver K\u0131br\u0131s\",\"image\":{\"@type\":\"ImageObject\",\"inLanguage\":\"tr\",\"@id\":\"https:\\\/\\\/secure.gravatar.com\\\/avatar\\\/bab33852abfd8b282518d6ed81826833d77c3c882d9ab608add591ccace47a44?s=96&d=mm&r=g\",\"url\":\"https:\\\/\\\/secure.gravatar.com\\\/avatar\\\/bab33852abfd8b282518d6ed81826833d77c3c882d9ab608add591ccace47a44?s=96&d=mm&r=g\",\"contentUrl\":\"https:\\\/\\\/secure.gravatar.com\\\/avatar\\\/bab33852abfd8b282518d6ed81826833d77c3c882d9ab608add591ccace47a44?s=96&d=mm&r=g\",\"caption\":\"Haberver K\u0131br\u0131s\"},\"sameAs\":[\"https:\\\/\\\/haberverkibris.com\"],\"url\":\"https:\\\/\\\/haberverkibris.com\\\/index.php\\\/author\\\/guven\\\/\"}]}<\/script>\n<!-- \/ Yoast SEO plugin. -->","yoast_head_json":{"title":"\u0130srail&#039;den ABD&#039;ye dolayl\u0131 yan\u0131t: \u0130srail devletine boyun e\u011fdirilemeyecek - Haber Ver K\u0131br\u0131s","robots":{"index":"index","follow":"follow","max-snippet":"max-snippet:-1","max-image-preview":"max-image-preview:large","max-video-preview":"max-video-preview:-1"},"canonical":"https:\/\/haberverkibris.com\/index.php\/2024\/05\/09\/israilden-abdye-dolayli-yanit-israil-devletine-boyun-egdirilemeyecek\/","og_locale":"tr_TR","og_type":"article","og_title":"\u0130srail&#039;den ABD&#039;ye dolayl\u0131 yan\u0131t: \u0130srail devletine boyun e\u011fdirilemeyecek - Haber Ver K\u0131br\u0131s","og_description":"&#13; \u0130srail Savunma Bakan\u0131 Yoav Gallant, \u0130srail Savunma Bakanl\u0131\u011f\u0131 mensuplar\u0131n\u0131n aileleri i\u00e7in d\u00fczenlenen t\u00f6rende konu\u015fma yapt\u0131. &#13; Hamas ve Hizbullah&#8217;\u0131 vuracaklar\u0131n\u0131 ve g\u00fcvenli\u011fi sa\u011flayacaklar\u0131n\u0131 savunan Gallant, &#8220;En iyi dostlar\u0131m\u0131za oldu\u011fu kadar \u0130srail&#8217;in d\u00fc\u015fmanlar\u0131na da sesleniyorum ve \u015funu s\u00f6yl\u00fcyorum: Ne \u0130srail Devleti, ne ordu, ne savunma te\u015fkilat\u0131na boyun e\u011fdirilemez. G\u00fc\u00e7l\u00fc duraca\u011f\u0131z, hedefimize ula\u015faca\u011f\u0131z.&#8221; ifadelerini kulland\u0131. &#13; [&hellip;]","og_url":"https:\/\/haberverkibris.com\/index.php\/2024\/05\/09\/israilden-abdye-dolayli-yanit-israil-devletine-boyun-egdirilemeyecek\/","og_site_name":"Haber Ver K\u0131br\u0131s","article_publisher":"https:\/\/www.facebook.com\/kuzeyinsesii","article_published_time":"2024-05-09T14:09:05+00:00","og_image":[{"width":1280,"height":720,"url":"https:\/\/haberverkibris.com\/wp-content\/uploads\/2024\/05\/israil-abd-reu-1551270.jpg","type":"image\/jpeg"}],"author":"Haberver K\u0131br\u0131s","twitter_card":"summary_large_image","twitter_creator":"@kuzeyinsesii","twitter_site":"@kuzeyinsesii","twitter_misc":{"Yazan:":"Haberver K\u0131br\u0131s","Tahmini okuma s\u00fcresi":"3 dakika"},"schema":{"@context":"https:\/\/schema.org","@graph":[{"@type":"Article","@id":"https:\/\/haberverkibris.com\/index.php\/2024\/05\/09\/israilden-abdye-dolayli-yanit-israil-devletine-boyun-egdirilemeyecek\/#article","isPartOf":{"@id":"https:\/\/haberverkibris.com\/index.php\/2024\/05\/09\/israilden-abdye-dolayli-yanit-israil-devletine-boyun-egdirilemeyecek\/"},"author":{"name":"Haberver K\u0131br\u0131s","@id":"https:\/\/haberverkibris.com\/#\/schema\/person\/29d65381ed43765483b5a185ded66a56"},"headline":"\u0130srail&#039;den ABD&#039;ye dolayl\u0131 yan\u0131t: \u0130srail devletine boyun e\u011fdirilemeyecek","datePublished":"2024-05-09T14:09:05+00:00","mainEntityOfPage":{"@id":"https:\/\/haberverkibris.com\/index.php\/2024\/05\/09\/israilden-abdye-dolayli-yanit-israil-devletine-boyun-egdirilemeyecek\/"},"wordCount":554,"commentCount":0,"image":{"@id":"https:\/\/haberverkibris.com\/index.php\/2024\/05\/09\/israilden-abdye-dolayli-yanit-israil-devletine-boyun-egdirilemeyecek\/#primaryimage"},"thumbnailUrl":"https:\/\/haberverkibris.com\/wp-content\/uploads\/2024\/05\/israil-abd-reu-1551270.jpg","articleSection":["D\u00fcnya"],"inLanguage":"tr","potentialAction":[{"@type":"CommentAction","name":"Comment","target":["https:\/\/haberverkibris.com\/index.php\/2024\/05\/09\/israilden-abdye-dolayli-yanit-israil-devletine-boyun-egdirilemeyecek\/#respond"]}]},{"@type":"WebPage","@id":"https:\/\/haberverkibris.com\/index.php\/2024\/05\/09\/israilden-abdye-dolayli-yanit-israil-devletine-boyun-egdirilemeyecek\/","url":"https:\/\/haberverkibris.com\/index.php\/2024\/05\/09\/israilden-abdye-dolayli-yanit-israil-devletine-boyun-egdirilemeyecek\/","name":"\u0130srail&#039;den ABD&#039;ye dolayl\u0131 yan\u0131t: \u0130srail devletine boyun e\u011fdirilemeyecek - Haber Ver K\u0131br\u0131s","isPartOf":{"@id":"https:\/\/haberverkibris.com\/#website"},"primaryImageOfPage":{"@id":"https:\/\/haberverkibris.com\/index.php\/2024\/05\/09\/israilden-abdye-dolayli-yanit-israil-devletine-boyun-egdirilemeyecek\/#primaryimage"},"image":{"@id":"https:\/\/haberverkibris.com\/index.php\/2024\/05\/09\/israilden-abdye-dolayli-yanit-israil-devletine-boyun-egdirilemeyecek\/#primaryimage"},"thumbnailUrl":"https:\/\/haberverkibris.com\/wp-content\/uploads\/2024\/05\/israil-abd-reu-1551270.jpg","datePublished":"2024-05-09T14:09:05+00:00","author":{"@id":"https:\/\/haberverkibris.com\/#\/schema\/person\/29d65381ed43765483b5a185ded66a56"},"breadcrumb":{"@id":"https:\/\/haberverkibris.com\/index.php\/2024\/05\/09\/israilden-abdye-dolayli-yanit-israil-devletine-boyun-egdirilemeyecek\/#breadcrumb"},"inLanguage":"tr","potentialAction":[{"@type":"ReadAction","target":["https:\/\/haberverkibris.com\/index.php\/2024\/05\/09\/israilden-abdye-dolayli-yanit-israil-devletine-boyun-egdirilemeyecek\/"]}]},{"@type":"ImageObject","inLanguage":"tr","@id":"https:\/\/haberverkibris.com\/index.php\/2024\/05\/09\/israilden-abdye-dolayli-yanit-israil-devletine-boyun-egdirilemeyecek\/#primaryimage","url":"https:\/\/haberverkibris.com\/wp-content\/uploads\/2024\/05\/israil-abd-reu-1551270.jpg","contentUrl":"https:\/\/haberverkibris.com\/wp-content\/uploads\/2024\/05\/israil-abd-reu-1551270.jpg","width":1280,"height":720},{"@type":"BreadcrumbList","@id":"https:\/\/haberverkibris.com\/index.php\/2024\/05\/09\/israilden-abdye-dolayli-yanit-israil-devletine-boyun-egdirilemeyecek\/#breadcrumb","itemListElement":[{"@type":"ListItem","position":1,"name":"Anasayfa","item":"https:\/\/haberverkibris.com\/"},{"@type":"ListItem","position":2,"name":"\u0130srail&#039;den ABD&#039;ye dolayl\u0131 yan\u0131t: \u0130srail devletine boyun e\u011fdirilemeyecek"}]},{"@type":"WebSite","@id":"https:\/\/haberverkibris.com\/#website","url":"https:\/\/haberverkibris.com\/","name":"Kuzeyin Sesi","description":"Do\u011fru Haberin Adresi","potentialAction":[{"@type":"SearchAction","target":{"@type":"EntryPoint","urlTemplate":"https:\/\/haberverkibris.com\/?s={search_term_string}"},"query-input":{"@type":"PropertyValueSpecification","valueRequired":true,"valueName":"search_term_string"}}],"inLanguage":"tr"},{"@type":"Person","@id":"https:\/\/haberverkibris.com\/#\/schema\/person\/29d65381ed43765483b5a185ded66a56","name":"Haberver K\u0131br\u0131s","image":{"@type":"ImageObject","inLanguage":"tr","@id":"https:\/\/secure.gravatar.com\/avatar\/bab33852abfd8b282518d6ed81826833d77c3c882d9ab608add591ccace47a44?s=96&d=mm&r=g","url":"https:\/\/secure.gravatar.com\/avatar\/bab33852abfd8b282518d6ed81826833d77c3c882d9ab608add591ccace47a44?s=96&d=mm&r=g","contentUrl":"https:\/\/secure.gravatar.com\/avatar\/bab33852abfd8b282518d6ed81826833d77c3c882d9ab608add591ccace47a44?s=96&d=mm&r=g","caption":"Haberver K\u0131br\u0131s"},"sameAs":["https:\/\/haberverkibris.com"],"url":"https:\/\/haberverkibris.com\/index.php\/author\/guven\/"}]}},"_links":{"self":[{"href":"https:\/\/haberverkibris.com\/index.php\/wp-json\/wp\/v2\/posts\/1866","targetHints":{"allow":["GET"]}}],"collection":[{"href":"https:\/\/haberverkibris.com\/index.php\/wp-json\/wp\/v2\/posts"}],"about":[{"href":"https:\/\/haberverkibris.com\/index.php\/wp-json\/wp\/v2\/types\/post"}],"author":[{"embeddable":true,"href":"https:\/\/haberverkibris.com\/index.php\/wp-json\/wp\/v2\/users\/1"}],"replies":[{"embeddable":true,"href":"https:\/\/haberverkibris.com\/index.php\/wp-json\/wp\/v2\/comments?post=1866"}],"version-history":[{"count":0,"href":"https:\/\/haberverkibris.com\/index.php\/wp-json\/wp\/v2\/posts\/1866\/revisions"}],"wp:featuredmedia":[{"embeddable":true,"href":"https:\/\/haberverkibris.com\/index.php\/wp-json\/wp\/v2\/media\/1867"}],"wp:attachment":[{"href":"https:\/\/haberverkibris.com\/index.php\/wp-json\/wp\/v2\/media?parent=1866"}],"wp:term":[{"taxonomy":"category","embeddable":true,"href":"https:\/\/haberverkibris.com\/index.php\/wp-json\/wp\/v2\/categories?post=1866"},{"taxonomy":"post_tag","embeddable":true,"href":"https:\/\/haberverkibris.com\/index.php\/wp-json\/wp\/v2\/tags?post=1866"}],"curies":[{"name":"wp","href":"https:\/\/api.w.org\/{rel}","templated":true}]}}