{"id":1588,"date":"2024-05-07T16:16:50","date_gmt":"2024-05-07T13:16:50","guid":{"rendered":"https:\/\/kuzeyinsesi.com\/index.php\/2024\/05\/07\/turkiyenin-ikinci-astronotu-atasever-7-bilimsel-deneye-imza-atacak\/"},"modified":"2024-05-07T16:16:50","modified_gmt":"2024-05-07T13:16:50","slug":"turkiyenin-ikinci-astronotu-atasever-7-bilimsel-deneye-imza-atacak","status":"publish","type":"post","link":"https:\/\/haberverkibris.com\/index.php\/2024\/05\/07\/turkiyenin-ikinci-astronotu-atasever-7-bilimsel-deneye-imza-atacak\/","title":{"rendered":"T\u00fcrkiye\u2019nin ikinci astronotu Atasever, 7 bilimsel deneye imza atacak"},"content":{"rendered":"<div>\n<div class=\"mariselle-image-container center\">\n                                            <\/div>\n<p>\nT\u00fcrkiye\u2019nin ikinci astronotu Tuva Cihangir Atasever\u2019in uzay yolculu\u011fu 8 Haziran\u2019da ger\u00e7ekle\u015ftirilecek. 1,5 saat s\u00fcrecek bilim misyonu \u00e7er\u00e7evesinde Atasever, 7 bilimsel deneye imza atacak.<\/p>\n<p>TC Sanayi ve Teknoloji Bakan\u0131 Mehmet Fatih Kac\u0131r, T\u00fcrkiye\u2019nin astronotlar\u0131 Alper Gezeravc\u0131 ve Tuva Cihangir Atasever\u2019in kat\u0131l\u0131m\u0131yla \u201cT\u00fcrk Uzay Bilim Misyonu Y\u00f6r\u00fcnge Alt\u0131 Ara\u015ft\u0131rma U\u00e7u\u015fu\u201d konulu bas\u0131n toplant\u0131s\u0131, Sanayi ve Teknoloji Bakanl\u0131\u011f\u0131\u2019nda ger\u00e7ekle\u015ftirildi.<\/p>\n<p>Tuva Cihangir Atasever, burada yapt\u0131\u011f\u0131 konu\u015fmada, beklenen en erken f\u0131rlatma tarihinin 8 Haziran oldu\u011funu belirterek, \u201cF\u0131rlatma, Virgin Galactic\u2019in ABD\u2019nin New Mexico eyaletinde bulunan Spaceport tesislerinden ger\u00e7ekle\u015fecek. Uzay arac\u0131nda, 4 m\u00fcrettebat ve 2 pilottan olu\u015fan 6 ki\u015filik ekip yer alacak. Burada 7 farkl\u0131 deneye imza atma \u015fans\u0131n\u0131 elde edece\u011fiz.\u201d dedi.<\/p>\n<p>Ara\u015ft\u0131rma u\u00e7u\u015funun ger\u00e7ekle\u015ftirilece\u011fi arac\u0131n \u00f6zelliklerine ve yolculu\u011fun a\u015famalar\u0131na ili\u015fkin sunum yapan Atasever, \u015fu bilgileri verdi:<\/p>\n<p>\u201cVirgin Galactic firmas\u0131yla ger\u00e7ekle\u015ftirece\u011fimiz ara\u015ft\u0131rma u\u00e7u\u015fu, Alper abinin icra etti\u011fi Falcon 9 roketi ile ger\u00e7ekle\u015ftirilenden olduk\u00e7a farkl\u0131. O\u2019nun u\u00e7u\u015funda yery\u00fcz\u00fcnden ilk andan itibaren bir roketle havalanm\u0131\u015flard\u0131. Benim u\u00e7u\u015fumda \u2018havadan f\u0131rlatma\u2019 olarak isimlendirilen yakla\u015f\u0131k 45 bin feet irtifaya, yani 14 kilometrelik bir irtifaya denk gelecek y\u00fcksekli\u011fe kadar ta\u015f\u0131y\u0131c\u0131 u\u00e7ak ile uzay arac\u0131m\u0131z beraber seyahat edece\u011fiz. Buradaki ama\u00e7 atmosferin kal\u0131n tabakalar\u0131n\u0131 a\u015fmak. 14 kilometrelik irtifaya geldi\u011fimizde ayr\u0131lma operasyonuyla uzay arac\u0131n\u0131n \u00fczerindeki roket motoru ate\u015flemesi ger\u00e7ekle\u015ftiriliyor. \u00c7ok h\u0131zl\u0131 \u015fekilde, 1 dakika i\u00e7inde ses h\u0131z\u0131n\u0131n 3 kat\u0131 kadar h\u0131za eri\u015fiyor bu uzay arac\u0131. 90 kilometrelik irtifaya \u00e7\u0131k\u0131p serbest d\u00fc\u015f\u00fc\u015f ger\u00e7ekle\u015ftiriyor. Roketin uzay arac\u0131 \u00fczerindeki itki sonland\u0131\u011f\u0131 andan itibaren ise mikro yer \u00e7ekimi ko\u015fullar\u0131 ba\u015fl\u0131yor, uzay arac\u0131m\u0131z serbest d\u00fc\u015f\u00fc\u015f faz\u0131na giriyor. Atmosfere giri\u015f faz\u0131nda, uzay arac\u0131n\u0131n \u00fczerinde herhangi bir itki sistemi bulunmad\u0131\u011f\u0131 i\u00e7in s\u00fcz\u00fclerek ini\u015f ger\u00e7ekle\u015ftiriyor. Olduk\u00e7a enteresan ve heyecanl\u0131 bir s\u00fcre\u00e7 olmas\u0131 bekleniyor bu s\u00fcz\u00fclme faz\u0131n\u0131n. Uzay arac\u0131, ta\u015f\u0131y\u0131c\u0131 u\u00e7akla beraber kalkt\u0131\u011f\u0131 piste ini\u015f ger\u00e7ekle\u015ftirecek. Bu u\u00e7u\u015fun toplam 1,5 saat s\u00fcrmesi bekleniyor.\u201d<\/p>\n<p>\u2013 7 deney yap\u0131lacak<\/p>\n<p>Atasever, bu u\u00e7u\u015fun temel sebebinin bilimsel deneyler ger\u00e7ekle\u015ftirmek oldu\u011funun alt\u0131n\u0131 \u00e7izdi. \u00dczerindeki astronot tulumunun 3 deneye ili\u015fkin ekipmanlar\u0131 ta\u015f\u0131yabilmesi i\u00e7in \u00f6zel olarak revize edilmi\u015f halini g\u00f6rev esnas\u0131nda giyece\u011fini belirten Atasever, uzayda yapaca\u011f\u0131 7 deneyin detaylar\u0131n\u0131 anlatt\u0131.<\/p>\n<p>Atasever, \u00f6ncelikle BEACON isimli beyin g\u00f6r\u00fcnt\u00fcleme deneyini yapacaklar\u0131n\u0131 dile getirerek, bu deney kapsam\u0131nda kafas\u0131na takaca\u011f\u0131 yak\u0131n k\u0131z\u0131l\u00f6tesi spektroskopisi \u00f6l\u00e7\u00fcm cihaz\u0131n\u0131 u\u00e7u\u015fun t\u00fcm fazlar\u0131nda \u00fczerinde ta\u015f\u0131yaca\u011f\u0131n\u0131, b\u00f6ylece beynin prefrontal korteks b\u00f6lgesindeki kan yay\u0131l\u0131m\u0131 ve omurilik s\u0131v\u0131s\u0131n\u0131n dinamiklerini inceleyeceklerini s\u00f6yledi.<\/p>\n<p>Mikro yer \u00e7ekimi ortam\u0131nda v\u00fccudun a\u015fa\u011f\u0131 b\u00f6lgelerinde bulunan s\u0131v\u0131lar\u0131n kafatas\u0131na do\u011fru topland\u0131\u011f\u0131na dikkati \u00e7eken Atasever, \u201cBu kafatas\u0131 i\u00e7indeki bas\u0131nc\u0131 art\u0131r\u0131yor. Bu durum, astronotlar\u0131n sa\u011fl\u0131\u011f\u0131yla ilgili \u00e7e\u015fitli problemleri beraberinde getirebiliyor. Mesela g\u00f6rmeleri bozulabiliyor. Bu duruma omurilik s\u0131v\u0131s\u0131n\u0131n etkisi ilk defa bir uzay u\u00e7u\u015funda g\u00f6zlemlenecek. Buna ek olarak d\u00fcnyay\u0131 uzak noktadan g\u00f6rm\u00fc\u015f olman\u0131n benim \u00fczerimde yarataca\u011f\u0131 psikolojik de\u011fi\u015fim ve d\u00f6n\u00fc\u015f\u00fcmleri de ara\u015ft\u0131rmac\u0131lar\u0131m\u0131z benden \u00f6rnekler toplayarak ortaya koyacaklar.\u201d ifadesini kulland\u0131.<\/p>\n<p>IvmeRad Radyasyon Dozimetresi deneyiyle ne kadarl\u0131k bir radyasyona maruz kald\u0131\u011f\u0131 bilgisini elde edeceklerini belirten Atasever, daha sonraki s\u00fcre\u00e7lerde uzay istasyonlar\u0131na gidecek ki\u015filerin anl\u0131k olarak ne kadar radyasyona maruz kalaca\u011f\u0131na ili\u015fkin \u00f6ng\u00f6r\u00fcde bulunabileceklerini dile getirdi.<\/p>\n<p>\u2013 \u0130ns\u00fclin testi yap\u0131lacak<\/p>\n<p>Atasever, TUA ve Axiom Space\u2019in ortak deneyi olan Uzayda \u0130ns\u00fclin Kalemi Testi ile \u00f6zel bir kutu i\u00e7ine yerle\u015ftirilmi\u015f 2 farkl\u0131 ins\u00fclin kaleminin uzaya ta\u015f\u0131naca\u011f\u0131n\u0131 ve bu ortamdaki doz aktar\u0131m verimlili\u011finin ilk kez test edilece\u011fini s\u00f6yledi.<\/p>\n<p>Mikro yer \u00e7ekimi ortam\u0131na ula\u015ft\u0131\u011f\u0131 anda u\u00e7u\u015f tulumunda yer alan \u00f6zel olarak tasarlanm\u0131\u015f cep \u00fczerinde bulunacak ins\u00fclin kalemlerinin dozlar\u0131n\u0131 ayarlay\u0131p mekanizmay\u0131 aktifle\u015ftirilece\u011fini anlatan Atasever, \u201cToplama kaplar\u0131 i\u00e7ine aktar\u0131lan ila\u00e7 dozlar\u0131, u\u00e7u\u015f sonras\u0131nda y\u00fcksek hassasiyete sahip terazi kullan\u0131larak \u00f6l\u00e7\u00fclecek ve bu ins\u00fclin kalemlerinin uzay ortam\u0131ndaki doz aktar\u0131m kabiliyeti belirlenecek. B\u00f6ylece \u00f6n\u00fcm\u00fczdeki y\u0131llarda D\u00fcnya y\u00f6r\u00fcngesinde in\u015fa edilecek uzay istasyonlar\u0131na diyabetli bireylerin gitmesi halinde uygulanabilecek tedavi y\u00f6ntemlerinin etkinli\u011fine y\u00f6nelik ilk deneme ger\u00e7ekle\u015ftirilmi\u015f olacak.\u201d dedi.<\/p>\n<p>Atasever, Y\u00f6r\u00fcnge Alt\u0131 U\u00e7u\u015fta Vezik\u00fcl Analizi kapsam\u0131nda ise u\u00e7u\u015f \u00f6ncesinde ve sonras\u0131nda kendisinden toplanan biyolojik \u00f6rneklerin i\u00e7inde bulunan h\u00fccre d\u0131\u015f\u0131 vezik\u00fcllerin, \u00f6zel geli\u015ftirilen mikro ak\u0131\u015fkan \u00e7ip vas\u0131tas\u0131yla izole edilece\u011fini belirtti.<\/p>\n<p>Mikro yer \u00e7ekimi ko\u015fullar\u0131 dolay\u0131s\u0131yla vezik\u00fcllerin i\u00e7eri\u011finde meydana gelen de\u011fi\u015fimlerin incelenece\u011fini dile getiren Atasever, bu sayede gelecekte, astronotlar uzaya \u00e7\u0131kmadan \u00f6nce uygulanabilecek birtak\u0131m uyumland\u0131rma terapilerinin geli\u015ftirilme potansiyelinin ara\u015ft\u0131r\u0131laca\u011f\u0131n\u0131 bildirdi.<\/p>\n<p>Alper Gezeravc\u0131\u2019n\u0131n misyonunda yer alan MESSAGE, METABOLOM ve MIYELOID deneyleri de yine Atasever\u2019in ger\u00e7ekle\u015ftirece\u011fi Y\u00f6r\u00fcnge Alt\u0131 Ara\u015ft\u0131rma G\u00f6revi\u2019nde uygulanacak. Veriler, bu g\u00f6revin sonucu itibar\u0131yla de\u011ferlendirilecek.<\/p>\n<p>\u2013 \u201cUzay arac\u0131 emekliye ayr\u0131lacak\u201d<\/p>\n<p>Atasever, bunun bilimsel bir misyon oldu\u011funa dikkati \u00e7ekerek, s\u00f6z konusu mikro yer \u00e7ekimi ortam\u0131ndan maksimum fayday\u0131 elde edebilmek ad\u0131na titizlikle \u00e7al\u0131\u015ft\u0131klar\u0131n\u0131 ifade etti.<\/p>\n<p>Bu u\u00e7u\u015fun yolculuk yapacaklar\u0131 uzay arac\u0131n\u0131n ger\u00e7ekle\u015ftirece\u011fi 12. ve son u\u00e7u\u015f olaca\u011f\u0131 bilgisini veren Atasever, \u201cBu uzay arac\u0131 art\u0131k emekliye ayr\u0131lacak. Virgin Galactic firmas\u0131 farkl\u0131 sistem geli\u015ftirmeye y\u00f6nelecek.\u201d dedi.<\/p>\n<p>\u2013 Gezeravc\u0131\u2019dan Atasever\u2019e tam destek<\/p>\n<p>Astronot Alper Gezeravc\u0131 da Atasever\u2019e uzay yolculu\u011funda tam destek vererek, \u201cNisan 2023\u2019te e\u011fitimlere karde\u015fim Tuva ile ba\u015flad\u0131k. \u0130ki farkl\u0131 bilimsel altyap\u0131dan geliyoruz. Ben havac\u0131l\u0131k alan\u0131nda tecr\u00fcbe ve bilgi birikimine sahibim. Tuva da m\u00fchendislik alan\u0131nda \u00e7ok geni\u015f entelekt\u00fcel bilgi birikimine ve tecr\u00fcbeye sahipti. Kar\u015f\u0131l\u0131kl\u0131 olarak bu bilgi ve tecr\u00fcbelerimizi payla\u015fma noktas\u0131nda m\u00fcthi\u015f keyif ald\u0131k. Tuva\u2019n\u0131n alg\u0131 kapasitesi ve \u00f6z\u00fcmseme potansiyeli olduk\u00e7a fazla. Verece\u011fimiz herhangi bir tavsiyeye bu noktada ihtiya\u00e7 yok, b\u00fct\u00fcn e\u011fitimleri fazlas\u0131yla \u00f6z\u00fcmsemi\u015f durumda, s\u00fcrekli bir araday\u0131z, ihtiya\u00e7 duyulacak ve eksik olan her noktada birbirimizi destekleyecek noktaday\u0131z.\u201d de\u011ferlendirmesinde bulundu.<\/p>\n<p>Gezeravc\u0131, astronot ve bilim misyonu program\u0131 kapsam\u0131nda 2022\u2019den itibaren ge\u00e7irdikleri s\u00fcreci anlatarak, Uluslararas\u0131 Uzay \u0130stasyonu\u2019nda (ISS) kald\u0131\u011f\u0131 s\u00fcre boyunca ger\u00e7ekle\u015ftirdi\u011fi 13 deneye ili\u015fkin bilgiler verdi.<\/p>\n<p>Bug\u00fcne kadar 26 \u015fehirde 34 \u00fcniversitede 40\u2019\u0131n \u00fczerinde gen\u00e7lik bulu\u015fmas\u0131 yapt\u0131klar\u0131n\u0131 s\u00f6yleyen Gezeravc\u0131, \u201c100 binin \u00fczerinde karde\u015fimizle bir araya geldik. Bu hafta yine 5 \u015fehirde 7 bulu\u015fma planl\u0131yoruz. Yar\u0131n Malatya ve Ad\u0131yaman\u2019a gidece\u011fiz. Sonras\u0131nda \u015eanl\u0131urfa, Elaz\u0131\u011f ve Hatay\u2019a giderek faaliyetlerimize devam edece\u011fiz.\u201d diye konu\u015ftu.<\/p>\n<p>Vatanda\u015flarla bulu\u015fmalar\u0131nda y\u00fcksek tevecc\u00fch oldu\u011funu belirten Gezeravc\u0131, uzayla ilgili gayretlerinin art\u0131k anaokulu ya\u015f\u0131ndaki \u00e7ocuklar\u0131n dahi hayallerinin \u00fcr\u00fcn\u00fc olarak \u00e7izdikleri resimlere yans\u0131d\u0131\u011f\u0131n\u0131 ifade etti.<\/p>\n<p>Bunun b\u00fcy\u00fck bir devrim oldu\u011funu s\u00f6yleyen Gezeravc\u0131, \u201cBu \u00fclkenin \u00e7ocuklar\u0131n\u0131n art\u0131k hayallerini perdeleyebilecekleri hi\u00e7bir engele T\u00fcrkiye\u2019nin m\u00fcsaade etmedi\u011finin net bir mesaj\u0131d\u0131r. \u0130lgiden son derece memnunuz. B\u00fct\u00fcn e\u011fitim kurumlar\u0131ndan bulu\u015fma y\u00f6n\u00fcnde talepler geliyor. B\u00fct\u00fcn karde\u015flerimizin aya\u011f\u0131na gitme gayretini g\u00f6sterece\u011fiz.\u201d dedi.<\/p>\n<\/p><\/div>\n<p><script async\n                    defer\n                    crossorigin=\"anonymous\"\n                    src=\"https:\/\/connect.facebook.net\/tr_TR\/sdk.js#xfbml=1&#038;version=v3.3\"\n            ><\/script><\/p>\n","protected":false},"excerpt":{"rendered":"<p>T\u00fcrkiye\u2019nin ikinci astronotu Tuva Cihangir Atasever\u2019in uzay yolculu\u011fu 8 Haziran\u2019da ger\u00e7ekle\u015ftirilecek. 1,5 saat s\u00fcrecek bilim misyonu \u00e7er\u00e7evesinde Atasever, 7 bilimsel deneye imza atacak. TC Sanayi ve Teknoloji Bakan\u0131 Mehmet Fatih Kac\u0131r, T\u00fcrkiye\u2019nin astronotlar\u0131 Alper Gezeravc\u0131 ve Tuva Cihangir Atasever\u2019in kat\u0131l\u0131m\u0131yla \u201cT\u00fcrk Uzay Bilim Misyonu Y\u00f6r\u00fcnge Alt\u0131 Ara\u015ft\u0131rma U\u00e7u\u015fu\u201d konulu bas\u0131n toplant\u0131s\u0131, Sanayi ve Teknoloji Bakanl\u0131\u011f\u0131\u2019nda [&hellip;]<\/p>\n","protected":false},"author":1,"featured_media":1589,"comment_status":"open","ping_status":"open","sticky":false,"template":"","format":"standard","meta":{"jnews-multi-image_gallery":[],"jnews_single_post":[],"jnews_primary_category":[],"jnews_social_meta":[],"jnews_override_counter":[],"footnotes":""},"categories":[5],"tags":[],"class_list":["post-1588","post","type-post","status-publish","format-standard","has-post-thumbnail","hentry","category-turkiye"],"yoast_head":"<!-- This site is optimized with the Yoast SEO plugin v27.5 - https:\/\/yoast.com\/product\/yoast-seo-wordpress\/ -->\n<title>T\u00fcrkiye\u2019nin ikinci astronotu Atasever, 7 bilimsel deneye imza atacak - Haber Ver K\u0131br\u0131s<\/title>\n<meta name=\"robots\" content=\"index, follow, max-snippet:-1, max-image-preview:large, max-video-preview:-1\" \/>\n<link rel=\"canonical\" href=\"https:\/\/haberverkibris.com\/index.php\/2024\/05\/07\/turkiyenin-ikinci-astronotu-atasever-7-bilimsel-deneye-imza-atacak\/\" \/>\n<meta property=\"og:locale\" content=\"tr_TR\" \/>\n<meta property=\"og:type\" content=\"article\" \/>\n<meta property=\"og:title\" content=\"T\u00fcrkiye\u2019nin ikinci astronotu Atasever, 7 bilimsel deneye imza atacak - Haber Ver K\u0131br\u0131s\" \/>\n<meta property=\"og:description\" content=\"T\u00fcrkiye\u2019nin ikinci astronotu Tuva Cihangir Atasever\u2019in uzay yolculu\u011fu 8 Haziran\u2019da ger\u00e7ekle\u015ftirilecek. 1,5 saat s\u00fcrecek bilim misyonu \u00e7er\u00e7evesinde Atasever, 7 bilimsel deneye imza atacak. TC Sanayi ve Teknoloji Bakan\u0131 Mehmet Fatih Kac\u0131r, T\u00fcrkiye\u2019nin astronotlar\u0131 Alper Gezeravc\u0131 ve Tuva Cihangir Atasever\u2019in kat\u0131l\u0131m\u0131yla \u201cT\u00fcrk Uzay Bilim Misyonu Y\u00f6r\u00fcnge Alt\u0131 Ara\u015ft\u0131rma U\u00e7u\u015fu\u201d konulu bas\u0131n toplant\u0131s\u0131, Sanayi ve Teknoloji Bakanl\u0131\u011f\u0131\u2019nda [&hellip;]\" \/>\n<meta property=\"og:url\" content=\"https:\/\/haberverkibris.com\/index.php\/2024\/05\/07\/turkiyenin-ikinci-astronotu-atasever-7-bilimsel-deneye-imza-atacak\/\" \/>\n<meta property=\"og:site_name\" content=\"Haber Ver K\u0131br\u0131s\" \/>\n<meta property=\"article:publisher\" content=\"https:\/\/www.facebook.com\/kuzeyinsesii\" \/>\n<meta property=\"article:published_time\" content=\"2024-05-07T13:16:50+00:00\" \/>\n<meta property=\"og:image\" content=\"https:\/\/haberverkibris.com\/wp-content\/uploads\/2024\/05\/2-scaled.jpg\" \/>\n\t<meta property=\"og:image:width\" content=\"2560\" \/>\n\t<meta property=\"og:image:height\" content=\"1706\" \/>\n\t<meta property=\"og:image:type\" content=\"image\/jpeg\" \/>\n<meta name=\"author\" content=\"Haberver K\u0131br\u0131s\" \/>\n<meta name=\"twitter:card\" content=\"summary_large_image\" \/>\n<meta name=\"twitter:creator\" content=\"@kuzeyinsesii\" \/>\n<meta name=\"twitter:site\" content=\"@kuzeyinsesii\" \/>\n<meta name=\"twitter:label1\" content=\"Yazan:\" \/>\n\t<meta name=\"twitter:data1\" content=\"Haberver K\u0131br\u0131s\" \/>\n\t<meta name=\"twitter:label2\" content=\"Tahmini okuma s\u00fcresi\" \/>\n\t<meta name=\"twitter:data2\" content=\"7 dakika\" \/>\n<script type=\"application\/ld+json\" class=\"yoast-schema-graph\">{\"@context\":\"https:\\\/\\\/schema.org\",\"@graph\":[{\"@type\":\"Article\",\"@id\":\"https:\\\/\\\/haberverkibris.com\\\/index.php\\\/2024\\\/05\\\/07\\\/turkiyenin-ikinci-astronotu-atasever-7-bilimsel-deneye-imza-atacak\\\/#article\",\"isPartOf\":{\"@id\":\"https:\\\/\\\/haberverkibris.com\\\/index.php\\\/2024\\\/05\\\/07\\\/turkiyenin-ikinci-astronotu-atasever-7-bilimsel-deneye-imza-atacak\\\/\"},\"author\":{\"name\":\"Haberver K\u0131br\u0131s\",\"@id\":\"https:\\\/\\\/haberverkibris.com\\\/#\\\/schema\\\/person\\\/29d65381ed43765483b5a185ded66a56\"},\"headline\":\"T\u00fcrkiye\u2019nin ikinci astronotu Atasever, 7 bilimsel deneye imza atacak\",\"datePublished\":\"2024-05-07T13:16:50+00:00\",\"mainEntityOfPage\":{\"@id\":\"https:\\\/\\\/haberverkibris.com\\\/index.php\\\/2024\\\/05\\\/07\\\/turkiyenin-ikinci-astronotu-atasever-7-bilimsel-deneye-imza-atacak\\\/\"},\"wordCount\":1349,\"commentCount\":0,\"image\":{\"@id\":\"https:\\\/\\\/haberverkibris.com\\\/index.php\\\/2024\\\/05\\\/07\\\/turkiyenin-ikinci-astronotu-atasever-7-bilimsel-deneye-imza-atacak\\\/#primaryimage\"},\"thumbnailUrl\":\"https:\\\/\\\/haberverkibris.com\\\/wp-content\\\/uploads\\\/2024\\\/05\\\/2-scaled.jpg\",\"articleSection\":[\"T\u00fcrkiye\"],\"inLanguage\":\"tr\",\"potentialAction\":[{\"@type\":\"CommentAction\",\"name\":\"Comment\",\"target\":[\"https:\\\/\\\/haberverkibris.com\\\/index.php\\\/2024\\\/05\\\/07\\\/turkiyenin-ikinci-astronotu-atasever-7-bilimsel-deneye-imza-atacak\\\/#respond\"]}]},{\"@type\":\"WebPage\",\"@id\":\"https:\\\/\\\/haberverkibris.com\\\/index.php\\\/2024\\\/05\\\/07\\\/turkiyenin-ikinci-astronotu-atasever-7-bilimsel-deneye-imza-atacak\\\/\",\"url\":\"https:\\\/\\\/haberverkibris.com\\\/index.php\\\/2024\\\/05\\\/07\\\/turkiyenin-ikinci-astronotu-atasever-7-bilimsel-deneye-imza-atacak\\\/\",\"name\":\"T\u00fcrkiye\u2019nin ikinci astronotu Atasever, 7 bilimsel deneye imza atacak - Haber Ver K\u0131br\u0131s\",\"isPartOf\":{\"@id\":\"https:\\\/\\\/haberverkibris.com\\\/#website\"},\"primaryImageOfPage\":{\"@id\":\"https:\\\/\\\/haberverkibris.com\\\/index.php\\\/2024\\\/05\\\/07\\\/turkiyenin-ikinci-astronotu-atasever-7-bilimsel-deneye-imza-atacak\\\/#primaryimage\"},\"image\":{\"@id\":\"https:\\\/\\\/haberverkibris.com\\\/index.php\\\/2024\\\/05\\\/07\\\/turkiyenin-ikinci-astronotu-atasever-7-bilimsel-deneye-imza-atacak\\\/#primaryimage\"},\"thumbnailUrl\":\"https:\\\/\\\/haberverkibris.com\\\/wp-content\\\/uploads\\\/2024\\\/05\\\/2-scaled.jpg\",\"datePublished\":\"2024-05-07T13:16:50+00:00\",\"author\":{\"@id\":\"https:\\\/\\\/haberverkibris.com\\\/#\\\/schema\\\/person\\\/29d65381ed43765483b5a185ded66a56\"},\"breadcrumb\":{\"@id\":\"https:\\\/\\\/haberverkibris.com\\\/index.php\\\/2024\\\/05\\\/07\\\/turkiyenin-ikinci-astronotu-atasever-7-bilimsel-deneye-imza-atacak\\\/#breadcrumb\"},\"inLanguage\":\"tr\",\"potentialAction\":[{\"@type\":\"ReadAction\",\"target\":[\"https:\\\/\\\/haberverkibris.com\\\/index.php\\\/2024\\\/05\\\/07\\\/turkiyenin-ikinci-astronotu-atasever-7-bilimsel-deneye-imza-atacak\\\/\"]}]},{\"@type\":\"ImageObject\",\"inLanguage\":\"tr\",\"@id\":\"https:\\\/\\\/haberverkibris.com\\\/index.php\\\/2024\\\/05\\\/07\\\/turkiyenin-ikinci-astronotu-atasever-7-bilimsel-deneye-imza-atacak\\\/#primaryimage\",\"url\":\"https:\\\/\\\/haberverkibris.com\\\/wp-content\\\/uploads\\\/2024\\\/05\\\/2-scaled.jpg\",\"contentUrl\":\"https:\\\/\\\/haberverkibris.com\\\/wp-content\\\/uploads\\\/2024\\\/05\\\/2-scaled.jpg\",\"width\":2560,\"height\":1706},{\"@type\":\"BreadcrumbList\",\"@id\":\"https:\\\/\\\/haberverkibris.com\\\/index.php\\\/2024\\\/05\\\/07\\\/turkiyenin-ikinci-astronotu-atasever-7-bilimsel-deneye-imza-atacak\\\/#breadcrumb\",\"itemListElement\":[{\"@type\":\"ListItem\",\"position\":1,\"name\":\"Anasayfa\",\"item\":\"https:\\\/\\\/haberverkibris.com\\\/\"},{\"@type\":\"ListItem\",\"position\":2,\"name\":\"T\u00fcrkiye\u2019nin ikinci astronotu Atasever, 7 bilimsel deneye imza atacak\"}]},{\"@type\":\"WebSite\",\"@id\":\"https:\\\/\\\/haberverkibris.com\\\/#website\",\"url\":\"https:\\\/\\\/haberverkibris.com\\\/\",\"name\":\"Kuzeyin Sesi\",\"description\":\"Do\u011fru Haberin Adresi\",\"potentialAction\":[{\"@type\":\"SearchAction\",\"target\":{\"@type\":\"EntryPoint\",\"urlTemplate\":\"https:\\\/\\\/haberverkibris.com\\\/?s={search_term_string}\"},\"query-input\":{\"@type\":\"PropertyValueSpecification\",\"valueRequired\":true,\"valueName\":\"search_term_string\"}}],\"inLanguage\":\"tr\"},{\"@type\":\"Person\",\"@id\":\"https:\\\/\\\/haberverkibris.com\\\/#\\\/schema\\\/person\\\/29d65381ed43765483b5a185ded66a56\",\"name\":\"Haberver K\u0131br\u0131s\",\"image\":{\"@type\":\"ImageObject\",\"inLanguage\":\"tr\",\"@id\":\"https:\\\/\\\/secure.gravatar.com\\\/avatar\\\/bab33852abfd8b282518d6ed81826833d77c3c882d9ab608add591ccace47a44?s=96&d=mm&r=g\",\"url\":\"https:\\\/\\\/secure.gravatar.com\\\/avatar\\\/bab33852abfd8b282518d6ed81826833d77c3c882d9ab608add591ccace47a44?s=96&d=mm&r=g\",\"contentUrl\":\"https:\\\/\\\/secure.gravatar.com\\\/avatar\\\/bab33852abfd8b282518d6ed81826833d77c3c882d9ab608add591ccace47a44?s=96&d=mm&r=g\",\"caption\":\"Haberver K\u0131br\u0131s\"},\"sameAs\":[\"https:\\\/\\\/haberverkibris.com\"],\"url\":\"https:\\\/\\\/haberverkibris.com\\\/index.php\\\/author\\\/guven\\\/\"}]}<\/script>\n<!-- \/ Yoast SEO plugin. -->","yoast_head_json":{"title":"T\u00fcrkiye\u2019nin ikinci astronotu Atasever, 7 bilimsel deneye imza atacak - Haber Ver K\u0131br\u0131s","robots":{"index":"index","follow":"follow","max-snippet":"max-snippet:-1","max-image-preview":"max-image-preview:large","max-video-preview":"max-video-preview:-1"},"canonical":"https:\/\/haberverkibris.com\/index.php\/2024\/05\/07\/turkiyenin-ikinci-astronotu-atasever-7-bilimsel-deneye-imza-atacak\/","og_locale":"tr_TR","og_type":"article","og_title":"T\u00fcrkiye\u2019nin ikinci astronotu Atasever, 7 bilimsel deneye imza atacak - Haber Ver K\u0131br\u0131s","og_description":"T\u00fcrkiye\u2019nin ikinci astronotu Tuva Cihangir Atasever\u2019in uzay yolculu\u011fu 8 Haziran\u2019da ger\u00e7ekle\u015ftirilecek. 1,5 saat s\u00fcrecek bilim misyonu \u00e7er\u00e7evesinde Atasever, 7 bilimsel deneye imza atacak. TC Sanayi ve Teknoloji Bakan\u0131 Mehmet Fatih Kac\u0131r, T\u00fcrkiye\u2019nin astronotlar\u0131 Alper Gezeravc\u0131 ve Tuva Cihangir Atasever\u2019in kat\u0131l\u0131m\u0131yla \u201cT\u00fcrk Uzay Bilim Misyonu Y\u00f6r\u00fcnge Alt\u0131 Ara\u015ft\u0131rma U\u00e7u\u015fu\u201d konulu bas\u0131n toplant\u0131s\u0131, Sanayi ve Teknoloji Bakanl\u0131\u011f\u0131\u2019nda [&hellip;]","og_url":"https:\/\/haberverkibris.com\/index.php\/2024\/05\/07\/turkiyenin-ikinci-astronotu-atasever-7-bilimsel-deneye-imza-atacak\/","og_site_name":"Haber Ver K\u0131br\u0131s","article_publisher":"https:\/\/www.facebook.com\/kuzeyinsesii","article_published_time":"2024-05-07T13:16:50+00:00","og_image":[{"width":2560,"height":1706,"url":"https:\/\/haberverkibris.com\/wp-content\/uploads\/2024\/05\/2-scaled.jpg","type":"image\/jpeg"}],"author":"Haberver K\u0131br\u0131s","twitter_card":"summary_large_image","twitter_creator":"@kuzeyinsesii","twitter_site":"@kuzeyinsesii","twitter_misc":{"Yazan:":"Haberver K\u0131br\u0131s","Tahmini okuma s\u00fcresi":"7 dakika"},"schema":{"@context":"https:\/\/schema.org","@graph":[{"@type":"Article","@id":"https:\/\/haberverkibris.com\/index.php\/2024\/05\/07\/turkiyenin-ikinci-astronotu-atasever-7-bilimsel-deneye-imza-atacak\/#article","isPartOf":{"@id":"https:\/\/haberverkibris.com\/index.php\/2024\/05\/07\/turkiyenin-ikinci-astronotu-atasever-7-bilimsel-deneye-imza-atacak\/"},"author":{"name":"Haberver K\u0131br\u0131s","@id":"https:\/\/haberverkibris.com\/#\/schema\/person\/29d65381ed43765483b5a185ded66a56"},"headline":"T\u00fcrkiye\u2019nin ikinci astronotu Atasever, 7 bilimsel deneye imza atacak","datePublished":"2024-05-07T13:16:50+00:00","mainEntityOfPage":{"@id":"https:\/\/haberverkibris.com\/index.php\/2024\/05\/07\/turkiyenin-ikinci-astronotu-atasever-7-bilimsel-deneye-imza-atacak\/"},"wordCount":1349,"commentCount":0,"image":{"@id":"https:\/\/haberverkibris.com\/index.php\/2024\/05\/07\/turkiyenin-ikinci-astronotu-atasever-7-bilimsel-deneye-imza-atacak\/#primaryimage"},"thumbnailUrl":"https:\/\/haberverkibris.com\/wp-content\/uploads\/2024\/05\/2-scaled.jpg","articleSection":["T\u00fcrkiye"],"inLanguage":"tr","potentialAction":[{"@type":"CommentAction","name":"Comment","target":["https:\/\/haberverkibris.com\/index.php\/2024\/05\/07\/turkiyenin-ikinci-astronotu-atasever-7-bilimsel-deneye-imza-atacak\/#respond"]}]},{"@type":"WebPage","@id":"https:\/\/haberverkibris.com\/index.php\/2024\/05\/07\/turkiyenin-ikinci-astronotu-atasever-7-bilimsel-deneye-imza-atacak\/","url":"https:\/\/haberverkibris.com\/index.php\/2024\/05\/07\/turkiyenin-ikinci-astronotu-atasever-7-bilimsel-deneye-imza-atacak\/","name":"T\u00fcrkiye\u2019nin ikinci astronotu Atasever, 7 bilimsel deneye imza atacak - Haber Ver K\u0131br\u0131s","isPartOf":{"@id":"https:\/\/haberverkibris.com\/#website"},"primaryImageOfPage":{"@id":"https:\/\/haberverkibris.com\/index.php\/2024\/05\/07\/turkiyenin-ikinci-astronotu-atasever-7-bilimsel-deneye-imza-atacak\/#primaryimage"},"image":{"@id":"https:\/\/haberverkibris.com\/index.php\/2024\/05\/07\/turkiyenin-ikinci-astronotu-atasever-7-bilimsel-deneye-imza-atacak\/#primaryimage"},"thumbnailUrl":"https:\/\/haberverkibris.com\/wp-content\/uploads\/2024\/05\/2-scaled.jpg","datePublished":"2024-05-07T13:16:50+00:00","author":{"@id":"https:\/\/haberverkibris.com\/#\/schema\/person\/29d65381ed43765483b5a185ded66a56"},"breadcrumb":{"@id":"https:\/\/haberverkibris.com\/index.php\/2024\/05\/07\/turkiyenin-ikinci-astronotu-atasever-7-bilimsel-deneye-imza-atacak\/#breadcrumb"},"inLanguage":"tr","potentialAction":[{"@type":"ReadAction","target":["https:\/\/haberverkibris.com\/index.php\/2024\/05\/07\/turkiyenin-ikinci-astronotu-atasever-7-bilimsel-deneye-imza-atacak\/"]}]},{"@type":"ImageObject","inLanguage":"tr","@id":"https:\/\/haberverkibris.com\/index.php\/2024\/05\/07\/turkiyenin-ikinci-astronotu-atasever-7-bilimsel-deneye-imza-atacak\/#primaryimage","url":"https:\/\/haberverkibris.com\/wp-content\/uploads\/2024\/05\/2-scaled.jpg","contentUrl":"https:\/\/haberverkibris.com\/wp-content\/uploads\/2024\/05\/2-scaled.jpg","width":2560,"height":1706},{"@type":"BreadcrumbList","@id":"https:\/\/haberverkibris.com\/index.php\/2024\/05\/07\/turkiyenin-ikinci-astronotu-atasever-7-bilimsel-deneye-imza-atacak\/#breadcrumb","itemListElement":[{"@type":"ListItem","position":1,"name":"Anasayfa","item":"https:\/\/haberverkibris.com\/"},{"@type":"ListItem","position":2,"name":"T\u00fcrkiye\u2019nin ikinci astronotu Atasever, 7 bilimsel deneye imza atacak"}]},{"@type":"WebSite","@id":"https:\/\/haberverkibris.com\/#website","url":"https:\/\/haberverkibris.com\/","name":"Kuzeyin Sesi","description":"Do\u011fru Haberin Adresi","potentialAction":[{"@type":"SearchAction","target":{"@type":"EntryPoint","urlTemplate":"https:\/\/haberverkibris.com\/?s={search_term_string}"},"query-input":{"@type":"PropertyValueSpecification","valueRequired":true,"valueName":"search_term_string"}}],"inLanguage":"tr"},{"@type":"Person","@id":"https:\/\/haberverkibris.com\/#\/schema\/person\/29d65381ed43765483b5a185ded66a56","name":"Haberver K\u0131br\u0131s","image":{"@type":"ImageObject","inLanguage":"tr","@id":"https:\/\/secure.gravatar.com\/avatar\/bab33852abfd8b282518d6ed81826833d77c3c882d9ab608add591ccace47a44?s=96&d=mm&r=g","url":"https:\/\/secure.gravatar.com\/avatar\/bab33852abfd8b282518d6ed81826833d77c3c882d9ab608add591ccace47a44?s=96&d=mm&r=g","contentUrl":"https:\/\/secure.gravatar.com\/avatar\/bab33852abfd8b282518d6ed81826833d77c3c882d9ab608add591ccace47a44?s=96&d=mm&r=g","caption":"Haberver K\u0131br\u0131s"},"sameAs":["https:\/\/haberverkibris.com"],"url":"https:\/\/haberverkibris.com\/index.php\/author\/guven\/"}]}},"_links":{"self":[{"href":"https:\/\/haberverkibris.com\/index.php\/wp-json\/wp\/v2\/posts\/1588","targetHints":{"allow":["GET"]}}],"collection":[{"href":"https:\/\/haberverkibris.com\/index.php\/wp-json\/wp\/v2\/posts"}],"about":[{"href":"https:\/\/haberverkibris.com\/index.php\/wp-json\/wp\/v2\/types\/post"}],"author":[{"embeddable":true,"href":"https:\/\/haberverkibris.com\/index.php\/wp-json\/wp\/v2\/users\/1"}],"replies":[{"embeddable":true,"href":"https:\/\/haberverkibris.com\/index.php\/wp-json\/wp\/v2\/comments?post=1588"}],"version-history":[{"count":0,"href":"https:\/\/haberverkibris.com\/index.php\/wp-json\/wp\/v2\/posts\/1588\/revisions"}],"wp:featuredmedia":[{"embeddable":true,"href":"https:\/\/haberverkibris.com\/index.php\/wp-json\/wp\/v2\/media\/1589"}],"wp:attachment":[{"href":"https:\/\/haberverkibris.com\/index.php\/wp-json\/wp\/v2\/media?parent=1588"}],"wp:term":[{"taxonomy":"category","embeddable":true,"href":"https:\/\/haberverkibris.com\/index.php\/wp-json\/wp\/v2\/categories?post=1588"},{"taxonomy":"post_tag","embeddable":true,"href":"https:\/\/haberverkibris.com\/index.php\/wp-json\/wp\/v2\/tags?post=1588"}],"curies":[{"name":"wp","href":"https:\/\/api.w.org\/{rel}","templated":true}]}}