{"id":1582,"date":"2024-05-07T15:57:26","date_gmt":"2024-05-07T12:57:26","guid":{"rendered":"https:\/\/kuzeyinsesi.com\/index.php\/2024\/05\/07\/cumhurbaskani-ersin-tatarin-esi-sibel-tatar-ozel-bahar-senligine-katildi\/"},"modified":"2024-05-07T15:57:26","modified_gmt":"2024-05-07T12:57:26","slug":"cumhurbaskani-ersin-tatarin-esi-sibel-tatar-ozel-bahar-senligine-katildi","status":"publish","type":"post","link":"https:\/\/haberverkibris.com\/index.php\/2024\/05\/07\/cumhurbaskani-ersin-tatarin-esi-sibel-tatar-ozel-bahar-senligine-katildi\/","title":{"rendered":"Cumhurba\u015fkan\u0131 Ersin Tatar\u2019\u0131n e\u015fi Sibel Tatar, \u00d6zel Bahar \u015eenli\u011fi\u2019ne kat\u0131ld\u0131"},"content":{"rendered":"<div>\n<div class=\"mariselle-image-container center\">\n                                            <\/div>\n<p>Cumhurba\u015fkan\u0131 Ersin Tatar\u2019\u0131n e\u015fi Sibel Tatar, Gazima\u011fusa \u00d6zel E\u011fitim ve \u0130\u015f E\u011fitim Okulu\u2019nda d\u00fczenlenen \u00d6zel Bahar \u015eenli\u011fi\u2019ne kat\u0131ld\u0131. <\/p>\n<p>Cumhurba\u015fkanl\u0131\u011f\u0131\u2019ndan yap\u0131lan yaz\u0131l\u0131 a\u00e7\u0131klamaya g\u00f6re, Sibel Tatar, \u00f6\u011frencilerle birlikte mutfak at\u00f6lyesinde pizza yapt\u0131.<\/p>\n<div class=\"mariselle-image-container center\">\n                <img decoding=\"async\" width=\"1600\" height=\"1066\" class=\"lazy-image\" alt=\"\" sizes=\"(max-width: 1600px) 100vw, 1600px\" src=\"https:\/\/brtk.net\/wp-content\/uploads\/2024\/05\/07\/sibel-tatar-bahar-senligi-3-.jpg?ver=e1c99890785bae8b5e509852ba501f6a\" srcset=\"https:\/\/brtk.net\/wp-content\/uploads\/2024\/05\/07\/sibel-tatar-bahar-senligi-3-.jpg?ver=e1c99890785bae8b5e509852ba501f6a 1600w, https:\/\/brtk.net\/wp-content\/uploads\/2024\/05\/07\/sibel-tatar-bahar-senligi-3--300x200.jpg?ver=e1c99890785bae8b5e509852ba501f6a 300w, https:\/\/brtk.net\/wp-content\/uploads\/2024\/05\/07\/sibel-tatar-bahar-senligi-3--1024x682.jpg?ver=4827af64eff611318573caa889a96fef 1024w, https:\/\/brtk.net\/wp-content\/uploads\/2024\/05\/07\/sibel-tatar-bahar-senligi-3--768x512.jpg?ver=4827af64eff611318573caa889a96fef 768w, https:\/\/brtk.net\/wp-content\/uploads\/2024\/05\/07\/sibel-tatar-bahar-senligi-3--1536x1023.jpg?ver=64beb70aac23f329c270a6403e2e4208 1536w\"\/>                            <\/div>\n<p>Sibel Tatar\u2019a okul \u00f6\u011frencileri taraf\u0131ndan yap\u0131lan \u00e7ak\u0131stes ve tur\u015fu hediye edildi.<\/p>\n<\/p><\/div>\n<p><script async\n                    defer\n                    crossorigin=\"anonymous\"\n                    src=\"https:\/\/connect.facebook.net\/tr_TR\/sdk.js#xfbml=1&#038;version=v3.3\"\n            ><\/script><\/p>\n","protected":false},"excerpt":{"rendered":"<p>Cumhurba\u015fkan\u0131 Ersin Tatar\u2019\u0131n e\u015fi Sibel Tatar, Gazima\u011fusa \u00d6zel E\u011fitim ve \u0130\u015f E\u011fitim Okulu\u2019nda d\u00fczenlenen \u00d6zel Bahar \u015eenli\u011fi\u2019ne kat\u0131ld\u0131. Cumhurba\u015fkanl\u0131\u011f\u0131\u2019ndan yap\u0131lan yaz\u0131l\u0131 a\u00e7\u0131klamaya g\u00f6re, Sibel Tatar, \u00f6\u011frencilerle birlikte mutfak at\u00f6lyesinde pizza yapt\u0131. Sibel Tatar\u2019a okul \u00f6\u011frencileri taraf\u0131ndan yap\u0131lan \u00e7ak\u0131stes ve tur\u015fu hediye edildi.<\/p>\n","protected":false},"author":1,"featured_media":1583,"comment_status":"open","ping_status":"open","sticky":false,"template":"","format":"standard","meta":{"jnews-multi-image_gallery":[],"jnews_single_post":[],"jnews_primary_category":[],"jnews_social_meta":[],"jnews_override_counter":[],"footnotes":""},"categories":[1],"tags":[],"class_list":["post-1582","post","type-post","status-publish","format-standard","has-post-thumbnail","hentry","category-kibris"],"yoast_head":"<!-- This site is optimized with the Yoast SEO plugin v27.5 - https:\/\/yoast.com\/product\/yoast-seo-wordpress\/ -->\n<title>Cumhurba\u015fkan\u0131 Ersin Tatar\u2019\u0131n e\u015fi Sibel Tatar, \u00d6zel Bahar \u015eenli\u011fi\u2019ne kat\u0131ld\u0131 - Haber Ver K\u0131br\u0131s<\/title>\n<meta name=\"robots\" content=\"index, follow, max-snippet:-1, max-image-preview:large, max-video-preview:-1\" \/>\n<link rel=\"canonical\" href=\"https:\/\/haberverkibris.com\/index.php\/2024\/05\/07\/cumhurbaskani-ersin-tatarin-esi-sibel-tatar-ozel-bahar-senligine-katildi\/\" \/>\n<meta property=\"og:locale\" content=\"tr_TR\" \/>\n<meta property=\"og:type\" content=\"article\" \/>\n<meta property=\"og:title\" content=\"Cumhurba\u015fkan\u0131 Ersin Tatar\u2019\u0131n e\u015fi Sibel Tatar, \u00d6zel Bahar \u015eenli\u011fi\u2019ne kat\u0131ld\u0131 - Haber Ver K\u0131br\u0131s\" \/>\n<meta property=\"og:description\" content=\"Cumhurba\u015fkan\u0131 Ersin Tatar\u2019\u0131n e\u015fi Sibel Tatar, Gazima\u011fusa \u00d6zel E\u011fitim ve \u0130\u015f E\u011fitim Okulu\u2019nda d\u00fczenlenen \u00d6zel Bahar \u015eenli\u011fi\u2019ne kat\u0131ld\u0131. Cumhurba\u015fkanl\u0131\u011f\u0131\u2019ndan yap\u0131lan yaz\u0131l\u0131 a\u00e7\u0131klamaya g\u00f6re, Sibel Tatar, \u00f6\u011frencilerle birlikte mutfak at\u00f6lyesinde pizza yapt\u0131. Sibel Tatar\u2019a okul \u00f6\u011frencileri taraf\u0131ndan yap\u0131lan \u00e7ak\u0131stes ve tur\u015fu hediye edildi.\" \/>\n<meta property=\"og:url\" content=\"https:\/\/haberverkibris.com\/index.php\/2024\/05\/07\/cumhurbaskani-ersin-tatarin-esi-sibel-tatar-ozel-bahar-senligine-katildi\/\" \/>\n<meta property=\"og:site_name\" content=\"Haber Ver K\u0131br\u0131s\" \/>\n<meta property=\"article:publisher\" content=\"https:\/\/www.facebook.com\/kuzeyinsesii\" \/>\n<meta property=\"article:published_time\" content=\"2024-05-07T12:57:26+00:00\" \/>\n<meta property=\"og:image\" content=\"https:\/\/haberverkibris.com\/wp-content\/uploads\/2024\/05\/sibel-tatar-bahar-senligi-2-.jpg\" \/>\n\t<meta property=\"og:image:width\" content=\"1600\" \/>\n\t<meta property=\"og:image:height\" content=\"1066\" \/>\n\t<meta property=\"og:image:type\" content=\"image\/jpeg\" \/>\n<meta name=\"author\" content=\"Haberver K\u0131br\u0131s\" \/>\n<meta name=\"twitter:card\" content=\"summary_large_image\" \/>\n<meta name=\"twitter:creator\" content=\"@kuzeyinsesii\" \/>\n<meta name=\"twitter:site\" content=\"@kuzeyinsesii\" \/>\n<meta name=\"twitter:label1\" content=\"Yazan:\" \/>\n\t<meta name=\"twitter:data1\" content=\"Haberver K\u0131br\u0131s\" \/>\n<script type=\"application\/ld+json\" class=\"yoast-schema-graph\">{\"@context\":\"https:\\\/\\\/schema.org\",\"@graph\":[{\"@type\":\"Article\",\"@id\":\"https:\\\/\\\/haberverkibris.com\\\/index.php\\\/2024\\\/05\\\/07\\\/cumhurbaskani-ersin-tatarin-esi-sibel-tatar-ozel-bahar-senligine-katildi\\\/#article\",\"isPartOf\":{\"@id\":\"https:\\\/\\\/haberverkibris.com\\\/index.php\\\/2024\\\/05\\\/07\\\/cumhurbaskani-ersin-tatarin-esi-sibel-tatar-ozel-bahar-senligine-katildi\\\/\"},\"author\":{\"name\":\"Haberver K\u0131br\u0131s\",\"@id\":\"https:\\\/\\\/haberverkibris.com\\\/#\\\/schema\\\/person\\\/29d65381ed43765483b5a185ded66a56\"},\"headline\":\"Cumhurba\u015fkan\u0131 Ersin Tatar\u2019\u0131n e\u015fi Sibel Tatar, \u00d6zel Bahar \u015eenli\u011fi\u2019ne kat\u0131ld\u0131\",\"datePublished\":\"2024-05-07T12:57:26+00:00\",\"mainEntityOfPage\":{\"@id\":\"https:\\\/\\\/haberverkibris.com\\\/index.php\\\/2024\\\/05\\\/07\\\/cumhurbaskani-ersin-tatarin-esi-sibel-tatar-ozel-bahar-senligine-katildi\\\/\"},\"wordCount\":80,\"commentCount\":0,\"image\":{\"@id\":\"https:\\\/\\\/haberverkibris.com\\\/index.php\\\/2024\\\/05\\\/07\\\/cumhurbaskani-ersin-tatarin-esi-sibel-tatar-ozel-bahar-senligine-katildi\\\/#primaryimage\"},\"thumbnailUrl\":\"https:\\\/\\\/haberverkibris.com\\\/wp-content\\\/uploads\\\/2024\\\/05\\\/sibel-tatar-bahar-senligi-2-.jpg\",\"articleSection\":[\"K\u0131br\u0131s\"],\"inLanguage\":\"tr\",\"potentialAction\":[{\"@type\":\"CommentAction\",\"name\":\"Comment\",\"target\":[\"https:\\\/\\\/haberverkibris.com\\\/index.php\\\/2024\\\/05\\\/07\\\/cumhurbaskani-ersin-tatarin-esi-sibel-tatar-ozel-bahar-senligine-katildi\\\/#respond\"]}]},{\"@type\":\"WebPage\",\"@id\":\"https:\\\/\\\/haberverkibris.com\\\/index.php\\\/2024\\\/05\\\/07\\\/cumhurbaskani-ersin-tatarin-esi-sibel-tatar-ozel-bahar-senligine-katildi\\\/\",\"url\":\"https:\\\/\\\/haberverkibris.com\\\/index.php\\\/2024\\\/05\\\/07\\\/cumhurbaskani-ersin-tatarin-esi-sibel-tatar-ozel-bahar-senligine-katildi\\\/\",\"name\":\"Cumhurba\u015fkan\u0131 Ersin Tatar\u2019\u0131n e\u015fi Sibel Tatar, \u00d6zel Bahar \u015eenli\u011fi\u2019ne kat\u0131ld\u0131 - Haber Ver K\u0131br\u0131s\",\"isPartOf\":{\"@id\":\"https:\\\/\\\/haberverkibris.com\\\/#website\"},\"primaryImageOfPage\":{\"@id\":\"https:\\\/\\\/haberverkibris.com\\\/index.php\\\/2024\\\/05\\\/07\\\/cumhurbaskani-ersin-tatarin-esi-sibel-tatar-ozel-bahar-senligine-katildi\\\/#primaryimage\"},\"image\":{\"@id\":\"https:\\\/\\\/haberverkibris.com\\\/index.php\\\/2024\\\/05\\\/07\\\/cumhurbaskani-ersin-tatarin-esi-sibel-tatar-ozel-bahar-senligine-katildi\\\/#primaryimage\"},\"thumbnailUrl\":\"https:\\\/\\\/haberverkibris.com\\\/wp-content\\\/uploads\\\/2024\\\/05\\\/sibel-tatar-bahar-senligi-2-.jpg\",\"datePublished\":\"2024-05-07T12:57:26+00:00\",\"author\":{\"@id\":\"https:\\\/\\\/haberverkibris.com\\\/#\\\/schema\\\/person\\\/29d65381ed43765483b5a185ded66a56\"},\"breadcrumb\":{\"@id\":\"https:\\\/\\\/haberverkibris.com\\\/index.php\\\/2024\\\/05\\\/07\\\/cumhurbaskani-ersin-tatarin-esi-sibel-tatar-ozel-bahar-senligine-katildi\\\/#breadcrumb\"},\"inLanguage\":\"tr\",\"potentialAction\":[{\"@type\":\"ReadAction\",\"target\":[\"https:\\\/\\\/haberverkibris.com\\\/index.php\\\/2024\\\/05\\\/07\\\/cumhurbaskani-ersin-tatarin-esi-sibel-tatar-ozel-bahar-senligine-katildi\\\/\"]}]},{\"@type\":\"ImageObject\",\"inLanguage\":\"tr\",\"@id\":\"https:\\\/\\\/haberverkibris.com\\\/index.php\\\/2024\\\/05\\\/07\\\/cumhurbaskani-ersin-tatarin-esi-sibel-tatar-ozel-bahar-senligine-katildi\\\/#primaryimage\",\"url\":\"https:\\\/\\\/haberverkibris.com\\\/wp-content\\\/uploads\\\/2024\\\/05\\\/sibel-tatar-bahar-senligi-2-.jpg\",\"contentUrl\":\"https:\\\/\\\/haberverkibris.com\\\/wp-content\\\/uploads\\\/2024\\\/05\\\/sibel-tatar-bahar-senligi-2-.jpg\",\"width\":1600,\"height\":1066},{\"@type\":\"BreadcrumbList\",\"@id\":\"https:\\\/\\\/haberverkibris.com\\\/index.php\\\/2024\\\/05\\\/07\\\/cumhurbaskani-ersin-tatarin-esi-sibel-tatar-ozel-bahar-senligine-katildi\\\/#breadcrumb\",\"itemListElement\":[{\"@type\":\"ListItem\",\"position\":1,\"name\":\"Anasayfa\",\"item\":\"https:\\\/\\\/haberverkibris.com\\\/\"},{\"@type\":\"ListItem\",\"position\":2,\"name\":\"Cumhurba\u015fkan\u0131 Ersin Tatar\u2019\u0131n e\u015fi Sibel Tatar, \u00d6zel Bahar \u015eenli\u011fi\u2019ne kat\u0131ld\u0131\"}]},{\"@type\":\"WebSite\",\"@id\":\"https:\\\/\\\/haberverkibris.com\\\/#website\",\"url\":\"https:\\\/\\\/haberverkibris.com\\\/\",\"name\":\"Kuzeyin Sesi\",\"description\":\"Do\u011fru Haberin Adresi\",\"potentialAction\":[{\"@type\":\"SearchAction\",\"target\":{\"@type\":\"EntryPoint\",\"urlTemplate\":\"https:\\\/\\\/haberverkibris.com\\\/?s={search_term_string}\"},\"query-input\":{\"@type\":\"PropertyValueSpecification\",\"valueRequired\":true,\"valueName\":\"search_term_string\"}}],\"inLanguage\":\"tr\"},{\"@type\":\"Person\",\"@id\":\"https:\\\/\\\/haberverkibris.com\\\/#\\\/schema\\\/person\\\/29d65381ed43765483b5a185ded66a56\",\"name\":\"Haberver K\u0131br\u0131s\",\"image\":{\"@type\":\"ImageObject\",\"inLanguage\":\"tr\",\"@id\":\"https:\\\/\\\/secure.gravatar.com\\\/avatar\\\/bab33852abfd8b282518d6ed81826833d77c3c882d9ab608add591ccace47a44?s=96&d=mm&r=g\",\"url\":\"https:\\\/\\\/secure.gravatar.com\\\/avatar\\\/bab33852abfd8b282518d6ed81826833d77c3c882d9ab608add591ccace47a44?s=96&d=mm&r=g\",\"contentUrl\":\"https:\\\/\\\/secure.gravatar.com\\\/avatar\\\/bab33852abfd8b282518d6ed81826833d77c3c882d9ab608add591ccace47a44?s=96&d=mm&r=g\",\"caption\":\"Haberver K\u0131br\u0131s\"},\"sameAs\":[\"https:\\\/\\\/haberverkibris.com\"],\"url\":\"https:\\\/\\\/haberverkibris.com\\\/index.php\\\/author\\\/guven\\\/\"}]}<\/script>\n<!-- \/ Yoast SEO plugin. -->","yoast_head_json":{"title":"Cumhurba\u015fkan\u0131 Ersin Tatar\u2019\u0131n e\u015fi Sibel Tatar, \u00d6zel Bahar \u015eenli\u011fi\u2019ne kat\u0131ld\u0131 - Haber Ver K\u0131br\u0131s","robots":{"index":"index","follow":"follow","max-snippet":"max-snippet:-1","max-image-preview":"max-image-preview:large","max-video-preview":"max-video-preview:-1"},"canonical":"https:\/\/haberverkibris.com\/index.php\/2024\/05\/07\/cumhurbaskani-ersin-tatarin-esi-sibel-tatar-ozel-bahar-senligine-katildi\/","og_locale":"tr_TR","og_type":"article","og_title":"Cumhurba\u015fkan\u0131 Ersin Tatar\u2019\u0131n e\u015fi Sibel Tatar, \u00d6zel Bahar \u015eenli\u011fi\u2019ne kat\u0131ld\u0131 - Haber Ver K\u0131br\u0131s","og_description":"Cumhurba\u015fkan\u0131 Ersin Tatar\u2019\u0131n e\u015fi Sibel Tatar, Gazima\u011fusa \u00d6zel E\u011fitim ve \u0130\u015f E\u011fitim Okulu\u2019nda d\u00fczenlenen \u00d6zel Bahar \u015eenli\u011fi\u2019ne kat\u0131ld\u0131. Cumhurba\u015fkanl\u0131\u011f\u0131\u2019ndan yap\u0131lan yaz\u0131l\u0131 a\u00e7\u0131klamaya g\u00f6re, Sibel Tatar, \u00f6\u011frencilerle birlikte mutfak at\u00f6lyesinde pizza yapt\u0131. Sibel Tatar\u2019a okul \u00f6\u011frencileri taraf\u0131ndan yap\u0131lan \u00e7ak\u0131stes ve tur\u015fu hediye edildi.","og_url":"https:\/\/haberverkibris.com\/index.php\/2024\/05\/07\/cumhurbaskani-ersin-tatarin-esi-sibel-tatar-ozel-bahar-senligine-katildi\/","og_site_name":"Haber Ver K\u0131br\u0131s","article_publisher":"https:\/\/www.facebook.com\/kuzeyinsesii","article_published_time":"2024-05-07T12:57:26+00:00","og_image":[{"width":1600,"height":1066,"url":"https:\/\/haberverkibris.com\/wp-content\/uploads\/2024\/05\/sibel-tatar-bahar-senligi-2-.jpg","type":"image\/jpeg"}],"author":"Haberver K\u0131br\u0131s","twitter_card":"summary_large_image","twitter_creator":"@kuzeyinsesii","twitter_site":"@kuzeyinsesii","twitter_misc":{"Yazan:":"Haberver K\u0131br\u0131s"},"schema":{"@context":"https:\/\/schema.org","@graph":[{"@type":"Article","@id":"https:\/\/haberverkibris.com\/index.php\/2024\/05\/07\/cumhurbaskani-ersin-tatarin-esi-sibel-tatar-ozel-bahar-senligine-katildi\/#article","isPartOf":{"@id":"https:\/\/haberverkibris.com\/index.php\/2024\/05\/07\/cumhurbaskani-ersin-tatarin-esi-sibel-tatar-ozel-bahar-senligine-katildi\/"},"author":{"name":"Haberver K\u0131br\u0131s","@id":"https:\/\/haberverkibris.com\/#\/schema\/person\/29d65381ed43765483b5a185ded66a56"},"headline":"Cumhurba\u015fkan\u0131 Ersin Tatar\u2019\u0131n e\u015fi Sibel Tatar, \u00d6zel Bahar \u015eenli\u011fi\u2019ne kat\u0131ld\u0131","datePublished":"2024-05-07T12:57:26+00:00","mainEntityOfPage":{"@id":"https:\/\/haberverkibris.com\/index.php\/2024\/05\/07\/cumhurbaskani-ersin-tatarin-esi-sibel-tatar-ozel-bahar-senligine-katildi\/"},"wordCount":80,"commentCount":0,"image":{"@id":"https:\/\/haberverkibris.com\/index.php\/2024\/05\/07\/cumhurbaskani-ersin-tatarin-esi-sibel-tatar-ozel-bahar-senligine-katildi\/#primaryimage"},"thumbnailUrl":"https:\/\/haberverkibris.com\/wp-content\/uploads\/2024\/05\/sibel-tatar-bahar-senligi-2-.jpg","articleSection":["K\u0131br\u0131s"],"inLanguage":"tr","potentialAction":[{"@type":"CommentAction","name":"Comment","target":["https:\/\/haberverkibris.com\/index.php\/2024\/05\/07\/cumhurbaskani-ersin-tatarin-esi-sibel-tatar-ozel-bahar-senligine-katildi\/#respond"]}]},{"@type":"WebPage","@id":"https:\/\/haberverkibris.com\/index.php\/2024\/05\/07\/cumhurbaskani-ersin-tatarin-esi-sibel-tatar-ozel-bahar-senligine-katildi\/","url":"https:\/\/haberverkibris.com\/index.php\/2024\/05\/07\/cumhurbaskani-ersin-tatarin-esi-sibel-tatar-ozel-bahar-senligine-katildi\/","name":"Cumhurba\u015fkan\u0131 Ersin Tatar\u2019\u0131n e\u015fi Sibel Tatar, \u00d6zel Bahar \u015eenli\u011fi\u2019ne kat\u0131ld\u0131 - Haber Ver K\u0131br\u0131s","isPartOf":{"@id":"https:\/\/haberverkibris.com\/#website"},"primaryImageOfPage":{"@id":"https:\/\/haberverkibris.com\/index.php\/2024\/05\/07\/cumhurbaskani-ersin-tatarin-esi-sibel-tatar-ozel-bahar-senligine-katildi\/#primaryimage"},"image":{"@id":"https:\/\/haberverkibris.com\/index.php\/2024\/05\/07\/cumhurbaskani-ersin-tatarin-esi-sibel-tatar-ozel-bahar-senligine-katildi\/#primaryimage"},"thumbnailUrl":"https:\/\/haberverkibris.com\/wp-content\/uploads\/2024\/05\/sibel-tatar-bahar-senligi-2-.jpg","datePublished":"2024-05-07T12:57:26+00:00","author":{"@id":"https:\/\/haberverkibris.com\/#\/schema\/person\/29d65381ed43765483b5a185ded66a56"},"breadcrumb":{"@id":"https:\/\/haberverkibris.com\/index.php\/2024\/05\/07\/cumhurbaskani-ersin-tatarin-esi-sibel-tatar-ozel-bahar-senligine-katildi\/#breadcrumb"},"inLanguage":"tr","potentialAction":[{"@type":"ReadAction","target":["https:\/\/haberverkibris.com\/index.php\/2024\/05\/07\/cumhurbaskani-ersin-tatarin-esi-sibel-tatar-ozel-bahar-senligine-katildi\/"]}]},{"@type":"ImageObject","inLanguage":"tr","@id":"https:\/\/haberverkibris.com\/index.php\/2024\/05\/07\/cumhurbaskani-ersin-tatarin-esi-sibel-tatar-ozel-bahar-senligine-katildi\/#primaryimage","url":"https:\/\/haberverkibris.com\/wp-content\/uploads\/2024\/05\/sibel-tatar-bahar-senligi-2-.jpg","contentUrl":"https:\/\/haberverkibris.com\/wp-content\/uploads\/2024\/05\/sibel-tatar-bahar-senligi-2-.jpg","width":1600,"height":1066},{"@type":"BreadcrumbList","@id":"https:\/\/haberverkibris.com\/index.php\/2024\/05\/07\/cumhurbaskani-ersin-tatarin-esi-sibel-tatar-ozel-bahar-senligine-katildi\/#breadcrumb","itemListElement":[{"@type":"ListItem","position":1,"name":"Anasayfa","item":"https:\/\/haberverkibris.com\/"},{"@type":"ListItem","position":2,"name":"Cumhurba\u015fkan\u0131 Ersin Tatar\u2019\u0131n e\u015fi Sibel Tatar, \u00d6zel Bahar \u015eenli\u011fi\u2019ne kat\u0131ld\u0131"}]},{"@type":"WebSite","@id":"https:\/\/haberverkibris.com\/#website","url":"https:\/\/haberverkibris.com\/","name":"Kuzeyin Sesi","description":"Do\u011fru Haberin Adresi","potentialAction":[{"@type":"SearchAction","target":{"@type":"EntryPoint","urlTemplate":"https:\/\/haberverkibris.com\/?s={search_term_string}"},"query-input":{"@type":"PropertyValueSpecification","valueRequired":true,"valueName":"search_term_string"}}],"inLanguage":"tr"},{"@type":"Person","@id":"https:\/\/haberverkibris.com\/#\/schema\/person\/29d65381ed43765483b5a185ded66a56","name":"Haberver K\u0131br\u0131s","image":{"@type":"ImageObject","inLanguage":"tr","@id":"https:\/\/secure.gravatar.com\/avatar\/bab33852abfd8b282518d6ed81826833d77c3c882d9ab608add591ccace47a44?s=96&d=mm&r=g","url":"https:\/\/secure.gravatar.com\/avatar\/bab33852abfd8b282518d6ed81826833d77c3c882d9ab608add591ccace47a44?s=96&d=mm&r=g","contentUrl":"https:\/\/secure.gravatar.com\/avatar\/bab33852abfd8b282518d6ed81826833d77c3c882d9ab608add591ccace47a44?s=96&d=mm&r=g","caption":"Haberver K\u0131br\u0131s"},"sameAs":["https:\/\/haberverkibris.com"],"url":"https:\/\/haberverkibris.com\/index.php\/author\/guven\/"}]}},"_links":{"self":[{"href":"https:\/\/haberverkibris.com\/index.php\/wp-json\/wp\/v2\/posts\/1582","targetHints":{"allow":["GET"]}}],"collection":[{"href":"https:\/\/haberverkibris.com\/index.php\/wp-json\/wp\/v2\/posts"}],"about":[{"href":"https:\/\/haberverkibris.com\/index.php\/wp-json\/wp\/v2\/types\/post"}],"author":[{"embeddable":true,"href":"https:\/\/haberverkibris.com\/index.php\/wp-json\/wp\/v2\/users\/1"}],"replies":[{"embeddable":true,"href":"https:\/\/haberverkibris.com\/index.php\/wp-json\/wp\/v2\/comments?post=1582"}],"version-history":[{"count":0,"href":"https:\/\/haberverkibris.com\/index.php\/wp-json\/wp\/v2\/posts\/1582\/revisions"}],"wp:featuredmedia":[{"embeddable":true,"href":"https:\/\/haberverkibris.com\/index.php\/wp-json\/wp\/v2\/media\/1583"}],"wp:attachment":[{"href":"https:\/\/haberverkibris.com\/index.php\/wp-json\/wp\/v2\/media?parent=1582"}],"wp:term":[{"taxonomy":"category","embeddable":true,"href":"https:\/\/haberverkibris.com\/index.php\/wp-json\/wp\/v2\/categories?post=1582"},{"taxonomy":"post_tag","embeddable":true,"href":"https:\/\/haberverkibris.com\/index.php\/wp-json\/wp\/v2\/tags?post=1582"}],"curies":[{"name":"wp","href":"https:\/\/api.w.org\/{rel}","templated":true}]}}