{"id":1502,"date":"2024-05-06T18:45:09","date_gmt":"2024-05-06T15:45:09","guid":{"rendered":"https:\/\/kuzeyinsesi.com\/index.php\/2024\/05\/06\/uluslararasi-kibris-isci-filmleri-festivali-devam-ediyor\/"},"modified":"2024-05-06T18:45:09","modified_gmt":"2024-05-06T15:45:09","slug":"uluslararasi-kibris-isci-filmleri-festivali-devam-ediyor","status":"publish","type":"post","link":"https:\/\/haberverkibris.com\/index.php\/2024\/05\/06\/uluslararasi-kibris-isci-filmleri-festivali-devam-ediyor\/","title":{"rendered":"Uluslararas\u0131 K\u0131br\u0131s \u0130\u015f\u00e7i Filmleri Festivali devam ediyor"},"content":{"rendered":"<div>\n<div class=\"mariselle-image-container none\">\n                                            <\/div>\n<p>Bu y\u0131l 2-11 May\u0131s tarihlerini kapsayacak \u015fekilde\u00a0 on ikincisi d\u00fczenlenen Uluslararas\u0131 K\u0131br\u0131s \u0130\u015f\u00e7i Filmleri Festivali devam ediyor.<\/p>\n<p>\u201cKasiyerler Aya\u011fa\u201d ile \u201c\u0130leri Bas\u0131mevi Direni\u015fi ve Dayan\u0131\u015fma\u201d filmleri ile a\u00e7\u0131l\u0131\u015f yapan Festivalin ikinci gecesinde, \u201cBeyaz Yaka\u201d belgeseli g\u00f6sterildi ve Festival Komitesi konu\u011fu Akademisyen- Yazar Nevzat Evrim \u00d6nal ile s\u00f6yle\u015fi yap\u0131ld\u0131.<\/p>\n<p>Festival Komitesi\u2019nden yap\u0131lan a\u00e7\u0131klamaya g\u00f6re, etkinlikte ilk olarak, belgesele dan\u0131\u015fmanl\u0131k yapan Nevzat Evrim \u00d6nal taraf\u0131ndan \u201cOrta S\u0131n\u0131f, Beyaz Yakal\u0131lar ve Sosyalizm M\u00fccadelesi\u201d konulu bir sunu\u015f yap\u0131ld\u0131. \u00d6nal, toplumlarda s\u0131n\u0131flar\u0131 anlaman\u0131n \u00e7ok \u00f6nemli ve verilecek m\u00fccadeleleri \u015fekillendirmede de belirleyici oldu\u011funu belirtirken, \u00f6rnekler vererek, orta s\u0131n\u0131f, beyaz ve mavi yakal\u0131lar, kapitalist sistem, s\u0131n\u0131fl\u0131 toplum ve \u00f6rg\u00fctl\u00fc bir i\u015f\u00e7i s\u0131n\u0131f\u0131 m\u00fccadelesi konular\u0131nda konu\u015ftu.<\/p>\n<p>Sunu\u015fun ard\u0131ndan, \u00fc\u00e7 b\u00f6l\u00fcml\u00fck \u201cBeyaz Yaka\u201d belgeseli izlendi. G\u00f6sterimin ard\u0131ndan ise kat\u0131l\u0131mc\u0131lar ve konuk aras\u0131nda ger\u00e7ekle\u015fen soru-cevap ve g\u00f6r\u00fc\u015f al\u0131\u015fveri\u015fi k\u0131sm\u0131na ge\u00e7ilerek, Festivalin ikinci gecesi tamamland\u0131.<\/p>\n<p>Festival, \u00e7ar\u015famba ak\u015fam\u0131 \u201cPeterloo\u201d filmi ile devam edecek. \u0130lgilenen herkesin 19.00\u2019da KT\u00d6S yeni salonda ger\u00e7ekle\u015fecek \u00fccretsiz g\u00f6sterime davetli oldu\u011fu kaydedildi.<\/p>\n<p>12\u2019nci Uluslararas\u0131 K\u0131br\u0131s \u0130\u015f\u00e7i Filmleri Festivali, Anonim Gen\u00e7lik \u00d6rg\u00fct\u00fc, Baraka K\u00fclt\u00fcr Merkezi, Bas\u0131n-Sen, BES, El-Sen, G\u00f6\u00e7-Ta\u015f, G\u00fc\u00e7-Sen, HAKSEN, Kad\u0131n E\u011fitimi Kolektifi, Koop-Sen, KTAMS, KTOE\u00d6S, KT\u00d6S ve g\u00f6n\u00fcll\u00fcler taraf\u0131ndan d\u00fczenleniyor.<\/p>\n<\/p><\/div>\n<p><script async\n                    defer\n                    crossorigin=\"anonymous\"\n                    src=\"https:\/\/connect.facebook.net\/tr_TR\/sdk.js#xfbml=1&#038;version=v3.3\"\n            ><\/script><\/p>\n","protected":false},"excerpt":{"rendered":"<p>Bu y\u0131l 2-11 May\u0131s tarihlerini kapsayacak \u015fekilde\u00a0 on ikincisi d\u00fczenlenen Uluslararas\u0131 K\u0131br\u0131s \u0130\u015f\u00e7i Filmleri Festivali devam ediyor. \u201cKasiyerler Aya\u011fa\u201d ile \u201c\u0130leri Bas\u0131mevi Direni\u015fi ve Dayan\u0131\u015fma\u201d filmleri ile a\u00e7\u0131l\u0131\u015f yapan Festivalin ikinci gecesinde, \u201cBeyaz Yaka\u201d belgeseli g\u00f6sterildi ve Festival Komitesi konu\u011fu Akademisyen- Yazar Nevzat Evrim \u00d6nal ile s\u00f6yle\u015fi yap\u0131ld\u0131. Festival Komitesi\u2019nden yap\u0131lan a\u00e7\u0131klamaya g\u00f6re, etkinlikte ilk [&hellip;]<\/p>\n","protected":false},"author":1,"featured_media":1503,"comment_status":"open","ping_status":"open","sticky":false,"template":"","format":"standard","meta":{"jnews-multi-image_gallery":[],"jnews_single_post":[],"jnews_primary_category":[],"jnews_social_meta":[],"jnews_override_counter":[],"footnotes":""},"categories":[6],"tags":[],"class_list":["post-1502","post","type-post","status-publish","format-standard","has-post-thumbnail","hentry","category-yasam"],"yoast_head":"<!-- This site is optimized with the Yoast SEO plugin v27.5 - https:\/\/yoast.com\/product\/yoast-seo-wordpress\/ -->\n<title>Uluslararas\u0131 K\u0131br\u0131s \u0130\u015f\u00e7i Filmleri Festivali devam ediyor - Haber Ver K\u0131br\u0131s<\/title>\n<meta name=\"robots\" content=\"index, follow, max-snippet:-1, max-image-preview:large, max-video-preview:-1\" \/>\n<link rel=\"canonical\" href=\"https:\/\/haberverkibris.com\/index.php\/2024\/05\/06\/uluslararasi-kibris-isci-filmleri-festivali-devam-ediyor\/\" \/>\n<meta property=\"og:locale\" content=\"tr_TR\" \/>\n<meta property=\"og:type\" content=\"article\" \/>\n<meta property=\"og:title\" content=\"Uluslararas\u0131 K\u0131br\u0131s \u0130\u015f\u00e7i Filmleri Festivali devam ediyor - Haber Ver K\u0131br\u0131s\" \/>\n<meta property=\"og:description\" content=\"Bu y\u0131l 2-11 May\u0131s tarihlerini kapsayacak \u015fekilde\u00a0 on ikincisi d\u00fczenlenen Uluslararas\u0131 K\u0131br\u0131s \u0130\u015f\u00e7i Filmleri Festivali devam ediyor. \u201cKasiyerler Aya\u011fa\u201d ile \u201c\u0130leri Bas\u0131mevi Direni\u015fi ve Dayan\u0131\u015fma\u201d filmleri ile a\u00e7\u0131l\u0131\u015f yapan Festivalin ikinci gecesinde, \u201cBeyaz Yaka\u201d belgeseli g\u00f6sterildi ve Festival Komitesi konu\u011fu Akademisyen- Yazar Nevzat Evrim \u00d6nal ile s\u00f6yle\u015fi yap\u0131ld\u0131. Festival Komitesi\u2019nden yap\u0131lan a\u00e7\u0131klamaya g\u00f6re, etkinlikte ilk [&hellip;]\" \/>\n<meta property=\"og:url\" content=\"https:\/\/haberverkibris.com\/index.php\/2024\/05\/06\/uluslararasi-kibris-isci-filmleri-festivali-devam-ediyor\/\" \/>\n<meta property=\"og:site_name\" content=\"Haber Ver K\u0131br\u0131s\" \/>\n<meta property=\"article:publisher\" content=\"https:\/\/www.facebook.com\/kuzeyinsesii\" \/>\n<meta property=\"article:published_time\" content=\"2024-05-06T15:45:09+00:00\" \/>\n<meta property=\"og:image\" content=\"https:\/\/haberverkibris.com\/wp-content\/uploads\/2024\/05\/isci-film-festivali-5-.jpg\" \/>\n\t<meta property=\"og:image:width\" content=\"1600\" \/>\n\t<meta property=\"og:image:height\" content=\"900\" \/>\n\t<meta property=\"og:image:type\" content=\"image\/jpeg\" \/>\n<meta name=\"author\" content=\"Haberver K\u0131br\u0131s\" \/>\n<meta name=\"twitter:card\" content=\"summary_large_image\" \/>\n<meta name=\"twitter:creator\" content=\"@kuzeyinsesii\" \/>\n<meta name=\"twitter:site\" content=\"@kuzeyinsesii\" \/>\n<meta name=\"twitter:label1\" content=\"Yazan:\" \/>\n\t<meta name=\"twitter:data1\" content=\"Haberver K\u0131br\u0131s\" \/>\n\t<meta name=\"twitter:label2\" content=\"Tahmini okuma s\u00fcresi\" \/>\n\t<meta name=\"twitter:data2\" content=\"1 dakika\" \/>\n<script type=\"application\/ld+json\" class=\"yoast-schema-graph\">{\"@context\":\"https:\\\/\\\/schema.org\",\"@graph\":[{\"@type\":\"Article\",\"@id\":\"https:\\\/\\\/haberverkibris.com\\\/index.php\\\/2024\\\/05\\\/06\\\/uluslararasi-kibris-isci-filmleri-festivali-devam-ediyor\\\/#article\",\"isPartOf\":{\"@id\":\"https:\\\/\\\/haberverkibris.com\\\/index.php\\\/2024\\\/05\\\/06\\\/uluslararasi-kibris-isci-filmleri-festivali-devam-ediyor\\\/\"},\"author\":{\"name\":\"Haberver K\u0131br\u0131s\",\"@id\":\"https:\\\/\\\/haberverkibris.com\\\/#\\\/schema\\\/person\\\/29d65381ed43765483b5a185ded66a56\"},\"headline\":\"Uluslararas\u0131 K\u0131br\u0131s \u0130\u015f\u00e7i Filmleri Festivali devam ediyor\",\"datePublished\":\"2024-05-06T15:45:09+00:00\",\"mainEntityOfPage\":{\"@id\":\"https:\\\/\\\/haberverkibris.com\\\/index.php\\\/2024\\\/05\\\/06\\\/uluslararasi-kibris-isci-filmleri-festivali-devam-ediyor\\\/\"},\"wordCount\":279,\"commentCount\":0,\"image\":{\"@id\":\"https:\\\/\\\/haberverkibris.com\\\/index.php\\\/2024\\\/05\\\/06\\\/uluslararasi-kibris-isci-filmleri-festivali-devam-ediyor\\\/#primaryimage\"},\"thumbnailUrl\":\"https:\\\/\\\/haberverkibris.com\\\/wp-content\\\/uploads\\\/2024\\\/05\\\/isci-film-festivali-5-.jpg\",\"articleSection\":[\"Ya\u015fam\"],\"inLanguage\":\"tr\",\"potentialAction\":[{\"@type\":\"CommentAction\",\"name\":\"Comment\",\"target\":[\"https:\\\/\\\/haberverkibris.com\\\/index.php\\\/2024\\\/05\\\/06\\\/uluslararasi-kibris-isci-filmleri-festivali-devam-ediyor\\\/#respond\"]}]},{\"@type\":\"WebPage\",\"@id\":\"https:\\\/\\\/haberverkibris.com\\\/index.php\\\/2024\\\/05\\\/06\\\/uluslararasi-kibris-isci-filmleri-festivali-devam-ediyor\\\/\",\"url\":\"https:\\\/\\\/haberverkibris.com\\\/index.php\\\/2024\\\/05\\\/06\\\/uluslararasi-kibris-isci-filmleri-festivali-devam-ediyor\\\/\",\"name\":\"Uluslararas\u0131 K\u0131br\u0131s \u0130\u015f\u00e7i Filmleri Festivali devam ediyor - Haber Ver K\u0131br\u0131s\",\"isPartOf\":{\"@id\":\"https:\\\/\\\/haberverkibris.com\\\/#website\"},\"primaryImageOfPage\":{\"@id\":\"https:\\\/\\\/haberverkibris.com\\\/index.php\\\/2024\\\/05\\\/06\\\/uluslararasi-kibris-isci-filmleri-festivali-devam-ediyor\\\/#primaryimage\"},\"image\":{\"@id\":\"https:\\\/\\\/haberverkibris.com\\\/index.php\\\/2024\\\/05\\\/06\\\/uluslararasi-kibris-isci-filmleri-festivali-devam-ediyor\\\/#primaryimage\"},\"thumbnailUrl\":\"https:\\\/\\\/haberverkibris.com\\\/wp-content\\\/uploads\\\/2024\\\/05\\\/isci-film-festivali-5-.jpg\",\"datePublished\":\"2024-05-06T15:45:09+00:00\",\"author\":{\"@id\":\"https:\\\/\\\/haberverkibris.com\\\/#\\\/schema\\\/person\\\/29d65381ed43765483b5a185ded66a56\"},\"breadcrumb\":{\"@id\":\"https:\\\/\\\/haberverkibris.com\\\/index.php\\\/2024\\\/05\\\/06\\\/uluslararasi-kibris-isci-filmleri-festivali-devam-ediyor\\\/#breadcrumb\"},\"inLanguage\":\"tr\",\"potentialAction\":[{\"@type\":\"ReadAction\",\"target\":[\"https:\\\/\\\/haberverkibris.com\\\/index.php\\\/2024\\\/05\\\/06\\\/uluslararasi-kibris-isci-filmleri-festivali-devam-ediyor\\\/\"]}]},{\"@type\":\"ImageObject\",\"inLanguage\":\"tr\",\"@id\":\"https:\\\/\\\/haberverkibris.com\\\/index.php\\\/2024\\\/05\\\/06\\\/uluslararasi-kibris-isci-filmleri-festivali-devam-ediyor\\\/#primaryimage\",\"url\":\"https:\\\/\\\/haberverkibris.com\\\/wp-content\\\/uploads\\\/2024\\\/05\\\/isci-film-festivali-5-.jpg\",\"contentUrl\":\"https:\\\/\\\/haberverkibris.com\\\/wp-content\\\/uploads\\\/2024\\\/05\\\/isci-film-festivali-5-.jpg\",\"width\":1600,\"height\":900},{\"@type\":\"BreadcrumbList\",\"@id\":\"https:\\\/\\\/haberverkibris.com\\\/index.php\\\/2024\\\/05\\\/06\\\/uluslararasi-kibris-isci-filmleri-festivali-devam-ediyor\\\/#breadcrumb\",\"itemListElement\":[{\"@type\":\"ListItem\",\"position\":1,\"name\":\"Anasayfa\",\"item\":\"https:\\\/\\\/haberverkibris.com\\\/\"},{\"@type\":\"ListItem\",\"position\":2,\"name\":\"Uluslararas\u0131 K\u0131br\u0131s \u0130\u015f\u00e7i Filmleri Festivali devam ediyor\"}]},{\"@type\":\"WebSite\",\"@id\":\"https:\\\/\\\/haberverkibris.com\\\/#website\",\"url\":\"https:\\\/\\\/haberverkibris.com\\\/\",\"name\":\"Kuzeyin Sesi\",\"description\":\"Do\u011fru Haberin Adresi\",\"potentialAction\":[{\"@type\":\"SearchAction\",\"target\":{\"@type\":\"EntryPoint\",\"urlTemplate\":\"https:\\\/\\\/haberverkibris.com\\\/?s={search_term_string}\"},\"query-input\":{\"@type\":\"PropertyValueSpecification\",\"valueRequired\":true,\"valueName\":\"search_term_string\"}}],\"inLanguage\":\"tr\"},{\"@type\":\"Person\",\"@id\":\"https:\\\/\\\/haberverkibris.com\\\/#\\\/schema\\\/person\\\/29d65381ed43765483b5a185ded66a56\",\"name\":\"Haberver K\u0131br\u0131s\",\"image\":{\"@type\":\"ImageObject\",\"inLanguage\":\"tr\",\"@id\":\"https:\\\/\\\/secure.gravatar.com\\\/avatar\\\/bab33852abfd8b282518d6ed81826833d77c3c882d9ab608add591ccace47a44?s=96&d=mm&r=g\",\"url\":\"https:\\\/\\\/secure.gravatar.com\\\/avatar\\\/bab33852abfd8b282518d6ed81826833d77c3c882d9ab608add591ccace47a44?s=96&d=mm&r=g\",\"contentUrl\":\"https:\\\/\\\/secure.gravatar.com\\\/avatar\\\/bab33852abfd8b282518d6ed81826833d77c3c882d9ab608add591ccace47a44?s=96&d=mm&r=g\",\"caption\":\"Haberver K\u0131br\u0131s\"},\"sameAs\":[\"https:\\\/\\\/haberverkibris.com\"],\"url\":\"https:\\\/\\\/haberverkibris.com\\\/index.php\\\/author\\\/guven\\\/\"}]}<\/script>\n<!-- \/ Yoast SEO plugin. -->","yoast_head_json":{"title":"Uluslararas\u0131 K\u0131br\u0131s \u0130\u015f\u00e7i Filmleri Festivali devam ediyor - Haber Ver K\u0131br\u0131s","robots":{"index":"index","follow":"follow","max-snippet":"max-snippet:-1","max-image-preview":"max-image-preview:large","max-video-preview":"max-video-preview:-1"},"canonical":"https:\/\/haberverkibris.com\/index.php\/2024\/05\/06\/uluslararasi-kibris-isci-filmleri-festivali-devam-ediyor\/","og_locale":"tr_TR","og_type":"article","og_title":"Uluslararas\u0131 K\u0131br\u0131s \u0130\u015f\u00e7i Filmleri Festivali devam ediyor - Haber Ver K\u0131br\u0131s","og_description":"Bu y\u0131l 2-11 May\u0131s tarihlerini kapsayacak \u015fekilde\u00a0 on ikincisi d\u00fczenlenen Uluslararas\u0131 K\u0131br\u0131s \u0130\u015f\u00e7i Filmleri Festivali devam ediyor. \u201cKasiyerler Aya\u011fa\u201d ile \u201c\u0130leri Bas\u0131mevi Direni\u015fi ve Dayan\u0131\u015fma\u201d filmleri ile a\u00e7\u0131l\u0131\u015f yapan Festivalin ikinci gecesinde, \u201cBeyaz Yaka\u201d belgeseli g\u00f6sterildi ve Festival Komitesi konu\u011fu Akademisyen- Yazar Nevzat Evrim \u00d6nal ile s\u00f6yle\u015fi yap\u0131ld\u0131. Festival Komitesi\u2019nden yap\u0131lan a\u00e7\u0131klamaya g\u00f6re, etkinlikte ilk [&hellip;]","og_url":"https:\/\/haberverkibris.com\/index.php\/2024\/05\/06\/uluslararasi-kibris-isci-filmleri-festivali-devam-ediyor\/","og_site_name":"Haber Ver K\u0131br\u0131s","article_publisher":"https:\/\/www.facebook.com\/kuzeyinsesii","article_published_time":"2024-05-06T15:45:09+00:00","og_image":[{"width":1600,"height":900,"url":"https:\/\/haberverkibris.com\/wp-content\/uploads\/2024\/05\/isci-film-festivali-5-.jpg","type":"image\/jpeg"}],"author":"Haberver K\u0131br\u0131s","twitter_card":"summary_large_image","twitter_creator":"@kuzeyinsesii","twitter_site":"@kuzeyinsesii","twitter_misc":{"Yazan:":"Haberver K\u0131br\u0131s","Tahmini okuma s\u00fcresi":"1 dakika"},"schema":{"@context":"https:\/\/schema.org","@graph":[{"@type":"Article","@id":"https:\/\/haberverkibris.com\/index.php\/2024\/05\/06\/uluslararasi-kibris-isci-filmleri-festivali-devam-ediyor\/#article","isPartOf":{"@id":"https:\/\/haberverkibris.com\/index.php\/2024\/05\/06\/uluslararasi-kibris-isci-filmleri-festivali-devam-ediyor\/"},"author":{"name":"Haberver K\u0131br\u0131s","@id":"https:\/\/haberverkibris.com\/#\/schema\/person\/29d65381ed43765483b5a185ded66a56"},"headline":"Uluslararas\u0131 K\u0131br\u0131s \u0130\u015f\u00e7i Filmleri Festivali devam ediyor","datePublished":"2024-05-06T15:45:09+00:00","mainEntityOfPage":{"@id":"https:\/\/haberverkibris.com\/index.php\/2024\/05\/06\/uluslararasi-kibris-isci-filmleri-festivali-devam-ediyor\/"},"wordCount":279,"commentCount":0,"image":{"@id":"https:\/\/haberverkibris.com\/index.php\/2024\/05\/06\/uluslararasi-kibris-isci-filmleri-festivali-devam-ediyor\/#primaryimage"},"thumbnailUrl":"https:\/\/haberverkibris.com\/wp-content\/uploads\/2024\/05\/isci-film-festivali-5-.jpg","articleSection":["Ya\u015fam"],"inLanguage":"tr","potentialAction":[{"@type":"CommentAction","name":"Comment","target":["https:\/\/haberverkibris.com\/index.php\/2024\/05\/06\/uluslararasi-kibris-isci-filmleri-festivali-devam-ediyor\/#respond"]}]},{"@type":"WebPage","@id":"https:\/\/haberverkibris.com\/index.php\/2024\/05\/06\/uluslararasi-kibris-isci-filmleri-festivali-devam-ediyor\/","url":"https:\/\/haberverkibris.com\/index.php\/2024\/05\/06\/uluslararasi-kibris-isci-filmleri-festivali-devam-ediyor\/","name":"Uluslararas\u0131 K\u0131br\u0131s \u0130\u015f\u00e7i Filmleri Festivali devam ediyor - Haber Ver K\u0131br\u0131s","isPartOf":{"@id":"https:\/\/haberverkibris.com\/#website"},"primaryImageOfPage":{"@id":"https:\/\/haberverkibris.com\/index.php\/2024\/05\/06\/uluslararasi-kibris-isci-filmleri-festivali-devam-ediyor\/#primaryimage"},"image":{"@id":"https:\/\/haberverkibris.com\/index.php\/2024\/05\/06\/uluslararasi-kibris-isci-filmleri-festivali-devam-ediyor\/#primaryimage"},"thumbnailUrl":"https:\/\/haberverkibris.com\/wp-content\/uploads\/2024\/05\/isci-film-festivali-5-.jpg","datePublished":"2024-05-06T15:45:09+00:00","author":{"@id":"https:\/\/haberverkibris.com\/#\/schema\/person\/29d65381ed43765483b5a185ded66a56"},"breadcrumb":{"@id":"https:\/\/haberverkibris.com\/index.php\/2024\/05\/06\/uluslararasi-kibris-isci-filmleri-festivali-devam-ediyor\/#breadcrumb"},"inLanguage":"tr","potentialAction":[{"@type":"ReadAction","target":["https:\/\/haberverkibris.com\/index.php\/2024\/05\/06\/uluslararasi-kibris-isci-filmleri-festivali-devam-ediyor\/"]}]},{"@type":"ImageObject","inLanguage":"tr","@id":"https:\/\/haberverkibris.com\/index.php\/2024\/05\/06\/uluslararasi-kibris-isci-filmleri-festivali-devam-ediyor\/#primaryimage","url":"https:\/\/haberverkibris.com\/wp-content\/uploads\/2024\/05\/isci-film-festivali-5-.jpg","contentUrl":"https:\/\/haberverkibris.com\/wp-content\/uploads\/2024\/05\/isci-film-festivali-5-.jpg","width":1600,"height":900},{"@type":"BreadcrumbList","@id":"https:\/\/haberverkibris.com\/index.php\/2024\/05\/06\/uluslararasi-kibris-isci-filmleri-festivali-devam-ediyor\/#breadcrumb","itemListElement":[{"@type":"ListItem","position":1,"name":"Anasayfa","item":"https:\/\/haberverkibris.com\/"},{"@type":"ListItem","position":2,"name":"Uluslararas\u0131 K\u0131br\u0131s \u0130\u015f\u00e7i Filmleri Festivali devam ediyor"}]},{"@type":"WebSite","@id":"https:\/\/haberverkibris.com\/#website","url":"https:\/\/haberverkibris.com\/","name":"Kuzeyin Sesi","description":"Do\u011fru Haberin Adresi","potentialAction":[{"@type":"SearchAction","target":{"@type":"EntryPoint","urlTemplate":"https:\/\/haberverkibris.com\/?s={search_term_string}"},"query-input":{"@type":"PropertyValueSpecification","valueRequired":true,"valueName":"search_term_string"}}],"inLanguage":"tr"},{"@type":"Person","@id":"https:\/\/haberverkibris.com\/#\/schema\/person\/29d65381ed43765483b5a185ded66a56","name":"Haberver K\u0131br\u0131s","image":{"@type":"ImageObject","inLanguage":"tr","@id":"https:\/\/secure.gravatar.com\/avatar\/bab33852abfd8b282518d6ed81826833d77c3c882d9ab608add591ccace47a44?s=96&d=mm&r=g","url":"https:\/\/secure.gravatar.com\/avatar\/bab33852abfd8b282518d6ed81826833d77c3c882d9ab608add591ccace47a44?s=96&d=mm&r=g","contentUrl":"https:\/\/secure.gravatar.com\/avatar\/bab33852abfd8b282518d6ed81826833d77c3c882d9ab608add591ccace47a44?s=96&d=mm&r=g","caption":"Haberver K\u0131br\u0131s"},"sameAs":["https:\/\/haberverkibris.com"],"url":"https:\/\/haberverkibris.com\/index.php\/author\/guven\/"}]}},"_links":{"self":[{"href":"https:\/\/haberverkibris.com\/index.php\/wp-json\/wp\/v2\/posts\/1502","targetHints":{"allow":["GET"]}}],"collection":[{"href":"https:\/\/haberverkibris.com\/index.php\/wp-json\/wp\/v2\/posts"}],"about":[{"href":"https:\/\/haberverkibris.com\/index.php\/wp-json\/wp\/v2\/types\/post"}],"author":[{"embeddable":true,"href":"https:\/\/haberverkibris.com\/index.php\/wp-json\/wp\/v2\/users\/1"}],"replies":[{"embeddable":true,"href":"https:\/\/haberverkibris.com\/index.php\/wp-json\/wp\/v2\/comments?post=1502"}],"version-history":[{"count":0,"href":"https:\/\/haberverkibris.com\/index.php\/wp-json\/wp\/v2\/posts\/1502\/revisions"}],"wp:featuredmedia":[{"embeddable":true,"href":"https:\/\/haberverkibris.com\/index.php\/wp-json\/wp\/v2\/media\/1503"}],"wp:attachment":[{"href":"https:\/\/haberverkibris.com\/index.php\/wp-json\/wp\/v2\/media?parent=1502"}],"wp:term":[{"taxonomy":"category","embeddable":true,"href":"https:\/\/haberverkibris.com\/index.php\/wp-json\/wp\/v2\/categories?post=1502"},{"taxonomy":"post_tag","embeddable":true,"href":"https:\/\/haberverkibris.com\/index.php\/wp-json\/wp\/v2\/tags?post=1502"}],"curies":[{"name":"wp","href":"https:\/\/api.w.org\/{rel}","templated":true}]}}