{"id":1445,"date":"2024-05-06T10:31:55","date_gmt":"2024-05-06T07:31:55","guid":{"rendered":"https:\/\/kuzeyinsesi.com\/index.php\/2024\/05\/06\/holguin-yarin-adaya-geliyor\/"},"modified":"2024-05-06T10:31:55","modified_gmt":"2024-05-06T07:31:55","slug":"holguin-yarin-adaya-geliyor","status":"publish","type":"post","link":"https:\/\/haberverkibris.com\/index.php\/2024\/05\/06\/holguin-yarin-adaya-geliyor\/","title":{"rendered":"Holguin yar\u0131n adaya geliyor"},"content":{"rendered":"<div>\n<div class=\"mariselle-image-container center\">\n                                            <\/div>\n<p> K\u0131br\u0131s\u2019a yar\u0131n gelmesi beklenen Birle\u015fmi\u015f Milletler Genel Sekreteri\u2019nin K\u0131br\u0131s Ki\u015fisel Temsilcisi Maria Angela Holguin Cuellar \u00e7ar\u015famba g\u00fcn\u00fc Cumhurba\u015fkan\u0131 Ersin Tatar taraf\u0131ndan kabul edilecek.<\/p>\n<p>Cumhurba\u015fkanl\u0131\u011f\u0131\u2019ndan elde edilen bilgiye g\u00f6re, Cumhurba\u015fkanl\u0131\u011f\u0131\u2019ndaki g\u00f6r\u00fc\u015fme saat 12.00\u2019de ba\u015flayacak.<\/p>\n<p>14 May\u0131s Sal\u0131 g\u00fcn\u00fcne kadar adada g\u00f6r\u00fc\u015fmeler yapmas\u0131 \u00f6ng\u00f6r\u00fclen Holguin, K\u0131br\u0131s\u2019a gelmeden \u00f6nce Br\u00fcksel ve Londra\u2019da da temaslarda bulunmu\u015f ve \u00fcst d\u00fczey AB b\u00fcrokratlar\u0131yla bir araya gelmi\u015fti.<\/p>\n<p>BM Genel Sekreteri Antonio Guterres taraf\u0131ndan 5 Ocak\u2019ta 6 ay s\u00fcreyle iki taraf aras\u0131nda yeni ve resmi bir s\u00fcrece ge\u00e7ilebilmesi i\u00e7in ortak zemin olup olmad\u0131\u011f\u0131n\u0131 ara\u015ft\u0131rmak amac\u0131yla g\u00f6revlendirilen Holguin, Ocak ve Mart aylar\u0131nda K\u0131br\u0131s\u2019a 2 ziyaret yapm\u0131\u015ft\u0131. Holguin, Cumhurba\u015fkan\u0131 Tatar ile 30 Ocak ve 11 Mart\u2019ta bir araya gelmi\u015fti.<\/p>\n<\/p><\/div>\n<p><script async\n                    defer\n                    crossorigin=\"anonymous\"\n                    src=\"https:\/\/connect.facebook.net\/tr_TR\/sdk.js#xfbml=1&#038;version=v3.3\"\n            ><\/script><\/p>\n","protected":false},"excerpt":{"rendered":"<p>K\u0131br\u0131s\u2019a yar\u0131n gelmesi beklenen Birle\u015fmi\u015f Milletler Genel Sekreteri\u2019nin K\u0131br\u0131s Ki\u015fisel Temsilcisi Maria Angela Holguin Cuellar \u00e7ar\u015famba g\u00fcn\u00fc Cumhurba\u015fkan\u0131 Ersin Tatar taraf\u0131ndan kabul edilecek. Cumhurba\u015fkanl\u0131\u011f\u0131\u2019ndan elde edilen bilgiye g\u00f6re, Cumhurba\u015fkanl\u0131\u011f\u0131\u2019ndaki g\u00f6r\u00fc\u015fme saat 12.00\u2019de ba\u015flayacak. 14 May\u0131s Sal\u0131 g\u00fcn\u00fcne kadar adada g\u00f6r\u00fc\u015fmeler yapmas\u0131 \u00f6ng\u00f6r\u00fclen Holguin, K\u0131br\u0131s\u2019a gelmeden \u00f6nce Br\u00fcksel ve Londra\u2019da da temaslarda bulunmu\u015f ve \u00fcst d\u00fczey [&hellip;]<\/p>\n","protected":false},"author":1,"featured_media":1446,"comment_status":"open","ping_status":"open","sticky":false,"template":"","format":"standard","meta":{"jnews-multi-image_gallery":[],"jnews_single_post":[],"jnews_primary_category":[],"jnews_social_meta":[],"jnews_override_counter":[],"footnotes":""},"categories":[1],"tags":[],"class_list":["post-1445","post","type-post","status-publish","format-standard","has-post-thumbnail","hentry","category-kibris"],"yoast_head":"<!-- This site is optimized with the Yoast SEO plugin v27.5 - https:\/\/yoast.com\/product\/yoast-seo-wordpress\/ -->\n<title>Holguin yar\u0131n adaya geliyor - Haber Ver K\u0131br\u0131s<\/title>\n<meta name=\"robots\" content=\"index, follow, max-snippet:-1, max-image-preview:large, max-video-preview:-1\" \/>\n<link rel=\"canonical\" href=\"https:\/\/haberverkibris.com\/index.php\/2024\/05\/06\/holguin-yarin-adaya-geliyor\/\" \/>\n<meta property=\"og:locale\" content=\"tr_TR\" \/>\n<meta property=\"og:type\" content=\"article\" \/>\n<meta property=\"og:title\" content=\"Holguin yar\u0131n adaya geliyor - Haber Ver K\u0131br\u0131s\" \/>\n<meta property=\"og:description\" content=\"K\u0131br\u0131s\u2019a yar\u0131n gelmesi beklenen Birle\u015fmi\u015f Milletler Genel Sekreteri\u2019nin K\u0131br\u0131s Ki\u015fisel Temsilcisi Maria Angela Holguin Cuellar \u00e7ar\u015famba g\u00fcn\u00fc Cumhurba\u015fkan\u0131 Ersin Tatar taraf\u0131ndan kabul edilecek. Cumhurba\u015fkanl\u0131\u011f\u0131\u2019ndan elde edilen bilgiye g\u00f6re, Cumhurba\u015fkanl\u0131\u011f\u0131\u2019ndaki g\u00f6r\u00fc\u015fme saat 12.00\u2019de ba\u015flayacak. 14 May\u0131s Sal\u0131 g\u00fcn\u00fcne kadar adada g\u00f6r\u00fc\u015fmeler yapmas\u0131 \u00f6ng\u00f6r\u00fclen Holguin, K\u0131br\u0131s\u2019a gelmeden \u00f6nce Br\u00fcksel ve Londra\u2019da da temaslarda bulunmu\u015f ve \u00fcst d\u00fczey [&hellip;]\" \/>\n<meta property=\"og:url\" content=\"https:\/\/haberverkibris.com\/index.php\/2024\/05\/06\/holguin-yarin-adaya-geliyor\/\" \/>\n<meta property=\"og:site_name\" content=\"Haber Ver K\u0131br\u0131s\" \/>\n<meta property=\"article:publisher\" content=\"https:\/\/www.facebook.com\/kuzeyinsesii\" \/>\n<meta property=\"article:published_time\" content=\"2024-05-06T07:31:55+00:00\" \/>\n<meta property=\"og:image\" content=\"https:\/\/haberverkibris.com\/wp-content\/uploads\/2024\/05\/maria-angel-holguin-cuellar-cumhurbaskanligi-cikisinda-aciklama-yapti-1-ero-1-1-1.jpg\" \/>\n\t<meta property=\"og:image:width\" content=\"1654\" \/>\n\t<meta property=\"og:image:height\" content=\"1104\" \/>\n\t<meta property=\"og:image:type\" content=\"image\/jpeg\" \/>\n<meta name=\"author\" content=\"Haberver K\u0131br\u0131s\" \/>\n<meta name=\"twitter:card\" content=\"summary_large_image\" \/>\n<meta name=\"twitter:creator\" content=\"@kuzeyinsesii\" \/>\n<meta name=\"twitter:site\" content=\"@kuzeyinsesii\" \/>\n<meta name=\"twitter:label1\" content=\"Yazan:\" \/>\n\t<meta name=\"twitter:data1\" content=\"Haberver K\u0131br\u0131s\" \/>\n\t<meta name=\"twitter:label2\" content=\"Tahmini okuma s\u00fcresi\" \/>\n\t<meta name=\"twitter:data2\" content=\"1 dakika\" \/>\n<script type=\"application\/ld+json\" class=\"yoast-schema-graph\">{\"@context\":\"https:\\\/\\\/schema.org\",\"@graph\":[{\"@type\":\"Article\",\"@id\":\"https:\\\/\\\/haberverkibris.com\\\/index.php\\\/2024\\\/05\\\/06\\\/holguin-yarin-adaya-geliyor\\\/#article\",\"isPartOf\":{\"@id\":\"https:\\\/\\\/haberverkibris.com\\\/index.php\\\/2024\\\/05\\\/06\\\/holguin-yarin-adaya-geliyor\\\/\"},\"author\":{\"name\":\"Haberver K\u0131br\u0131s\",\"@id\":\"https:\\\/\\\/haberverkibris.com\\\/#\\\/schema\\\/person\\\/29d65381ed43765483b5a185ded66a56\"},\"headline\":\"Holguin yar\u0131n adaya geliyor\",\"datePublished\":\"2024-05-06T07:31:55+00:00\",\"mainEntityOfPage\":{\"@id\":\"https:\\\/\\\/haberverkibris.com\\\/index.php\\\/2024\\\/05\\\/06\\\/holguin-yarin-adaya-geliyor\\\/\"},\"wordCount\":165,\"commentCount\":0,\"image\":{\"@id\":\"https:\\\/\\\/haberverkibris.com\\\/index.php\\\/2024\\\/05\\\/06\\\/holguin-yarin-adaya-geliyor\\\/#primaryimage\"},\"thumbnailUrl\":\"https:\\\/\\\/haberverkibris.com\\\/wp-content\\\/uploads\\\/2024\\\/05\\\/maria-angel-holguin-cuellar-cumhurbaskanligi-cikisinda-aciklama-yapti-1-ero-1-1-1.jpg\",\"articleSection\":[\"K\u0131br\u0131s\"],\"inLanguage\":\"tr\",\"potentialAction\":[{\"@type\":\"CommentAction\",\"name\":\"Comment\",\"target\":[\"https:\\\/\\\/haberverkibris.com\\\/index.php\\\/2024\\\/05\\\/06\\\/holguin-yarin-adaya-geliyor\\\/#respond\"]}]},{\"@type\":\"WebPage\",\"@id\":\"https:\\\/\\\/haberverkibris.com\\\/index.php\\\/2024\\\/05\\\/06\\\/holguin-yarin-adaya-geliyor\\\/\",\"url\":\"https:\\\/\\\/haberverkibris.com\\\/index.php\\\/2024\\\/05\\\/06\\\/holguin-yarin-adaya-geliyor\\\/\",\"name\":\"Holguin yar\u0131n adaya geliyor - Haber Ver K\u0131br\u0131s\",\"isPartOf\":{\"@id\":\"https:\\\/\\\/haberverkibris.com\\\/#website\"},\"primaryImageOfPage\":{\"@id\":\"https:\\\/\\\/haberverkibris.com\\\/index.php\\\/2024\\\/05\\\/06\\\/holguin-yarin-adaya-geliyor\\\/#primaryimage\"},\"image\":{\"@id\":\"https:\\\/\\\/haberverkibris.com\\\/index.php\\\/2024\\\/05\\\/06\\\/holguin-yarin-adaya-geliyor\\\/#primaryimage\"},\"thumbnailUrl\":\"https:\\\/\\\/haberverkibris.com\\\/wp-content\\\/uploads\\\/2024\\\/05\\\/maria-angel-holguin-cuellar-cumhurbaskanligi-cikisinda-aciklama-yapti-1-ero-1-1-1.jpg\",\"datePublished\":\"2024-05-06T07:31:55+00:00\",\"author\":{\"@id\":\"https:\\\/\\\/haberverkibris.com\\\/#\\\/schema\\\/person\\\/29d65381ed43765483b5a185ded66a56\"},\"breadcrumb\":{\"@id\":\"https:\\\/\\\/haberverkibris.com\\\/index.php\\\/2024\\\/05\\\/06\\\/holguin-yarin-adaya-geliyor\\\/#breadcrumb\"},\"inLanguage\":\"tr\",\"potentialAction\":[{\"@type\":\"ReadAction\",\"target\":[\"https:\\\/\\\/haberverkibris.com\\\/index.php\\\/2024\\\/05\\\/06\\\/holguin-yarin-adaya-geliyor\\\/\"]}]},{\"@type\":\"ImageObject\",\"inLanguage\":\"tr\",\"@id\":\"https:\\\/\\\/haberverkibris.com\\\/index.php\\\/2024\\\/05\\\/06\\\/holguin-yarin-adaya-geliyor\\\/#primaryimage\",\"url\":\"https:\\\/\\\/haberverkibris.com\\\/wp-content\\\/uploads\\\/2024\\\/05\\\/maria-angel-holguin-cuellar-cumhurbaskanligi-cikisinda-aciklama-yapti-1-ero-1-1-1.jpg\",\"contentUrl\":\"https:\\\/\\\/haberverkibris.com\\\/wp-content\\\/uploads\\\/2024\\\/05\\\/maria-angel-holguin-cuellar-cumhurbaskanligi-cikisinda-aciklama-yapti-1-ero-1-1-1.jpg\",\"width\":1654,\"height\":1104},{\"@type\":\"BreadcrumbList\",\"@id\":\"https:\\\/\\\/haberverkibris.com\\\/index.php\\\/2024\\\/05\\\/06\\\/holguin-yarin-adaya-geliyor\\\/#breadcrumb\",\"itemListElement\":[{\"@type\":\"ListItem\",\"position\":1,\"name\":\"Anasayfa\",\"item\":\"https:\\\/\\\/haberverkibris.com\\\/\"},{\"@type\":\"ListItem\",\"position\":2,\"name\":\"Holguin yar\u0131n adaya geliyor\"}]},{\"@type\":\"WebSite\",\"@id\":\"https:\\\/\\\/haberverkibris.com\\\/#website\",\"url\":\"https:\\\/\\\/haberverkibris.com\\\/\",\"name\":\"Kuzeyin Sesi\",\"description\":\"Do\u011fru Haberin Adresi\",\"potentialAction\":[{\"@type\":\"SearchAction\",\"target\":{\"@type\":\"EntryPoint\",\"urlTemplate\":\"https:\\\/\\\/haberverkibris.com\\\/?s={search_term_string}\"},\"query-input\":{\"@type\":\"PropertyValueSpecification\",\"valueRequired\":true,\"valueName\":\"search_term_string\"}}],\"inLanguage\":\"tr\"},{\"@type\":\"Person\",\"@id\":\"https:\\\/\\\/haberverkibris.com\\\/#\\\/schema\\\/person\\\/29d65381ed43765483b5a185ded66a56\",\"name\":\"Haberver K\u0131br\u0131s\",\"image\":{\"@type\":\"ImageObject\",\"inLanguage\":\"tr\",\"@id\":\"https:\\\/\\\/secure.gravatar.com\\\/avatar\\\/bab33852abfd8b282518d6ed81826833d77c3c882d9ab608add591ccace47a44?s=96&d=mm&r=g\",\"url\":\"https:\\\/\\\/secure.gravatar.com\\\/avatar\\\/bab33852abfd8b282518d6ed81826833d77c3c882d9ab608add591ccace47a44?s=96&d=mm&r=g\",\"contentUrl\":\"https:\\\/\\\/secure.gravatar.com\\\/avatar\\\/bab33852abfd8b282518d6ed81826833d77c3c882d9ab608add591ccace47a44?s=96&d=mm&r=g\",\"caption\":\"Haberver K\u0131br\u0131s\"},\"sameAs\":[\"https:\\\/\\\/haberverkibris.com\"],\"url\":\"https:\\\/\\\/haberverkibris.com\\\/index.php\\\/author\\\/guven\\\/\"}]}<\/script>\n<!-- \/ Yoast SEO plugin. -->","yoast_head_json":{"title":"Holguin yar\u0131n adaya geliyor - Haber Ver K\u0131br\u0131s","robots":{"index":"index","follow":"follow","max-snippet":"max-snippet:-1","max-image-preview":"max-image-preview:large","max-video-preview":"max-video-preview:-1"},"canonical":"https:\/\/haberverkibris.com\/index.php\/2024\/05\/06\/holguin-yarin-adaya-geliyor\/","og_locale":"tr_TR","og_type":"article","og_title":"Holguin yar\u0131n adaya geliyor - Haber Ver K\u0131br\u0131s","og_description":"K\u0131br\u0131s\u2019a yar\u0131n gelmesi beklenen Birle\u015fmi\u015f Milletler Genel Sekreteri\u2019nin K\u0131br\u0131s Ki\u015fisel Temsilcisi Maria Angela Holguin Cuellar \u00e7ar\u015famba g\u00fcn\u00fc Cumhurba\u015fkan\u0131 Ersin Tatar taraf\u0131ndan kabul edilecek. Cumhurba\u015fkanl\u0131\u011f\u0131\u2019ndan elde edilen bilgiye g\u00f6re, Cumhurba\u015fkanl\u0131\u011f\u0131\u2019ndaki g\u00f6r\u00fc\u015fme saat 12.00\u2019de ba\u015flayacak. 14 May\u0131s Sal\u0131 g\u00fcn\u00fcne kadar adada g\u00f6r\u00fc\u015fmeler yapmas\u0131 \u00f6ng\u00f6r\u00fclen Holguin, K\u0131br\u0131s\u2019a gelmeden \u00f6nce Br\u00fcksel ve Londra\u2019da da temaslarda bulunmu\u015f ve \u00fcst d\u00fczey [&hellip;]","og_url":"https:\/\/haberverkibris.com\/index.php\/2024\/05\/06\/holguin-yarin-adaya-geliyor\/","og_site_name":"Haber Ver K\u0131br\u0131s","article_publisher":"https:\/\/www.facebook.com\/kuzeyinsesii","article_published_time":"2024-05-06T07:31:55+00:00","og_image":[{"width":1654,"height":1104,"url":"https:\/\/haberverkibris.com\/wp-content\/uploads\/2024\/05\/maria-angel-holguin-cuellar-cumhurbaskanligi-cikisinda-aciklama-yapti-1-ero-1-1-1.jpg","type":"image\/jpeg"}],"author":"Haberver K\u0131br\u0131s","twitter_card":"summary_large_image","twitter_creator":"@kuzeyinsesii","twitter_site":"@kuzeyinsesii","twitter_misc":{"Yazan:":"Haberver K\u0131br\u0131s","Tahmini okuma s\u00fcresi":"1 dakika"},"schema":{"@context":"https:\/\/schema.org","@graph":[{"@type":"Article","@id":"https:\/\/haberverkibris.com\/index.php\/2024\/05\/06\/holguin-yarin-adaya-geliyor\/#article","isPartOf":{"@id":"https:\/\/haberverkibris.com\/index.php\/2024\/05\/06\/holguin-yarin-adaya-geliyor\/"},"author":{"name":"Haberver K\u0131br\u0131s","@id":"https:\/\/haberverkibris.com\/#\/schema\/person\/29d65381ed43765483b5a185ded66a56"},"headline":"Holguin yar\u0131n adaya geliyor","datePublished":"2024-05-06T07:31:55+00:00","mainEntityOfPage":{"@id":"https:\/\/haberverkibris.com\/index.php\/2024\/05\/06\/holguin-yarin-adaya-geliyor\/"},"wordCount":165,"commentCount":0,"image":{"@id":"https:\/\/haberverkibris.com\/index.php\/2024\/05\/06\/holguin-yarin-adaya-geliyor\/#primaryimage"},"thumbnailUrl":"https:\/\/haberverkibris.com\/wp-content\/uploads\/2024\/05\/maria-angel-holguin-cuellar-cumhurbaskanligi-cikisinda-aciklama-yapti-1-ero-1-1-1.jpg","articleSection":["K\u0131br\u0131s"],"inLanguage":"tr","potentialAction":[{"@type":"CommentAction","name":"Comment","target":["https:\/\/haberverkibris.com\/index.php\/2024\/05\/06\/holguin-yarin-adaya-geliyor\/#respond"]}]},{"@type":"WebPage","@id":"https:\/\/haberverkibris.com\/index.php\/2024\/05\/06\/holguin-yarin-adaya-geliyor\/","url":"https:\/\/haberverkibris.com\/index.php\/2024\/05\/06\/holguin-yarin-adaya-geliyor\/","name":"Holguin yar\u0131n adaya geliyor - Haber Ver K\u0131br\u0131s","isPartOf":{"@id":"https:\/\/haberverkibris.com\/#website"},"primaryImageOfPage":{"@id":"https:\/\/haberverkibris.com\/index.php\/2024\/05\/06\/holguin-yarin-adaya-geliyor\/#primaryimage"},"image":{"@id":"https:\/\/haberverkibris.com\/index.php\/2024\/05\/06\/holguin-yarin-adaya-geliyor\/#primaryimage"},"thumbnailUrl":"https:\/\/haberverkibris.com\/wp-content\/uploads\/2024\/05\/maria-angel-holguin-cuellar-cumhurbaskanligi-cikisinda-aciklama-yapti-1-ero-1-1-1.jpg","datePublished":"2024-05-06T07:31:55+00:00","author":{"@id":"https:\/\/haberverkibris.com\/#\/schema\/person\/29d65381ed43765483b5a185ded66a56"},"breadcrumb":{"@id":"https:\/\/haberverkibris.com\/index.php\/2024\/05\/06\/holguin-yarin-adaya-geliyor\/#breadcrumb"},"inLanguage":"tr","potentialAction":[{"@type":"ReadAction","target":["https:\/\/haberverkibris.com\/index.php\/2024\/05\/06\/holguin-yarin-adaya-geliyor\/"]}]},{"@type":"ImageObject","inLanguage":"tr","@id":"https:\/\/haberverkibris.com\/index.php\/2024\/05\/06\/holguin-yarin-adaya-geliyor\/#primaryimage","url":"https:\/\/haberverkibris.com\/wp-content\/uploads\/2024\/05\/maria-angel-holguin-cuellar-cumhurbaskanligi-cikisinda-aciklama-yapti-1-ero-1-1-1.jpg","contentUrl":"https:\/\/haberverkibris.com\/wp-content\/uploads\/2024\/05\/maria-angel-holguin-cuellar-cumhurbaskanligi-cikisinda-aciklama-yapti-1-ero-1-1-1.jpg","width":1654,"height":1104},{"@type":"BreadcrumbList","@id":"https:\/\/haberverkibris.com\/index.php\/2024\/05\/06\/holguin-yarin-adaya-geliyor\/#breadcrumb","itemListElement":[{"@type":"ListItem","position":1,"name":"Anasayfa","item":"https:\/\/haberverkibris.com\/"},{"@type":"ListItem","position":2,"name":"Holguin yar\u0131n adaya geliyor"}]},{"@type":"WebSite","@id":"https:\/\/haberverkibris.com\/#website","url":"https:\/\/haberverkibris.com\/","name":"Kuzeyin Sesi","description":"Do\u011fru Haberin Adresi","potentialAction":[{"@type":"SearchAction","target":{"@type":"EntryPoint","urlTemplate":"https:\/\/haberverkibris.com\/?s={search_term_string}"},"query-input":{"@type":"PropertyValueSpecification","valueRequired":true,"valueName":"search_term_string"}}],"inLanguage":"tr"},{"@type":"Person","@id":"https:\/\/haberverkibris.com\/#\/schema\/person\/29d65381ed43765483b5a185ded66a56","name":"Haberver K\u0131br\u0131s","image":{"@type":"ImageObject","inLanguage":"tr","@id":"https:\/\/secure.gravatar.com\/avatar\/bab33852abfd8b282518d6ed81826833d77c3c882d9ab608add591ccace47a44?s=96&d=mm&r=g","url":"https:\/\/secure.gravatar.com\/avatar\/bab33852abfd8b282518d6ed81826833d77c3c882d9ab608add591ccace47a44?s=96&d=mm&r=g","contentUrl":"https:\/\/secure.gravatar.com\/avatar\/bab33852abfd8b282518d6ed81826833d77c3c882d9ab608add591ccace47a44?s=96&d=mm&r=g","caption":"Haberver K\u0131br\u0131s"},"sameAs":["https:\/\/haberverkibris.com"],"url":"https:\/\/haberverkibris.com\/index.php\/author\/guven\/"}]}},"_links":{"self":[{"href":"https:\/\/haberverkibris.com\/index.php\/wp-json\/wp\/v2\/posts\/1445","targetHints":{"allow":["GET"]}}],"collection":[{"href":"https:\/\/haberverkibris.com\/index.php\/wp-json\/wp\/v2\/posts"}],"about":[{"href":"https:\/\/haberverkibris.com\/index.php\/wp-json\/wp\/v2\/types\/post"}],"author":[{"embeddable":true,"href":"https:\/\/haberverkibris.com\/index.php\/wp-json\/wp\/v2\/users\/1"}],"replies":[{"embeddable":true,"href":"https:\/\/haberverkibris.com\/index.php\/wp-json\/wp\/v2\/comments?post=1445"}],"version-history":[{"count":0,"href":"https:\/\/haberverkibris.com\/index.php\/wp-json\/wp\/v2\/posts\/1445\/revisions"}],"wp:featuredmedia":[{"embeddable":true,"href":"https:\/\/haberverkibris.com\/index.php\/wp-json\/wp\/v2\/media\/1446"}],"wp:attachment":[{"href":"https:\/\/haberverkibris.com\/index.php\/wp-json\/wp\/v2\/media?parent=1445"}],"wp:term":[{"taxonomy":"category","embeddable":true,"href":"https:\/\/haberverkibris.com\/index.php\/wp-json\/wp\/v2\/categories?post=1445"},{"taxonomy":"post_tag","embeddable":true,"href":"https:\/\/haberverkibris.com\/index.php\/wp-json\/wp\/v2\/tags?post=1445"}],"curies":[{"name":"wp","href":"https:\/\/api.w.org\/{rel}","templated":true}]}}