{"id":1323,"date":"2024-05-04T21:43:54","date_gmt":"2024-05-04T18:43:54","guid":{"rendered":"https:\/\/kuzeyinsesi.com\/index.php\/2024\/05\/04\/brezilyadaki-sel-felaketinde-can-kaybi-56ya-yukseldi\/"},"modified":"2024-05-04T21:43:54","modified_gmt":"2024-05-04T18:43:54","slug":"brezilyadaki-sel-felaketinde-can-kaybi-56ya-yukseldi","status":"publish","type":"post","link":"https:\/\/haberverkibris.com\/index.php\/2024\/05\/04\/brezilyadaki-sel-felaketinde-can-kaybi-56ya-yukseldi\/","title":{"rendered":"Brezilya&#039;daki sel felaketinde can kayb\u0131 56&#039;ya y\u00fckseldi"},"content":{"rendered":"<p><\/p>\n<div>\n<p>&#13;<br \/>\n\tBrezilya&#8217;n\u0131n g\u00fcneyindeki Rio Grande do Sul eyaletinde hafta ba\u015f\u0131ndan bu yana etkili olan ya\u011f\u0131\u015f, can ve mal kayb\u0131n\u0131n artmas\u0131na yol a\u00e7t\u0131.<\/p>\n<p>&#13;<br \/>\n\tEyalete ba\u011fl\u0131 Sivil Savunmadan yap\u0131lan a\u00e7\u0131klamada, \u00f6lenlerin say\u0131s\u0131n\u0131n 56&#8217;ya, kay\u0131plar\u0131n say\u0131s\u0131n\u0131n 67&#8217;ye \u00e7\u0131kt\u0131\u011f\u0131 belirtildi.<\/p>\n<p>&#13;<br \/>\n\tYaralanan 74 ki\u015finin hastanelere kald\u0131r\u0131ld\u0131\u011f\u0131 kaydedilen a\u00e7\u0131klamada, arama kurtarma \u00e7al\u0131\u015fmalar\u0131n\u0131n aral\u0131ks\u0131z s\u00fcrd\u00fcr\u00fcld\u00fc\u011f\u00fc ifade edildi.<\/p>\n<p>&#13;<br \/>\n\tYerel bas\u0131na g\u00f6re sellerden 377 bin 497 ki\u015fi olumsuz etkilendi, 281 kasabada ciddi hasar olu\u015ftu.<\/p>\n<p>&#13;<br \/>\n\t<strong>Felaket durumu ilan edilmi\u015fti<\/strong><\/p>\n<p>&#13;<br \/>\n\tRio Grande do Sul Valisi Eduardo Leite, d\u00fcn yapt\u0131\u011f\u0131 bas\u0131n a\u00e7\u0131klamas\u0131nda, halen ula\u015famad\u0131klar\u0131 alanlar\u0131n oldu\u011funu belirterek, &#8220;Son derece istisnai bir durumdan ge\u00e7iyoruz. Bu, kritik bir olay de\u011fil eyalet tarihinin en y\u0131k\u0131c\u0131 olay\u0131d\u0131r.&#8221; ifadelerini kullanm\u0131\u015ft\u0131.<\/p>\n<p>&#13;<br \/>\n\tLeite, trajedinin b\u00fcy\u00fckl\u00fc\u011f\u00fc nedeniyle 180 g\u00fcnl\u00fc\u011f\u00fcne &#8220;felaket durumu&#8221; ilan ettiklerini ve insanlar\u0131n felaket b\u00f6lgesinden tahliyesi i\u00e7in ciddi gayret g\u00f6sterdiklerini belirtmi\u015fti.<\/p>\n<p>&#13;<br \/>\n\tB\u00f6lgeyi ziyaret eden Devlet Ba\u015fkan\u0131 Luiz Inaico Lula da Silva, h\u00fck\u00fcmet olarak eyalete tam destek verdiklerini dile getirerek, &#8220;T\u00fcm ihtiya\u00e7lar\u0131n kar\u015f\u0131lanmas\u0131 i\u00e7in federal h\u00fck\u00fcmet olarak ne gerekiyorsa yapaca\u011f\u0131z. Hasar\u0131n onar\u0131lmas\u0131 i\u00e7in y\u00fczde 100 destek verece\u011fiz.&#8221; a\u00e7\u0131klamas\u0131nda bulunmu\u015ftu.<\/p>\n<\/p><\/div>\n","protected":false},"excerpt":{"rendered":"<p>&#13; Brezilya&#8217;n\u0131n g\u00fcneyindeki Rio Grande do Sul eyaletinde hafta ba\u015f\u0131ndan bu yana etkili olan ya\u011f\u0131\u015f, can ve mal kayb\u0131n\u0131n artmas\u0131na yol a\u00e7t\u0131. &#13; Eyalete ba\u011fl\u0131 Sivil Savunmadan yap\u0131lan a\u00e7\u0131klamada, \u00f6lenlerin say\u0131s\u0131n\u0131n 56&#8217;ya, kay\u0131plar\u0131n say\u0131s\u0131n\u0131n 67&#8217;ye \u00e7\u0131kt\u0131\u011f\u0131 belirtildi. &#13; Yaralanan 74 ki\u015finin hastanelere kald\u0131r\u0131ld\u0131\u011f\u0131 kaydedilen a\u00e7\u0131klamada, arama kurtarma \u00e7al\u0131\u015fmalar\u0131n\u0131n aral\u0131ks\u0131z s\u00fcrd\u00fcr\u00fcld\u00fc\u011f\u00fc ifade edildi. &#13; Yerel bas\u0131na [&hellip;]<\/p>\n","protected":false},"author":1,"featured_media":1324,"comment_status":"open","ping_status":"open","sticky":false,"template":"","format":"standard","meta":{"jnews-multi-image_gallery":[],"jnews_single_post":[],"jnews_primary_category":[],"jnews_social_meta":[],"jnews_override_counter":[],"footnotes":""},"categories":[2],"tags":[],"class_list":["post-1323","post","type-post","status-publish","format-standard","has-post-thumbnail","hentry","category-dunya"],"yoast_head":"<!-- This site is optimized with the Yoast SEO plugin v27.5 - https:\/\/yoast.com\/product\/yoast-seo-wordpress\/ -->\n<title>Brezilya&#039;daki sel felaketinde can kayb\u0131 56&#039;ya y\u00fckseldi - Haber Ver K\u0131br\u0131s<\/title>\n<meta name=\"robots\" content=\"index, follow, max-snippet:-1, max-image-preview:large, max-video-preview:-1\" \/>\n<link rel=\"canonical\" href=\"https:\/\/haberverkibris.com\/index.php\/2024\/05\/04\/brezilyadaki-sel-felaketinde-can-kaybi-56ya-yukseldi\/\" \/>\n<meta property=\"og:locale\" content=\"tr_TR\" \/>\n<meta property=\"og:type\" content=\"article\" \/>\n<meta property=\"og:title\" content=\"Brezilya&#039;daki sel felaketinde can kayb\u0131 56&#039;ya y\u00fckseldi - Haber Ver K\u0131br\u0131s\" \/>\n<meta property=\"og:description\" content=\"&#013; Brezilya&#8217;n\u0131n g\u00fcneyindeki Rio Grande do Sul eyaletinde hafta ba\u015f\u0131ndan bu yana etkili olan ya\u011f\u0131\u015f, can ve mal kayb\u0131n\u0131n artmas\u0131na yol a\u00e7t\u0131. &#013; Eyalete ba\u011fl\u0131 Sivil Savunmadan yap\u0131lan a\u00e7\u0131klamada, \u00f6lenlerin say\u0131s\u0131n\u0131n 56&#8217;ya, kay\u0131plar\u0131n say\u0131s\u0131n\u0131n 67&#8217;ye \u00e7\u0131kt\u0131\u011f\u0131 belirtildi. &#013; Yaralanan 74 ki\u015finin hastanelere kald\u0131r\u0131ld\u0131\u011f\u0131 kaydedilen a\u00e7\u0131klamada, arama kurtarma \u00e7al\u0131\u015fmalar\u0131n\u0131n aral\u0131ks\u0131z s\u00fcrd\u00fcr\u00fcld\u00fc\u011f\u00fc ifade edildi. &#013; Yerel bas\u0131na [&hellip;]\" \/>\n<meta property=\"og:url\" content=\"https:\/\/haberverkibris.com\/index.php\/2024\/05\/04\/brezilyadaki-sel-felaketinde-can-kaybi-56ya-yukseldi\/\" \/>\n<meta property=\"og:site_name\" content=\"Haber Ver K\u0131br\u0131s\" \/>\n<meta property=\"article:publisher\" content=\"https:\/\/www.facebook.com\/kuzeyinsesii\" \/>\n<meta property=\"article:published_time\" content=\"2024-05-04T18:43:54+00:00\" \/>\n<meta property=\"og:image\" content=\"https:\/\/haberverkibris.com\/wp-content\/uploads\/2024\/05\/brezilya-sel-afp-2224385.jpg\" \/>\n\t<meta property=\"og:image:width\" content=\"1280\" \/>\n\t<meta property=\"og:image:height\" content=\"720\" \/>\n\t<meta property=\"og:image:type\" content=\"image\/jpeg\" \/>\n<meta name=\"author\" content=\"Haberver K\u0131br\u0131s\" \/>\n<meta name=\"twitter:card\" content=\"summary_large_image\" \/>\n<meta name=\"twitter:creator\" content=\"@kuzeyinsesii\" \/>\n<meta name=\"twitter:site\" content=\"@kuzeyinsesii\" \/>\n<meta name=\"twitter:label1\" content=\"Yazan:\" \/>\n\t<meta name=\"twitter:data1\" content=\"Haberver K\u0131br\u0131s\" \/>\n\t<meta name=\"twitter:label2\" content=\"Tahmini okuma s\u00fcresi\" \/>\n\t<meta name=\"twitter:data2\" content=\"1 dakika\" \/>\n<script type=\"application\/ld+json\" class=\"yoast-schema-graph\">{\"@context\":\"https:\\\/\\\/schema.org\",\"@graph\":[{\"@type\":\"Article\",\"@id\":\"https:\\\/\\\/haberverkibris.com\\\/index.php\\\/2024\\\/05\\\/04\\\/brezilyadaki-sel-felaketinde-can-kaybi-56ya-yukseldi\\\/#article\",\"isPartOf\":{\"@id\":\"https:\\\/\\\/haberverkibris.com\\\/index.php\\\/2024\\\/05\\\/04\\\/brezilyadaki-sel-felaketinde-can-kaybi-56ya-yukseldi\\\/\"},\"author\":{\"name\":\"Haberver K\u0131br\u0131s\",\"@id\":\"https:\\\/\\\/haberverkibris.com\\\/#\\\/schema\\\/person\\\/29d65381ed43765483b5a185ded66a56\"},\"headline\":\"Brezilya&#039;daki sel felaketinde can kayb\u0131 56&#039;ya y\u00fckseldi\",\"datePublished\":\"2024-05-04T18:43:54+00:00\",\"mainEntityOfPage\":{\"@id\":\"https:\\\/\\\/haberverkibris.com\\\/index.php\\\/2024\\\/05\\\/04\\\/brezilyadaki-sel-felaketinde-can-kaybi-56ya-yukseldi\\\/\"},\"wordCount\":242,\"commentCount\":0,\"image\":{\"@id\":\"https:\\\/\\\/haberverkibris.com\\\/index.php\\\/2024\\\/05\\\/04\\\/brezilyadaki-sel-felaketinde-can-kaybi-56ya-yukseldi\\\/#primaryimage\"},\"thumbnailUrl\":\"https:\\\/\\\/haberverkibris.com\\\/wp-content\\\/uploads\\\/2024\\\/05\\\/brezilya-sel-afp-2224385.jpg\",\"articleSection\":[\"D\u00fcnya\"],\"inLanguage\":\"tr\",\"potentialAction\":[{\"@type\":\"CommentAction\",\"name\":\"Comment\",\"target\":[\"https:\\\/\\\/haberverkibris.com\\\/index.php\\\/2024\\\/05\\\/04\\\/brezilyadaki-sel-felaketinde-can-kaybi-56ya-yukseldi\\\/#respond\"]}]},{\"@type\":\"WebPage\",\"@id\":\"https:\\\/\\\/haberverkibris.com\\\/index.php\\\/2024\\\/05\\\/04\\\/brezilyadaki-sel-felaketinde-can-kaybi-56ya-yukseldi\\\/\",\"url\":\"https:\\\/\\\/haberverkibris.com\\\/index.php\\\/2024\\\/05\\\/04\\\/brezilyadaki-sel-felaketinde-can-kaybi-56ya-yukseldi\\\/\",\"name\":\"Brezilya&#039;daki sel felaketinde can kayb\u0131 56&#039;ya y\u00fckseldi - Haber Ver K\u0131br\u0131s\",\"isPartOf\":{\"@id\":\"https:\\\/\\\/haberverkibris.com\\\/#website\"},\"primaryImageOfPage\":{\"@id\":\"https:\\\/\\\/haberverkibris.com\\\/index.php\\\/2024\\\/05\\\/04\\\/brezilyadaki-sel-felaketinde-can-kaybi-56ya-yukseldi\\\/#primaryimage\"},\"image\":{\"@id\":\"https:\\\/\\\/haberverkibris.com\\\/index.php\\\/2024\\\/05\\\/04\\\/brezilyadaki-sel-felaketinde-can-kaybi-56ya-yukseldi\\\/#primaryimage\"},\"thumbnailUrl\":\"https:\\\/\\\/haberverkibris.com\\\/wp-content\\\/uploads\\\/2024\\\/05\\\/brezilya-sel-afp-2224385.jpg\",\"datePublished\":\"2024-05-04T18:43:54+00:00\",\"author\":{\"@id\":\"https:\\\/\\\/haberverkibris.com\\\/#\\\/schema\\\/person\\\/29d65381ed43765483b5a185ded66a56\"},\"breadcrumb\":{\"@id\":\"https:\\\/\\\/haberverkibris.com\\\/index.php\\\/2024\\\/05\\\/04\\\/brezilyadaki-sel-felaketinde-can-kaybi-56ya-yukseldi\\\/#breadcrumb\"},\"inLanguage\":\"tr\",\"potentialAction\":[{\"@type\":\"ReadAction\",\"target\":[\"https:\\\/\\\/haberverkibris.com\\\/index.php\\\/2024\\\/05\\\/04\\\/brezilyadaki-sel-felaketinde-can-kaybi-56ya-yukseldi\\\/\"]}]},{\"@type\":\"ImageObject\",\"inLanguage\":\"tr\",\"@id\":\"https:\\\/\\\/haberverkibris.com\\\/index.php\\\/2024\\\/05\\\/04\\\/brezilyadaki-sel-felaketinde-can-kaybi-56ya-yukseldi\\\/#primaryimage\",\"url\":\"https:\\\/\\\/haberverkibris.com\\\/wp-content\\\/uploads\\\/2024\\\/05\\\/brezilya-sel-afp-2224385.jpg\",\"contentUrl\":\"https:\\\/\\\/haberverkibris.com\\\/wp-content\\\/uploads\\\/2024\\\/05\\\/brezilya-sel-afp-2224385.jpg\",\"width\":1280,\"height\":720},{\"@type\":\"BreadcrumbList\",\"@id\":\"https:\\\/\\\/haberverkibris.com\\\/index.php\\\/2024\\\/05\\\/04\\\/brezilyadaki-sel-felaketinde-can-kaybi-56ya-yukseldi\\\/#breadcrumb\",\"itemListElement\":[{\"@type\":\"ListItem\",\"position\":1,\"name\":\"Anasayfa\",\"item\":\"https:\\\/\\\/haberverkibris.com\\\/\"},{\"@type\":\"ListItem\",\"position\":2,\"name\":\"Brezilya&#039;daki sel felaketinde can kayb\u0131 56&#039;ya y\u00fckseldi\"}]},{\"@type\":\"WebSite\",\"@id\":\"https:\\\/\\\/haberverkibris.com\\\/#website\",\"url\":\"https:\\\/\\\/haberverkibris.com\\\/\",\"name\":\"Kuzeyin Sesi\",\"description\":\"Do\u011fru Haberin Adresi\",\"potentialAction\":[{\"@type\":\"SearchAction\",\"target\":{\"@type\":\"EntryPoint\",\"urlTemplate\":\"https:\\\/\\\/haberverkibris.com\\\/?s={search_term_string}\"},\"query-input\":{\"@type\":\"PropertyValueSpecification\",\"valueRequired\":true,\"valueName\":\"search_term_string\"}}],\"inLanguage\":\"tr\"},{\"@type\":\"Person\",\"@id\":\"https:\\\/\\\/haberverkibris.com\\\/#\\\/schema\\\/person\\\/29d65381ed43765483b5a185ded66a56\",\"name\":\"Haberver K\u0131br\u0131s\",\"image\":{\"@type\":\"ImageObject\",\"inLanguage\":\"tr\",\"@id\":\"https:\\\/\\\/secure.gravatar.com\\\/avatar\\\/bab33852abfd8b282518d6ed81826833d77c3c882d9ab608add591ccace47a44?s=96&d=mm&r=g\",\"url\":\"https:\\\/\\\/secure.gravatar.com\\\/avatar\\\/bab33852abfd8b282518d6ed81826833d77c3c882d9ab608add591ccace47a44?s=96&d=mm&r=g\",\"contentUrl\":\"https:\\\/\\\/secure.gravatar.com\\\/avatar\\\/bab33852abfd8b282518d6ed81826833d77c3c882d9ab608add591ccace47a44?s=96&d=mm&r=g\",\"caption\":\"Haberver K\u0131br\u0131s\"},\"sameAs\":[\"https:\\\/\\\/haberverkibris.com\"],\"url\":\"https:\\\/\\\/haberverkibris.com\\\/index.php\\\/author\\\/guven\\\/\"}]}<\/script>\n<!-- \/ Yoast SEO plugin. -->","yoast_head_json":{"title":"Brezilya&#039;daki sel felaketinde can kayb\u0131 56&#039;ya y\u00fckseldi - Haber Ver K\u0131br\u0131s","robots":{"index":"index","follow":"follow","max-snippet":"max-snippet:-1","max-image-preview":"max-image-preview:large","max-video-preview":"max-video-preview:-1"},"canonical":"https:\/\/haberverkibris.com\/index.php\/2024\/05\/04\/brezilyadaki-sel-felaketinde-can-kaybi-56ya-yukseldi\/","og_locale":"tr_TR","og_type":"article","og_title":"Brezilya&#039;daki sel felaketinde can kayb\u0131 56&#039;ya y\u00fckseldi - Haber Ver K\u0131br\u0131s","og_description":"&#13; Brezilya&#8217;n\u0131n g\u00fcneyindeki Rio Grande do Sul eyaletinde hafta ba\u015f\u0131ndan bu yana etkili olan ya\u011f\u0131\u015f, can ve mal kayb\u0131n\u0131n artmas\u0131na yol a\u00e7t\u0131. &#13; Eyalete ba\u011fl\u0131 Sivil Savunmadan yap\u0131lan a\u00e7\u0131klamada, \u00f6lenlerin say\u0131s\u0131n\u0131n 56&#8217;ya, kay\u0131plar\u0131n say\u0131s\u0131n\u0131n 67&#8217;ye \u00e7\u0131kt\u0131\u011f\u0131 belirtildi. &#13; Yaralanan 74 ki\u015finin hastanelere kald\u0131r\u0131ld\u0131\u011f\u0131 kaydedilen a\u00e7\u0131klamada, arama kurtarma \u00e7al\u0131\u015fmalar\u0131n\u0131n aral\u0131ks\u0131z s\u00fcrd\u00fcr\u00fcld\u00fc\u011f\u00fc ifade edildi. &#13; Yerel bas\u0131na [&hellip;]","og_url":"https:\/\/haberverkibris.com\/index.php\/2024\/05\/04\/brezilyadaki-sel-felaketinde-can-kaybi-56ya-yukseldi\/","og_site_name":"Haber Ver K\u0131br\u0131s","article_publisher":"https:\/\/www.facebook.com\/kuzeyinsesii","article_published_time":"2024-05-04T18:43:54+00:00","og_image":[{"width":1280,"height":720,"url":"https:\/\/haberverkibris.com\/wp-content\/uploads\/2024\/05\/brezilya-sel-afp-2224385.jpg","type":"image\/jpeg"}],"author":"Haberver K\u0131br\u0131s","twitter_card":"summary_large_image","twitter_creator":"@kuzeyinsesii","twitter_site":"@kuzeyinsesii","twitter_misc":{"Yazan:":"Haberver K\u0131br\u0131s","Tahmini okuma s\u00fcresi":"1 dakika"},"schema":{"@context":"https:\/\/schema.org","@graph":[{"@type":"Article","@id":"https:\/\/haberverkibris.com\/index.php\/2024\/05\/04\/brezilyadaki-sel-felaketinde-can-kaybi-56ya-yukseldi\/#article","isPartOf":{"@id":"https:\/\/haberverkibris.com\/index.php\/2024\/05\/04\/brezilyadaki-sel-felaketinde-can-kaybi-56ya-yukseldi\/"},"author":{"name":"Haberver K\u0131br\u0131s","@id":"https:\/\/haberverkibris.com\/#\/schema\/person\/29d65381ed43765483b5a185ded66a56"},"headline":"Brezilya&#039;daki sel felaketinde can kayb\u0131 56&#039;ya y\u00fckseldi","datePublished":"2024-05-04T18:43:54+00:00","mainEntityOfPage":{"@id":"https:\/\/haberverkibris.com\/index.php\/2024\/05\/04\/brezilyadaki-sel-felaketinde-can-kaybi-56ya-yukseldi\/"},"wordCount":242,"commentCount":0,"image":{"@id":"https:\/\/haberverkibris.com\/index.php\/2024\/05\/04\/brezilyadaki-sel-felaketinde-can-kaybi-56ya-yukseldi\/#primaryimage"},"thumbnailUrl":"https:\/\/haberverkibris.com\/wp-content\/uploads\/2024\/05\/brezilya-sel-afp-2224385.jpg","articleSection":["D\u00fcnya"],"inLanguage":"tr","potentialAction":[{"@type":"CommentAction","name":"Comment","target":["https:\/\/haberverkibris.com\/index.php\/2024\/05\/04\/brezilyadaki-sel-felaketinde-can-kaybi-56ya-yukseldi\/#respond"]}]},{"@type":"WebPage","@id":"https:\/\/haberverkibris.com\/index.php\/2024\/05\/04\/brezilyadaki-sel-felaketinde-can-kaybi-56ya-yukseldi\/","url":"https:\/\/haberverkibris.com\/index.php\/2024\/05\/04\/brezilyadaki-sel-felaketinde-can-kaybi-56ya-yukseldi\/","name":"Brezilya&#039;daki sel felaketinde can kayb\u0131 56&#039;ya y\u00fckseldi - Haber Ver K\u0131br\u0131s","isPartOf":{"@id":"https:\/\/haberverkibris.com\/#website"},"primaryImageOfPage":{"@id":"https:\/\/haberverkibris.com\/index.php\/2024\/05\/04\/brezilyadaki-sel-felaketinde-can-kaybi-56ya-yukseldi\/#primaryimage"},"image":{"@id":"https:\/\/haberverkibris.com\/index.php\/2024\/05\/04\/brezilyadaki-sel-felaketinde-can-kaybi-56ya-yukseldi\/#primaryimage"},"thumbnailUrl":"https:\/\/haberverkibris.com\/wp-content\/uploads\/2024\/05\/brezilya-sel-afp-2224385.jpg","datePublished":"2024-05-04T18:43:54+00:00","author":{"@id":"https:\/\/haberverkibris.com\/#\/schema\/person\/29d65381ed43765483b5a185ded66a56"},"breadcrumb":{"@id":"https:\/\/haberverkibris.com\/index.php\/2024\/05\/04\/brezilyadaki-sel-felaketinde-can-kaybi-56ya-yukseldi\/#breadcrumb"},"inLanguage":"tr","potentialAction":[{"@type":"ReadAction","target":["https:\/\/haberverkibris.com\/index.php\/2024\/05\/04\/brezilyadaki-sel-felaketinde-can-kaybi-56ya-yukseldi\/"]}]},{"@type":"ImageObject","inLanguage":"tr","@id":"https:\/\/haberverkibris.com\/index.php\/2024\/05\/04\/brezilyadaki-sel-felaketinde-can-kaybi-56ya-yukseldi\/#primaryimage","url":"https:\/\/haberverkibris.com\/wp-content\/uploads\/2024\/05\/brezilya-sel-afp-2224385.jpg","contentUrl":"https:\/\/haberverkibris.com\/wp-content\/uploads\/2024\/05\/brezilya-sel-afp-2224385.jpg","width":1280,"height":720},{"@type":"BreadcrumbList","@id":"https:\/\/haberverkibris.com\/index.php\/2024\/05\/04\/brezilyadaki-sel-felaketinde-can-kaybi-56ya-yukseldi\/#breadcrumb","itemListElement":[{"@type":"ListItem","position":1,"name":"Anasayfa","item":"https:\/\/haberverkibris.com\/"},{"@type":"ListItem","position":2,"name":"Brezilya&#039;daki sel felaketinde can kayb\u0131 56&#039;ya y\u00fckseldi"}]},{"@type":"WebSite","@id":"https:\/\/haberverkibris.com\/#website","url":"https:\/\/haberverkibris.com\/","name":"Kuzeyin Sesi","description":"Do\u011fru Haberin Adresi","potentialAction":[{"@type":"SearchAction","target":{"@type":"EntryPoint","urlTemplate":"https:\/\/haberverkibris.com\/?s={search_term_string}"},"query-input":{"@type":"PropertyValueSpecification","valueRequired":true,"valueName":"search_term_string"}}],"inLanguage":"tr"},{"@type":"Person","@id":"https:\/\/haberverkibris.com\/#\/schema\/person\/29d65381ed43765483b5a185ded66a56","name":"Haberver K\u0131br\u0131s","image":{"@type":"ImageObject","inLanguage":"tr","@id":"https:\/\/secure.gravatar.com\/avatar\/bab33852abfd8b282518d6ed81826833d77c3c882d9ab608add591ccace47a44?s=96&d=mm&r=g","url":"https:\/\/secure.gravatar.com\/avatar\/bab33852abfd8b282518d6ed81826833d77c3c882d9ab608add591ccace47a44?s=96&d=mm&r=g","contentUrl":"https:\/\/secure.gravatar.com\/avatar\/bab33852abfd8b282518d6ed81826833d77c3c882d9ab608add591ccace47a44?s=96&d=mm&r=g","caption":"Haberver K\u0131br\u0131s"},"sameAs":["https:\/\/haberverkibris.com"],"url":"https:\/\/haberverkibris.com\/index.php\/author\/guven\/"}]}},"_links":{"self":[{"href":"https:\/\/haberverkibris.com\/index.php\/wp-json\/wp\/v2\/posts\/1323","targetHints":{"allow":["GET"]}}],"collection":[{"href":"https:\/\/haberverkibris.com\/index.php\/wp-json\/wp\/v2\/posts"}],"about":[{"href":"https:\/\/haberverkibris.com\/index.php\/wp-json\/wp\/v2\/types\/post"}],"author":[{"embeddable":true,"href":"https:\/\/haberverkibris.com\/index.php\/wp-json\/wp\/v2\/users\/1"}],"replies":[{"embeddable":true,"href":"https:\/\/haberverkibris.com\/index.php\/wp-json\/wp\/v2\/comments?post=1323"}],"version-history":[{"count":0,"href":"https:\/\/haberverkibris.com\/index.php\/wp-json\/wp\/v2\/posts\/1323\/revisions"}],"wp:featuredmedia":[{"embeddable":true,"href":"https:\/\/haberverkibris.com\/index.php\/wp-json\/wp\/v2\/media\/1324"}],"wp:attachment":[{"href":"https:\/\/haberverkibris.com\/index.php\/wp-json\/wp\/v2\/media?parent=1323"}],"wp:term":[{"taxonomy":"category","embeddable":true,"href":"https:\/\/haberverkibris.com\/index.php\/wp-json\/wp\/v2\/categories?post=1323"},{"taxonomy":"post_tag","embeddable":true,"href":"https:\/\/haberverkibris.com\/index.php\/wp-json\/wp\/v2\/tags?post=1323"}],"curies":[{"name":"wp","href":"https:\/\/api.w.org\/{rel}","templated":true}]}}