{"id":1114,"date":"2024-05-01T12:18:53","date_gmt":"2024-05-01T09:18:53","guid":{"rendered":"https:\/\/kuzeyinsesi.com\/index.php\/2024\/05\/01\/mehmetcik-buyukkonuk-belediye-baskani-tuglu-1-mayis-mesaji-yayimladi\/"},"modified":"2024-05-01T12:18:53","modified_gmt":"2024-05-01T09:18:53","slug":"mehmetcik-buyukkonuk-belediye-baskani-tuglu-1-mayis-mesaji-yayimladi","status":"publish","type":"post","link":"https:\/\/haberverkibris.com\/index.php\/2024\/05\/01\/mehmetcik-buyukkonuk-belediye-baskani-tuglu-1-mayis-mesaji-yayimladi\/","title":{"rendered":"Mehmet\u00e7ik B\u00fcy\u00fckkonuk Belediye Ba\u015fkan\u0131 Tu\u011flu 1 May\u0131s mesaj\u0131 yay\u0131mlad\u0131"},"content":{"rendered":"<div>\n<div class=\"mariselle-image-container none\">\n                                            <\/div>\n<p>Mehmet\u00e7ik B\u00fcy\u00fckkonuk Belediye Ba\u015fkan\u0131 Dr. Fatma \u00c7imen Tu\u011flu, 1 May\u0131s Emek ve Dayan\u0131\u015fma G\u00fcn\u00fc\u2019n\u00fcn, eme\u011fin ve emek\u00e7inin \u00f6neminin bir kez daha hat\u0131rlat\u0131ld\u0131\u011f\u0131, dayan\u0131\u015fma ve birlik ruhunun peki\u015ftirildi\u011fi anlaml\u0131 bir g\u00fcn oldu\u011funu vurgulad\u0131.<\/p>\n<p>Tu\u011flu, 1 May\u0131s nedeniyle yay\u0131mlad\u0131\u011f\u0131 mesajda, eme\u011fin, toplumun temel dire\u011fi, kalk\u0131nman\u0131n itici g\u00fcc\u00fc oldu\u011funu belirterek, \u201c\u0130\u015f\u00e7i karde\u015flerimizin al\u0131n teriyle, eme\u011fiyle kazand\u0131\u011f\u0131 haklar, ge\u00e7mi\u015ften bug\u00fcne m\u00fccadelelerle elde edilmi\u015ftir. Bug\u00fcn, bu haklar\u0131 korumak ve daha da ileriye ta\u015f\u0131mak i\u00e7in m\u00fccadele etmek, hepimizin ortak sorumlulu\u011fudur\u201d dedi.<\/p>\n<p>Tu\u011flu mesaj\u0131na \u015f\u00f6yle devam etti;<\/p>\n<p>\u201cMehmet\u00e7ik B\u00fcy\u00fckkonuk Belediyesi olarak, eme\u011fin k\u0131ymetini her zaman takdir etmekte ve emek\u00e7ilerimizin yan\u0131nda olmaktan gurur duymaktay\u0131z. \u00c7al\u0131\u015fanlar\u0131m\u0131z\u0131n daha adil ve g\u00fcvenli bir i\u015f ortam\u0131nda \u00e7al\u0131\u015fmalar\u0131n\u0131 sa\u011flamak, temel \u00f6nceliklerimiz aras\u0131ndad\u0131r.<\/p>\n<p>Bug\u00fcn, emek\u00e7ilerimizin haklar\u0131na sahip \u00e7\u0131kmak, onlar\u0131n ya\u015fam ko\u015fullar\u0131n\u0131 iyile\u015ftirmek i\u00e7in bir f\u0131rsatt\u0131r. Hep birlikte, daha adil, daha e\u015fitlik\u00e7i bir toplum i\u00e7in \u00e7al\u0131\u015fmaya devam edece\u011fiz.<\/p>\n<p>Bu duygu ve d\u00fc\u015f\u00fcncelerle, ba\u015fta t\u00fcm emek\u00e7ilerimiz olmak \u00fczere, Mehmet\u00e7ik B\u00fcy\u00fckkonuk halk\u0131n\u0131n 1 May\u0131s Emek ve Dayan\u0131\u015fma G\u00fcn\u00fc\u2019n\u00fc en i\u00e7ten dileklerimle kutluyor, sa\u011fl\u0131k, mutluluk ve huzur dolu g\u00fcnler diliyorum\u201d<\/p>\n<\/p><\/div>\n<p><script async\n                    defer\n                    crossorigin=\"anonymous\"\n                    src=\"https:\/\/connect.facebook.net\/tr_TR\/sdk.js#xfbml=1&#038;version=v3.3\"\n            ><\/script><\/p>\n","protected":false},"excerpt":{"rendered":"<p>Mehmet\u00e7ik B\u00fcy\u00fckkonuk Belediye Ba\u015fkan\u0131 Dr. Fatma \u00c7imen Tu\u011flu, 1 May\u0131s Emek ve Dayan\u0131\u015fma G\u00fcn\u00fc\u2019n\u00fcn, eme\u011fin ve emek\u00e7inin \u00f6neminin bir kez daha hat\u0131rlat\u0131ld\u0131\u011f\u0131, dayan\u0131\u015fma ve birlik ruhunun peki\u015ftirildi\u011fi anlaml\u0131 bir g\u00fcn oldu\u011funu vurgulad\u0131. Tu\u011flu, 1 May\u0131s nedeniyle yay\u0131mlad\u0131\u011f\u0131 mesajda, eme\u011fin, toplumun temel dire\u011fi, kalk\u0131nman\u0131n itici g\u00fcc\u00fc oldu\u011funu belirterek, \u201c\u0130\u015f\u00e7i karde\u015flerimizin al\u0131n teriyle, eme\u011fiyle kazand\u0131\u011f\u0131 haklar, ge\u00e7mi\u015ften [&hellip;]<\/p>\n","protected":false},"author":1,"featured_media":1115,"comment_status":"open","ping_status":"open","sticky":false,"template":"","format":"standard","meta":{"jnews-multi-image_gallery":[],"jnews_single_post":[],"jnews_primary_category":[],"jnews_social_meta":[],"jnews_override_counter":[],"footnotes":""},"categories":[1],"tags":[],"class_list":["post-1114","post","type-post","status-publish","format-standard","has-post-thumbnail","hentry","category-kibris"],"yoast_head":"<!-- This site is optimized with the Yoast SEO plugin v27.5 - https:\/\/yoast.com\/product\/yoast-seo-wordpress\/ -->\n<title>Mehmet\u00e7ik B\u00fcy\u00fckkonuk Belediye Ba\u015fkan\u0131 Tu\u011flu 1 May\u0131s mesaj\u0131 yay\u0131mlad\u0131 - Haber Ver K\u0131br\u0131s<\/title>\n<meta name=\"robots\" content=\"index, follow, max-snippet:-1, max-image-preview:large, max-video-preview:-1\" \/>\n<link rel=\"canonical\" href=\"https:\/\/haberverkibris.com\/index.php\/2024\/05\/01\/mehmetcik-buyukkonuk-belediye-baskani-tuglu-1-mayis-mesaji-yayimladi\/\" \/>\n<meta property=\"og:locale\" content=\"tr_TR\" \/>\n<meta property=\"og:type\" content=\"article\" \/>\n<meta property=\"og:title\" content=\"Mehmet\u00e7ik B\u00fcy\u00fckkonuk Belediye Ba\u015fkan\u0131 Tu\u011flu 1 May\u0131s mesaj\u0131 yay\u0131mlad\u0131 - Haber Ver K\u0131br\u0131s\" \/>\n<meta property=\"og:description\" content=\"Mehmet\u00e7ik B\u00fcy\u00fckkonuk Belediye Ba\u015fkan\u0131 Dr. Fatma \u00c7imen Tu\u011flu, 1 May\u0131s Emek ve Dayan\u0131\u015fma G\u00fcn\u00fc\u2019n\u00fcn, eme\u011fin ve emek\u00e7inin \u00f6neminin bir kez daha hat\u0131rlat\u0131ld\u0131\u011f\u0131, dayan\u0131\u015fma ve birlik ruhunun peki\u015ftirildi\u011fi anlaml\u0131 bir g\u00fcn oldu\u011funu vurgulad\u0131. Tu\u011flu, 1 May\u0131s nedeniyle yay\u0131mlad\u0131\u011f\u0131 mesajda, eme\u011fin, toplumun temel dire\u011fi, kalk\u0131nman\u0131n itici g\u00fcc\u00fc oldu\u011funu belirterek, \u201c\u0130\u015f\u00e7i karde\u015flerimizin al\u0131n teriyle, eme\u011fiyle kazand\u0131\u011f\u0131 haklar, ge\u00e7mi\u015ften [&hellip;]\" \/>\n<meta property=\"og:url\" content=\"https:\/\/haberverkibris.com\/index.php\/2024\/05\/01\/mehmetcik-buyukkonuk-belediye-baskani-tuglu-1-mayis-mesaji-yayimladi\/\" \/>\n<meta property=\"og:site_name\" content=\"Haber Ver K\u0131br\u0131s\" \/>\n<meta property=\"article:publisher\" content=\"https:\/\/www.facebook.com\/kuzeyinsesii\" \/>\n<meta property=\"article:published_time\" content=\"2024-05-01T09:18:53+00:00\" \/>\n<meta property=\"og:image\" content=\"https:\/\/haberverkibris.com\/wp-content\/uploads\/2024\/05\/mehmetcik-buyukkonuk-1-mayis.jpg\" \/>\n\t<meta property=\"og:image:width\" content=\"930\" \/>\n\t<meta property=\"og:image:height\" content=\"930\" \/>\n\t<meta property=\"og:image:type\" content=\"image\/jpeg\" \/>\n<meta name=\"author\" content=\"Haberver K\u0131br\u0131s\" \/>\n<meta name=\"twitter:card\" content=\"summary_large_image\" \/>\n<meta name=\"twitter:creator\" content=\"@kuzeyinsesii\" \/>\n<meta name=\"twitter:site\" content=\"@kuzeyinsesii\" \/>\n<meta name=\"twitter:label1\" content=\"Yazan:\" \/>\n\t<meta name=\"twitter:data1\" content=\"Haberver K\u0131br\u0131s\" \/>\n\t<meta name=\"twitter:label2\" content=\"Tahmini okuma s\u00fcresi\" \/>\n\t<meta name=\"twitter:data2\" content=\"1 dakika\" \/>\n<script type=\"application\/ld+json\" class=\"yoast-schema-graph\">{\"@context\":\"https:\\\/\\\/schema.org\",\"@graph\":[{\"@type\":\"Article\",\"@id\":\"https:\\\/\\\/haberverkibris.com\\\/index.php\\\/2024\\\/05\\\/01\\\/mehmetcik-buyukkonuk-belediye-baskani-tuglu-1-mayis-mesaji-yayimladi\\\/#article\",\"isPartOf\":{\"@id\":\"https:\\\/\\\/haberverkibris.com\\\/index.php\\\/2024\\\/05\\\/01\\\/mehmetcik-buyukkonuk-belediye-baskani-tuglu-1-mayis-mesaji-yayimladi\\\/\"},\"author\":{\"name\":\"Haberver K\u0131br\u0131s\",\"@id\":\"https:\\\/\\\/haberverkibris.com\\\/#\\\/schema\\\/person\\\/29d65381ed43765483b5a185ded66a56\"},\"headline\":\"Mehmet\u00e7ik B\u00fcy\u00fckkonuk Belediye Ba\u015fkan\u0131 Tu\u011flu 1 May\u0131s mesaj\u0131 yay\u0131mlad\u0131\",\"datePublished\":\"2024-05-01T09:18:53+00:00\",\"mainEntityOfPage\":{\"@id\":\"https:\\\/\\\/haberverkibris.com\\\/index.php\\\/2024\\\/05\\\/01\\\/mehmetcik-buyukkonuk-belediye-baskani-tuglu-1-mayis-mesaji-yayimladi\\\/\"},\"wordCount\":269,\"commentCount\":0,\"image\":{\"@id\":\"https:\\\/\\\/haberverkibris.com\\\/index.php\\\/2024\\\/05\\\/01\\\/mehmetcik-buyukkonuk-belediye-baskani-tuglu-1-mayis-mesaji-yayimladi\\\/#primaryimage\"},\"thumbnailUrl\":\"https:\\\/\\\/haberverkibris.com\\\/wp-content\\\/uploads\\\/2024\\\/05\\\/mehmetcik-buyukkonuk-1-mayis.jpg\",\"articleSection\":[\"K\u0131br\u0131s\"],\"inLanguage\":\"tr\",\"potentialAction\":[{\"@type\":\"CommentAction\",\"name\":\"Comment\",\"target\":[\"https:\\\/\\\/haberverkibris.com\\\/index.php\\\/2024\\\/05\\\/01\\\/mehmetcik-buyukkonuk-belediye-baskani-tuglu-1-mayis-mesaji-yayimladi\\\/#respond\"]}]},{\"@type\":\"WebPage\",\"@id\":\"https:\\\/\\\/haberverkibris.com\\\/index.php\\\/2024\\\/05\\\/01\\\/mehmetcik-buyukkonuk-belediye-baskani-tuglu-1-mayis-mesaji-yayimladi\\\/\",\"url\":\"https:\\\/\\\/haberverkibris.com\\\/index.php\\\/2024\\\/05\\\/01\\\/mehmetcik-buyukkonuk-belediye-baskani-tuglu-1-mayis-mesaji-yayimladi\\\/\",\"name\":\"Mehmet\u00e7ik B\u00fcy\u00fckkonuk Belediye Ba\u015fkan\u0131 Tu\u011flu 1 May\u0131s mesaj\u0131 yay\u0131mlad\u0131 - Haber Ver K\u0131br\u0131s\",\"isPartOf\":{\"@id\":\"https:\\\/\\\/haberverkibris.com\\\/#website\"},\"primaryImageOfPage\":{\"@id\":\"https:\\\/\\\/haberverkibris.com\\\/index.php\\\/2024\\\/05\\\/01\\\/mehmetcik-buyukkonuk-belediye-baskani-tuglu-1-mayis-mesaji-yayimladi\\\/#primaryimage\"},\"image\":{\"@id\":\"https:\\\/\\\/haberverkibris.com\\\/index.php\\\/2024\\\/05\\\/01\\\/mehmetcik-buyukkonuk-belediye-baskani-tuglu-1-mayis-mesaji-yayimladi\\\/#primaryimage\"},\"thumbnailUrl\":\"https:\\\/\\\/haberverkibris.com\\\/wp-content\\\/uploads\\\/2024\\\/05\\\/mehmetcik-buyukkonuk-1-mayis.jpg\",\"datePublished\":\"2024-05-01T09:18:53+00:00\",\"author\":{\"@id\":\"https:\\\/\\\/haberverkibris.com\\\/#\\\/schema\\\/person\\\/29d65381ed43765483b5a185ded66a56\"},\"breadcrumb\":{\"@id\":\"https:\\\/\\\/haberverkibris.com\\\/index.php\\\/2024\\\/05\\\/01\\\/mehmetcik-buyukkonuk-belediye-baskani-tuglu-1-mayis-mesaji-yayimladi\\\/#breadcrumb\"},\"inLanguage\":\"tr\",\"potentialAction\":[{\"@type\":\"ReadAction\",\"target\":[\"https:\\\/\\\/haberverkibris.com\\\/index.php\\\/2024\\\/05\\\/01\\\/mehmetcik-buyukkonuk-belediye-baskani-tuglu-1-mayis-mesaji-yayimladi\\\/\"]}]},{\"@type\":\"ImageObject\",\"inLanguage\":\"tr\",\"@id\":\"https:\\\/\\\/haberverkibris.com\\\/index.php\\\/2024\\\/05\\\/01\\\/mehmetcik-buyukkonuk-belediye-baskani-tuglu-1-mayis-mesaji-yayimladi\\\/#primaryimage\",\"url\":\"https:\\\/\\\/haberverkibris.com\\\/wp-content\\\/uploads\\\/2024\\\/05\\\/mehmetcik-buyukkonuk-1-mayis.jpg\",\"contentUrl\":\"https:\\\/\\\/haberverkibris.com\\\/wp-content\\\/uploads\\\/2024\\\/05\\\/mehmetcik-buyukkonuk-1-mayis.jpg\",\"width\":930,\"height\":930},{\"@type\":\"BreadcrumbList\",\"@id\":\"https:\\\/\\\/haberverkibris.com\\\/index.php\\\/2024\\\/05\\\/01\\\/mehmetcik-buyukkonuk-belediye-baskani-tuglu-1-mayis-mesaji-yayimladi\\\/#breadcrumb\",\"itemListElement\":[{\"@type\":\"ListItem\",\"position\":1,\"name\":\"Anasayfa\",\"item\":\"https:\\\/\\\/haberverkibris.com\\\/\"},{\"@type\":\"ListItem\",\"position\":2,\"name\":\"Mehmet\u00e7ik B\u00fcy\u00fckkonuk Belediye Ba\u015fkan\u0131 Tu\u011flu 1 May\u0131s mesaj\u0131 yay\u0131mlad\u0131\"}]},{\"@type\":\"WebSite\",\"@id\":\"https:\\\/\\\/haberverkibris.com\\\/#website\",\"url\":\"https:\\\/\\\/haberverkibris.com\\\/\",\"name\":\"Kuzeyin Sesi\",\"description\":\"Do\u011fru Haberin Adresi\",\"potentialAction\":[{\"@type\":\"SearchAction\",\"target\":{\"@type\":\"EntryPoint\",\"urlTemplate\":\"https:\\\/\\\/haberverkibris.com\\\/?s={search_term_string}\"},\"query-input\":{\"@type\":\"PropertyValueSpecification\",\"valueRequired\":true,\"valueName\":\"search_term_string\"}}],\"inLanguage\":\"tr\"},{\"@type\":\"Person\",\"@id\":\"https:\\\/\\\/haberverkibris.com\\\/#\\\/schema\\\/person\\\/29d65381ed43765483b5a185ded66a56\",\"name\":\"Haberver K\u0131br\u0131s\",\"image\":{\"@type\":\"ImageObject\",\"inLanguage\":\"tr\",\"@id\":\"https:\\\/\\\/secure.gravatar.com\\\/avatar\\\/bab33852abfd8b282518d6ed81826833d77c3c882d9ab608add591ccace47a44?s=96&d=mm&r=g\",\"url\":\"https:\\\/\\\/secure.gravatar.com\\\/avatar\\\/bab33852abfd8b282518d6ed81826833d77c3c882d9ab608add591ccace47a44?s=96&d=mm&r=g\",\"contentUrl\":\"https:\\\/\\\/secure.gravatar.com\\\/avatar\\\/bab33852abfd8b282518d6ed81826833d77c3c882d9ab608add591ccace47a44?s=96&d=mm&r=g\",\"caption\":\"Haberver K\u0131br\u0131s\"},\"sameAs\":[\"https:\\\/\\\/haberverkibris.com\"],\"url\":\"https:\\\/\\\/haberverkibris.com\\\/index.php\\\/author\\\/guven\\\/\"}]}<\/script>\n<!-- \/ Yoast SEO plugin. -->","yoast_head_json":{"title":"Mehmet\u00e7ik B\u00fcy\u00fckkonuk Belediye Ba\u015fkan\u0131 Tu\u011flu 1 May\u0131s mesaj\u0131 yay\u0131mlad\u0131 - Haber Ver K\u0131br\u0131s","robots":{"index":"index","follow":"follow","max-snippet":"max-snippet:-1","max-image-preview":"max-image-preview:large","max-video-preview":"max-video-preview:-1"},"canonical":"https:\/\/haberverkibris.com\/index.php\/2024\/05\/01\/mehmetcik-buyukkonuk-belediye-baskani-tuglu-1-mayis-mesaji-yayimladi\/","og_locale":"tr_TR","og_type":"article","og_title":"Mehmet\u00e7ik B\u00fcy\u00fckkonuk Belediye Ba\u015fkan\u0131 Tu\u011flu 1 May\u0131s mesaj\u0131 yay\u0131mlad\u0131 - Haber Ver K\u0131br\u0131s","og_description":"Mehmet\u00e7ik B\u00fcy\u00fckkonuk Belediye Ba\u015fkan\u0131 Dr. Fatma \u00c7imen Tu\u011flu, 1 May\u0131s Emek ve Dayan\u0131\u015fma G\u00fcn\u00fc\u2019n\u00fcn, eme\u011fin ve emek\u00e7inin \u00f6neminin bir kez daha hat\u0131rlat\u0131ld\u0131\u011f\u0131, dayan\u0131\u015fma ve birlik ruhunun peki\u015ftirildi\u011fi anlaml\u0131 bir g\u00fcn oldu\u011funu vurgulad\u0131. Tu\u011flu, 1 May\u0131s nedeniyle yay\u0131mlad\u0131\u011f\u0131 mesajda, eme\u011fin, toplumun temel dire\u011fi, kalk\u0131nman\u0131n itici g\u00fcc\u00fc oldu\u011funu belirterek, \u201c\u0130\u015f\u00e7i karde\u015flerimizin al\u0131n teriyle, eme\u011fiyle kazand\u0131\u011f\u0131 haklar, ge\u00e7mi\u015ften [&hellip;]","og_url":"https:\/\/haberverkibris.com\/index.php\/2024\/05\/01\/mehmetcik-buyukkonuk-belediye-baskani-tuglu-1-mayis-mesaji-yayimladi\/","og_site_name":"Haber Ver K\u0131br\u0131s","article_publisher":"https:\/\/www.facebook.com\/kuzeyinsesii","article_published_time":"2024-05-01T09:18:53+00:00","og_image":[{"width":930,"height":930,"url":"https:\/\/haberverkibris.com\/wp-content\/uploads\/2024\/05\/mehmetcik-buyukkonuk-1-mayis.jpg","type":"image\/jpeg"}],"author":"Haberver K\u0131br\u0131s","twitter_card":"summary_large_image","twitter_creator":"@kuzeyinsesii","twitter_site":"@kuzeyinsesii","twitter_misc":{"Yazan:":"Haberver K\u0131br\u0131s","Tahmini okuma s\u00fcresi":"1 dakika"},"schema":{"@context":"https:\/\/schema.org","@graph":[{"@type":"Article","@id":"https:\/\/haberverkibris.com\/index.php\/2024\/05\/01\/mehmetcik-buyukkonuk-belediye-baskani-tuglu-1-mayis-mesaji-yayimladi\/#article","isPartOf":{"@id":"https:\/\/haberverkibris.com\/index.php\/2024\/05\/01\/mehmetcik-buyukkonuk-belediye-baskani-tuglu-1-mayis-mesaji-yayimladi\/"},"author":{"name":"Haberver K\u0131br\u0131s","@id":"https:\/\/haberverkibris.com\/#\/schema\/person\/29d65381ed43765483b5a185ded66a56"},"headline":"Mehmet\u00e7ik B\u00fcy\u00fckkonuk Belediye Ba\u015fkan\u0131 Tu\u011flu 1 May\u0131s mesaj\u0131 yay\u0131mlad\u0131","datePublished":"2024-05-01T09:18:53+00:00","mainEntityOfPage":{"@id":"https:\/\/haberverkibris.com\/index.php\/2024\/05\/01\/mehmetcik-buyukkonuk-belediye-baskani-tuglu-1-mayis-mesaji-yayimladi\/"},"wordCount":269,"commentCount":0,"image":{"@id":"https:\/\/haberverkibris.com\/index.php\/2024\/05\/01\/mehmetcik-buyukkonuk-belediye-baskani-tuglu-1-mayis-mesaji-yayimladi\/#primaryimage"},"thumbnailUrl":"https:\/\/haberverkibris.com\/wp-content\/uploads\/2024\/05\/mehmetcik-buyukkonuk-1-mayis.jpg","articleSection":["K\u0131br\u0131s"],"inLanguage":"tr","potentialAction":[{"@type":"CommentAction","name":"Comment","target":["https:\/\/haberverkibris.com\/index.php\/2024\/05\/01\/mehmetcik-buyukkonuk-belediye-baskani-tuglu-1-mayis-mesaji-yayimladi\/#respond"]}]},{"@type":"WebPage","@id":"https:\/\/haberverkibris.com\/index.php\/2024\/05\/01\/mehmetcik-buyukkonuk-belediye-baskani-tuglu-1-mayis-mesaji-yayimladi\/","url":"https:\/\/haberverkibris.com\/index.php\/2024\/05\/01\/mehmetcik-buyukkonuk-belediye-baskani-tuglu-1-mayis-mesaji-yayimladi\/","name":"Mehmet\u00e7ik B\u00fcy\u00fckkonuk Belediye Ba\u015fkan\u0131 Tu\u011flu 1 May\u0131s mesaj\u0131 yay\u0131mlad\u0131 - Haber Ver K\u0131br\u0131s","isPartOf":{"@id":"https:\/\/haberverkibris.com\/#website"},"primaryImageOfPage":{"@id":"https:\/\/haberverkibris.com\/index.php\/2024\/05\/01\/mehmetcik-buyukkonuk-belediye-baskani-tuglu-1-mayis-mesaji-yayimladi\/#primaryimage"},"image":{"@id":"https:\/\/haberverkibris.com\/index.php\/2024\/05\/01\/mehmetcik-buyukkonuk-belediye-baskani-tuglu-1-mayis-mesaji-yayimladi\/#primaryimage"},"thumbnailUrl":"https:\/\/haberverkibris.com\/wp-content\/uploads\/2024\/05\/mehmetcik-buyukkonuk-1-mayis.jpg","datePublished":"2024-05-01T09:18:53+00:00","author":{"@id":"https:\/\/haberverkibris.com\/#\/schema\/person\/29d65381ed43765483b5a185ded66a56"},"breadcrumb":{"@id":"https:\/\/haberverkibris.com\/index.php\/2024\/05\/01\/mehmetcik-buyukkonuk-belediye-baskani-tuglu-1-mayis-mesaji-yayimladi\/#breadcrumb"},"inLanguage":"tr","potentialAction":[{"@type":"ReadAction","target":["https:\/\/haberverkibris.com\/index.php\/2024\/05\/01\/mehmetcik-buyukkonuk-belediye-baskani-tuglu-1-mayis-mesaji-yayimladi\/"]}]},{"@type":"ImageObject","inLanguage":"tr","@id":"https:\/\/haberverkibris.com\/index.php\/2024\/05\/01\/mehmetcik-buyukkonuk-belediye-baskani-tuglu-1-mayis-mesaji-yayimladi\/#primaryimage","url":"https:\/\/haberverkibris.com\/wp-content\/uploads\/2024\/05\/mehmetcik-buyukkonuk-1-mayis.jpg","contentUrl":"https:\/\/haberverkibris.com\/wp-content\/uploads\/2024\/05\/mehmetcik-buyukkonuk-1-mayis.jpg","width":930,"height":930},{"@type":"BreadcrumbList","@id":"https:\/\/haberverkibris.com\/index.php\/2024\/05\/01\/mehmetcik-buyukkonuk-belediye-baskani-tuglu-1-mayis-mesaji-yayimladi\/#breadcrumb","itemListElement":[{"@type":"ListItem","position":1,"name":"Anasayfa","item":"https:\/\/haberverkibris.com\/"},{"@type":"ListItem","position":2,"name":"Mehmet\u00e7ik B\u00fcy\u00fckkonuk Belediye Ba\u015fkan\u0131 Tu\u011flu 1 May\u0131s mesaj\u0131 yay\u0131mlad\u0131"}]},{"@type":"WebSite","@id":"https:\/\/haberverkibris.com\/#website","url":"https:\/\/haberverkibris.com\/","name":"Kuzeyin Sesi","description":"Do\u011fru Haberin Adresi","potentialAction":[{"@type":"SearchAction","target":{"@type":"EntryPoint","urlTemplate":"https:\/\/haberverkibris.com\/?s={search_term_string}"},"query-input":{"@type":"PropertyValueSpecification","valueRequired":true,"valueName":"search_term_string"}}],"inLanguage":"tr"},{"@type":"Person","@id":"https:\/\/haberverkibris.com\/#\/schema\/person\/29d65381ed43765483b5a185ded66a56","name":"Haberver K\u0131br\u0131s","image":{"@type":"ImageObject","inLanguage":"tr","@id":"https:\/\/secure.gravatar.com\/avatar\/bab33852abfd8b282518d6ed81826833d77c3c882d9ab608add591ccace47a44?s=96&d=mm&r=g","url":"https:\/\/secure.gravatar.com\/avatar\/bab33852abfd8b282518d6ed81826833d77c3c882d9ab608add591ccace47a44?s=96&d=mm&r=g","contentUrl":"https:\/\/secure.gravatar.com\/avatar\/bab33852abfd8b282518d6ed81826833d77c3c882d9ab608add591ccace47a44?s=96&d=mm&r=g","caption":"Haberver K\u0131br\u0131s"},"sameAs":["https:\/\/haberverkibris.com"],"url":"https:\/\/haberverkibris.com\/index.php\/author\/guven\/"}]}},"_links":{"self":[{"href":"https:\/\/haberverkibris.com\/index.php\/wp-json\/wp\/v2\/posts\/1114","targetHints":{"allow":["GET"]}}],"collection":[{"href":"https:\/\/haberverkibris.com\/index.php\/wp-json\/wp\/v2\/posts"}],"about":[{"href":"https:\/\/haberverkibris.com\/index.php\/wp-json\/wp\/v2\/types\/post"}],"author":[{"embeddable":true,"href":"https:\/\/haberverkibris.com\/index.php\/wp-json\/wp\/v2\/users\/1"}],"replies":[{"embeddable":true,"href":"https:\/\/haberverkibris.com\/index.php\/wp-json\/wp\/v2\/comments?post=1114"}],"version-history":[{"count":0,"href":"https:\/\/haberverkibris.com\/index.php\/wp-json\/wp\/v2\/posts\/1114\/revisions"}],"wp:featuredmedia":[{"embeddable":true,"href":"https:\/\/haberverkibris.com\/index.php\/wp-json\/wp\/v2\/media\/1115"}],"wp:attachment":[{"href":"https:\/\/haberverkibris.com\/index.php\/wp-json\/wp\/v2\/media?parent=1114"}],"wp:term":[{"taxonomy":"category","embeddable":true,"href":"https:\/\/haberverkibris.com\/index.php\/wp-json\/wp\/v2\/categories?post=1114"},{"taxonomy":"post_tag","embeddable":true,"href":"https:\/\/haberverkibris.com\/index.php\/wp-json\/wp\/v2\/tags?post=1114"}],"curies":[{"name":"wp","href":"https:\/\/api.w.org\/{rel}","templated":true}]}}