{"id":1074,"date":"2024-05-01T01:00:20","date_gmt":"2024-04-30T22:00:20","guid":{"rendered":"https:\/\/kuzeyinsesi.com\/index.php\/2024\/05\/01\/israilin-refahta-bir-eve-duzenledigi-saldirida-2-cocuk-hayatini-kaybetti\/"},"modified":"2024-05-01T01:00:20","modified_gmt":"2024-04-30T22:00:20","slug":"israilin-refahta-bir-eve-duzenledigi-saldirida-2-cocuk-hayatini-kaybetti","status":"publish","type":"post","link":"https:\/\/haberverkibris.com\/index.php\/2024\/05\/01\/israilin-refahta-bir-eve-duzenledigi-saldirida-2-cocuk-hayatini-kaybetti\/","title":{"rendered":"\u0130srail&#039;in Refah&#039;ta bir eve d\u00fczenledi\u011fi sald\u0131r\u0131da 2 \u00e7ocuk hayat\u0131n\u0131 kaybetti"},"content":{"rendered":"<p><\/p>\n<div>\n<p>&#13;<br \/>\n\t\u0130srail&#8217;e ait <a href=\"https:\/\/www.trthaber.com\/etiket\/savas\/\" target=\"_blank\" rel=\"noopener\">sava\u015f<\/a> u\u00e7aklar\u0131, Refah&#8217;\u0131n merkezinde yer alan E\u015f-\u015eabura Mahallesi&#8217;nde Ebu Gali ailesine ait evi bombalad\u0131.<\/p>\n<p>&#13;<br \/>\n\tSa\u011fl\u0131k kaynaklar\u0131ndan al\u0131nan bilgiye g\u00f6re, sald\u0131r\u0131da 2 \u00e7ocuk hayat\u0131n\u0131 kaybetti, \u00e7ok say\u0131da ki\u015fi yaraland\u0131.<\/p>\n<p>&#13;<br \/>\n\tKaynaklar, yaral\u0131lar\u0131n kentteki Kuveyt <a href=\"https:\/\/www.trthaber.com\/etiket\/arastirma\/\" target=\"_blank\" rel=\"noopener\">Ara\u015ft\u0131rma<\/a> Hastanesine kald\u0131r\u0131ld\u0131\u011f\u0131 bilgisini verdi.<\/p>\n<p>&#13;<br \/>\n\t\u00d6te yandan \u0130srail&#8217;in Refah&#8217;\u0131n do\u011fusundaki Ebu Halave semtini hedef ald\u0131\u011f\u0131 ve burada El-Hessi ailesine ait bir su deposunun vuruldu\u011fu, sald\u0131r\u0131da herhangi bir can kayb\u0131n\u0131n olmad\u0131\u011f\u0131 \u00f6\u011frenildi.<\/p>\n<p>&#13;<br \/>\n\tAyr\u0131ca <a href=\"https:\/\/www.trthaber.com\/etiket\/israil\/\" target=\"_blank\" rel=\"noopener\">\u0130srail<\/a> top\u00e7u birlikleri kentin do\u011fu b\u00f6lgelerine y\u00f6nelik sald\u0131r\u0131lar\u0131n\u0131 da yo\u011funla\u015ft\u0131rd\u0131.<\/p>\n<p>&#13;<br \/>\n\t<strong>\u0130srail&#8217;in Refah&#8217;a olas\u0131 kara sald\u0131r\u0131s\u0131<\/strong><\/p>\n<p>&#13;<br \/>\n\tGazze&#8217;nin g\u00fcneyinde <a href=\"https:\/\/www.trthaber.com\/etiket\/misir\/\" target=\"_blank\" rel=\"noopener\">M\u0131s\u0131r<\/a> s\u0131n\u0131r\u0131nda yer alan Refah kenti, \u0130srail sald\u0131r\u0131lar\u0131ndan \u00f6nce yakla\u015f\u0131k 280 bin Filistinliye ev sahipli\u011fi yap\u0131yordu. \u0130srail&#8217;in 7 Ekim&#8217;den bu yana devam eden sald\u0131r\u0131lar\u0131 nedeniyle 2,3 milyon n\u00fcfusa sahip <a href=\"https:\/\/www.trthaber.com\/etiket\/gazze\/\" target=\"_blank\" rel=\"noopener\">Gazze<\/a> \u015eeridi&#8217;nde 1,9 milyon ki\u015fi yerinden edildi.<\/p>\n<p>&#13;<br \/>\n\tYerinden edilen Filistinlilerin b\u00fcy\u00fck b\u00f6l\u00fcm\u00fc, \u0130srail&#8217;in daha \u00f6nce &#8220;g\u00fcvenli oldu\u011funu&#8221; iddia etti\u011fi Refah&#8217;a s\u0131\u011f\u0131nd\u0131. Kuzey b\u00f6lgelerden gelenlerle Refah&#8217;\u0131n n\u00fcfusu 4 kat\u0131ndan fazla artarak 1,5 milyona ula\u015ft\u0131.<\/p>\n<p>&#13;<br \/>\n\tYeterli <a href=\"https:\/\/www.trthaber.com\/etiket\/konut\/\" target=\"_blank\" rel=\"noopener\">konut<\/a> olmamas\u0131 nedeniyle Refah&#8217;a s\u0131\u011f\u0131nan Filistinlilerin b\u00fcy\u00fck bir b\u00f6l\u00fcm\u00fc derme \u00e7atma \u00e7ad\u0131rlardan olu\u015fan kamplarda ya\u015fam m\u00fccadelesi veriyor.<\/p>\n<p>&#13;<br \/>\n\t\u0130srail ordusu, Refah kentini s\u0131k s\u0131k hava sald\u0131r\u0131lar\u0131yla hedef al\u0131yor. \u0130srail&#8217;in Refah kentine kara sald\u0131r\u0131s\u0131 ba\u015flatmas\u0131 halinde sivillerin Gazze \u015eeridi&#8217;nde s\u0131\u011f\u0131nacak bir yerinin kalmayaca\u011f\u0131ndan endi\u015fe ediliyor.<\/p>\n<p>&#13;<br \/>\n\tUluslararas\u0131 uyar\u0131lara ra\u011fmen Refah&#8217;a sald\u0131r\u0131 plan\u0131n\u0131 onaylad\u0131\u011f\u0131n\u0131 defalarca yineleyen \u0130srail Ba\u015fbakan\u0131 Binyamin Netanyahu, 8 Nisan&#8217;da yapt\u0131\u011f\u0131 a\u00e7\u0131klamada sald\u0131r\u0131 i\u00e7in tarih belirlendi\u011fini belirtmi\u015fti.<\/p>\n<p>&#13;<br \/>\n\t\u0130srail devlet televizyonu KAN, \u0130srail ordusunun Refah&#8217;a kara sald\u0131r\u0131s\u0131n\u0131 &#8220;\u00e7ok yak\u0131nda&#8221; ba\u015flataca\u011f\u0131n\u0131 bildirmi\u015fti.<\/p>\n<\/p><\/div>\n","protected":false},"excerpt":{"rendered":"<p>&#13; \u0130srail&#8217;e ait sava\u015f u\u00e7aklar\u0131, Refah&#8217;\u0131n merkezinde yer alan E\u015f-\u015eabura Mahallesi&#8217;nde Ebu Gali ailesine ait evi bombalad\u0131. &#13; Sa\u011fl\u0131k kaynaklar\u0131ndan al\u0131nan bilgiye g\u00f6re, sald\u0131r\u0131da 2 \u00e7ocuk hayat\u0131n\u0131 kaybetti, \u00e7ok say\u0131da ki\u015fi yaraland\u0131. &#13; Kaynaklar, yaral\u0131lar\u0131n kentteki Kuveyt Ara\u015ft\u0131rma Hastanesine kald\u0131r\u0131ld\u0131\u011f\u0131 bilgisini verdi. &#13; \u00d6te yandan \u0130srail&#8217;in Refah&#8217;\u0131n do\u011fusundaki Ebu Halave semtini hedef ald\u0131\u011f\u0131 ve burada [&hellip;]<\/p>\n","protected":false},"author":1,"featured_media":1075,"comment_status":"open","ping_status":"open","sticky":false,"template":"","format":"standard","meta":{"jnews-multi-image_gallery":[],"jnews_single_post":[],"jnews_primary_category":[],"jnews_social_meta":[],"jnews_override_counter":[],"footnotes":""},"categories":[2],"tags":[],"class_list":["post-1074","post","type-post","status-publish","format-standard","has-post-thumbnail","hentry","category-dunya"],"yoast_head":"<!-- This site is optimized with the Yoast SEO plugin v27.5 - https:\/\/yoast.com\/product\/yoast-seo-wordpress\/ -->\n<title>\u0130srail&#039;in Refah&#039;ta bir eve d\u00fczenledi\u011fi sald\u0131r\u0131da 2 \u00e7ocuk hayat\u0131n\u0131 kaybetti - Haber Ver K\u0131br\u0131s<\/title>\n<meta name=\"robots\" content=\"index, follow, max-snippet:-1, max-image-preview:large, max-video-preview:-1\" \/>\n<link rel=\"canonical\" href=\"https:\/\/haberverkibris.com\/index.php\/2024\/05\/01\/israilin-refahta-bir-eve-duzenledigi-saldirida-2-cocuk-hayatini-kaybetti\/\" \/>\n<meta property=\"og:locale\" content=\"tr_TR\" \/>\n<meta property=\"og:type\" content=\"article\" \/>\n<meta property=\"og:title\" content=\"\u0130srail&#039;in Refah&#039;ta bir eve d\u00fczenledi\u011fi sald\u0131r\u0131da 2 \u00e7ocuk hayat\u0131n\u0131 kaybetti - Haber Ver K\u0131br\u0131s\" \/>\n<meta property=\"og:description\" content=\"&#013; \u0130srail&#8217;e ait sava\u015f u\u00e7aklar\u0131, Refah&#8217;\u0131n merkezinde yer alan E\u015f-\u015eabura Mahallesi&#8217;nde Ebu Gali ailesine ait evi bombalad\u0131. &#013; Sa\u011fl\u0131k kaynaklar\u0131ndan al\u0131nan bilgiye g\u00f6re, sald\u0131r\u0131da 2 \u00e7ocuk hayat\u0131n\u0131 kaybetti, \u00e7ok say\u0131da ki\u015fi yaraland\u0131. &#013; Kaynaklar, yaral\u0131lar\u0131n kentteki Kuveyt Ara\u015ft\u0131rma Hastanesine kald\u0131r\u0131ld\u0131\u011f\u0131 bilgisini verdi. &#013; \u00d6te yandan \u0130srail&#8217;in Refah&#8217;\u0131n do\u011fusundaki Ebu Halave semtini hedef ald\u0131\u011f\u0131 ve burada [&hellip;]\" \/>\n<meta property=\"og:url\" content=\"https:\/\/haberverkibris.com\/index.php\/2024\/05\/01\/israilin-refahta-bir-eve-duzenledigi-saldirida-2-cocuk-hayatini-kaybetti\/\" \/>\n<meta property=\"og:site_name\" content=\"Haber Ver K\u0131br\u0131s\" \/>\n<meta property=\"article:publisher\" content=\"https:\/\/www.facebook.com\/kuzeyinsesii\" \/>\n<meta property=\"article:published_time\" content=\"2024-04-30T22:00:20+00:00\" \/>\n<meta property=\"og:image\" content=\"https:\/\/haberverkibris.com\/wp-content\/uploads\/2024\/05\/gazze-aa-2214637.jpg\" \/>\n\t<meta property=\"og:image:width\" content=\"1280\" \/>\n\t<meta property=\"og:image:height\" content=\"720\" \/>\n\t<meta property=\"og:image:type\" content=\"image\/jpeg\" \/>\n<meta name=\"author\" content=\"Haberver K\u0131br\u0131s\" \/>\n<meta name=\"twitter:card\" content=\"summary_large_image\" \/>\n<meta name=\"twitter:creator\" content=\"@kuzeyinsesii\" \/>\n<meta name=\"twitter:site\" content=\"@kuzeyinsesii\" \/>\n<meta name=\"twitter:label1\" content=\"Yazan:\" \/>\n\t<meta name=\"twitter:data1\" content=\"Haberver K\u0131br\u0131s\" \/>\n\t<meta name=\"twitter:label2\" content=\"Tahmini okuma s\u00fcresi\" \/>\n\t<meta name=\"twitter:data2\" content=\"2 dakika\" \/>\n<script type=\"application\/ld+json\" class=\"yoast-schema-graph\">{\"@context\":\"https:\\\/\\\/schema.org\",\"@graph\":[{\"@type\":\"Article\",\"@id\":\"https:\\\/\\\/haberverkibris.com\\\/index.php\\\/2024\\\/05\\\/01\\\/israilin-refahta-bir-eve-duzenledigi-saldirida-2-cocuk-hayatini-kaybetti\\\/#article\",\"isPartOf\":{\"@id\":\"https:\\\/\\\/haberverkibris.com\\\/index.php\\\/2024\\\/05\\\/01\\\/israilin-refahta-bir-eve-duzenledigi-saldirida-2-cocuk-hayatini-kaybetti\\\/\"},\"author\":{\"name\":\"Haberver K\u0131br\u0131s\",\"@id\":\"https:\\\/\\\/haberverkibris.com\\\/#\\\/schema\\\/person\\\/29d65381ed43765483b5a185ded66a56\"},\"headline\":\"\u0130srail&#039;in Refah&#039;ta bir eve d\u00fczenledi\u011fi sald\u0131r\u0131da 2 \u00e7ocuk hayat\u0131n\u0131 kaybetti\",\"datePublished\":\"2024-04-30T22:00:20+00:00\",\"mainEntityOfPage\":{\"@id\":\"https:\\\/\\\/haberverkibris.com\\\/index.php\\\/2024\\\/05\\\/01\\\/israilin-refahta-bir-eve-duzenledigi-saldirida-2-cocuk-hayatini-kaybetti\\\/\"},\"wordCount\":357,\"commentCount\":0,\"image\":{\"@id\":\"https:\\\/\\\/haberverkibris.com\\\/index.php\\\/2024\\\/05\\\/01\\\/israilin-refahta-bir-eve-duzenledigi-saldirida-2-cocuk-hayatini-kaybetti\\\/#primaryimage\"},\"thumbnailUrl\":\"https:\\\/\\\/haberverkibris.com\\\/wp-content\\\/uploads\\\/2024\\\/05\\\/gazze-aa-2214637.jpg\",\"articleSection\":[\"D\u00fcnya\"],\"inLanguage\":\"tr\",\"potentialAction\":[{\"@type\":\"CommentAction\",\"name\":\"Comment\",\"target\":[\"https:\\\/\\\/haberverkibris.com\\\/index.php\\\/2024\\\/05\\\/01\\\/israilin-refahta-bir-eve-duzenledigi-saldirida-2-cocuk-hayatini-kaybetti\\\/#respond\"]}]},{\"@type\":\"WebPage\",\"@id\":\"https:\\\/\\\/haberverkibris.com\\\/index.php\\\/2024\\\/05\\\/01\\\/israilin-refahta-bir-eve-duzenledigi-saldirida-2-cocuk-hayatini-kaybetti\\\/\",\"url\":\"https:\\\/\\\/haberverkibris.com\\\/index.php\\\/2024\\\/05\\\/01\\\/israilin-refahta-bir-eve-duzenledigi-saldirida-2-cocuk-hayatini-kaybetti\\\/\",\"name\":\"\u0130srail&#039;in Refah&#039;ta bir eve d\u00fczenledi\u011fi sald\u0131r\u0131da 2 \u00e7ocuk hayat\u0131n\u0131 kaybetti - Haber Ver K\u0131br\u0131s\",\"isPartOf\":{\"@id\":\"https:\\\/\\\/haberverkibris.com\\\/#website\"},\"primaryImageOfPage\":{\"@id\":\"https:\\\/\\\/haberverkibris.com\\\/index.php\\\/2024\\\/05\\\/01\\\/israilin-refahta-bir-eve-duzenledigi-saldirida-2-cocuk-hayatini-kaybetti\\\/#primaryimage\"},\"image\":{\"@id\":\"https:\\\/\\\/haberverkibris.com\\\/index.php\\\/2024\\\/05\\\/01\\\/israilin-refahta-bir-eve-duzenledigi-saldirida-2-cocuk-hayatini-kaybetti\\\/#primaryimage\"},\"thumbnailUrl\":\"https:\\\/\\\/haberverkibris.com\\\/wp-content\\\/uploads\\\/2024\\\/05\\\/gazze-aa-2214637.jpg\",\"datePublished\":\"2024-04-30T22:00:20+00:00\",\"author\":{\"@id\":\"https:\\\/\\\/haberverkibris.com\\\/#\\\/schema\\\/person\\\/29d65381ed43765483b5a185ded66a56\"},\"breadcrumb\":{\"@id\":\"https:\\\/\\\/haberverkibris.com\\\/index.php\\\/2024\\\/05\\\/01\\\/israilin-refahta-bir-eve-duzenledigi-saldirida-2-cocuk-hayatini-kaybetti\\\/#breadcrumb\"},\"inLanguage\":\"tr\",\"potentialAction\":[{\"@type\":\"ReadAction\",\"target\":[\"https:\\\/\\\/haberverkibris.com\\\/index.php\\\/2024\\\/05\\\/01\\\/israilin-refahta-bir-eve-duzenledigi-saldirida-2-cocuk-hayatini-kaybetti\\\/\"]}]},{\"@type\":\"ImageObject\",\"inLanguage\":\"tr\",\"@id\":\"https:\\\/\\\/haberverkibris.com\\\/index.php\\\/2024\\\/05\\\/01\\\/israilin-refahta-bir-eve-duzenledigi-saldirida-2-cocuk-hayatini-kaybetti\\\/#primaryimage\",\"url\":\"https:\\\/\\\/haberverkibris.com\\\/wp-content\\\/uploads\\\/2024\\\/05\\\/gazze-aa-2214637.jpg\",\"contentUrl\":\"https:\\\/\\\/haberverkibris.com\\\/wp-content\\\/uploads\\\/2024\\\/05\\\/gazze-aa-2214637.jpg\",\"width\":1280,\"height\":720},{\"@type\":\"BreadcrumbList\",\"@id\":\"https:\\\/\\\/haberverkibris.com\\\/index.php\\\/2024\\\/05\\\/01\\\/israilin-refahta-bir-eve-duzenledigi-saldirida-2-cocuk-hayatini-kaybetti\\\/#breadcrumb\",\"itemListElement\":[{\"@type\":\"ListItem\",\"position\":1,\"name\":\"Anasayfa\",\"item\":\"https:\\\/\\\/haberverkibris.com\\\/\"},{\"@type\":\"ListItem\",\"position\":2,\"name\":\"\u0130srail&#039;in Refah&#039;ta bir eve d\u00fczenledi\u011fi sald\u0131r\u0131da 2 \u00e7ocuk hayat\u0131n\u0131 kaybetti\"}]},{\"@type\":\"WebSite\",\"@id\":\"https:\\\/\\\/haberverkibris.com\\\/#website\",\"url\":\"https:\\\/\\\/haberverkibris.com\\\/\",\"name\":\"Kuzeyin Sesi\",\"description\":\"Do\u011fru Haberin Adresi\",\"potentialAction\":[{\"@type\":\"SearchAction\",\"target\":{\"@type\":\"EntryPoint\",\"urlTemplate\":\"https:\\\/\\\/haberverkibris.com\\\/?s={search_term_string}\"},\"query-input\":{\"@type\":\"PropertyValueSpecification\",\"valueRequired\":true,\"valueName\":\"search_term_string\"}}],\"inLanguage\":\"tr\"},{\"@type\":\"Person\",\"@id\":\"https:\\\/\\\/haberverkibris.com\\\/#\\\/schema\\\/person\\\/29d65381ed43765483b5a185ded66a56\",\"name\":\"Haberver K\u0131br\u0131s\",\"image\":{\"@type\":\"ImageObject\",\"inLanguage\":\"tr\",\"@id\":\"https:\\\/\\\/secure.gravatar.com\\\/avatar\\\/bab33852abfd8b282518d6ed81826833d77c3c882d9ab608add591ccace47a44?s=96&d=mm&r=g\",\"url\":\"https:\\\/\\\/secure.gravatar.com\\\/avatar\\\/bab33852abfd8b282518d6ed81826833d77c3c882d9ab608add591ccace47a44?s=96&d=mm&r=g\",\"contentUrl\":\"https:\\\/\\\/secure.gravatar.com\\\/avatar\\\/bab33852abfd8b282518d6ed81826833d77c3c882d9ab608add591ccace47a44?s=96&d=mm&r=g\",\"caption\":\"Haberver K\u0131br\u0131s\"},\"sameAs\":[\"https:\\\/\\\/haberverkibris.com\"],\"url\":\"https:\\\/\\\/haberverkibris.com\\\/index.php\\\/author\\\/guven\\\/\"}]}<\/script>\n<!-- \/ Yoast SEO plugin. -->","yoast_head_json":{"title":"\u0130srail&#039;in Refah&#039;ta bir eve d\u00fczenledi\u011fi sald\u0131r\u0131da 2 \u00e7ocuk hayat\u0131n\u0131 kaybetti - Haber Ver K\u0131br\u0131s","robots":{"index":"index","follow":"follow","max-snippet":"max-snippet:-1","max-image-preview":"max-image-preview:large","max-video-preview":"max-video-preview:-1"},"canonical":"https:\/\/haberverkibris.com\/index.php\/2024\/05\/01\/israilin-refahta-bir-eve-duzenledigi-saldirida-2-cocuk-hayatini-kaybetti\/","og_locale":"tr_TR","og_type":"article","og_title":"\u0130srail&#039;in Refah&#039;ta bir eve d\u00fczenledi\u011fi sald\u0131r\u0131da 2 \u00e7ocuk hayat\u0131n\u0131 kaybetti - Haber Ver K\u0131br\u0131s","og_description":"&#13; \u0130srail&#8217;e ait sava\u015f u\u00e7aklar\u0131, Refah&#8217;\u0131n merkezinde yer alan E\u015f-\u015eabura Mahallesi&#8217;nde Ebu Gali ailesine ait evi bombalad\u0131. &#13; Sa\u011fl\u0131k kaynaklar\u0131ndan al\u0131nan bilgiye g\u00f6re, sald\u0131r\u0131da 2 \u00e7ocuk hayat\u0131n\u0131 kaybetti, \u00e7ok say\u0131da ki\u015fi yaraland\u0131. &#13; Kaynaklar, yaral\u0131lar\u0131n kentteki Kuveyt Ara\u015ft\u0131rma Hastanesine kald\u0131r\u0131ld\u0131\u011f\u0131 bilgisini verdi. &#13; \u00d6te yandan \u0130srail&#8217;in Refah&#8217;\u0131n do\u011fusundaki Ebu Halave semtini hedef ald\u0131\u011f\u0131 ve burada [&hellip;]","og_url":"https:\/\/haberverkibris.com\/index.php\/2024\/05\/01\/israilin-refahta-bir-eve-duzenledigi-saldirida-2-cocuk-hayatini-kaybetti\/","og_site_name":"Haber Ver K\u0131br\u0131s","article_publisher":"https:\/\/www.facebook.com\/kuzeyinsesii","article_published_time":"2024-04-30T22:00:20+00:00","og_image":[{"width":1280,"height":720,"url":"https:\/\/haberverkibris.com\/wp-content\/uploads\/2024\/05\/gazze-aa-2214637.jpg","type":"image\/jpeg"}],"author":"Haberver K\u0131br\u0131s","twitter_card":"summary_large_image","twitter_creator":"@kuzeyinsesii","twitter_site":"@kuzeyinsesii","twitter_misc":{"Yazan:":"Haberver K\u0131br\u0131s","Tahmini okuma s\u00fcresi":"2 dakika"},"schema":{"@context":"https:\/\/schema.org","@graph":[{"@type":"Article","@id":"https:\/\/haberverkibris.com\/index.php\/2024\/05\/01\/israilin-refahta-bir-eve-duzenledigi-saldirida-2-cocuk-hayatini-kaybetti\/#article","isPartOf":{"@id":"https:\/\/haberverkibris.com\/index.php\/2024\/05\/01\/israilin-refahta-bir-eve-duzenledigi-saldirida-2-cocuk-hayatini-kaybetti\/"},"author":{"name":"Haberver K\u0131br\u0131s","@id":"https:\/\/haberverkibris.com\/#\/schema\/person\/29d65381ed43765483b5a185ded66a56"},"headline":"\u0130srail&#039;in Refah&#039;ta bir eve d\u00fczenledi\u011fi sald\u0131r\u0131da 2 \u00e7ocuk hayat\u0131n\u0131 kaybetti","datePublished":"2024-04-30T22:00:20+00:00","mainEntityOfPage":{"@id":"https:\/\/haberverkibris.com\/index.php\/2024\/05\/01\/israilin-refahta-bir-eve-duzenledigi-saldirida-2-cocuk-hayatini-kaybetti\/"},"wordCount":357,"commentCount":0,"image":{"@id":"https:\/\/haberverkibris.com\/index.php\/2024\/05\/01\/israilin-refahta-bir-eve-duzenledigi-saldirida-2-cocuk-hayatini-kaybetti\/#primaryimage"},"thumbnailUrl":"https:\/\/haberverkibris.com\/wp-content\/uploads\/2024\/05\/gazze-aa-2214637.jpg","articleSection":["D\u00fcnya"],"inLanguage":"tr","potentialAction":[{"@type":"CommentAction","name":"Comment","target":["https:\/\/haberverkibris.com\/index.php\/2024\/05\/01\/israilin-refahta-bir-eve-duzenledigi-saldirida-2-cocuk-hayatini-kaybetti\/#respond"]}]},{"@type":"WebPage","@id":"https:\/\/haberverkibris.com\/index.php\/2024\/05\/01\/israilin-refahta-bir-eve-duzenledigi-saldirida-2-cocuk-hayatini-kaybetti\/","url":"https:\/\/haberverkibris.com\/index.php\/2024\/05\/01\/israilin-refahta-bir-eve-duzenledigi-saldirida-2-cocuk-hayatini-kaybetti\/","name":"\u0130srail&#039;in Refah&#039;ta bir eve d\u00fczenledi\u011fi sald\u0131r\u0131da 2 \u00e7ocuk hayat\u0131n\u0131 kaybetti - Haber Ver K\u0131br\u0131s","isPartOf":{"@id":"https:\/\/haberverkibris.com\/#website"},"primaryImageOfPage":{"@id":"https:\/\/haberverkibris.com\/index.php\/2024\/05\/01\/israilin-refahta-bir-eve-duzenledigi-saldirida-2-cocuk-hayatini-kaybetti\/#primaryimage"},"image":{"@id":"https:\/\/haberverkibris.com\/index.php\/2024\/05\/01\/israilin-refahta-bir-eve-duzenledigi-saldirida-2-cocuk-hayatini-kaybetti\/#primaryimage"},"thumbnailUrl":"https:\/\/haberverkibris.com\/wp-content\/uploads\/2024\/05\/gazze-aa-2214637.jpg","datePublished":"2024-04-30T22:00:20+00:00","author":{"@id":"https:\/\/haberverkibris.com\/#\/schema\/person\/29d65381ed43765483b5a185ded66a56"},"breadcrumb":{"@id":"https:\/\/haberverkibris.com\/index.php\/2024\/05\/01\/israilin-refahta-bir-eve-duzenledigi-saldirida-2-cocuk-hayatini-kaybetti\/#breadcrumb"},"inLanguage":"tr","potentialAction":[{"@type":"ReadAction","target":["https:\/\/haberverkibris.com\/index.php\/2024\/05\/01\/israilin-refahta-bir-eve-duzenledigi-saldirida-2-cocuk-hayatini-kaybetti\/"]}]},{"@type":"ImageObject","inLanguage":"tr","@id":"https:\/\/haberverkibris.com\/index.php\/2024\/05\/01\/israilin-refahta-bir-eve-duzenledigi-saldirida-2-cocuk-hayatini-kaybetti\/#primaryimage","url":"https:\/\/haberverkibris.com\/wp-content\/uploads\/2024\/05\/gazze-aa-2214637.jpg","contentUrl":"https:\/\/haberverkibris.com\/wp-content\/uploads\/2024\/05\/gazze-aa-2214637.jpg","width":1280,"height":720},{"@type":"BreadcrumbList","@id":"https:\/\/haberverkibris.com\/index.php\/2024\/05\/01\/israilin-refahta-bir-eve-duzenledigi-saldirida-2-cocuk-hayatini-kaybetti\/#breadcrumb","itemListElement":[{"@type":"ListItem","position":1,"name":"Anasayfa","item":"https:\/\/haberverkibris.com\/"},{"@type":"ListItem","position":2,"name":"\u0130srail&#039;in Refah&#039;ta bir eve d\u00fczenledi\u011fi sald\u0131r\u0131da 2 \u00e7ocuk hayat\u0131n\u0131 kaybetti"}]},{"@type":"WebSite","@id":"https:\/\/haberverkibris.com\/#website","url":"https:\/\/haberverkibris.com\/","name":"Kuzeyin Sesi","description":"Do\u011fru Haberin Adresi","potentialAction":[{"@type":"SearchAction","target":{"@type":"EntryPoint","urlTemplate":"https:\/\/haberverkibris.com\/?s={search_term_string}"},"query-input":{"@type":"PropertyValueSpecification","valueRequired":true,"valueName":"search_term_string"}}],"inLanguage":"tr"},{"@type":"Person","@id":"https:\/\/haberverkibris.com\/#\/schema\/person\/29d65381ed43765483b5a185ded66a56","name":"Haberver K\u0131br\u0131s","image":{"@type":"ImageObject","inLanguage":"tr","@id":"https:\/\/secure.gravatar.com\/avatar\/bab33852abfd8b282518d6ed81826833d77c3c882d9ab608add591ccace47a44?s=96&d=mm&r=g","url":"https:\/\/secure.gravatar.com\/avatar\/bab33852abfd8b282518d6ed81826833d77c3c882d9ab608add591ccace47a44?s=96&d=mm&r=g","contentUrl":"https:\/\/secure.gravatar.com\/avatar\/bab33852abfd8b282518d6ed81826833d77c3c882d9ab608add591ccace47a44?s=96&d=mm&r=g","caption":"Haberver K\u0131br\u0131s"},"sameAs":["https:\/\/haberverkibris.com"],"url":"https:\/\/haberverkibris.com\/index.php\/author\/guven\/"}]}},"_links":{"self":[{"href":"https:\/\/haberverkibris.com\/index.php\/wp-json\/wp\/v2\/posts\/1074","targetHints":{"allow":["GET"]}}],"collection":[{"href":"https:\/\/haberverkibris.com\/index.php\/wp-json\/wp\/v2\/posts"}],"about":[{"href":"https:\/\/haberverkibris.com\/index.php\/wp-json\/wp\/v2\/types\/post"}],"author":[{"embeddable":true,"href":"https:\/\/haberverkibris.com\/index.php\/wp-json\/wp\/v2\/users\/1"}],"replies":[{"embeddable":true,"href":"https:\/\/haberverkibris.com\/index.php\/wp-json\/wp\/v2\/comments?post=1074"}],"version-history":[{"count":0,"href":"https:\/\/haberverkibris.com\/index.php\/wp-json\/wp\/v2\/posts\/1074\/revisions"}],"wp:featuredmedia":[{"embeddable":true,"href":"https:\/\/haberverkibris.com\/index.php\/wp-json\/wp\/v2\/media\/1075"}],"wp:attachment":[{"href":"https:\/\/haberverkibris.com\/index.php\/wp-json\/wp\/v2\/media?parent=1074"}],"wp:term":[{"taxonomy":"category","embeddable":true,"href":"https:\/\/haberverkibris.com\/index.php\/wp-json\/wp\/v2\/categories?post=1074"},{"taxonomy":"post_tag","embeddable":true,"href":"https:\/\/haberverkibris.com\/index.php\/wp-json\/wp\/v2\/tags?post=1074"}],"curies":[{"name":"wp","href":"https:\/\/api.w.org\/{rel}","templated":true}]}}