{"id":10683,"date":"2024-09-30T11:04:38","date_gmt":"2024-09-30T08:04:38","guid":{"rendered":"https:\/\/kuzeyinsesi.org\/index.php\/2024\/09\/30\/meteorolojidenizlerimizden-bati-taurusda-firtinamsi-ruzgar-bekleniyor\/"},"modified":"2024-09-30T11:04:38","modified_gmt":"2024-09-30T08:04:38","slug":"meteorolojidenizlerimizden-bati-taurusda-firtinamsi-ruzgar-bekleniyor","status":"publish","type":"post","link":"https:\/\/haberverkibris.com\/index.php\/2024\/09\/30\/meteorolojidenizlerimizden-bati-taurusda-firtinamsi-ruzgar-bekleniyor\/","title":{"rendered":"Meteoroloji:Denizlerimizden bat\u0131 Taurus\u2019da f\u0131rt\u0131nams\u0131 r\u00fczgar bekleniyor"},"content":{"rendered":"<div>\n<div class=\"mariselle-image-container center\">\n                                            <\/div>\n<p>Meteoroloji Dairesi, denizde bat\u0131 Taurus\u2019da bu sabahtan itibaren gece yar\u0131s\u0131na kadar f\u0131rt\u0131nams\u0131 r\u00fczgar beklendi\u011fini duyurdu.<\/p>\n<p> Meteoroloji Dairesi M\u00fcd\u00fcrl\u00fc\u011f\u00fc\u2019nden yap\u0131lan a\u00e7\u0131klamaya g\u00f6re,  b\u00f6lge denizlerinden bat\u0131 Taurus\u2019da g\u00fcney ve bat\u0131 y\u00f6nlerden esmekte olan kuvvetli r\u00fczgar\u0131n zamanla kuvvetlenerek \u201c7\u201d kuvvetinde ve \u201cf\u0131rt\u0131nams\u0131 r\u00fczgar\u201d \u015feklinde devam etmesi bekleniyor.<\/p>\n<\/p><\/div>\n<p><script async\n                    defer\n                    crossorigin=\"anonymous\"\n                    src=\"https:\/\/connect.facebook.net\/tr_TR\/sdk.js#xfbml=1&#038;version=v3.3\"\n            ><\/script><\/p>\n","protected":false},"excerpt":{"rendered":"<p>Meteoroloji Dairesi, denizde bat\u0131 Taurus\u2019da bu sabahtan itibaren gece yar\u0131s\u0131na kadar f\u0131rt\u0131nams\u0131 r\u00fczgar beklendi\u011fini duyurdu. Meteoroloji Dairesi M\u00fcd\u00fcrl\u00fc\u011f\u00fc\u2019nden yap\u0131lan a\u00e7\u0131klamaya g\u00f6re, b\u00f6lge denizlerinden bat\u0131 Taurus\u2019da g\u00fcney ve bat\u0131 y\u00f6nlerden esmekte olan kuvvetli r\u00fczgar\u0131n zamanla kuvvetlenerek \u201c7\u201d kuvvetinde ve \u201cf\u0131rt\u0131nams\u0131 r\u00fczgar\u201d \u015feklinde devam etmesi bekleniyor.<\/p>\n","protected":false},"author":1,"featured_media":10684,"comment_status":"open","ping_status":"open","sticky":false,"template":"","format":"standard","meta":{"jnews-multi-image_gallery":[],"jnews_single_post":[],"jnews_primary_category":[],"jnews_social_meta":[],"jnews_override_counter":[],"footnotes":""},"categories":[1],"tags":[],"class_list":["post-10683","post","type-post","status-publish","format-standard","has-post-thumbnail","hentry","category-kibris"],"yoast_head":"<!-- This site is optimized with the Yoast SEO plugin v27.5 - https:\/\/yoast.com\/product\/yoast-seo-wordpress\/ -->\n<title>Meteoroloji:Denizlerimizden bat\u0131 Taurus\u2019da f\u0131rt\u0131nams\u0131 r\u00fczgar bekleniyor - Haber Ver K\u0131br\u0131s<\/title>\n<meta name=\"robots\" content=\"index, follow, max-snippet:-1, max-image-preview:large, max-video-preview:-1\" \/>\n<link rel=\"canonical\" href=\"https:\/\/haberverkibris.com\/index.php\/2024\/09\/30\/meteorolojidenizlerimizden-bati-taurusda-firtinamsi-ruzgar-bekleniyor\/\" \/>\n<meta property=\"og:locale\" content=\"tr_TR\" \/>\n<meta property=\"og:type\" content=\"article\" \/>\n<meta property=\"og:title\" content=\"Meteoroloji:Denizlerimizden bat\u0131 Taurus\u2019da f\u0131rt\u0131nams\u0131 r\u00fczgar bekleniyor - Haber Ver K\u0131br\u0131s\" \/>\n<meta property=\"og:description\" content=\"Meteoroloji Dairesi, denizde bat\u0131 Taurus\u2019da bu sabahtan itibaren gece yar\u0131s\u0131na kadar f\u0131rt\u0131nams\u0131 r\u00fczgar beklendi\u011fini duyurdu. Meteoroloji Dairesi M\u00fcd\u00fcrl\u00fc\u011f\u00fc\u2019nden yap\u0131lan a\u00e7\u0131klamaya g\u00f6re, b\u00f6lge denizlerinden bat\u0131 Taurus\u2019da g\u00fcney ve bat\u0131 y\u00f6nlerden esmekte olan kuvvetli r\u00fczgar\u0131n zamanla kuvvetlenerek \u201c7\u201d kuvvetinde ve \u201cf\u0131rt\u0131nams\u0131 r\u00fczgar\u201d \u015feklinde devam etmesi bekleniyor.\" \/>\n<meta property=\"og:url\" content=\"https:\/\/haberverkibris.com\/index.php\/2024\/09\/30\/meteorolojidenizlerimizden-bati-taurusda-firtinamsi-ruzgar-bekleniyor\/\" \/>\n<meta property=\"og:site_name\" content=\"Haber Ver K\u0131br\u0131s\" \/>\n<meta property=\"article:publisher\" content=\"https:\/\/www.facebook.com\/kuzeyinsesii\" \/>\n<meta property=\"article:published_time\" content=\"2024-09-30T08:04:38+00:00\" \/>\n<meta property=\"og:image\" content=\"https:\/\/brtk.net\/wp-content\/uploads\/2024\/09\/30\/deniz-firtina.jpg?ver=86b9d81272d3d4afaa90ea5fa3f5401a\" \/>\n<meta name=\"author\" content=\"Haberver K\u0131br\u0131s\" \/>\n<meta name=\"twitter:card\" content=\"summary_large_image\" \/>\n<meta name=\"twitter:creator\" content=\"@kuzeyinsesii\" \/>\n<meta name=\"twitter:site\" content=\"@kuzeyinsesii\" \/>\n<meta name=\"twitter:label1\" content=\"Yazan:\" \/>\n\t<meta name=\"twitter:data1\" content=\"Haberver K\u0131br\u0131s\" \/>\n<script type=\"application\/ld+json\" class=\"yoast-schema-graph\">{\"@context\":\"https:\\\/\\\/schema.org\",\"@graph\":[{\"@type\":\"Article\",\"@id\":\"https:\\\/\\\/haberverkibris.com\\\/index.php\\\/2024\\\/09\\\/30\\\/meteorolojidenizlerimizden-bati-taurusda-firtinamsi-ruzgar-bekleniyor\\\/#article\",\"isPartOf\":{\"@id\":\"https:\\\/\\\/haberverkibris.com\\\/index.php\\\/2024\\\/09\\\/30\\\/meteorolojidenizlerimizden-bati-taurusda-firtinamsi-ruzgar-bekleniyor\\\/\"},\"author\":{\"name\":\"Haberver K\u0131br\u0131s\",\"@id\":\"https:\\\/\\\/haberverkibris.com\\\/#\\\/schema\\\/person\\\/29d65381ed43765483b5a185ded66a56\"},\"headline\":\"Meteoroloji:Denizlerimizden bat\u0131 Taurus\u2019da f\u0131rt\u0131nams\u0131 r\u00fczgar bekleniyor\",\"datePublished\":\"2024-09-30T08:04:38+00:00\",\"mainEntityOfPage\":{\"@id\":\"https:\\\/\\\/haberverkibris.com\\\/index.php\\\/2024\\\/09\\\/30\\\/meteorolojidenizlerimizden-bati-taurusda-firtinamsi-ruzgar-bekleniyor\\\/\"},\"wordCount\":76,\"commentCount\":0,\"image\":{\"@id\":\"https:\\\/\\\/haberverkibris.com\\\/index.php\\\/2024\\\/09\\\/30\\\/meteorolojidenizlerimizden-bati-taurusda-firtinamsi-ruzgar-bekleniyor\\\/#primaryimage\"},\"thumbnailUrl\":\"https:\\\/\\\/haberverkibris.com\\\/wp-content\\\/uploads\\\/2024\\\/09\\\/deniz-firtina.jpg\",\"articleSection\":[\"K\u0131br\u0131s\"],\"inLanguage\":\"tr\",\"potentialAction\":[{\"@type\":\"CommentAction\",\"name\":\"Comment\",\"target\":[\"https:\\\/\\\/haberverkibris.com\\\/index.php\\\/2024\\\/09\\\/30\\\/meteorolojidenizlerimizden-bati-taurusda-firtinamsi-ruzgar-bekleniyor\\\/#respond\"]}]},{\"@type\":\"WebPage\",\"@id\":\"https:\\\/\\\/haberverkibris.com\\\/index.php\\\/2024\\\/09\\\/30\\\/meteorolojidenizlerimizden-bati-taurusda-firtinamsi-ruzgar-bekleniyor\\\/\",\"url\":\"https:\\\/\\\/haberverkibris.com\\\/index.php\\\/2024\\\/09\\\/30\\\/meteorolojidenizlerimizden-bati-taurusda-firtinamsi-ruzgar-bekleniyor\\\/\",\"name\":\"Meteoroloji:Denizlerimizden bat\u0131 Taurus\u2019da f\u0131rt\u0131nams\u0131 r\u00fczgar bekleniyor - Haber Ver K\u0131br\u0131s\",\"isPartOf\":{\"@id\":\"https:\\\/\\\/haberverkibris.com\\\/#website\"},\"primaryImageOfPage\":{\"@id\":\"https:\\\/\\\/haberverkibris.com\\\/index.php\\\/2024\\\/09\\\/30\\\/meteorolojidenizlerimizden-bati-taurusda-firtinamsi-ruzgar-bekleniyor\\\/#primaryimage\"},\"image\":{\"@id\":\"https:\\\/\\\/haberverkibris.com\\\/index.php\\\/2024\\\/09\\\/30\\\/meteorolojidenizlerimizden-bati-taurusda-firtinamsi-ruzgar-bekleniyor\\\/#primaryimage\"},\"thumbnailUrl\":\"https:\\\/\\\/haberverkibris.com\\\/wp-content\\\/uploads\\\/2024\\\/09\\\/deniz-firtina.jpg\",\"datePublished\":\"2024-09-30T08:04:38+00:00\",\"author\":{\"@id\":\"https:\\\/\\\/haberverkibris.com\\\/#\\\/schema\\\/person\\\/29d65381ed43765483b5a185ded66a56\"},\"breadcrumb\":{\"@id\":\"https:\\\/\\\/haberverkibris.com\\\/index.php\\\/2024\\\/09\\\/30\\\/meteorolojidenizlerimizden-bati-taurusda-firtinamsi-ruzgar-bekleniyor\\\/#breadcrumb\"},\"inLanguage\":\"tr\",\"potentialAction\":[{\"@type\":\"ReadAction\",\"target\":[\"https:\\\/\\\/haberverkibris.com\\\/index.php\\\/2024\\\/09\\\/30\\\/meteorolojidenizlerimizden-bati-taurusda-firtinamsi-ruzgar-bekleniyor\\\/\"]}]},{\"@type\":\"ImageObject\",\"inLanguage\":\"tr\",\"@id\":\"https:\\\/\\\/haberverkibris.com\\\/index.php\\\/2024\\\/09\\\/30\\\/meteorolojidenizlerimizden-bati-taurusda-firtinamsi-ruzgar-bekleniyor\\\/#primaryimage\",\"url\":\"https:\\\/\\\/haberverkibris.com\\\/wp-content\\\/uploads\\\/2024\\\/09\\\/deniz-firtina.jpg\",\"contentUrl\":\"https:\\\/\\\/haberverkibris.com\\\/wp-content\\\/uploads\\\/2024\\\/09\\\/deniz-firtina.jpg\",\"width\":750,\"height\":422},{\"@type\":\"BreadcrumbList\",\"@id\":\"https:\\\/\\\/haberverkibris.com\\\/index.php\\\/2024\\\/09\\\/30\\\/meteorolojidenizlerimizden-bati-taurusda-firtinamsi-ruzgar-bekleniyor\\\/#breadcrumb\",\"itemListElement\":[{\"@type\":\"ListItem\",\"position\":1,\"name\":\"Anasayfa\",\"item\":\"https:\\\/\\\/haberverkibris.com\\\/\"},{\"@type\":\"ListItem\",\"position\":2,\"name\":\"Meteoroloji:Denizlerimizden bat\u0131 Taurus\u2019da f\u0131rt\u0131nams\u0131 r\u00fczgar bekleniyor\"}]},{\"@type\":\"WebSite\",\"@id\":\"https:\\\/\\\/haberverkibris.com\\\/#website\",\"url\":\"https:\\\/\\\/haberverkibris.com\\\/\",\"name\":\"Kuzeyin Sesi\",\"description\":\"Do\u011fru Haberin Adresi\",\"potentialAction\":[{\"@type\":\"SearchAction\",\"target\":{\"@type\":\"EntryPoint\",\"urlTemplate\":\"https:\\\/\\\/haberverkibris.com\\\/?s={search_term_string}\"},\"query-input\":{\"@type\":\"PropertyValueSpecification\",\"valueRequired\":true,\"valueName\":\"search_term_string\"}}],\"inLanguage\":\"tr\"},{\"@type\":\"Person\",\"@id\":\"https:\\\/\\\/haberverkibris.com\\\/#\\\/schema\\\/person\\\/29d65381ed43765483b5a185ded66a56\",\"name\":\"Haberver K\u0131br\u0131s\",\"image\":{\"@type\":\"ImageObject\",\"inLanguage\":\"tr\",\"@id\":\"https:\\\/\\\/secure.gravatar.com\\\/avatar\\\/bab33852abfd8b282518d6ed81826833d77c3c882d9ab608add591ccace47a44?s=96&d=mm&r=g\",\"url\":\"https:\\\/\\\/secure.gravatar.com\\\/avatar\\\/bab33852abfd8b282518d6ed81826833d77c3c882d9ab608add591ccace47a44?s=96&d=mm&r=g\",\"contentUrl\":\"https:\\\/\\\/secure.gravatar.com\\\/avatar\\\/bab33852abfd8b282518d6ed81826833d77c3c882d9ab608add591ccace47a44?s=96&d=mm&r=g\",\"caption\":\"Haberver K\u0131br\u0131s\"},\"sameAs\":[\"https:\\\/\\\/haberverkibris.com\"],\"url\":\"https:\\\/\\\/haberverkibris.com\\\/index.php\\\/author\\\/guven\\\/\"}]}<\/script>\n<!-- \/ Yoast SEO plugin. -->","yoast_head_json":{"title":"Meteoroloji:Denizlerimizden bat\u0131 Taurus\u2019da f\u0131rt\u0131nams\u0131 r\u00fczgar bekleniyor - Haber Ver K\u0131br\u0131s","robots":{"index":"index","follow":"follow","max-snippet":"max-snippet:-1","max-image-preview":"max-image-preview:large","max-video-preview":"max-video-preview:-1"},"canonical":"https:\/\/haberverkibris.com\/index.php\/2024\/09\/30\/meteorolojidenizlerimizden-bati-taurusda-firtinamsi-ruzgar-bekleniyor\/","og_locale":"tr_TR","og_type":"article","og_title":"Meteoroloji:Denizlerimizden bat\u0131 Taurus\u2019da f\u0131rt\u0131nams\u0131 r\u00fczgar bekleniyor - Haber Ver K\u0131br\u0131s","og_description":"Meteoroloji Dairesi, denizde bat\u0131 Taurus\u2019da bu sabahtan itibaren gece yar\u0131s\u0131na kadar f\u0131rt\u0131nams\u0131 r\u00fczgar beklendi\u011fini duyurdu. Meteoroloji Dairesi M\u00fcd\u00fcrl\u00fc\u011f\u00fc\u2019nden yap\u0131lan a\u00e7\u0131klamaya g\u00f6re, b\u00f6lge denizlerinden bat\u0131 Taurus\u2019da g\u00fcney ve bat\u0131 y\u00f6nlerden esmekte olan kuvvetli r\u00fczgar\u0131n zamanla kuvvetlenerek \u201c7\u201d kuvvetinde ve \u201cf\u0131rt\u0131nams\u0131 r\u00fczgar\u201d \u015feklinde devam etmesi bekleniyor.","og_url":"https:\/\/haberverkibris.com\/index.php\/2024\/09\/30\/meteorolojidenizlerimizden-bati-taurusda-firtinamsi-ruzgar-bekleniyor\/","og_site_name":"Haber Ver K\u0131br\u0131s","article_publisher":"https:\/\/www.facebook.com\/kuzeyinsesii","article_published_time":"2024-09-30T08:04:38+00:00","og_image":[{"url":"https:\/\/brtk.net\/wp-content\/uploads\/2024\/09\/30\/deniz-firtina.jpg?ver=86b9d81272d3d4afaa90ea5fa3f5401a","type":"","width":"","height":""}],"author":"Haberver K\u0131br\u0131s","twitter_card":"summary_large_image","twitter_creator":"@kuzeyinsesii","twitter_site":"@kuzeyinsesii","twitter_misc":{"Yazan:":"Haberver K\u0131br\u0131s"},"schema":{"@context":"https:\/\/schema.org","@graph":[{"@type":"Article","@id":"https:\/\/haberverkibris.com\/index.php\/2024\/09\/30\/meteorolojidenizlerimizden-bati-taurusda-firtinamsi-ruzgar-bekleniyor\/#article","isPartOf":{"@id":"https:\/\/haberverkibris.com\/index.php\/2024\/09\/30\/meteorolojidenizlerimizden-bati-taurusda-firtinamsi-ruzgar-bekleniyor\/"},"author":{"name":"Haberver K\u0131br\u0131s","@id":"https:\/\/haberverkibris.com\/#\/schema\/person\/29d65381ed43765483b5a185ded66a56"},"headline":"Meteoroloji:Denizlerimizden bat\u0131 Taurus\u2019da f\u0131rt\u0131nams\u0131 r\u00fczgar bekleniyor","datePublished":"2024-09-30T08:04:38+00:00","mainEntityOfPage":{"@id":"https:\/\/haberverkibris.com\/index.php\/2024\/09\/30\/meteorolojidenizlerimizden-bati-taurusda-firtinamsi-ruzgar-bekleniyor\/"},"wordCount":76,"commentCount":0,"image":{"@id":"https:\/\/haberverkibris.com\/index.php\/2024\/09\/30\/meteorolojidenizlerimizden-bati-taurusda-firtinamsi-ruzgar-bekleniyor\/#primaryimage"},"thumbnailUrl":"https:\/\/haberverkibris.com\/wp-content\/uploads\/2024\/09\/deniz-firtina.jpg","articleSection":["K\u0131br\u0131s"],"inLanguage":"tr","potentialAction":[{"@type":"CommentAction","name":"Comment","target":["https:\/\/haberverkibris.com\/index.php\/2024\/09\/30\/meteorolojidenizlerimizden-bati-taurusda-firtinamsi-ruzgar-bekleniyor\/#respond"]}]},{"@type":"WebPage","@id":"https:\/\/haberverkibris.com\/index.php\/2024\/09\/30\/meteorolojidenizlerimizden-bati-taurusda-firtinamsi-ruzgar-bekleniyor\/","url":"https:\/\/haberverkibris.com\/index.php\/2024\/09\/30\/meteorolojidenizlerimizden-bati-taurusda-firtinamsi-ruzgar-bekleniyor\/","name":"Meteoroloji:Denizlerimizden bat\u0131 Taurus\u2019da f\u0131rt\u0131nams\u0131 r\u00fczgar bekleniyor - Haber Ver K\u0131br\u0131s","isPartOf":{"@id":"https:\/\/haberverkibris.com\/#website"},"primaryImageOfPage":{"@id":"https:\/\/haberverkibris.com\/index.php\/2024\/09\/30\/meteorolojidenizlerimizden-bati-taurusda-firtinamsi-ruzgar-bekleniyor\/#primaryimage"},"image":{"@id":"https:\/\/haberverkibris.com\/index.php\/2024\/09\/30\/meteorolojidenizlerimizden-bati-taurusda-firtinamsi-ruzgar-bekleniyor\/#primaryimage"},"thumbnailUrl":"https:\/\/haberverkibris.com\/wp-content\/uploads\/2024\/09\/deniz-firtina.jpg","datePublished":"2024-09-30T08:04:38+00:00","author":{"@id":"https:\/\/haberverkibris.com\/#\/schema\/person\/29d65381ed43765483b5a185ded66a56"},"breadcrumb":{"@id":"https:\/\/haberverkibris.com\/index.php\/2024\/09\/30\/meteorolojidenizlerimizden-bati-taurusda-firtinamsi-ruzgar-bekleniyor\/#breadcrumb"},"inLanguage":"tr","potentialAction":[{"@type":"ReadAction","target":["https:\/\/haberverkibris.com\/index.php\/2024\/09\/30\/meteorolojidenizlerimizden-bati-taurusda-firtinamsi-ruzgar-bekleniyor\/"]}]},{"@type":"ImageObject","inLanguage":"tr","@id":"https:\/\/haberverkibris.com\/index.php\/2024\/09\/30\/meteorolojidenizlerimizden-bati-taurusda-firtinamsi-ruzgar-bekleniyor\/#primaryimage","url":"https:\/\/haberverkibris.com\/wp-content\/uploads\/2024\/09\/deniz-firtina.jpg","contentUrl":"https:\/\/haberverkibris.com\/wp-content\/uploads\/2024\/09\/deniz-firtina.jpg","width":750,"height":422},{"@type":"BreadcrumbList","@id":"https:\/\/haberverkibris.com\/index.php\/2024\/09\/30\/meteorolojidenizlerimizden-bati-taurusda-firtinamsi-ruzgar-bekleniyor\/#breadcrumb","itemListElement":[{"@type":"ListItem","position":1,"name":"Anasayfa","item":"https:\/\/haberverkibris.com\/"},{"@type":"ListItem","position":2,"name":"Meteoroloji:Denizlerimizden bat\u0131 Taurus\u2019da f\u0131rt\u0131nams\u0131 r\u00fczgar bekleniyor"}]},{"@type":"WebSite","@id":"https:\/\/haberverkibris.com\/#website","url":"https:\/\/haberverkibris.com\/","name":"Kuzeyin Sesi","description":"Do\u011fru Haberin Adresi","potentialAction":[{"@type":"SearchAction","target":{"@type":"EntryPoint","urlTemplate":"https:\/\/haberverkibris.com\/?s={search_term_string}"},"query-input":{"@type":"PropertyValueSpecification","valueRequired":true,"valueName":"search_term_string"}}],"inLanguage":"tr"},{"@type":"Person","@id":"https:\/\/haberverkibris.com\/#\/schema\/person\/29d65381ed43765483b5a185ded66a56","name":"Haberver K\u0131br\u0131s","image":{"@type":"ImageObject","inLanguage":"tr","@id":"https:\/\/secure.gravatar.com\/avatar\/bab33852abfd8b282518d6ed81826833d77c3c882d9ab608add591ccace47a44?s=96&d=mm&r=g","url":"https:\/\/secure.gravatar.com\/avatar\/bab33852abfd8b282518d6ed81826833d77c3c882d9ab608add591ccace47a44?s=96&d=mm&r=g","contentUrl":"https:\/\/secure.gravatar.com\/avatar\/bab33852abfd8b282518d6ed81826833d77c3c882d9ab608add591ccace47a44?s=96&d=mm&r=g","caption":"Haberver K\u0131br\u0131s"},"sameAs":["https:\/\/haberverkibris.com"],"url":"https:\/\/haberverkibris.com\/index.php\/author\/guven\/"}]}},"_links":{"self":[{"href":"https:\/\/haberverkibris.com\/index.php\/wp-json\/wp\/v2\/posts\/10683","targetHints":{"allow":["GET"]}}],"collection":[{"href":"https:\/\/haberverkibris.com\/index.php\/wp-json\/wp\/v2\/posts"}],"about":[{"href":"https:\/\/haberverkibris.com\/index.php\/wp-json\/wp\/v2\/types\/post"}],"author":[{"embeddable":true,"href":"https:\/\/haberverkibris.com\/index.php\/wp-json\/wp\/v2\/users\/1"}],"replies":[{"embeddable":true,"href":"https:\/\/haberverkibris.com\/index.php\/wp-json\/wp\/v2\/comments?post=10683"}],"version-history":[{"count":0,"href":"https:\/\/haberverkibris.com\/index.php\/wp-json\/wp\/v2\/posts\/10683\/revisions"}],"wp:featuredmedia":[{"embeddable":true,"href":"https:\/\/haberverkibris.com\/index.php\/wp-json\/wp\/v2\/media\/10684"}],"wp:attachment":[{"href":"https:\/\/haberverkibris.com\/index.php\/wp-json\/wp\/v2\/media?parent=10683"}],"wp:term":[{"taxonomy":"category","embeddable":true,"href":"https:\/\/haberverkibris.com\/index.php\/wp-json\/wp\/v2\/categories?post=10683"},{"taxonomy":"post_tag","embeddable":true,"href":"https:\/\/haberverkibris.com\/index.php\/wp-json\/wp\/v2\/tags?post=10683"}],"curies":[{"name":"wp","href":"https:\/\/api.w.org\/{rel}","templated":true}]}}