{"id":1012,"date":"2024-04-30T14:11:28","date_gmt":"2024-04-30T11:11:28","guid":{"rendered":"https:\/\/kuzeyinsesi.com\/index.php\/2024\/04\/30\/cumhurbaskani-tatar-sair-ve-yazar-oksuzoglunu-kabul-etti\/"},"modified":"2024-04-30T14:11:28","modified_gmt":"2024-04-30T11:11:28","slug":"cumhurbaskani-tatar-sair-ve-yazar-oksuzoglunu-kabul-etti","status":"publish","type":"post","link":"https:\/\/haberverkibris.com\/index.php\/2024\/04\/30\/cumhurbaskani-tatar-sair-ve-yazar-oksuzoglunu-kabul-etti\/","title":{"rendered":"Cumhurba\u015fkan\u0131  Tatar, \u015fair ve yazar  \u00d6ks\u00fczo\u011flu\u2019nu kabul etti"},"content":{"rendered":"<div>\n<div class=\"mariselle-image-container center\">\n                                            <\/div>\n<p>Cumhurba\u015fkan\u0131 Ersin Tatar, \u015fair ve yazar Oktay \u00d6ks\u00fczo\u011flu\u2019nu kabul ederek g\u00f6r\u00fc\u015ft\u00fc. Kabulde, \u00d6ks\u00fczo\u011flu Cumhurba\u015fkan\u0131 Tatar\u2019a \u201cPersecution of Islam in Cyprus\u201d ve \u201cDown Memory Lane\u201d isimli kitaplar\u0131n\u0131 takdim etti.<\/p>\n<p>Cumhurba\u015fkan\u0131 Tatar, Oktay \u00d6ks\u00fczo\u011flu\u2019nun, \u00fclkemizin tan\u0131t\u0131m\u0131 i\u00e7in uluslararas\u0131 toplant\u0131larda K\u0131br\u0131s T\u00fcrk halk\u0131n\u0131n milli m\u00fccadelesini ve davas\u0131n\u0131 anlatmaya; yaz\u0131lar\u0131, \u015fiirleri ve tablolar\u0131 ile K\u0131br\u0131s T\u00fcrk halk\u0131n\u0131n m\u00fccadelesini ve vatan sevgisini gelecek nesillere aktarmaya devam eden \u00f6nemli bir de\u011ferimiz oldu\u011funu belirterek, K\u0131br\u0131s T\u00fcrk halk\u0131na verdi\u011fi hizmetlerden dolay\u0131 kendisine te\u015fekk\u00fcr edip kutlad\u0131.<\/p>\n<p> \u201cSanat ve edebiyatla haks\u0131z k\u0131s\u0131tlamalar ve ambargolar\u0131 a\u015fmaktay\u0131z\u201d diye konu\u015fan Cumhurba\u015fkan\u0131 Tatar, \u00d6ks\u00fczo\u011flu\u2019na sa\u011fl\u0131k diledi. <\/p>\n<p>Oktay \u00d6ks\u00fczo\u011flu da K\u0131br\u0131s T\u00fcrk halk\u0131n\u0131n ferdi olmaktan b\u00fcy\u00fck gurur duydu\u011funu payla\u015farak  K\u0131br\u0131s T\u00fcrk halk\u0131n\u0131n \u201cNe mutlu T\u00fcrk\u2019\u00fcm diyene\u201d s\u00f6z\u00fcn\u00fcn hakk\u0131n\u0131 en iyi veren T\u00fcrk topluluklar\u0131 aras\u0131nda oldu\u011funu, gen\u00e7lere K\u0131br\u0131s T\u00fcrk halk\u0131n\u0131n m\u00fccadelesini ve \u015ferefli davas\u0131n\u0131 \u00fcretti\u011fi eserlerle anlatmaya devam etti\u011fini s\u00f6yledi. <\/p>\n<p>\u00d6ks\u00fczo\u011flu, Cumhurba\u015fkan\u0131 Tatar\u2019a kendisini kabul etti\u011fi i\u00e7in te\u015fekk\u00fcr ederek,  \u201cUmudumuz Tatar\u2019d\u0131r..Ersin Tatar\u2019\u0131n ismi K\u0131br\u0131s T\u00fcrk tarihine do\u011fru politikalar\u0131 uygulayan lider olarak ge\u00e7ecektir\u201d diye konu\u015ftu.<\/p>\n<\/p><\/div>\n<p><script async\n                    defer\n                    crossorigin=\"anonymous\"\n                    src=\"https:\/\/connect.facebook.net\/tr_TR\/sdk.js#xfbml=1&#038;version=v3.3\"\n            ><\/script><\/p>\n","protected":false},"excerpt":{"rendered":"<p>Cumhurba\u015fkan\u0131 Ersin Tatar, \u015fair ve yazar Oktay \u00d6ks\u00fczo\u011flu\u2019nu kabul ederek g\u00f6r\u00fc\u015ft\u00fc. Kabulde, \u00d6ks\u00fczo\u011flu Cumhurba\u015fkan\u0131 Tatar\u2019a \u201cPersecution of Islam in Cyprus\u201d ve \u201cDown Memory Lane\u201d isimli kitaplar\u0131n\u0131 takdim etti. Cumhurba\u015fkan\u0131 Tatar, Oktay \u00d6ks\u00fczo\u011flu\u2019nun, \u00fclkemizin tan\u0131t\u0131m\u0131 i\u00e7in uluslararas\u0131 toplant\u0131larda K\u0131br\u0131s T\u00fcrk halk\u0131n\u0131n milli m\u00fccadelesini ve davas\u0131n\u0131 anlatmaya; yaz\u0131lar\u0131, \u015fiirleri ve tablolar\u0131 ile K\u0131br\u0131s T\u00fcrk halk\u0131n\u0131n m\u00fccadelesini ve [&hellip;]<\/p>\n","protected":false},"author":1,"featured_media":1013,"comment_status":"open","ping_status":"open","sticky":false,"template":"","format":"standard","meta":{"jnews-multi-image_gallery":[],"jnews_single_post":[],"jnews_primary_category":[],"jnews_social_meta":[],"jnews_override_counter":[],"footnotes":""},"categories":[1],"tags":[],"class_list":["post-1012","post","type-post","status-publish","format-standard","has-post-thumbnail","hentry","category-kibris"],"yoast_head":"<!-- This site is optimized with the Yoast SEO plugin v27.5 - https:\/\/yoast.com\/product\/yoast-seo-wordpress\/ -->\n<title>Cumhurba\u015fkan\u0131 Tatar, \u015fair ve yazar \u00d6ks\u00fczo\u011flu\u2019nu kabul etti - Haber Ver K\u0131br\u0131s<\/title>\n<meta name=\"robots\" content=\"index, follow, max-snippet:-1, max-image-preview:large, max-video-preview:-1\" \/>\n<link rel=\"canonical\" href=\"https:\/\/haberverkibris.com\/index.php\/2024\/04\/30\/cumhurbaskani-tatar-sair-ve-yazar-oksuzoglunu-kabul-etti\/\" \/>\n<meta property=\"og:locale\" content=\"tr_TR\" \/>\n<meta property=\"og:type\" content=\"article\" \/>\n<meta property=\"og:title\" content=\"Cumhurba\u015fkan\u0131 Tatar, \u015fair ve yazar \u00d6ks\u00fczo\u011flu\u2019nu kabul etti - Haber Ver K\u0131br\u0131s\" \/>\n<meta property=\"og:description\" content=\"Cumhurba\u015fkan\u0131 Ersin Tatar, \u015fair ve yazar Oktay \u00d6ks\u00fczo\u011flu\u2019nu kabul ederek g\u00f6r\u00fc\u015ft\u00fc. Kabulde, \u00d6ks\u00fczo\u011flu Cumhurba\u015fkan\u0131 Tatar\u2019a \u201cPersecution of Islam in Cyprus\u201d ve \u201cDown Memory Lane\u201d isimli kitaplar\u0131n\u0131 takdim etti. Cumhurba\u015fkan\u0131 Tatar, Oktay \u00d6ks\u00fczo\u011flu\u2019nun, \u00fclkemizin tan\u0131t\u0131m\u0131 i\u00e7in uluslararas\u0131 toplant\u0131larda K\u0131br\u0131s T\u00fcrk halk\u0131n\u0131n milli m\u00fccadelesini ve davas\u0131n\u0131 anlatmaya; yaz\u0131lar\u0131, \u015fiirleri ve tablolar\u0131 ile K\u0131br\u0131s T\u00fcrk halk\u0131n\u0131n m\u00fccadelesini ve [&hellip;]\" \/>\n<meta property=\"og:url\" content=\"https:\/\/haberverkibris.com\/index.php\/2024\/04\/30\/cumhurbaskani-tatar-sair-ve-yazar-oksuzoglunu-kabul-etti\/\" \/>\n<meta property=\"og:site_name\" content=\"Haber Ver K\u0131br\u0131s\" \/>\n<meta property=\"article:publisher\" content=\"https:\/\/www.facebook.com\/kuzeyinsesii\" \/>\n<meta property=\"article:published_time\" content=\"2024-04-30T11:11:28+00:00\" \/>\n<meta property=\"og:image\" content=\"https:\/\/haberverkibris.com\/wp-content\/uploads\/2024\/04\/115087972.jpg\" \/>\n\t<meta property=\"og:image:width\" content=\"805\" \/>\n\t<meta property=\"og:image:height\" content=\"400\" \/>\n\t<meta property=\"og:image:type\" content=\"image\/jpeg\" \/>\n<meta name=\"author\" content=\"Haberver K\u0131br\u0131s\" \/>\n<meta name=\"twitter:card\" content=\"summary_large_image\" \/>\n<meta name=\"twitter:creator\" content=\"@kuzeyinsesii\" \/>\n<meta name=\"twitter:site\" content=\"@kuzeyinsesii\" \/>\n<meta name=\"twitter:label1\" content=\"Yazan:\" \/>\n\t<meta name=\"twitter:data1\" content=\"Haberver K\u0131br\u0131s\" \/>\n\t<meta name=\"twitter:label2\" content=\"Tahmini okuma s\u00fcresi\" \/>\n\t<meta name=\"twitter:data2\" content=\"1 dakika\" \/>\n<script type=\"application\/ld+json\" class=\"yoast-schema-graph\">{\"@context\":\"https:\\\/\\\/schema.org\",\"@graph\":[{\"@type\":\"Article\",\"@id\":\"https:\\\/\\\/haberverkibris.com\\\/index.php\\\/2024\\\/04\\\/30\\\/cumhurbaskani-tatar-sair-ve-yazar-oksuzoglunu-kabul-etti\\\/#article\",\"isPartOf\":{\"@id\":\"https:\\\/\\\/haberverkibris.com\\\/index.php\\\/2024\\\/04\\\/30\\\/cumhurbaskani-tatar-sair-ve-yazar-oksuzoglunu-kabul-etti\\\/\"},\"author\":{\"name\":\"Haberver K\u0131br\u0131s\",\"@id\":\"https:\\\/\\\/haberverkibris.com\\\/#\\\/schema\\\/person\\\/29d65381ed43765483b5a185ded66a56\"},\"headline\":\"Cumhurba\u015fkan\u0131 Tatar, \u015fair ve yazar \u00d6ks\u00fczo\u011flu\u2019nu kabul etti\",\"datePublished\":\"2024-04-30T11:11:28+00:00\",\"mainEntityOfPage\":{\"@id\":\"https:\\\/\\\/haberverkibris.com\\\/index.php\\\/2024\\\/04\\\/30\\\/cumhurbaskani-tatar-sair-ve-yazar-oksuzoglunu-kabul-etti\\\/\"},\"wordCount\":278,\"commentCount\":0,\"image\":{\"@id\":\"https:\\\/\\\/haberverkibris.com\\\/index.php\\\/2024\\\/04\\\/30\\\/cumhurbaskani-tatar-sair-ve-yazar-oksuzoglunu-kabul-etti\\\/#primaryimage\"},\"thumbnailUrl\":\"https:\\\/\\\/haberverkibris.com\\\/wp-content\\\/uploads\\\/2024\\\/04\\\/115087972.jpg\",\"articleSection\":[\"K\u0131br\u0131s\"],\"inLanguage\":\"tr\",\"potentialAction\":[{\"@type\":\"CommentAction\",\"name\":\"Comment\",\"target\":[\"https:\\\/\\\/haberverkibris.com\\\/index.php\\\/2024\\\/04\\\/30\\\/cumhurbaskani-tatar-sair-ve-yazar-oksuzoglunu-kabul-etti\\\/#respond\"]}]},{\"@type\":\"WebPage\",\"@id\":\"https:\\\/\\\/haberverkibris.com\\\/index.php\\\/2024\\\/04\\\/30\\\/cumhurbaskani-tatar-sair-ve-yazar-oksuzoglunu-kabul-etti\\\/\",\"url\":\"https:\\\/\\\/haberverkibris.com\\\/index.php\\\/2024\\\/04\\\/30\\\/cumhurbaskani-tatar-sair-ve-yazar-oksuzoglunu-kabul-etti\\\/\",\"name\":\"Cumhurba\u015fkan\u0131 Tatar, \u015fair ve yazar \u00d6ks\u00fczo\u011flu\u2019nu kabul etti - Haber Ver K\u0131br\u0131s\",\"isPartOf\":{\"@id\":\"https:\\\/\\\/haberverkibris.com\\\/#website\"},\"primaryImageOfPage\":{\"@id\":\"https:\\\/\\\/haberverkibris.com\\\/index.php\\\/2024\\\/04\\\/30\\\/cumhurbaskani-tatar-sair-ve-yazar-oksuzoglunu-kabul-etti\\\/#primaryimage\"},\"image\":{\"@id\":\"https:\\\/\\\/haberverkibris.com\\\/index.php\\\/2024\\\/04\\\/30\\\/cumhurbaskani-tatar-sair-ve-yazar-oksuzoglunu-kabul-etti\\\/#primaryimage\"},\"thumbnailUrl\":\"https:\\\/\\\/haberverkibris.com\\\/wp-content\\\/uploads\\\/2024\\\/04\\\/115087972.jpg\",\"datePublished\":\"2024-04-30T11:11:28+00:00\",\"author\":{\"@id\":\"https:\\\/\\\/haberverkibris.com\\\/#\\\/schema\\\/person\\\/29d65381ed43765483b5a185ded66a56\"},\"breadcrumb\":{\"@id\":\"https:\\\/\\\/haberverkibris.com\\\/index.php\\\/2024\\\/04\\\/30\\\/cumhurbaskani-tatar-sair-ve-yazar-oksuzoglunu-kabul-etti\\\/#breadcrumb\"},\"inLanguage\":\"tr\",\"potentialAction\":[{\"@type\":\"ReadAction\",\"target\":[\"https:\\\/\\\/haberverkibris.com\\\/index.php\\\/2024\\\/04\\\/30\\\/cumhurbaskani-tatar-sair-ve-yazar-oksuzoglunu-kabul-etti\\\/\"]}]},{\"@type\":\"ImageObject\",\"inLanguage\":\"tr\",\"@id\":\"https:\\\/\\\/haberverkibris.com\\\/index.php\\\/2024\\\/04\\\/30\\\/cumhurbaskani-tatar-sair-ve-yazar-oksuzoglunu-kabul-etti\\\/#primaryimage\",\"url\":\"https:\\\/\\\/haberverkibris.com\\\/wp-content\\\/uploads\\\/2024\\\/04\\\/115087972.jpg\",\"contentUrl\":\"https:\\\/\\\/haberverkibris.com\\\/wp-content\\\/uploads\\\/2024\\\/04\\\/115087972.jpg\",\"width\":805,\"height\":400},{\"@type\":\"BreadcrumbList\",\"@id\":\"https:\\\/\\\/haberverkibris.com\\\/index.php\\\/2024\\\/04\\\/30\\\/cumhurbaskani-tatar-sair-ve-yazar-oksuzoglunu-kabul-etti\\\/#breadcrumb\",\"itemListElement\":[{\"@type\":\"ListItem\",\"position\":1,\"name\":\"Anasayfa\",\"item\":\"https:\\\/\\\/haberverkibris.com\\\/\"},{\"@type\":\"ListItem\",\"position\":2,\"name\":\"Cumhurba\u015fkan\u0131 Tatar, \u015fair ve yazar \u00d6ks\u00fczo\u011flu\u2019nu kabul etti\"}]},{\"@type\":\"WebSite\",\"@id\":\"https:\\\/\\\/haberverkibris.com\\\/#website\",\"url\":\"https:\\\/\\\/haberverkibris.com\\\/\",\"name\":\"Kuzeyin Sesi\",\"description\":\"Do\u011fru Haberin Adresi\",\"potentialAction\":[{\"@type\":\"SearchAction\",\"target\":{\"@type\":\"EntryPoint\",\"urlTemplate\":\"https:\\\/\\\/haberverkibris.com\\\/?s={search_term_string}\"},\"query-input\":{\"@type\":\"PropertyValueSpecification\",\"valueRequired\":true,\"valueName\":\"search_term_string\"}}],\"inLanguage\":\"tr\"},{\"@type\":\"Person\",\"@id\":\"https:\\\/\\\/haberverkibris.com\\\/#\\\/schema\\\/person\\\/29d65381ed43765483b5a185ded66a56\",\"name\":\"Haberver K\u0131br\u0131s\",\"image\":{\"@type\":\"ImageObject\",\"inLanguage\":\"tr\",\"@id\":\"https:\\\/\\\/secure.gravatar.com\\\/avatar\\\/bab33852abfd8b282518d6ed81826833d77c3c882d9ab608add591ccace47a44?s=96&d=mm&r=g\",\"url\":\"https:\\\/\\\/secure.gravatar.com\\\/avatar\\\/bab33852abfd8b282518d6ed81826833d77c3c882d9ab608add591ccace47a44?s=96&d=mm&r=g\",\"contentUrl\":\"https:\\\/\\\/secure.gravatar.com\\\/avatar\\\/bab33852abfd8b282518d6ed81826833d77c3c882d9ab608add591ccace47a44?s=96&d=mm&r=g\",\"caption\":\"Haberver K\u0131br\u0131s\"},\"sameAs\":[\"https:\\\/\\\/haberverkibris.com\"],\"url\":\"https:\\\/\\\/haberverkibris.com\\\/index.php\\\/author\\\/guven\\\/\"}]}<\/script>\n<!-- \/ Yoast SEO plugin. -->","yoast_head_json":{"title":"Cumhurba\u015fkan\u0131 Tatar, \u015fair ve yazar \u00d6ks\u00fczo\u011flu\u2019nu kabul etti - Haber Ver K\u0131br\u0131s","robots":{"index":"index","follow":"follow","max-snippet":"max-snippet:-1","max-image-preview":"max-image-preview:large","max-video-preview":"max-video-preview:-1"},"canonical":"https:\/\/haberverkibris.com\/index.php\/2024\/04\/30\/cumhurbaskani-tatar-sair-ve-yazar-oksuzoglunu-kabul-etti\/","og_locale":"tr_TR","og_type":"article","og_title":"Cumhurba\u015fkan\u0131 Tatar, \u015fair ve yazar \u00d6ks\u00fczo\u011flu\u2019nu kabul etti - Haber Ver K\u0131br\u0131s","og_description":"Cumhurba\u015fkan\u0131 Ersin Tatar, \u015fair ve yazar Oktay \u00d6ks\u00fczo\u011flu\u2019nu kabul ederek g\u00f6r\u00fc\u015ft\u00fc. Kabulde, \u00d6ks\u00fczo\u011flu Cumhurba\u015fkan\u0131 Tatar\u2019a \u201cPersecution of Islam in Cyprus\u201d ve \u201cDown Memory Lane\u201d isimli kitaplar\u0131n\u0131 takdim etti. Cumhurba\u015fkan\u0131 Tatar, Oktay \u00d6ks\u00fczo\u011flu\u2019nun, \u00fclkemizin tan\u0131t\u0131m\u0131 i\u00e7in uluslararas\u0131 toplant\u0131larda K\u0131br\u0131s T\u00fcrk halk\u0131n\u0131n milli m\u00fccadelesini ve davas\u0131n\u0131 anlatmaya; yaz\u0131lar\u0131, \u015fiirleri ve tablolar\u0131 ile K\u0131br\u0131s T\u00fcrk halk\u0131n\u0131n m\u00fccadelesini ve [&hellip;]","og_url":"https:\/\/haberverkibris.com\/index.php\/2024\/04\/30\/cumhurbaskani-tatar-sair-ve-yazar-oksuzoglunu-kabul-etti\/","og_site_name":"Haber Ver K\u0131br\u0131s","article_publisher":"https:\/\/www.facebook.com\/kuzeyinsesii","article_published_time":"2024-04-30T11:11:28+00:00","og_image":[{"width":805,"height":400,"url":"https:\/\/haberverkibris.com\/wp-content\/uploads\/2024\/04\/115087972.jpg","type":"image\/jpeg"}],"author":"Haberver K\u0131br\u0131s","twitter_card":"summary_large_image","twitter_creator":"@kuzeyinsesii","twitter_site":"@kuzeyinsesii","twitter_misc":{"Yazan:":"Haberver K\u0131br\u0131s","Tahmini okuma s\u00fcresi":"1 dakika"},"schema":{"@context":"https:\/\/schema.org","@graph":[{"@type":"Article","@id":"https:\/\/haberverkibris.com\/index.php\/2024\/04\/30\/cumhurbaskani-tatar-sair-ve-yazar-oksuzoglunu-kabul-etti\/#article","isPartOf":{"@id":"https:\/\/haberverkibris.com\/index.php\/2024\/04\/30\/cumhurbaskani-tatar-sair-ve-yazar-oksuzoglunu-kabul-etti\/"},"author":{"name":"Haberver K\u0131br\u0131s","@id":"https:\/\/haberverkibris.com\/#\/schema\/person\/29d65381ed43765483b5a185ded66a56"},"headline":"Cumhurba\u015fkan\u0131 Tatar, \u015fair ve yazar \u00d6ks\u00fczo\u011flu\u2019nu kabul etti","datePublished":"2024-04-30T11:11:28+00:00","mainEntityOfPage":{"@id":"https:\/\/haberverkibris.com\/index.php\/2024\/04\/30\/cumhurbaskani-tatar-sair-ve-yazar-oksuzoglunu-kabul-etti\/"},"wordCount":278,"commentCount":0,"image":{"@id":"https:\/\/haberverkibris.com\/index.php\/2024\/04\/30\/cumhurbaskani-tatar-sair-ve-yazar-oksuzoglunu-kabul-etti\/#primaryimage"},"thumbnailUrl":"https:\/\/haberverkibris.com\/wp-content\/uploads\/2024\/04\/115087972.jpg","articleSection":["K\u0131br\u0131s"],"inLanguage":"tr","potentialAction":[{"@type":"CommentAction","name":"Comment","target":["https:\/\/haberverkibris.com\/index.php\/2024\/04\/30\/cumhurbaskani-tatar-sair-ve-yazar-oksuzoglunu-kabul-etti\/#respond"]}]},{"@type":"WebPage","@id":"https:\/\/haberverkibris.com\/index.php\/2024\/04\/30\/cumhurbaskani-tatar-sair-ve-yazar-oksuzoglunu-kabul-etti\/","url":"https:\/\/haberverkibris.com\/index.php\/2024\/04\/30\/cumhurbaskani-tatar-sair-ve-yazar-oksuzoglunu-kabul-etti\/","name":"Cumhurba\u015fkan\u0131 Tatar, \u015fair ve yazar \u00d6ks\u00fczo\u011flu\u2019nu kabul etti - Haber Ver K\u0131br\u0131s","isPartOf":{"@id":"https:\/\/haberverkibris.com\/#website"},"primaryImageOfPage":{"@id":"https:\/\/haberverkibris.com\/index.php\/2024\/04\/30\/cumhurbaskani-tatar-sair-ve-yazar-oksuzoglunu-kabul-etti\/#primaryimage"},"image":{"@id":"https:\/\/haberverkibris.com\/index.php\/2024\/04\/30\/cumhurbaskani-tatar-sair-ve-yazar-oksuzoglunu-kabul-etti\/#primaryimage"},"thumbnailUrl":"https:\/\/haberverkibris.com\/wp-content\/uploads\/2024\/04\/115087972.jpg","datePublished":"2024-04-30T11:11:28+00:00","author":{"@id":"https:\/\/haberverkibris.com\/#\/schema\/person\/29d65381ed43765483b5a185ded66a56"},"breadcrumb":{"@id":"https:\/\/haberverkibris.com\/index.php\/2024\/04\/30\/cumhurbaskani-tatar-sair-ve-yazar-oksuzoglunu-kabul-etti\/#breadcrumb"},"inLanguage":"tr","potentialAction":[{"@type":"ReadAction","target":["https:\/\/haberverkibris.com\/index.php\/2024\/04\/30\/cumhurbaskani-tatar-sair-ve-yazar-oksuzoglunu-kabul-etti\/"]}]},{"@type":"ImageObject","inLanguage":"tr","@id":"https:\/\/haberverkibris.com\/index.php\/2024\/04\/30\/cumhurbaskani-tatar-sair-ve-yazar-oksuzoglunu-kabul-etti\/#primaryimage","url":"https:\/\/haberverkibris.com\/wp-content\/uploads\/2024\/04\/115087972.jpg","contentUrl":"https:\/\/haberverkibris.com\/wp-content\/uploads\/2024\/04\/115087972.jpg","width":805,"height":400},{"@type":"BreadcrumbList","@id":"https:\/\/haberverkibris.com\/index.php\/2024\/04\/30\/cumhurbaskani-tatar-sair-ve-yazar-oksuzoglunu-kabul-etti\/#breadcrumb","itemListElement":[{"@type":"ListItem","position":1,"name":"Anasayfa","item":"https:\/\/haberverkibris.com\/"},{"@type":"ListItem","position":2,"name":"Cumhurba\u015fkan\u0131 Tatar, \u015fair ve yazar \u00d6ks\u00fczo\u011flu\u2019nu kabul etti"}]},{"@type":"WebSite","@id":"https:\/\/haberverkibris.com\/#website","url":"https:\/\/haberverkibris.com\/","name":"Kuzeyin Sesi","description":"Do\u011fru Haberin Adresi","potentialAction":[{"@type":"SearchAction","target":{"@type":"EntryPoint","urlTemplate":"https:\/\/haberverkibris.com\/?s={search_term_string}"},"query-input":{"@type":"PropertyValueSpecification","valueRequired":true,"valueName":"search_term_string"}}],"inLanguage":"tr"},{"@type":"Person","@id":"https:\/\/haberverkibris.com\/#\/schema\/person\/29d65381ed43765483b5a185ded66a56","name":"Haberver K\u0131br\u0131s","image":{"@type":"ImageObject","inLanguage":"tr","@id":"https:\/\/secure.gravatar.com\/avatar\/bab33852abfd8b282518d6ed81826833d77c3c882d9ab608add591ccace47a44?s=96&d=mm&r=g","url":"https:\/\/secure.gravatar.com\/avatar\/bab33852abfd8b282518d6ed81826833d77c3c882d9ab608add591ccace47a44?s=96&d=mm&r=g","contentUrl":"https:\/\/secure.gravatar.com\/avatar\/bab33852abfd8b282518d6ed81826833d77c3c882d9ab608add591ccace47a44?s=96&d=mm&r=g","caption":"Haberver K\u0131br\u0131s"},"sameAs":["https:\/\/haberverkibris.com"],"url":"https:\/\/haberverkibris.com\/index.php\/author\/guven\/"}]}},"_links":{"self":[{"href":"https:\/\/haberverkibris.com\/index.php\/wp-json\/wp\/v2\/posts\/1012","targetHints":{"allow":["GET"]}}],"collection":[{"href":"https:\/\/haberverkibris.com\/index.php\/wp-json\/wp\/v2\/posts"}],"about":[{"href":"https:\/\/haberverkibris.com\/index.php\/wp-json\/wp\/v2\/types\/post"}],"author":[{"embeddable":true,"href":"https:\/\/haberverkibris.com\/index.php\/wp-json\/wp\/v2\/users\/1"}],"replies":[{"embeddable":true,"href":"https:\/\/haberverkibris.com\/index.php\/wp-json\/wp\/v2\/comments?post=1012"}],"version-history":[{"count":0,"href":"https:\/\/haberverkibris.com\/index.php\/wp-json\/wp\/v2\/posts\/1012\/revisions"}],"wp:featuredmedia":[{"embeddable":true,"href":"https:\/\/haberverkibris.com\/index.php\/wp-json\/wp\/v2\/media\/1013"}],"wp:attachment":[{"href":"https:\/\/haberverkibris.com\/index.php\/wp-json\/wp\/v2\/media?parent=1012"}],"wp:term":[{"taxonomy":"category","embeddable":true,"href":"https:\/\/haberverkibris.com\/index.php\/wp-json\/wp\/v2\/categories?post=1012"},{"taxonomy":"post_tag","embeddable":true,"href":"https:\/\/haberverkibris.com\/index.php\/wp-json\/wp\/v2\/tags?post=1012"}],"curies":[{"name":"wp","href":"https:\/\/api.w.org\/{rel}","templated":true}]}}